{"id":14121,"date":"2025-04-11T06:43:05","date_gmt":"2025-04-11T12:43:05","guid":{"rendered":"https:\/\/volcanes.net\/?p=14121"},"modified":"2025-04-11T06:43:53","modified_gmt":"2025-04-11T12:43:53","slug":"ozumba-cumple-100-dias-de-ausencia-y-opacidad-gubernamental","status":"publish","type":"post","link":"https:\/\/volcanes.net\/?p=14121","title":{"rendered":"Ozumba cumple 100 d\u00edas de ausencia y opacidad gubernamental"},"content":{"rendered":"<div style=\"margin-top: 0px; margin-bottom: 0px;\" class=\"sharethis-inline-share-buttons\" ><\/div>\n<p><\/p>\n\n\n\n<p>Ozumba, M\u00e9x.\u2014 A cien d\u00edas del inicio de la actual administraci\u00f3n municipal encabezada por Ricardo Valencia, la ciudadan\u00eda enfrenta un escenario desalentador: un gobierno ausente, sin rumbo claro ni resultados visibles. En lugar de generar certidumbre, el presidente municipal ha consolidado una imagen de desconexi\u00f3n con la poblaci\u00f3n y falta de compromiso institucional.<\/p>\n\n\n\n<p>Ricardo Valencia se ha convertido en el alcalde m\u00e1s ausente de la regi\u00f3n. Habitualmente, no se le encuentra en su oficina y ha sido notoriamente el m\u00e1s faltista en las reuniones matutinas de seguridad, donde se coordinan estrategias clave para la tranquilidad de los municipios. Esta actitud ha encendido focos rojos entre habitantes y actores pol\u00edticos de la zona.<\/p>\n\n\n\n<p>Durante su reciente informe de los primeros 100 d\u00edas de gesti\u00f3n, lejos de presentar avances o soluciones, el alcalde opt\u00f3 por descalificar a la administraci\u00f3n anterior. Como parte de su discurso, anunci\u00f3 la intenci\u00f3n de realizar una auditor\u00eda a su antecesor. Sin embargo, cabe aclarar que esta tarea no corresponde al ayuntamiento, sino al \u00d3rgano Superior de Fiscalizaci\u00f3n del Estado de M\u00e9xico (OSFEM), el cual ya cuenta con un Plan Anual de Auditor\u00edas en curso. Es decir, esas revisiones est\u00e1n planificadas con anterioridad y no dependen de decisiones unilaterales del presidente municipal.<\/p>\n\n\n\n<p>A esta falta de direcci\u00f3n se suma la creciente ausencia de funcionarios del ayuntamiento, quienes, siguiendo el ejemplo del alcalde, se excusan de no estar en sus oficinas bajo el argumento de &#8220;estar en la calle trabajando&#8221;. No obstante, la percepci\u00f3n ciudadana es otra: una administraci\u00f3n lejana, sin atenci\u00f3n al p\u00fablico y sin resultados palpables.<\/p>\n\n\n\n<p>Uno de los casos m\u00e1s evidentes de intento de apropiaci\u00f3n de logros ajenos es la rehabilitaci\u00f3n de la calle Guadalupe Victoria, obra que el gobierno municipal pretende presentar como propia, cuando en realidad es una inversi\u00f3n del gobierno estatal gestionada por la Secretar\u00eda de Movilidad. Fue durante la administraci\u00f3n del exalcalde Valent\u00edn Mart\u00ednez Castillo \u2014hoy diputado local\u2014 que se propuso dicha calle como parte del programa estatal.<\/p>\n\n\n\n<p>La ciudadan\u00eda esperaba que estos primeros 100 d\u00edas fueran de cercan\u00eda, atenci\u00f3n y compromiso: conocer las necesidades y servir con honestidad. Sin embargo, nada de eso ha ocurrido. En lugar de un gobierno presente, Ozumba ha tenido que enfrentar un vac\u00edo de autoridad y una gesti\u00f3n que parece m\u00e1s enfocada en justificar su inacci\u00f3n que en construir resultados.<\/p>\n\n\n\n<p>El trienio municipal consta de 1,095 d\u00edas. Ya han transcurrido 100, y con ellos, la oportunidad de demostrar un cambio. El tiempo de campa\u00f1as termin\u00f3; hoy lo que la gente exige son hechos.<\/p>\n","protected":false},"excerpt":{"rendered":"<p>Ozumba, M\u00e9x.\u2014 A cien d\u00edas del inicio de la actual administraci\u00f3n municipal encabezada por Ricardo<\/p>\n","protected":false},"author":1,"featured_media":14120,"comment_status":"open","ping_status":"open","sticky":false,"template":"","format":"standard","meta":{"footnotes":""},"categories":[1],"tags":[14],"class_list":["post-14121","post","type-post","status-publish","format-standard","has-post-thumbnail","hentry","category-municipales","tag-ozumba"],"yoast_head":"<!-- This site is optimized with the Yoast SEO plugin v25.3 - https:\/\/yoast.com\/wordpress\/plugins\/seo\/ -->\n<title>Ozumba cumple 100 d\u00edas de ausencia y opacidad gubernamental - Volcanes<\/title>\n<meta name=\"robots\" content=\"index, follow, max-snippet:-1, max-image-preview:large, max-video-preview:-1\" \/>\n<link rel=\"canonical\" href=\"https:\/\/volcanes.net\/?p=14121\" \/>\n<meta property=\"og:locale\" content=\"es_MX\" \/>\n<meta property=\"og:type\" content=\"article\" \/>\n<meta property=\"og:title\" content=\"Ozumba cumple 100 d\u00edas de ausencia y opacidad gubernamental - Volcanes\" \/>\n<meta property=\"og:description\" content=\"Ozumba, M\u00e9x.\u2014 A cien d\u00edas del inicio de la actual administraci\u00f3n municipal encabezada por Ricardo\" \/>\n<meta property=\"og:url\" content=\"https:\/\/volcanes.net\/?p=14121\" \/>\n<meta property=\"og:site_name\" content=\"Volcanes\" \/>\n<meta property=\"article:publisher\" content=\"https:\/\/www.facebook.com\/volcanes.net\/\" \/>\n<meta property=\"article:published_time\" content=\"2025-04-11T12:43:05+00:00\" \/>\n<meta property=\"article:modified_time\" content=\"2025-04-11T12:43:53+00:00\" \/>\n<meta property=\"og:image\" content=\"https:\/\/volcanes.net\/wp-content\/uploads\/2025\/04\/image_editor_output_image1930527839-1744375391739-scaled.jpg\" \/>\n\t<meta property=\"og:image:width\" content=\"2560\" \/>\n\t<meta property=\"og:image:height\" content=\"1859\" \/>\n\t<meta property=\"og:image:type\" content=\"image\/jpeg\" \/>\n<meta name=\"author\" content=\"admin\" \/>\n<meta name=\"twitter:card\" content=\"summary_large_image\" \/>\n<meta name=\"twitter:label1\" content=\"Escrito por\" \/>\n\t<meta name=\"twitter:data1\" content=\"admin\" \/>\n\t<meta name=\"twitter:label2\" content=\"Tiempo de lectura\" \/>\n\t<meta name=\"twitter:data2\" content=\"2 minutos\" \/>\n<script type=\"application\/ld+json\" class=\"yoast-schema-graph\">{\"@context\":\"https:\/\/schema.org\",\"@graph\":[{\"@type\":\"Article\",\"@id\":\"https:\/\/volcanes.net\/?p=14121#article\",\"isPartOf\":{\"@id\":\"https:\/\/volcanes.net\/?p=14121\"},\"author\":{\"name\":\"admin\",\"@id\":\"https:\/\/volcanes.net\/#\/schema\/person\/4bf0f383940966a4abd53f5048c0e6b9\"},\"headline\":\"Ozumba cumple 100 d\u00edas de ausencia y opacidad gubernamental\",\"datePublished\":\"2025-04-11T12:43:05+00:00\",\"dateModified\":\"2025-04-11T12:43:53+00:00\",\"mainEntityOfPage\":{\"@id\":\"https:\/\/volcanes.net\/?p=14121\"},\"wordCount\":464,\"commentCount\":0,\"publisher\":{\"@id\":\"https:\/\/volcanes.net\/#organization\"},\"image\":{\"@id\":\"https:\/\/volcanes.net\/?p=14121#primaryimage\"},\"thumbnailUrl\":\"https:\/\/volcanes.net\/wp-content\/uploads\/2025\/04\/image_editor_output_image1930527839-1744375391739-scaled.jpg\",\"keywords\":[\"Ozumba\"],\"articleSection\":[\"Municipales\"],\"inLanguage\":\"es\",\"potentialAction\":[{\"@type\":\"CommentAction\",\"name\":\"Comment\",\"target\":[\"https:\/\/volcanes.net\/?p=14121#respond\"]}]},{\"@type\":\"WebPage\",\"@id\":\"https:\/\/volcanes.net\/?p=14121\",\"url\":\"https:\/\/volcanes.net\/?p=14121\",\"name\":\"Ozumba cumple 100 d\u00edas de ausencia y opacidad gubernamental - Volcanes\",\"isPartOf\":{\"@id\":\"https:\/\/volcanes.net\/#website\"},\"primaryImageOfPage\":{\"@id\":\"https:\/\/volcanes.net\/?p=14121#primaryimage\"},\"image\":{\"@id\":\"https:\/\/volcanes.net\/?p=14121#primaryimage\"},\"thumbnailUrl\":\"https:\/\/volcanes.net\/wp-content\/uploads\/2025\/04\/image_editor_output_image1930527839-1744375391739-scaled.jpg\",\"datePublished\":\"2025-04-11T12:43:05+00:00\",\"dateModified\":\"2025-04-11T12:43:53+00:00\",\"breadcrumb\":{\"@id\":\"https:\/\/volcanes.net\/?p=14121#breadcrumb\"},\"inLanguage\":\"es\",\"potentialAction\":[{\"@type\":\"ReadAction\",\"target\":[\"https:\/\/volcanes.net\/?p=14121\"]}]},{\"@type\":\"ImageObject\",\"inLanguage\":\"es\",\"@id\":\"https:\/\/volcanes.net\/?p=14121#primaryimage\",\"url\":\"https:\/\/volcanes.net\/wp-content\/uploads\/2025\/04\/image_editor_output_image1930527839-1744375391739-scaled.jpg\",\"contentUrl\":\"https:\/\/volcanes.net\/wp-content\/uploads\/2025\/04\/image_editor_output_image1930527839-1744375391739-scaled.jpg\",\"width\":2560,\"height\":1859},{\"@type\":\"BreadcrumbList\",\"@id\":\"https:\/\/volcanes.net\/?p=14121#breadcrumb\",\"itemListElement\":[{\"@type\":\"ListItem\",\"position\":1,\"name\":\"Portada\",\"item\":\"https:\/\/volcanes.net\/\"},{\"@type\":\"ListItem\",\"position\":2,\"name\":\"Ozumba cumple 100 d\u00edas de ausencia y opacidad gubernamental\"}]},{\"@type\":\"WebSite\",\"@id\":\"https:\/\/volcanes.net\/#website\",\"url\":\"https:\/\/volcanes.net\/\",\"name\":\"Volcanes.Net\",\"description\":\"Periodismo Profesional\",\"publisher\":{\"@id\":\"https:\/\/volcanes.net\/#organization\"},\"potentialAction\":[{\"@type\":\"SearchAction\",\"target\":{\"@type\":\"EntryPoint\",\"urlTemplate\":\"https:\/\/volcanes.net\/?s={search_term_string}\"},\"query-input\":{\"@type\":\"PropertyValueSpecification\",\"valueRequired\":true,\"valueName\":\"search_term_string\"}}],\"inLanguage\":\"es\"},{\"@type\":\"Organization\",\"@id\":\"https:\/\/volcanes.net\/#organization\",\"name\":\"Grupo Volcanes\",\"url\":\"https:\/\/volcanes.net\/\",\"logo\":{\"@type\":\"ImageObject\",\"inLanguage\":\"es\",\"@id\":\"https:\/\/volcanes.net\/#\/schema\/logo\/image\/\",\"url\":\"http:\/\/volcanes.net\/wp-content\/uploads\/2017\/12\/Avatar2.jpg\",\"contentUrl\":\"http:\/\/volcanes.net\/wp-content\/uploads\/2017\/12\/Avatar2.jpg\",\"width\":378,\"height\":378,\"caption\":\"Grupo Volcanes\"},\"image\":{\"@id\":\"https:\/\/volcanes.net\/#\/schema\/logo\/image\/\"},\"sameAs\":[\"https:\/\/www.facebook.com\/volcanes.net\/\"]},{\"@type\":\"Person\",\"@id\":\"https:\/\/volcanes.net\/#\/schema\/person\/4bf0f383940966a4abd53f5048c0e6b9\",\"name\":\"admin\",\"image\":{\"@type\":\"ImageObject\",\"inLanguage\":\"es\",\"@id\":\"https:\/\/volcanes.net\/#\/schema\/person\/image\/\",\"url\":\"https:\/\/secure.gravatar.com\/avatar\/ca004e6cba8462b8cb7abc86e382930c?s=96&d=mm&r=g\",\"contentUrl\":\"https:\/\/secure.gravatar.com\/avatar\/ca004e6cba8462b8cb7abc86e382930c?s=96&d=mm&r=g\",\"caption\":\"admin\"}}]}<\/script>\n<!-- \/ Yoast SEO plugin. -->","yoast_head_json":{"title":"Ozumba cumple 100 d\u00edas de ausencia y opacidad gubernamental - Volcanes","robots":{"index":"index","follow":"follow","max-snippet":"max-snippet:-1","max-image-preview":"max-image-preview:large","max-video-preview":"max-video-preview:-1"},"canonical":"https:\/\/volcanes.net\/?p=14121","og_locale":"es_MX","og_type":"article","og_title":"Ozumba cumple 100 d\u00edas de ausencia y opacidad gubernamental - Volcanes","og_description":"Ozumba, M\u00e9x.\u2014 A cien d\u00edas del inicio de la actual administraci\u00f3n municipal encabezada por Ricardo","og_url":"https:\/\/volcanes.net\/?p=14121","og_site_name":"Volcanes","article_publisher":"https:\/\/www.facebook.com\/volcanes.net\/","article_published_time":"2025-04-11T12:43:05+00:00","article_modified_time":"2025-04-11T12:43:53+00:00","og_image":[{"width":2560,"height":1859,"url":"https:\/\/volcanes.net\/wp-content\/uploads\/2025\/04\/image_editor_output_image1930527839-1744375391739-scaled.jpg","type":"image\/jpeg"}],"author":"admin","twitter_card":"summary_large_image","twitter_misc":{"Escrito por":"admin","Tiempo de lectura":"2 minutos"},"schema":{"@context":"https:\/\/schema.org","@graph":[{"@type":"Article","@id":"https:\/\/volcanes.net\/?p=14121#article","isPartOf":{"@id":"https:\/\/volcanes.net\/?p=14121"},"author":{"name":"admin","@id":"https:\/\/volcanes.net\/#\/schema\/person\/4bf0f383940966a4abd53f5048c0e6b9"},"headline":"Ozumba cumple 100 d\u00edas de ausencia y opacidad gubernamental","datePublished":"2025-04-11T12:43:05+00:00","dateModified":"2025-04-11T12:43:53+00:00","mainEntityOfPage":{"@id":"https:\/\/volcanes.net\/?p=14121"},"wordCount":464,"commentCount":0,"publisher":{"@id":"https:\/\/volcanes.net\/#organization"},"image":{"@id":"https:\/\/volcanes.net\/?p=14121#primaryimage"},"thumbnailUrl":"https:\/\/volcanes.net\/wp-content\/uploads\/2025\/04\/image_editor_output_image1930527839-1744375391739-scaled.jpg","keywords":["Ozumba"],"articleSection":["Municipales"],"inLanguage":"es","potentialAction":[{"@type":"CommentAction","name":"Comment","target":["https:\/\/volcanes.net\/?p=14121#respond"]}]},{"@type":"WebPage","@id":"https:\/\/volcanes.net\/?p=14121","url":"https:\/\/volcanes.net\/?p=14121","name":"Ozumba cumple 100 d\u00edas de ausencia y opacidad gubernamental - Volcanes","isPartOf":{"@id":"https:\/\/volcanes.net\/#website"},"primaryImageOfPage":{"@id":"https:\/\/volcanes.net\/?p=14121#primaryimage"},"image":{"@id":"https:\/\/volcanes.net\/?p=14121#primaryimage"},"thumbnailUrl":"https:\/\/volcanes.net\/wp-content\/uploads\/2025\/04\/image_editor_output_image1930527839-1744375391739-scaled.jpg","datePublished":"2025-04-11T12:43:05+00:00","dateModified":"2025-04-11T12:43:53+00:00","breadcrumb":{"@id":"https:\/\/volcanes.net\/?p=14121#breadcrumb"},"inLanguage":"es","potentialAction":[{"@type":"ReadAction","target":["https:\/\/volcanes.net\/?p=14121"]}]},{"@type":"ImageObject","inLanguage":"es","@id":"https:\/\/volcanes.net\/?p=14121#primaryimage","url":"https:\/\/volcanes.net\/wp-content\/uploads\/2025\/04\/image_editor_output_image1930527839-1744375391739-scaled.jpg","contentUrl":"https:\/\/volcanes.net\/wp-content\/uploads\/2025\/04\/image_editor_output_image1930527839-1744375391739-scaled.jpg","width":2560,"height":1859},{"@type":"BreadcrumbList","@id":"https:\/\/volcanes.net\/?p=14121#breadcrumb","itemListElement":[{"@type":"ListItem","position":1,"name":"Portada","item":"https:\/\/volcanes.net\/"},{"@type":"ListItem","position":2,"name":"Ozumba cumple 100 d\u00edas de ausencia y opacidad gubernamental"}]},{"@type":"WebSite","@id":"https:\/\/volcanes.net\/#website","url":"https:\/\/volcanes.net\/","name":"Volcanes.Net","description":"Periodismo Profesional","publisher":{"@id":"https:\/\/volcanes.net\/#organization"},"potentialAction":[{"@type":"SearchAction","target":{"@type":"EntryPoint","urlTemplate":"https:\/\/volcanes.net\/?s={search_term_string}"},"query-input":{"@type":"PropertyValueSpecification","valueRequired":true,"valueName":"search_term_string"}}],"inLanguage":"es"},{"@type":"Organization","@id":"https:\/\/volcanes.net\/#organization","name":"Grupo Volcanes","url":"https:\/\/volcanes.net\/","logo":{"@type":"ImageObject","inLanguage":"es","@id":"https:\/\/volcanes.net\/#\/schema\/logo\/image\/","url":"http:\/\/volcanes.net\/wp-content\/uploads\/2017\/12\/Avatar2.jpg","contentUrl":"http:\/\/volcanes.net\/wp-content\/uploads\/2017\/12\/Avatar2.jpg","width":378,"height":378,"caption":"Grupo Volcanes"},"image":{"@id":"https:\/\/volcanes.net\/#\/schema\/logo\/image\/"},"sameAs":["https:\/\/www.facebook.com\/volcanes.net\/"]},{"@type":"Person","@id":"https:\/\/volcanes.net\/#\/schema\/person\/4bf0f383940966a4abd53f5048c0e6b9","name":"admin","image":{"@type":"ImageObject","inLanguage":"es","@id":"https:\/\/volcanes.net\/#\/schema\/person\/image\/","url":"https:\/\/secure.gravatar.com\/avatar\/ca004e6cba8462b8cb7abc86e382930c?s=96&d=mm&r=g","contentUrl":"https:\/\/secure.gravatar.com\/avatar\/ca004e6cba8462b8cb7abc86e382930c?s=96&d=mm&r=g","caption":"admin"}}]}},"_links":{"self":[{"href":"https:\/\/volcanes.net\/index.php?rest_route=\/wp\/v2\/posts\/14121"}],"collection":[{"href":"https:\/\/volcanes.net\/index.php?rest_route=\/wp\/v2\/posts"}],"about":[{"href":"https:\/\/volcanes.net\/index.php?rest_route=\/wp\/v2\/types\/post"}],"author":[{"embeddable":true,"href":"https:\/\/volcanes.net\/index.php?rest_route=\/wp\/v2\/users\/1"}],"replies":[{"embeddable":true,"href":"https:\/\/volcanes.net\/index.php?rest_route=%2Fwp%2Fv2%2Fcomments&post=14121"}],"version-history":[{"count":1,"href":"https:\/\/volcanes.net\/index.php?rest_route=\/wp\/v2\/posts\/14121\/revisions"}],"predecessor-version":[{"id":14122,"href":"https:\/\/volcanes.net\/index.php?rest_route=\/wp\/v2\/posts\/14121\/revisions\/14122"}],"wp:featuredmedia":[{"embeddable":true,"href":"https:\/\/volcanes.net\/index.php?rest_route=\/wp\/v2\/media\/14120"}],"wp:attachment":[{"href":"https:\/\/volcanes.net\/index.php?rest_route=%2Fwp%2Fv2%2Fmedia&parent=14121"}],"wp:term":[{"taxonomy":"category","embeddable":true,"href":"https:\/\/volcanes.net\/index.php?rest_route=%2Fwp%2Fv2%2Fcategories&post=14121"},{"taxonomy":"post_tag","embeddable":true,"href":"https:\/\/volcanes.net\/index.php?rest_route=%2Fwp%2Fv2%2Ftags&post=14121"}],"curies":[{"name":"wp","href":"https:\/\/api.w.org\/{rel}","templated":true}]}}