{"id":1417,"date":"2018-02-23T15:17:50","date_gmt":"2018-02-23T15:17:50","guid":{"rendered":"http:\/\/volcanes.net\/?p=1417"},"modified":"2018-02-23T15:17:50","modified_gmt":"2018-02-23T15:17:50","slug":"colaboran-gem-y-semarnat-para-mejorar-el-cuidado-de-bosques-y-areas-naturales-protegidas-del-edomex","status":"publish","type":"post","link":"https:\/\/volcanes.net\/?p=1417","title":{"rendered":"Colaboran GEM y Semarnat para mejorar el cuidado de bosques y \u00e1reas naturales protegidas del Edom\u00e9x"},"content":{"rendered":"<div style=\"margin-top: 0px; margin-bottom: 0px;\" class=\"sharethis-inline-share-buttons\" ><\/div><p>El gobernador Alfredo Del Mazo, el secretario de Medio Ambiente y Recursos Naturales federal, Rafael Pacchiano, y el Comisionado Nacional de \u00c1reas Naturales Protegidas, Alejandro Del Mazo, firmaron tres convenios de colaboraci\u00f3n para mejorar el cuidado de los bosques y \u00e1reas naturales protegidas en la entidad y preservar los beneficios ambientales que estas regiones brindan.<\/p>\n<p>El mandatario estatal tambi\u00e9n puso en marcha la Campa\u00f1a Estatal de Prevenci\u00f3n de Incendios Forestales y entreg\u00f3 equipo de protecci\u00f3n y herramienta especializada para combatir incendios, a brigadistas de Protectora de Bosques (Probosque) y de la Comisi\u00f3n Estatal de Parques y de la Fauna (Cepanaf), a quienes reconoci\u00f3 por su relevante tarea. Afirm\u00f3 que los bosques deben ser manejados con responsabilidad, pues adem\u00e1s de ser el medio de sustento de quienes viven en ellos, son imprescindibles para dotar de agua potable a los centros urbanos.<\/p>\n<p>Alfredo Del Mazo explic\u00f3 que el Convenio de Asunci\u00f3n de Funciones en Materia Forestal, signado con la Secretar\u00eda de Medio Ambiente y Recursos Naturales (Semarnat) tiene como finalidad que el Gobierno del estado se haga cargo del tr\u00e1mite para plantaciones forestales comerciales, y reducir el tiempo para obtener este permiso, de 6 meses a 40 d\u00edas.<\/p>\n<p>En tanto, el acuerdo de Colaboraci\u00f3n en Materia de \u00c1reas Naturales Protegidas,\u00a0\u00a0establece acortar el tiempo de reacci\u00f3n ante plagas presentes en bosques de la entidad, pues en ocasiones se tardaban hasta 9 meses para hacer frente a las contingencias, y se imped\u00eda que esta afectaci\u00f3n se propagara por zonas m\u00e1s extensas. Mientras que, el convenio de Coordinaci\u00f3n en Materia de Sanidad Forestal, plantea mejorar el manejo de las \u00e1reas forestales protegidas, que en la entidad son 81 y abarcan el 43 por ciento del territorio mexiquense.<\/p>\n<p>Con estos acuerdos tambi\u00e9n se emprender\u00e1n proyectos de conservaci\u00f3n de ecosistemas, mantenimiento de infraestructura en \u00e1reas naturales, la promoci\u00f3n de pr\u00e1cticas sustentable en el campo, elaborar proyectos para la prevenci\u00f3n de delitos ambientales y de\u00a0\u00a0programas para mitigar el cambio clim\u00e1tico, as\u00ed como incentivar la participaci\u00f3n de academias para monitoreo ambiental y capacitaci\u00f3n.<\/p>\n<p>Alfredo Del Mazo invit\u00f3 a la sociedad\u00a0\u00a0mexiquense a preservar la naturaleza y evitar incendios, pues el 99 por ciento de los ocurridos en \u00e1reas forestales son producto de un descuido humano, y tan s\u00f3lo el a\u00f1o anterior afectaron mil 450 hect\u00e1reas en el Estado de M\u00e9xico.\u00a0Reconoci\u00f3 al Presidente de la Rep\u00fablica, Enrique Pe\u00f1a, por impulsar una pol\u00edtica ambiental sustentable y dijo que el Estado de M\u00e9xico se suma a esta estrategia para seguir mejorando el cuidado de la naturaleza.<\/p>\n<p>Por su parte, Rafael Pacchiano, titular de la Semarnat, destac\u00f3 que gracias al trabajo entre el Gobierno mexiquense, la federaci\u00f3n y los combatientes de incendios, el Estado de M\u00e9xico\u00a0\u00a0es el \u00fanico en el pa\u00eds que cada a\u00f1o aumenta en m\u00e1s de 10 mil hect\u00e1reas su masa forestal y asever\u00f3 que estos resultados deben ser ejemplo a nivel nacional.<\/p>\n<p>Anunci\u00f3 que la dependencia a su cargo incrementar\u00e1 los recursos del Programa de Empleo Temporal, dentro de \u00c1reas Naturales Protegidas en la entidad, adem\u00e1s de aumentar la presencia de la\u00a0\u00a0Gendarmer\u00eda Ambiental, que a un a\u00f1o y medio de creaci\u00f3n, ha logrado reducir 94 por ciento la tala ilegal en el Estado de M\u00e9xico, as\u00ed como concluir el plan de Manejo del \u00c1rea Natural Protegida de Valle de Bravo.<\/p>\n","protected":false},"excerpt":{"rendered":"<p>El gobernador Alfredo Del Mazo, el secretario de Medio Ambiente y Recursos Naturales federal, Rafael<\/p>\n","protected":false},"author":1,"featured_media":1413,"comment_status":"open","ping_status":"open","sticky":false,"template":"","format":"standard","meta":{"footnotes":""},"categories":[3],"tags":[4,133],"class_list":["post-1417","post","type-post","status-publish","format-standard","has-post-thumbnail","hentry","category-estatales","tag-gobierno-del-estado-de-mexico","tag-interes"],"yoast_head":"<!-- This site is optimized with the Yoast SEO plugin v25.3 - https:\/\/yoast.com\/wordpress\/plugins\/seo\/ -->\n<title>Colaboran GEM y Semarnat para mejorar el cuidado de bosques y \u00e1reas naturales protegidas del Edom\u00e9x - Volcanes<\/title>\n<meta name=\"robots\" content=\"index, follow, max-snippet:-1, max-image-preview:large, max-video-preview:-1\" \/>\n<link rel=\"canonical\" href=\"https:\/\/volcanes.net\/?p=1417\" \/>\n<meta property=\"og:locale\" content=\"es_MX\" \/>\n<meta property=\"og:type\" content=\"article\" \/>\n<meta property=\"og:title\" content=\"Colaboran GEM y Semarnat para mejorar el cuidado de bosques y \u00e1reas naturales protegidas del Edom\u00e9x - Volcanes\" \/>\n<meta property=\"og:description\" content=\"El gobernador Alfredo Del Mazo, el secretario de Medio Ambiente y Recursos Naturales federal, Rafael\" \/>\n<meta property=\"og:url\" content=\"https:\/\/volcanes.net\/?p=1417\" \/>\n<meta property=\"og:site_name\" content=\"Volcanes\" \/>\n<meta property=\"article:publisher\" content=\"https:\/\/www.facebook.com\/volcanes.net\/\" \/>\n<meta property=\"article:published_time\" content=\"2018-02-23T15:17:50+00:00\" \/>\n<meta property=\"og:image\" content=\"https:\/\/volcanes.net\/wp-content\/uploads\/2018\/02\/Alfredo-Del-Mazo-Semarnat-3-1.jpg\" \/>\n\t<meta property=\"og:image:width\" content=\"680\" \/>\n\t<meta property=\"og:image:height\" content=\"675\" \/>\n\t<meta property=\"og:image:type\" content=\"image\/jpeg\" \/>\n<meta name=\"author\" content=\"admin\" \/>\n<meta name=\"twitter:card\" content=\"summary_large_image\" \/>\n<meta name=\"twitter:label1\" content=\"Escrito por\" \/>\n\t<meta name=\"twitter:data1\" content=\"admin\" \/>\n\t<meta name=\"twitter:label2\" content=\"Tiempo de lectura\" \/>\n\t<meta name=\"twitter:data2\" content=\"3 minutos\" \/>\n<script type=\"application\/ld+json\" class=\"yoast-schema-graph\">{\"@context\":\"https:\/\/schema.org\",\"@graph\":[{\"@type\":\"Article\",\"@id\":\"https:\/\/volcanes.net\/?p=1417#article\",\"isPartOf\":{\"@id\":\"https:\/\/volcanes.net\/?p=1417\"},\"author\":{\"name\":\"admin\",\"@id\":\"https:\/\/volcanes.net\/#\/schema\/person\/4bf0f383940966a4abd53f5048c0e6b9\"},\"headline\":\"Colaboran GEM y Semarnat para mejorar el cuidado de bosques y \u00e1reas naturales protegidas del Edom\u00e9x\",\"datePublished\":\"2018-02-23T15:17:50+00:00\",\"mainEntityOfPage\":{\"@id\":\"https:\/\/volcanes.net\/?p=1417\"},\"wordCount\":598,\"commentCount\":0,\"publisher\":{\"@id\":\"https:\/\/volcanes.net\/#organization\"},\"image\":{\"@id\":\"https:\/\/volcanes.net\/?p=1417#primaryimage\"},\"thumbnailUrl\":\"https:\/\/volcanes.net\/wp-content\/uploads\/2018\/02\/Alfredo-Del-Mazo-Semarnat-3-1.jpg\",\"keywords\":[\"Gobierno del Estado de M\u00e9xico\",\"Inter\u00e9s\"],\"articleSection\":[\"Estatales\"],\"inLanguage\":\"es\",\"potentialAction\":[{\"@type\":\"CommentAction\",\"name\":\"Comment\",\"target\":[\"https:\/\/volcanes.net\/?p=1417#respond\"]}]},{\"@type\":\"WebPage\",\"@id\":\"https:\/\/volcanes.net\/?p=1417\",\"url\":\"https:\/\/volcanes.net\/?p=1417\",\"name\":\"Colaboran GEM y Semarnat para mejorar el cuidado de bosques y \u00e1reas naturales protegidas del Edom\u00e9x - Volcanes\",\"isPartOf\":{\"@id\":\"https:\/\/volcanes.net\/#website\"},\"primaryImageOfPage\":{\"@id\":\"https:\/\/volcanes.net\/?p=1417#primaryimage\"},\"image\":{\"@id\":\"https:\/\/volcanes.net\/?p=1417#primaryimage\"},\"thumbnailUrl\":\"https:\/\/volcanes.net\/wp-content\/uploads\/2018\/02\/Alfredo-Del-Mazo-Semarnat-3-1.jpg\",\"datePublished\":\"2018-02-23T15:17:50+00:00\",\"breadcrumb\":{\"@id\":\"https:\/\/volcanes.net\/?p=1417#breadcrumb\"},\"inLanguage\":\"es\",\"potentialAction\":[{\"@type\":\"ReadAction\",\"target\":[\"https:\/\/volcanes.net\/?p=1417\"]}]},{\"@type\":\"ImageObject\",\"inLanguage\":\"es\",\"@id\":\"https:\/\/volcanes.net\/?p=1417#primaryimage\",\"url\":\"https:\/\/volcanes.net\/wp-content\/uploads\/2018\/02\/Alfredo-Del-Mazo-Semarnat-3-1.jpg\",\"contentUrl\":\"https:\/\/volcanes.net\/wp-content\/uploads\/2018\/02\/Alfredo-Del-Mazo-Semarnat-3-1.jpg\",\"width\":680,\"height\":675},{\"@type\":\"BreadcrumbList\",\"@id\":\"https:\/\/volcanes.net\/?p=1417#breadcrumb\",\"itemListElement\":[{\"@type\":\"ListItem\",\"position\":1,\"name\":\"Portada\",\"item\":\"https:\/\/volcanes.net\/\"},{\"@type\":\"ListItem\",\"position\":2,\"name\":\"Colaboran GEM y Semarnat para mejorar el cuidado de bosques y \u00e1reas naturales protegidas del Edom\u00e9x\"}]},{\"@type\":\"WebSite\",\"@id\":\"https:\/\/volcanes.net\/#website\",\"url\":\"https:\/\/volcanes.net\/\",\"name\":\"Volcanes.Net\",\"description\":\"Periodismo Profesional\",\"publisher\":{\"@id\":\"https:\/\/volcanes.net\/#organization\"},\"potentialAction\":[{\"@type\":\"SearchAction\",\"target\":{\"@type\":\"EntryPoint\",\"urlTemplate\":\"https:\/\/volcanes.net\/?s={search_term_string}\"},\"query-input\":{\"@type\":\"PropertyValueSpecification\",\"valueRequired\":true,\"valueName\":\"search_term_string\"}}],\"inLanguage\":\"es\"},{\"@type\":\"Organization\",\"@id\":\"https:\/\/volcanes.net\/#organization\",\"name\":\"Grupo Volcanes\",\"url\":\"https:\/\/volcanes.net\/\",\"logo\":{\"@type\":\"ImageObject\",\"inLanguage\":\"es\",\"@id\":\"https:\/\/volcanes.net\/#\/schema\/logo\/image\/\",\"url\":\"http:\/\/volcanes.net\/wp-content\/uploads\/2017\/12\/Avatar2.jpg\",\"contentUrl\":\"http:\/\/volcanes.net\/wp-content\/uploads\/2017\/12\/Avatar2.jpg\",\"width\":378,\"height\":378,\"caption\":\"Grupo Volcanes\"},\"image\":{\"@id\":\"https:\/\/volcanes.net\/#\/schema\/logo\/image\/\"},\"sameAs\":[\"https:\/\/www.facebook.com\/volcanes.net\/\"]},{\"@type\":\"Person\",\"@id\":\"https:\/\/volcanes.net\/#\/schema\/person\/4bf0f383940966a4abd53f5048c0e6b9\",\"name\":\"admin\",\"image\":{\"@type\":\"ImageObject\",\"inLanguage\":\"es\",\"@id\":\"https:\/\/volcanes.net\/#\/schema\/person\/image\/\",\"url\":\"https:\/\/secure.gravatar.com\/avatar\/ca004e6cba8462b8cb7abc86e382930c?s=96&d=mm&r=g\",\"contentUrl\":\"https:\/\/secure.gravatar.com\/avatar\/ca004e6cba8462b8cb7abc86e382930c?s=96&d=mm&r=g\",\"caption\":\"admin\"}}]}<\/script>\n<!-- \/ Yoast SEO plugin. -->","yoast_head_json":{"title":"Colaboran GEM y Semarnat para mejorar el cuidado de bosques y \u00e1reas naturales protegidas del Edom\u00e9x - Volcanes","robots":{"index":"index","follow":"follow","max-snippet":"max-snippet:-1","max-image-preview":"max-image-preview:large","max-video-preview":"max-video-preview:-1"},"canonical":"https:\/\/volcanes.net\/?p=1417","og_locale":"es_MX","og_type":"article","og_title":"Colaboran GEM y Semarnat para mejorar el cuidado de bosques y \u00e1reas naturales protegidas del Edom\u00e9x - Volcanes","og_description":"El gobernador Alfredo Del Mazo, el secretario de Medio Ambiente y Recursos Naturales federal, Rafael","og_url":"https:\/\/volcanes.net\/?p=1417","og_site_name":"Volcanes","article_publisher":"https:\/\/www.facebook.com\/volcanes.net\/","article_published_time":"2018-02-23T15:17:50+00:00","og_image":[{"width":680,"height":675,"url":"https:\/\/volcanes.net\/wp-content\/uploads\/2018\/02\/Alfredo-Del-Mazo-Semarnat-3-1.jpg","type":"image\/jpeg"}],"author":"admin","twitter_card":"summary_large_image","twitter_misc":{"Escrito por":"admin","Tiempo de lectura":"3 minutos"},"schema":{"@context":"https:\/\/schema.org","@graph":[{"@type":"Article","@id":"https:\/\/volcanes.net\/?p=1417#article","isPartOf":{"@id":"https:\/\/volcanes.net\/?p=1417"},"author":{"name":"admin","@id":"https:\/\/volcanes.net\/#\/schema\/person\/4bf0f383940966a4abd53f5048c0e6b9"},"headline":"Colaboran GEM y Semarnat para mejorar el cuidado de bosques y \u00e1reas naturales protegidas del Edom\u00e9x","datePublished":"2018-02-23T15:17:50+00:00","mainEntityOfPage":{"@id":"https:\/\/volcanes.net\/?p=1417"},"wordCount":598,"commentCount":0,"publisher":{"@id":"https:\/\/volcanes.net\/#organization"},"image":{"@id":"https:\/\/volcanes.net\/?p=1417#primaryimage"},"thumbnailUrl":"https:\/\/volcanes.net\/wp-content\/uploads\/2018\/02\/Alfredo-Del-Mazo-Semarnat-3-1.jpg","keywords":["Gobierno del Estado de M\u00e9xico","Inter\u00e9s"],"articleSection":["Estatales"],"inLanguage":"es","potentialAction":[{"@type":"CommentAction","name":"Comment","target":["https:\/\/volcanes.net\/?p=1417#respond"]}]},{"@type":"WebPage","@id":"https:\/\/volcanes.net\/?p=1417","url":"https:\/\/volcanes.net\/?p=1417","name":"Colaboran GEM y Semarnat para mejorar el cuidado de bosques y \u00e1reas naturales protegidas del Edom\u00e9x - Volcanes","isPartOf":{"@id":"https:\/\/volcanes.net\/#website"},"primaryImageOfPage":{"@id":"https:\/\/volcanes.net\/?p=1417#primaryimage"},"image":{"@id":"https:\/\/volcanes.net\/?p=1417#primaryimage"},"thumbnailUrl":"https:\/\/volcanes.net\/wp-content\/uploads\/2018\/02\/Alfredo-Del-Mazo-Semarnat-3-1.jpg","datePublished":"2018-02-23T15:17:50+00:00","breadcrumb":{"@id":"https:\/\/volcanes.net\/?p=1417#breadcrumb"},"inLanguage":"es","potentialAction":[{"@type":"ReadAction","target":["https:\/\/volcanes.net\/?p=1417"]}]},{"@type":"ImageObject","inLanguage":"es","@id":"https:\/\/volcanes.net\/?p=1417#primaryimage","url":"https:\/\/volcanes.net\/wp-content\/uploads\/2018\/02\/Alfredo-Del-Mazo-Semarnat-3-1.jpg","contentUrl":"https:\/\/volcanes.net\/wp-content\/uploads\/2018\/02\/Alfredo-Del-Mazo-Semarnat-3-1.jpg","width":680,"height":675},{"@type":"BreadcrumbList","@id":"https:\/\/volcanes.net\/?p=1417#breadcrumb","itemListElement":[{"@type":"ListItem","position":1,"name":"Portada","item":"https:\/\/volcanes.net\/"},{"@type":"ListItem","position":2,"name":"Colaboran GEM y Semarnat para mejorar el cuidado de bosques y \u00e1reas naturales protegidas del Edom\u00e9x"}]},{"@type":"WebSite","@id":"https:\/\/volcanes.net\/#website","url":"https:\/\/volcanes.net\/","name":"Volcanes.Net","description":"Periodismo Profesional","publisher":{"@id":"https:\/\/volcanes.net\/#organization"},"potentialAction":[{"@type":"SearchAction","target":{"@type":"EntryPoint","urlTemplate":"https:\/\/volcanes.net\/?s={search_term_string}"},"query-input":{"@type":"PropertyValueSpecification","valueRequired":true,"valueName":"search_term_string"}}],"inLanguage":"es"},{"@type":"Organization","@id":"https:\/\/volcanes.net\/#organization","name":"Grupo Volcanes","url":"https:\/\/volcanes.net\/","logo":{"@type":"ImageObject","inLanguage":"es","@id":"https:\/\/volcanes.net\/#\/schema\/logo\/image\/","url":"http:\/\/volcanes.net\/wp-content\/uploads\/2017\/12\/Avatar2.jpg","contentUrl":"http:\/\/volcanes.net\/wp-content\/uploads\/2017\/12\/Avatar2.jpg","width":378,"height":378,"caption":"Grupo Volcanes"},"image":{"@id":"https:\/\/volcanes.net\/#\/schema\/logo\/image\/"},"sameAs":["https:\/\/www.facebook.com\/volcanes.net\/"]},{"@type":"Person","@id":"https:\/\/volcanes.net\/#\/schema\/person\/4bf0f383940966a4abd53f5048c0e6b9","name":"admin","image":{"@type":"ImageObject","inLanguage":"es","@id":"https:\/\/volcanes.net\/#\/schema\/person\/image\/","url":"https:\/\/secure.gravatar.com\/avatar\/ca004e6cba8462b8cb7abc86e382930c?s=96&d=mm&r=g","contentUrl":"https:\/\/secure.gravatar.com\/avatar\/ca004e6cba8462b8cb7abc86e382930c?s=96&d=mm&r=g","caption":"admin"}}]}},"_links":{"self":[{"href":"https:\/\/volcanes.net\/index.php?rest_route=\/wp\/v2\/posts\/1417"}],"collection":[{"href":"https:\/\/volcanes.net\/index.php?rest_route=\/wp\/v2\/posts"}],"about":[{"href":"https:\/\/volcanes.net\/index.php?rest_route=\/wp\/v2\/types\/post"}],"author":[{"embeddable":true,"href":"https:\/\/volcanes.net\/index.php?rest_route=\/wp\/v2\/users\/1"}],"replies":[{"embeddable":true,"href":"https:\/\/volcanes.net\/index.php?rest_route=%2Fwp%2Fv2%2Fcomments&post=1417"}],"version-history":[{"count":1,"href":"https:\/\/volcanes.net\/index.php?rest_route=\/wp\/v2\/posts\/1417\/revisions"}],"predecessor-version":[{"id":1418,"href":"https:\/\/volcanes.net\/index.php?rest_route=\/wp\/v2\/posts\/1417\/revisions\/1418"}],"wp:featuredmedia":[{"embeddable":true,"href":"https:\/\/volcanes.net\/index.php?rest_route=\/wp\/v2\/media\/1413"}],"wp:attachment":[{"href":"https:\/\/volcanes.net\/index.php?rest_route=%2Fwp%2Fv2%2Fmedia&parent=1417"}],"wp:term":[{"taxonomy":"category","embeddable":true,"href":"https:\/\/volcanes.net\/index.php?rest_route=%2Fwp%2Fv2%2Fcategories&post=1417"},{"taxonomy":"post_tag","embeddable":true,"href":"https:\/\/volcanes.net\/index.php?rest_route=%2Fwp%2Fv2%2Ftags&post=1417"}],"curies":[{"name":"wp","href":"https:\/\/api.w.org\/{rel}","templated":true}]}}