{"id":1419,"date":"2018-02-23T15:19:58","date_gmt":"2018-02-23T15:19:58","guid":{"rendered":"http:\/\/volcanes.net\/?p=1419"},"modified":"2018-02-23T15:19:58","modified_gmt":"2018-02-23T15:19:58","slug":"maestros-mexiquenses-actualizan-sus-conocimientos-por-una-educacion-de-calidad","status":"publish","type":"post","link":"https:\/\/volcanes.net\/?p=1419","title":{"rendered":"Maestros mexiquenses actualizan sus conocimientos por una educaci\u00f3n de calidad"},"content":{"rendered":"<div style=\"margin-top: 0px; margin-bottom: 0px;\" class=\"sharethis-inline-share-buttons\" ><\/div><p>Para que las maestras y maestros mexiquenses cuenten con herramientas para afrontar los retos que implica el Nuevo Modelo Educativo, la Secretar\u00eda de Educaci\u00f3n P\u00fablica (SEP) en coordinaci\u00f3n con la Secretar\u00eda de Educaci\u00f3n estatal, realiz\u00f3 el Foro Educativo \u201cAprendizajes Clave para la Educaci\u00f3n Integral\u201d.<\/p>\n<p>El objetivo del foro es lograr que los m\u00e1s de 140 mil maestros de Educaci\u00f3n B\u00e1sica, adscritos al sistema educativo estatal, antes de que concluya el ciclo escolar 2017-2018 participen en algunas de las opciones formativas que ofrece la plataforma en l\u00ednea de la colecci\u00f3n \u201cAprendizajes Clave del Modelo Educativo para la Educaci\u00f3n Obligatoriamente\u201d de la SEP.<\/p>\n<p>Alejandro Fern\u00e1ndez Campillo, secretario de Educaci\u00f3n estatal, destac\u00f3 la importancia de la capacitaci\u00f3n continua, la actualizaci\u00f3n y enriquecimiento de\u00a0\u00a0conocimientos que permita a los maestros preparar a las nuevas generaciones de alumnos. Asegur\u00f3 que el Gobernador Alfredo Del Mazo Maza est\u00e1 comprometido con la educaci\u00f3n, por ello, ha instruido redoblar esfuerzos para construir e implementar pol\u00edticas de corto, mediano y largo plazo que den un fuerte impulso a la educaci\u00f3n con calidad.<\/p>\n<p>El Coordinador Estatal del Servicio Profesional Docente, H\u00e9ctor Hern\u00e1ndez, inform\u00f3 que para reforzar la capacitaci\u00f3n de los docentes se dise\u00f1\u00f3 una estrategia estatal de asistencia acad\u00e9mica y tecnol\u00f3gica, a trav\u00e9s de mesas de ayuda, comunidades de aprendizaje, as\u00ed como c\u00edrculos de estudio, virtuales y presenciales, de intercambio de conocimientos y experiencias.<\/p>\n<p>Por su parte, Norma Pati\u00f1o, Directora de Desarrollo Profesional Docente de la Direcci\u00f3n General de Formaci\u00f3n Continua, Actualizaci\u00f3n y Desarrollo Profesional de Maestros de Educaci\u00f3n B\u00e1sica de la SEP, afirm\u00f3 que los maestros deben ser innovadores en la pr\u00e1ctica docente, y felicit\u00f3 al equipo del Estado de M\u00e9xico, ya que con apenas tres semanas de habilitada la plataforma en l\u00ednea, se ha inscrito m\u00e1s del 70 por ciento de los docentes.<\/p>\n","protected":false},"excerpt":{"rendered":"<p>Para que las maestras y maestros mexiquenses cuenten con herramientas para afrontar los retos que<\/p>\n","protected":false},"author":1,"featured_media":1411,"comment_status":"open","ping_status":"open","sticky":false,"template":"","format":"standard","meta":{"footnotes":""},"categories":[3],"tags":[7,89,57,9,73,77,63,15,91,133,6,85,90,75,21,76,14,71,16,22,81,92,41,43,46],"class_list":["post-1419","post","type-post","status-publish","format-standard","has-post-thumbnail","hentry","category-estatales","tag-amecameca","tag-atizapan","tag-ayapango","tag-chalco","tag-chimalhuacan","tag-coacalco","tag-ecatepec","tag-ecatzingo","tag-huixquilucan","tag-interes","tag-ixtapaluca","tag-izcalli","tag-la-paz","tag-naucalpan","tag-nezahualcoyotl","tag-nicolas-romero","tag-ozumba","tag-tecamac","tag-tepetlixpa","tag-texcoco","tag-tlalmanalco","tag-tlalnepantla","tag-toluca","tag-tultitlan","tag-volcanes"],"yoast_head":"<!-- This site is optimized with the Yoast SEO plugin v25.3 - https:\/\/yoast.com\/wordpress\/plugins\/seo\/ -->\n<title>Maestros mexiquenses actualizan sus conocimientos por una educaci\u00f3n de calidad - Volcanes<\/title>\n<meta name=\"robots\" content=\"index, follow, max-snippet:-1, max-image-preview:large, max-video-preview:-1\" \/>\n<link rel=\"canonical\" href=\"https:\/\/volcanes.net\/?p=1419\" \/>\n<meta property=\"og:locale\" content=\"es_MX\" \/>\n<meta property=\"og:type\" content=\"article\" \/>\n<meta property=\"og:title\" content=\"Maestros mexiquenses actualizan sus conocimientos por una educaci\u00f3n de calidad - Volcanes\" \/>\n<meta property=\"og:description\" content=\"Para que las maestras y maestros mexiquenses cuenten con herramientas para afrontar los retos que\" \/>\n<meta property=\"og:url\" content=\"https:\/\/volcanes.net\/?p=1419\" \/>\n<meta property=\"og:site_name\" content=\"Volcanes\" \/>\n<meta property=\"article:publisher\" content=\"https:\/\/www.facebook.com\/volcanes.net\/\" \/>\n<meta property=\"article:published_time\" content=\"2018-02-23T15:19:58+00:00\" \/>\n<meta property=\"og:image\" content=\"https:\/\/volcanes.net\/wp-content\/uploads\/2018\/02\/Foro-Educativo-7-1-325x174.jpg\" \/>\n\t<meta property=\"og:image:width\" content=\"325\" \/>\n\t<meta property=\"og:image:height\" content=\"174\" \/>\n\t<meta property=\"og:image:type\" content=\"image\/jpeg\" \/>\n<meta name=\"author\" content=\"admin\" \/>\n<meta name=\"twitter:card\" content=\"summary_large_image\" \/>\n<meta name=\"twitter:label1\" content=\"Escrito por\" \/>\n\t<meta name=\"twitter:data1\" content=\"admin\" \/>\n\t<meta name=\"twitter:label2\" content=\"Tiempo de lectura\" \/>\n\t<meta name=\"twitter:data2\" content=\"2 minutos\" \/>\n<script type=\"application\/ld+json\" class=\"yoast-schema-graph\">{\"@context\":\"https:\/\/schema.org\",\"@graph\":[{\"@type\":\"Article\",\"@id\":\"https:\/\/volcanes.net\/?p=1419#article\",\"isPartOf\":{\"@id\":\"https:\/\/volcanes.net\/?p=1419\"},\"author\":{\"name\":\"admin\",\"@id\":\"https:\/\/volcanes.net\/#\/schema\/person\/4bf0f383940966a4abd53f5048c0e6b9\"},\"headline\":\"Maestros mexiquenses actualizan sus conocimientos por una educaci\u00f3n de calidad\",\"datePublished\":\"2018-02-23T15:19:58+00:00\",\"mainEntityOfPage\":{\"@id\":\"https:\/\/volcanes.net\/?p=1419\"},\"wordCount\":341,\"commentCount\":0,\"publisher\":{\"@id\":\"https:\/\/volcanes.net\/#organization\"},\"image\":{\"@id\":\"https:\/\/volcanes.net\/?p=1419#primaryimage\"},\"thumbnailUrl\":\"https:\/\/volcanes.net\/wp-content\/uploads\/2018\/02\/Foro-Educativo-7-1-325x174.jpg\",\"keywords\":[\"Amecameca\",\"Atizap\u00e1n\",\"Ayapango\",\"Chalco\",\"Chimalhuac\u00e1n\",\"Coacalco\",\"Ecatepec\",\"Ecatzingo\",\"Huixquilucan\",\"Inter\u00e9s\",\"Ixtapaluca\",\"Izcalli\",\"La Paz\",\"Naucalpan\",\"Nezahualc\u00f3yotl\",\"Nicol\u00e1s Romero\",\"Ozumba\",\"Tec\u00e1mac\",\"Tepetlixpa\",\"Texcoco\",\"Tlalmanalco\",\"Tlalnepantla\",\"Toluca\",\"Tultitl\u00e1n\",\"Volcanes\"],\"articleSection\":[\"Estatales\"],\"inLanguage\":\"es\",\"potentialAction\":[{\"@type\":\"CommentAction\",\"name\":\"Comment\",\"target\":[\"https:\/\/volcanes.net\/?p=1419#respond\"]}]},{\"@type\":\"WebPage\",\"@id\":\"https:\/\/volcanes.net\/?p=1419\",\"url\":\"https:\/\/volcanes.net\/?p=1419\",\"name\":\"Maestros mexiquenses actualizan sus conocimientos por una educaci\u00f3n de calidad - Volcanes\",\"isPartOf\":{\"@id\":\"https:\/\/volcanes.net\/#website\"},\"primaryImageOfPage\":{\"@id\":\"https:\/\/volcanes.net\/?p=1419#primaryimage\"},\"image\":{\"@id\":\"https:\/\/volcanes.net\/?p=1419#primaryimage\"},\"thumbnailUrl\":\"https:\/\/volcanes.net\/wp-content\/uploads\/2018\/02\/Foro-Educativo-7-1-325x174.jpg\",\"datePublished\":\"2018-02-23T15:19:58+00:00\",\"breadcrumb\":{\"@id\":\"https:\/\/volcanes.net\/?p=1419#breadcrumb\"},\"inLanguage\":\"es\",\"potentialAction\":[{\"@type\":\"ReadAction\",\"target\":[\"https:\/\/volcanes.net\/?p=1419\"]}]},{\"@type\":\"ImageObject\",\"inLanguage\":\"es\",\"@id\":\"https:\/\/volcanes.net\/?p=1419#primaryimage\",\"url\":\"https:\/\/volcanes.net\/wp-content\/uploads\/2018\/02\/Foro-Educativo-7-1-325x174.jpg\",\"contentUrl\":\"https:\/\/volcanes.net\/wp-content\/uploads\/2018\/02\/Foro-Educativo-7-1-325x174.jpg\",\"width\":325,\"height\":174},{\"@type\":\"BreadcrumbList\",\"@id\":\"https:\/\/volcanes.net\/?p=1419#breadcrumb\",\"itemListElement\":[{\"@type\":\"ListItem\",\"position\":1,\"name\":\"Portada\",\"item\":\"https:\/\/volcanes.net\/\"},{\"@type\":\"ListItem\",\"position\":2,\"name\":\"Maestros mexiquenses actualizan sus conocimientos por una educaci\u00f3n de calidad\"}]},{\"@type\":\"WebSite\",\"@id\":\"https:\/\/volcanes.net\/#website\",\"url\":\"https:\/\/volcanes.net\/\",\"name\":\"Volcanes.Net\",\"description\":\"Periodismo Profesional\",\"publisher\":{\"@id\":\"https:\/\/volcanes.net\/#organization\"},\"potentialAction\":[{\"@type\":\"SearchAction\",\"target\":{\"@type\":\"EntryPoint\",\"urlTemplate\":\"https:\/\/volcanes.net\/?s={search_term_string}\"},\"query-input\":{\"@type\":\"PropertyValueSpecification\",\"valueRequired\":true,\"valueName\":\"search_term_string\"}}],\"inLanguage\":\"es\"},{\"@type\":\"Organization\",\"@id\":\"https:\/\/volcanes.net\/#organization\",\"name\":\"Grupo Volcanes\",\"url\":\"https:\/\/volcanes.net\/\",\"logo\":{\"@type\":\"ImageObject\",\"inLanguage\":\"es\",\"@id\":\"https:\/\/volcanes.net\/#\/schema\/logo\/image\/\",\"url\":\"http:\/\/volcanes.net\/wp-content\/uploads\/2017\/12\/Avatar2.jpg\",\"contentUrl\":\"http:\/\/volcanes.net\/wp-content\/uploads\/2017\/12\/Avatar2.jpg\",\"width\":378,\"height\":378,\"caption\":\"Grupo Volcanes\"},\"image\":{\"@id\":\"https:\/\/volcanes.net\/#\/schema\/logo\/image\/\"},\"sameAs\":[\"https:\/\/www.facebook.com\/volcanes.net\/\"]},{\"@type\":\"Person\",\"@id\":\"https:\/\/volcanes.net\/#\/schema\/person\/4bf0f383940966a4abd53f5048c0e6b9\",\"name\":\"admin\",\"image\":{\"@type\":\"ImageObject\",\"inLanguage\":\"es\",\"@id\":\"https:\/\/volcanes.net\/#\/schema\/person\/image\/\",\"url\":\"https:\/\/secure.gravatar.com\/avatar\/ca004e6cba8462b8cb7abc86e382930c?s=96&d=mm&r=g\",\"contentUrl\":\"https:\/\/secure.gravatar.com\/avatar\/ca004e6cba8462b8cb7abc86e382930c?s=96&d=mm&r=g\",\"caption\":\"admin\"}}]}<\/script>\n<!-- \/ Yoast SEO plugin. -->","yoast_head_json":{"title":"Maestros mexiquenses actualizan sus conocimientos por una educaci\u00f3n de calidad - Volcanes","robots":{"index":"index","follow":"follow","max-snippet":"max-snippet:-1","max-image-preview":"max-image-preview:large","max-video-preview":"max-video-preview:-1"},"canonical":"https:\/\/volcanes.net\/?p=1419","og_locale":"es_MX","og_type":"article","og_title":"Maestros mexiquenses actualizan sus conocimientos por una educaci\u00f3n de calidad - Volcanes","og_description":"Para que las maestras y maestros mexiquenses cuenten con herramientas para afrontar los retos que","og_url":"https:\/\/volcanes.net\/?p=1419","og_site_name":"Volcanes","article_publisher":"https:\/\/www.facebook.com\/volcanes.net\/","article_published_time":"2018-02-23T15:19:58+00:00","og_image":[{"width":325,"height":174,"url":"https:\/\/volcanes.net\/wp-content\/uploads\/2018\/02\/Foro-Educativo-7-1-325x174.jpg","type":"image\/jpeg"}],"author":"admin","twitter_card":"summary_large_image","twitter_misc":{"Escrito por":"admin","Tiempo de lectura":"2 minutos"},"schema":{"@context":"https:\/\/schema.org","@graph":[{"@type":"Article","@id":"https:\/\/volcanes.net\/?p=1419#article","isPartOf":{"@id":"https:\/\/volcanes.net\/?p=1419"},"author":{"name":"admin","@id":"https:\/\/volcanes.net\/#\/schema\/person\/4bf0f383940966a4abd53f5048c0e6b9"},"headline":"Maestros mexiquenses actualizan sus conocimientos por una educaci\u00f3n de calidad","datePublished":"2018-02-23T15:19:58+00:00","mainEntityOfPage":{"@id":"https:\/\/volcanes.net\/?p=1419"},"wordCount":341,"commentCount":0,"publisher":{"@id":"https:\/\/volcanes.net\/#organization"},"image":{"@id":"https:\/\/volcanes.net\/?p=1419#primaryimage"},"thumbnailUrl":"https:\/\/volcanes.net\/wp-content\/uploads\/2018\/02\/Foro-Educativo-7-1-325x174.jpg","keywords":["Amecameca","Atizap\u00e1n","Ayapango","Chalco","Chimalhuac\u00e1n","Coacalco","Ecatepec","Ecatzingo","Huixquilucan","Inter\u00e9s","Ixtapaluca","Izcalli","La Paz","Naucalpan","Nezahualc\u00f3yotl","Nicol\u00e1s Romero","Ozumba","Tec\u00e1mac","Tepetlixpa","Texcoco","Tlalmanalco","Tlalnepantla","Toluca","Tultitl\u00e1n","Volcanes"],"articleSection":["Estatales"],"inLanguage":"es","potentialAction":[{"@type":"CommentAction","name":"Comment","target":["https:\/\/volcanes.net\/?p=1419#respond"]}]},{"@type":"WebPage","@id":"https:\/\/volcanes.net\/?p=1419","url":"https:\/\/volcanes.net\/?p=1419","name":"Maestros mexiquenses actualizan sus conocimientos por una educaci\u00f3n de calidad - Volcanes","isPartOf":{"@id":"https:\/\/volcanes.net\/#website"},"primaryImageOfPage":{"@id":"https:\/\/volcanes.net\/?p=1419#primaryimage"},"image":{"@id":"https:\/\/volcanes.net\/?p=1419#primaryimage"},"thumbnailUrl":"https:\/\/volcanes.net\/wp-content\/uploads\/2018\/02\/Foro-Educativo-7-1-325x174.jpg","datePublished":"2018-02-23T15:19:58+00:00","breadcrumb":{"@id":"https:\/\/volcanes.net\/?p=1419#breadcrumb"},"inLanguage":"es","potentialAction":[{"@type":"ReadAction","target":["https:\/\/volcanes.net\/?p=1419"]}]},{"@type":"ImageObject","inLanguage":"es","@id":"https:\/\/volcanes.net\/?p=1419#primaryimage","url":"https:\/\/volcanes.net\/wp-content\/uploads\/2018\/02\/Foro-Educativo-7-1-325x174.jpg","contentUrl":"https:\/\/volcanes.net\/wp-content\/uploads\/2018\/02\/Foro-Educativo-7-1-325x174.jpg","width":325,"height":174},{"@type":"BreadcrumbList","@id":"https:\/\/volcanes.net\/?p=1419#breadcrumb","itemListElement":[{"@type":"ListItem","position":1,"name":"Portada","item":"https:\/\/volcanes.net\/"},{"@type":"ListItem","position":2,"name":"Maestros mexiquenses actualizan sus conocimientos por una educaci\u00f3n de calidad"}]},{"@type":"WebSite","@id":"https:\/\/volcanes.net\/#website","url":"https:\/\/volcanes.net\/","name":"Volcanes.Net","description":"Periodismo Profesional","publisher":{"@id":"https:\/\/volcanes.net\/#organization"},"potentialAction":[{"@type":"SearchAction","target":{"@type":"EntryPoint","urlTemplate":"https:\/\/volcanes.net\/?s={search_term_string}"},"query-input":{"@type":"PropertyValueSpecification","valueRequired":true,"valueName":"search_term_string"}}],"inLanguage":"es"},{"@type":"Organization","@id":"https:\/\/volcanes.net\/#organization","name":"Grupo Volcanes","url":"https:\/\/volcanes.net\/","logo":{"@type":"ImageObject","inLanguage":"es","@id":"https:\/\/volcanes.net\/#\/schema\/logo\/image\/","url":"http:\/\/volcanes.net\/wp-content\/uploads\/2017\/12\/Avatar2.jpg","contentUrl":"http:\/\/volcanes.net\/wp-content\/uploads\/2017\/12\/Avatar2.jpg","width":378,"height":378,"caption":"Grupo Volcanes"},"image":{"@id":"https:\/\/volcanes.net\/#\/schema\/logo\/image\/"},"sameAs":["https:\/\/www.facebook.com\/volcanes.net\/"]},{"@type":"Person","@id":"https:\/\/volcanes.net\/#\/schema\/person\/4bf0f383940966a4abd53f5048c0e6b9","name":"admin","image":{"@type":"ImageObject","inLanguage":"es","@id":"https:\/\/volcanes.net\/#\/schema\/person\/image\/","url":"https:\/\/secure.gravatar.com\/avatar\/ca004e6cba8462b8cb7abc86e382930c?s=96&d=mm&r=g","contentUrl":"https:\/\/secure.gravatar.com\/avatar\/ca004e6cba8462b8cb7abc86e382930c?s=96&d=mm&r=g","caption":"admin"}}]}},"_links":{"self":[{"href":"https:\/\/volcanes.net\/index.php?rest_route=\/wp\/v2\/posts\/1419"}],"collection":[{"href":"https:\/\/volcanes.net\/index.php?rest_route=\/wp\/v2\/posts"}],"about":[{"href":"https:\/\/volcanes.net\/index.php?rest_route=\/wp\/v2\/types\/post"}],"author":[{"embeddable":true,"href":"https:\/\/volcanes.net\/index.php?rest_route=\/wp\/v2\/users\/1"}],"replies":[{"embeddable":true,"href":"https:\/\/volcanes.net\/index.php?rest_route=%2Fwp%2Fv2%2Fcomments&post=1419"}],"version-history":[{"count":1,"href":"https:\/\/volcanes.net\/index.php?rest_route=\/wp\/v2\/posts\/1419\/revisions"}],"predecessor-version":[{"id":1420,"href":"https:\/\/volcanes.net\/index.php?rest_route=\/wp\/v2\/posts\/1419\/revisions\/1420"}],"wp:featuredmedia":[{"embeddable":true,"href":"https:\/\/volcanes.net\/index.php?rest_route=\/wp\/v2\/media\/1411"}],"wp:attachment":[{"href":"https:\/\/volcanes.net\/index.php?rest_route=%2Fwp%2Fv2%2Fmedia&parent=1419"}],"wp:term":[{"taxonomy":"category","embeddable":true,"href":"https:\/\/volcanes.net\/index.php?rest_route=%2Fwp%2Fv2%2Fcategories&post=1419"},{"taxonomy":"post_tag","embeddable":true,"href":"https:\/\/volcanes.net\/index.php?rest_route=%2Fwp%2Fv2%2Ftags&post=1419"}],"curies":[{"name":"wp","href":"https:\/\/api.w.org\/{rel}","templated":true}]}}