{"id":1434,"date":"2018-02-23T15:38:36","date_gmt":"2018-02-23T15:38:36","guid":{"rendered":"http:\/\/volcanes.net\/?p=1434"},"modified":"2018-02-23T15:38:36","modified_gmt":"2018-02-23T15:38:36","slug":"docentes-activo-mas-valioso-de-las-universidades","status":"publish","type":"post","link":"https:\/\/volcanes.net\/?p=1434","title":{"rendered":"Docentes, activo m\u00e1s valioso de las universidades"},"content":{"rendered":"<div style=\"margin-top: 0px; margin-bottom: 0px;\" class=\"sharethis-inline-share-buttons\" ><\/div><ul>\n<li style=\"font-weight: 400\"><em>La Universidad Aut\u00f3noma del Estado de M\u00e9xico ofrece a sus profesores el Taller de Introducci\u00f3n al Aula Digital de la Estrategia Nacional de Formaci\u00f3n Continua de Profesores de Educaci\u00f3n Media Superior.<\/em><\/li>\n<\/ul>\n<p style=\"font-weight: 400\"><strong>\u00a0<\/strong><\/p>\n<p style=\"font-weight: 400\"><strong>Toluca, M\u00e9x. \u2013 22 de febrero de 2018.<\/strong>\u00a0La capacitaci\u00f3n y actualizaci\u00f3n de los maestros durante toda su vida laboral son necesarias para lograr una educaci\u00f3n de calidad que contribuya a la transformaci\u00f3n del pa\u00eds, sostuvo la titular de la Secretar\u00eda de Docencia de la Universidad Aut\u00f3noma del Estado de M\u00e9xico, Mar\u00eda Estela Delgado Maya.<\/p>\n<p style=\"font-weight: 400\">Al inaugurar el Taller de Introducci\u00f3n al Aula Digital de la Estrategia Nacional de Formaci\u00f3n Continua de Profesores de Educaci\u00f3n Media Superior, Delgado Maya asegur\u00f3 que los docentes son el activo m\u00e1s valioso de las universidades, ya que gracias a su trabajo cotidiano se cumple la misi\u00f3n de educar.<\/p>\n<p style=\"font-weight: 400\">En el Edificio de Educaci\u00f3n Continua y a Distancia de la Aut\u00f3noma mexiquense, la servidora universitaria destac\u00f3 que este taller es resultado de un esfuerzo compartido entre diversas instituciones que sumaron voluntades para contribuir a la actualizaci\u00f3n de los profesores de nivel medio superior.<\/p>\n<p style=\"font-weight: 400\">Esta actividad, abund\u00f3, se traducir\u00e1 en un mejor desempe\u00f1o de los profesores, quienes, con mayores herramientas y recursos did\u00e1cticos, podr\u00e1n cumplir su principal objetivo, es decir, impartir una ense\u00f1anza significativa, efectiva y acorde a las necesidades de los estudiantes.<\/p>\n<p style=\"font-weight: 400\">Ante el coordinador general de la Red Nacional de Educaci\u00f3n Media Superior, Fernando Mancilla Fuentes, y la asesora de la Coordinaci\u00f3n Sectorial de Desarrollo Acad\u00e9mico, Julia Mart\u00ednez Becerril, refiri\u00f3 que mejorar los niveles de competencia de los docentes es una prioridad de todas las instituciones educativas.<\/p>\n<p style=\"font-weight: 400\">\u201cEsto solo puede alcanzarse mediante una capacitaci\u00f3n permanente, que les permita lograr un dominio adecuado de las estrategias pedag\u00f3gicas que faciliten un s\u00f3lido fundamento te\u00f3rico y un elevado compromiso \u00e9tico y social, para sustentar una educaci\u00f3n de calidad\u201d, concluy\u00f3 Mar\u00eda Estela Delgado Maya.<\/p>\n<p style=\"font-weight: 400\">En su momento, el director de Educaci\u00f3n Media Superior de la UAEM, Antonio S\u00e1mano \u00c1ngeles indic\u00f3 que en la actual sociedad del conocimiento es necesario dise\u00f1ar nuevos modelos de aprendizaje y docencia, donde el papel del docente cambia acorde al del alumno.<\/p>\n<p style=\"font-weight: 400\">Del mismo modo, mencion\u00f3 que la aplicaci\u00f3n de las nuevas tecnolog\u00edas de la informaci\u00f3n permite a los alumnos tener una formaci\u00f3n digital en el momento de dejar las aulas e incorporarse a la vida digital, lo cual implica un reto constante de redefinici\u00f3n de los procesos educativos en todos los niveles.<\/p>\n","protected":false},"excerpt":{"rendered":"<p>La Universidad Aut\u00f3noma del Estado de M\u00e9xico ofrece a sus profesores el Taller de Introducci\u00f3n<\/p>\n","protected":false},"author":1,"featured_media":1435,"comment_status":"open","ping_status":"open","sticky":false,"template":"","format":"standard","meta":{"footnotes":""},"categories":[1],"tags":[25,24],"class_list":["post-1434","post","type-post","status-publish","format-standard","has-post-thumbnail","hentry","category-municipales","tag-uaem","tag-uaemex"],"yoast_head":"<!-- This site is optimized with the Yoast SEO plugin v25.3 - https:\/\/yoast.com\/wordpress\/plugins\/seo\/ -->\n<title>Docentes, activo m\u00e1s valioso de las universidades - Volcanes<\/title>\n<meta name=\"robots\" content=\"index, follow, max-snippet:-1, max-image-preview:large, max-video-preview:-1\" \/>\n<link rel=\"canonical\" href=\"https:\/\/volcanes.net\/?p=1434\" \/>\n<meta property=\"og:locale\" content=\"es_MX\" \/>\n<meta property=\"og:type\" content=\"article\" \/>\n<meta property=\"og:title\" content=\"Docentes, activo m\u00e1s valioso de las universidades - Volcanes\" \/>\n<meta property=\"og:description\" content=\"La Universidad Aut\u00f3noma del Estado de M\u00e9xico ofrece a sus profesores el Taller de Introducci\u00f3n\" \/>\n<meta property=\"og:url\" content=\"https:\/\/volcanes.net\/?p=1434\" \/>\n<meta property=\"og:site_name\" content=\"Volcanes\" \/>\n<meta property=\"article:publisher\" content=\"https:\/\/www.facebook.com\/volcanes.net\/\" \/>\n<meta property=\"article:published_time\" content=\"2018-02-23T15:38:36+00:00\" \/>\n<meta property=\"og:image\" content=\"https:\/\/volcanes.net\/wp-content\/uploads\/2018\/02\/Comun-152-12.jpg\" \/>\n\t<meta property=\"og:image:width\" content=\"448\" \/>\n\t<meta property=\"og:image:height\" content=\"299\" \/>\n\t<meta property=\"og:image:type\" content=\"image\/jpeg\" \/>\n<meta name=\"author\" content=\"admin\" \/>\n<meta name=\"twitter:card\" content=\"summary_large_image\" \/>\n<meta name=\"twitter:label1\" content=\"Escrito por\" \/>\n\t<meta name=\"twitter:data1\" content=\"admin\" \/>\n\t<meta name=\"twitter:label2\" content=\"Tiempo de lectura\" \/>\n\t<meta name=\"twitter:data2\" content=\"2 minutos\" \/>\n<script type=\"application\/ld+json\" class=\"yoast-schema-graph\">{\"@context\":\"https:\/\/schema.org\",\"@graph\":[{\"@type\":\"Article\",\"@id\":\"https:\/\/volcanes.net\/?p=1434#article\",\"isPartOf\":{\"@id\":\"https:\/\/volcanes.net\/?p=1434\"},\"author\":{\"name\":\"admin\",\"@id\":\"https:\/\/volcanes.net\/#\/schema\/person\/4bf0f383940966a4abd53f5048c0e6b9\"},\"headline\":\"Docentes, activo m\u00e1s valioso de las universidades\",\"datePublished\":\"2018-02-23T15:38:36+00:00\",\"mainEntityOfPage\":{\"@id\":\"https:\/\/volcanes.net\/?p=1434\"},\"wordCount\":450,\"commentCount\":0,\"publisher\":{\"@id\":\"https:\/\/volcanes.net\/#organization\"},\"image\":{\"@id\":\"https:\/\/volcanes.net\/?p=1434#primaryimage\"},\"thumbnailUrl\":\"https:\/\/volcanes.net\/wp-content\/uploads\/2018\/02\/Comun-152-12.jpg\",\"keywords\":[\"UAEM\",\"UAEMEX\"],\"articleSection\":[\"Municipales\"],\"inLanguage\":\"es\",\"potentialAction\":[{\"@type\":\"CommentAction\",\"name\":\"Comment\",\"target\":[\"https:\/\/volcanes.net\/?p=1434#respond\"]}]},{\"@type\":\"WebPage\",\"@id\":\"https:\/\/volcanes.net\/?p=1434\",\"url\":\"https:\/\/volcanes.net\/?p=1434\",\"name\":\"Docentes, activo m\u00e1s valioso de las universidades - Volcanes\",\"isPartOf\":{\"@id\":\"https:\/\/volcanes.net\/#website\"},\"primaryImageOfPage\":{\"@id\":\"https:\/\/volcanes.net\/?p=1434#primaryimage\"},\"image\":{\"@id\":\"https:\/\/volcanes.net\/?p=1434#primaryimage\"},\"thumbnailUrl\":\"https:\/\/volcanes.net\/wp-content\/uploads\/2018\/02\/Comun-152-12.jpg\",\"datePublished\":\"2018-02-23T15:38:36+00:00\",\"breadcrumb\":{\"@id\":\"https:\/\/volcanes.net\/?p=1434#breadcrumb\"},\"inLanguage\":\"es\",\"potentialAction\":[{\"@type\":\"ReadAction\",\"target\":[\"https:\/\/volcanes.net\/?p=1434\"]}]},{\"@type\":\"ImageObject\",\"inLanguage\":\"es\",\"@id\":\"https:\/\/volcanes.net\/?p=1434#primaryimage\",\"url\":\"https:\/\/volcanes.net\/wp-content\/uploads\/2018\/02\/Comun-152-12.jpg\",\"contentUrl\":\"https:\/\/volcanes.net\/wp-content\/uploads\/2018\/02\/Comun-152-12.jpg\",\"width\":448,\"height\":299},{\"@type\":\"BreadcrumbList\",\"@id\":\"https:\/\/volcanes.net\/?p=1434#breadcrumb\",\"itemListElement\":[{\"@type\":\"ListItem\",\"position\":1,\"name\":\"Portada\",\"item\":\"https:\/\/volcanes.net\/\"},{\"@type\":\"ListItem\",\"position\":2,\"name\":\"Docentes, activo m\u00e1s valioso de las universidades\"}]},{\"@type\":\"WebSite\",\"@id\":\"https:\/\/volcanes.net\/#website\",\"url\":\"https:\/\/volcanes.net\/\",\"name\":\"Volcanes.Net\",\"description\":\"Periodismo Profesional\",\"publisher\":{\"@id\":\"https:\/\/volcanes.net\/#organization\"},\"potentialAction\":[{\"@type\":\"SearchAction\",\"target\":{\"@type\":\"EntryPoint\",\"urlTemplate\":\"https:\/\/volcanes.net\/?s={search_term_string}\"},\"query-input\":{\"@type\":\"PropertyValueSpecification\",\"valueRequired\":true,\"valueName\":\"search_term_string\"}}],\"inLanguage\":\"es\"},{\"@type\":\"Organization\",\"@id\":\"https:\/\/volcanes.net\/#organization\",\"name\":\"Grupo Volcanes\",\"url\":\"https:\/\/volcanes.net\/\",\"logo\":{\"@type\":\"ImageObject\",\"inLanguage\":\"es\",\"@id\":\"https:\/\/volcanes.net\/#\/schema\/logo\/image\/\",\"url\":\"http:\/\/volcanes.net\/wp-content\/uploads\/2017\/12\/Avatar2.jpg\",\"contentUrl\":\"http:\/\/volcanes.net\/wp-content\/uploads\/2017\/12\/Avatar2.jpg\",\"width\":378,\"height\":378,\"caption\":\"Grupo Volcanes\"},\"image\":{\"@id\":\"https:\/\/volcanes.net\/#\/schema\/logo\/image\/\"},\"sameAs\":[\"https:\/\/www.facebook.com\/volcanes.net\/\"]},{\"@type\":\"Person\",\"@id\":\"https:\/\/volcanes.net\/#\/schema\/person\/4bf0f383940966a4abd53f5048c0e6b9\",\"name\":\"admin\",\"image\":{\"@type\":\"ImageObject\",\"inLanguage\":\"es\",\"@id\":\"https:\/\/volcanes.net\/#\/schema\/person\/image\/\",\"url\":\"https:\/\/secure.gravatar.com\/avatar\/ca004e6cba8462b8cb7abc86e382930c?s=96&d=mm&r=g\",\"contentUrl\":\"https:\/\/secure.gravatar.com\/avatar\/ca004e6cba8462b8cb7abc86e382930c?s=96&d=mm&r=g\",\"caption\":\"admin\"}}]}<\/script>\n<!-- \/ Yoast SEO plugin. -->","yoast_head_json":{"title":"Docentes, activo m\u00e1s valioso de las universidades - Volcanes","robots":{"index":"index","follow":"follow","max-snippet":"max-snippet:-1","max-image-preview":"max-image-preview:large","max-video-preview":"max-video-preview:-1"},"canonical":"https:\/\/volcanes.net\/?p=1434","og_locale":"es_MX","og_type":"article","og_title":"Docentes, activo m\u00e1s valioso de las universidades - Volcanes","og_description":"La Universidad Aut\u00f3noma del Estado de M\u00e9xico ofrece a sus profesores el Taller de Introducci\u00f3n","og_url":"https:\/\/volcanes.net\/?p=1434","og_site_name":"Volcanes","article_publisher":"https:\/\/www.facebook.com\/volcanes.net\/","article_published_time":"2018-02-23T15:38:36+00:00","og_image":[{"width":448,"height":299,"url":"https:\/\/volcanes.net\/wp-content\/uploads\/2018\/02\/Comun-152-12.jpg","type":"image\/jpeg"}],"author":"admin","twitter_card":"summary_large_image","twitter_misc":{"Escrito por":"admin","Tiempo de lectura":"2 minutos"},"schema":{"@context":"https:\/\/schema.org","@graph":[{"@type":"Article","@id":"https:\/\/volcanes.net\/?p=1434#article","isPartOf":{"@id":"https:\/\/volcanes.net\/?p=1434"},"author":{"name":"admin","@id":"https:\/\/volcanes.net\/#\/schema\/person\/4bf0f383940966a4abd53f5048c0e6b9"},"headline":"Docentes, activo m\u00e1s valioso de las universidades","datePublished":"2018-02-23T15:38:36+00:00","mainEntityOfPage":{"@id":"https:\/\/volcanes.net\/?p=1434"},"wordCount":450,"commentCount":0,"publisher":{"@id":"https:\/\/volcanes.net\/#organization"},"image":{"@id":"https:\/\/volcanes.net\/?p=1434#primaryimage"},"thumbnailUrl":"https:\/\/volcanes.net\/wp-content\/uploads\/2018\/02\/Comun-152-12.jpg","keywords":["UAEM","UAEMEX"],"articleSection":["Municipales"],"inLanguage":"es","potentialAction":[{"@type":"CommentAction","name":"Comment","target":["https:\/\/volcanes.net\/?p=1434#respond"]}]},{"@type":"WebPage","@id":"https:\/\/volcanes.net\/?p=1434","url":"https:\/\/volcanes.net\/?p=1434","name":"Docentes, activo m\u00e1s valioso de las universidades - Volcanes","isPartOf":{"@id":"https:\/\/volcanes.net\/#website"},"primaryImageOfPage":{"@id":"https:\/\/volcanes.net\/?p=1434#primaryimage"},"image":{"@id":"https:\/\/volcanes.net\/?p=1434#primaryimage"},"thumbnailUrl":"https:\/\/volcanes.net\/wp-content\/uploads\/2018\/02\/Comun-152-12.jpg","datePublished":"2018-02-23T15:38:36+00:00","breadcrumb":{"@id":"https:\/\/volcanes.net\/?p=1434#breadcrumb"},"inLanguage":"es","potentialAction":[{"@type":"ReadAction","target":["https:\/\/volcanes.net\/?p=1434"]}]},{"@type":"ImageObject","inLanguage":"es","@id":"https:\/\/volcanes.net\/?p=1434#primaryimage","url":"https:\/\/volcanes.net\/wp-content\/uploads\/2018\/02\/Comun-152-12.jpg","contentUrl":"https:\/\/volcanes.net\/wp-content\/uploads\/2018\/02\/Comun-152-12.jpg","width":448,"height":299},{"@type":"BreadcrumbList","@id":"https:\/\/volcanes.net\/?p=1434#breadcrumb","itemListElement":[{"@type":"ListItem","position":1,"name":"Portada","item":"https:\/\/volcanes.net\/"},{"@type":"ListItem","position":2,"name":"Docentes, activo m\u00e1s valioso de las universidades"}]},{"@type":"WebSite","@id":"https:\/\/volcanes.net\/#website","url":"https:\/\/volcanes.net\/","name":"Volcanes.Net","description":"Periodismo Profesional","publisher":{"@id":"https:\/\/volcanes.net\/#organization"},"potentialAction":[{"@type":"SearchAction","target":{"@type":"EntryPoint","urlTemplate":"https:\/\/volcanes.net\/?s={search_term_string}"},"query-input":{"@type":"PropertyValueSpecification","valueRequired":true,"valueName":"search_term_string"}}],"inLanguage":"es"},{"@type":"Organization","@id":"https:\/\/volcanes.net\/#organization","name":"Grupo Volcanes","url":"https:\/\/volcanes.net\/","logo":{"@type":"ImageObject","inLanguage":"es","@id":"https:\/\/volcanes.net\/#\/schema\/logo\/image\/","url":"http:\/\/volcanes.net\/wp-content\/uploads\/2017\/12\/Avatar2.jpg","contentUrl":"http:\/\/volcanes.net\/wp-content\/uploads\/2017\/12\/Avatar2.jpg","width":378,"height":378,"caption":"Grupo Volcanes"},"image":{"@id":"https:\/\/volcanes.net\/#\/schema\/logo\/image\/"},"sameAs":["https:\/\/www.facebook.com\/volcanes.net\/"]},{"@type":"Person","@id":"https:\/\/volcanes.net\/#\/schema\/person\/4bf0f383940966a4abd53f5048c0e6b9","name":"admin","image":{"@type":"ImageObject","inLanguage":"es","@id":"https:\/\/volcanes.net\/#\/schema\/person\/image\/","url":"https:\/\/secure.gravatar.com\/avatar\/ca004e6cba8462b8cb7abc86e382930c?s=96&d=mm&r=g","contentUrl":"https:\/\/secure.gravatar.com\/avatar\/ca004e6cba8462b8cb7abc86e382930c?s=96&d=mm&r=g","caption":"admin"}}]}},"_links":{"self":[{"href":"https:\/\/volcanes.net\/index.php?rest_route=\/wp\/v2\/posts\/1434"}],"collection":[{"href":"https:\/\/volcanes.net\/index.php?rest_route=\/wp\/v2\/posts"}],"about":[{"href":"https:\/\/volcanes.net\/index.php?rest_route=\/wp\/v2\/types\/post"}],"author":[{"embeddable":true,"href":"https:\/\/volcanes.net\/index.php?rest_route=\/wp\/v2\/users\/1"}],"replies":[{"embeddable":true,"href":"https:\/\/volcanes.net\/index.php?rest_route=%2Fwp%2Fv2%2Fcomments&post=1434"}],"version-history":[{"count":1,"href":"https:\/\/volcanes.net\/index.php?rest_route=\/wp\/v2\/posts\/1434\/revisions"}],"predecessor-version":[{"id":1438,"href":"https:\/\/volcanes.net\/index.php?rest_route=\/wp\/v2\/posts\/1434\/revisions\/1438"}],"wp:featuredmedia":[{"embeddable":true,"href":"https:\/\/volcanes.net\/index.php?rest_route=\/wp\/v2\/media\/1435"}],"wp:attachment":[{"href":"https:\/\/volcanes.net\/index.php?rest_route=%2Fwp%2Fv2%2Fmedia&parent=1434"}],"wp:term":[{"taxonomy":"category","embeddable":true,"href":"https:\/\/volcanes.net\/index.php?rest_route=%2Fwp%2Fv2%2Fcategories&post=1434"},{"taxonomy":"post_tag","embeddable":true,"href":"https:\/\/volcanes.net\/index.php?rest_route=%2Fwp%2Fv2%2Ftags&post=1434"}],"curies":[{"name":"wp","href":"https:\/\/api.w.org\/{rel}","templated":true}]}}