{"id":1445,"date":"2018-02-23T22:08:39","date_gmt":"2018-02-23T22:08:39","guid":{"rendered":"http:\/\/volcanes.net\/?p=1445"},"modified":"2018-02-23T22:08:39","modified_gmt":"2018-02-23T22:08:39","slug":"accidente-de-una-camioneta-de-transporte-publico-al-menos-4-muertos","status":"publish","type":"post","link":"https:\/\/volcanes.net\/?p=1445","title":{"rendered":"Accidente de una camioneta de transporte p\u00fablico, al menos 4 muertos"},"content":{"rendered":"<div style=\"margin-top: 0px; margin-bottom: 0px;\" class=\"sharethis-inline-share-buttons\" ><\/div><h5 id=\"js_c2\" class=\"_14f5 _5pbw _5vra\" data-ft=\"{&quot;tn&quot;:&quot;C&quot;}\"><span class=\"fwn fcg\"><span class=\"fcg\"><span class=\"fwb\"><a id=\"js_fa\" class=\"profileLink\" href=\"https:\/\/www.facebook.com\/josecruz.garciao?hc_ref=ARRCOwLqBynYDv60dBU6lvu84nlfzFjkOUr-Jj1e3ToNIKDjVHdjJRTd-9BfWBdDopc\" data-ft=\"{&quot;tn&quot;:&quot;l&quot;}\" data-hovercard=\"\/ajax\/hovercard\/user.php?id=100008092502086&amp;extragetparams=%7B%22hc_ref%22%3A%22ARRCOwLqBynYDv60dBU6lvu84nlfzFjkOUr-Jj1e3ToNIKDjVHdjJRTd-9BfWBdDopc%22%7D\" data-hovercard-prefer-more-content-show=\"1\" data-hovercard-referer=\"ARRCOwLqBynYDv60dBU6lvu84nlfzFjkOUr-Jj1e3ToNIKDjVHdjJRTd-9BfWBdDopc\" aria-controls=\"js_f8\" aria-haspopup=\"true\" aria-describedby=\"js_f9\">Jos\u00e9 Cruz Garc\u00eda O<\/a><\/span><\/span><\/span><\/h5>\n<p>Al menos cuatro muertos y m\u00e1s de una decena de heridos, fue el resultado de un fatal accidente registrado esta ma\u00f1ana en la autopista M\u00e9x-Pue, a la altura del km 25 conocido como Puente Rojo, dentro de la demarcaci\u00f3n de Valle de Chalco, Estado de M\u00e9xico.<\/p>\n<p>Seg\u00fan testigos, una unidad de trasporte de pasajeros, tipo combi, de la Ruta 98, circulaba a exceso de velocidad, cuando de repente se impacta en la parte trasera de un camion de materiales, tipo t\u00f3rton, destruyendo la parte frontal de la combi y con ello la vida de los ocupantes que viajaban en al frente.<\/p>\n<p>Unidades de emergencia de Cruz Roja Valle de Chalco, Chalco e Ixtamedic arribaron al lugar, para atender y trasladar a las victimas.<\/p>\n<p>4 lesionados fueron llevados al Hospital 71 en Chalco, en tanto otros 9 al Hospital Fernando Quiroz en Valle de Chalco.<\/p>\n<p>En el lugar fallecen 3 personas y uno mas cuando era atendido en el Hospital.<\/p>\n<p>La zona permaneci\u00f3 acordonada por personal de la Policia Federal, en tanto se realizaban las labores de rescate.<\/p>\n<p>El numero de v\u00edctimas por la gravedad del accidente podr\u00eda aumentar en las pr\u00f3ximas horas.<\/p>\n","protected":false},"excerpt":{"rendered":"<p>Jos\u00e9 Cruz Garc\u00eda O Al menos cuatro muertos y m\u00e1s de una decena de heridos,<\/p>\n","protected":false},"author":1,"featured_media":1446,"comment_status":"open","ping_status":"open","sticky":false,"template":"","format":"standard","meta":{"footnotes":""},"categories":[1],"tags":[7,80,57,9,73,15,6,90,21,14,16,81,5,46],"class_list":["post-1445","post","type-post","status-publish","format-standard","has-post-thumbnail","hentry","category-municipales","tag-amecameca","tag-atlautla","tag-ayapango","tag-chalco","tag-chimalhuacan","tag-ecatzingo","tag-ixtapaluca","tag-la-paz","tag-nezahualcoyotl","tag-ozumba","tag-tepetlixpa","tag-tlalmanalco","tag-valle-de-chalco","tag-volcanes"],"yoast_head":"<!-- This site is optimized with the Yoast SEO plugin v25.3 - https:\/\/yoast.com\/wordpress\/plugins\/seo\/ -->\n<title>Accidente de una camioneta de transporte p\u00fablico, al menos 4 muertos - Volcanes<\/title>\n<meta name=\"robots\" content=\"index, follow, max-snippet:-1, max-image-preview:large, max-video-preview:-1\" \/>\n<link rel=\"canonical\" href=\"https:\/\/volcanes.net\/?p=1445\" \/>\n<meta property=\"og:locale\" content=\"es_MX\" \/>\n<meta property=\"og:type\" content=\"article\" \/>\n<meta property=\"og:title\" content=\"Accidente de una camioneta de transporte p\u00fablico, al menos 4 muertos - Volcanes\" \/>\n<meta property=\"og:description\" content=\"Jos\u00e9 Cruz Garc\u00eda O Al menos cuatro muertos y m\u00e1s de una decena de heridos,\" \/>\n<meta property=\"og:url\" content=\"https:\/\/volcanes.net\/?p=1445\" \/>\n<meta property=\"og:site_name\" content=\"Volcanes\" \/>\n<meta property=\"article:publisher\" content=\"https:\/\/www.facebook.com\/volcanes.net\/\" \/>\n<meta property=\"article:published_time\" content=\"2018-02-23T22:08:39+00:00\" \/>\n<meta property=\"og:image\" content=\"https:\/\/volcanes.net\/wp-content\/uploads\/2018\/02\/861b82ba-67ef-49f7-94e4-7156bb1f1cf3.jpg\" \/>\n\t<meta property=\"og:image:width\" content=\"448\" \/>\n\t<meta property=\"og:image:height\" content=\"336\" \/>\n\t<meta property=\"og:image:type\" content=\"image\/jpeg\" \/>\n<meta name=\"author\" content=\"admin\" \/>\n<meta name=\"twitter:card\" content=\"summary_large_image\" \/>\n<meta name=\"twitter:label1\" content=\"Escrito por\" \/>\n\t<meta name=\"twitter:data1\" content=\"admin\" \/>\n\t<meta name=\"twitter:label2\" content=\"Tiempo de lectura\" \/>\n\t<meta name=\"twitter:data2\" content=\"1 minuto\" \/>\n<script type=\"application\/ld+json\" class=\"yoast-schema-graph\">{\"@context\":\"https:\/\/schema.org\",\"@graph\":[{\"@type\":\"Article\",\"@id\":\"https:\/\/volcanes.net\/?p=1445#article\",\"isPartOf\":{\"@id\":\"https:\/\/volcanes.net\/?p=1445\"},\"author\":{\"name\":\"admin\",\"@id\":\"https:\/\/volcanes.net\/#\/schema\/person\/4bf0f383940966a4abd53f5048c0e6b9\"},\"headline\":\"Accidente de una camioneta de transporte p\u00fablico, al menos 4 muertos\",\"datePublished\":\"2018-02-23T22:08:39+00:00\",\"mainEntityOfPage\":{\"@id\":\"https:\/\/volcanes.net\/?p=1445\"},\"wordCount\":212,\"commentCount\":0,\"publisher\":{\"@id\":\"https:\/\/volcanes.net\/#organization\"},\"image\":{\"@id\":\"https:\/\/volcanes.net\/?p=1445#primaryimage\"},\"thumbnailUrl\":\"https:\/\/volcanes.net\/wp-content\/uploads\/2018\/02\/861b82ba-67ef-49f7-94e4-7156bb1f1cf3.jpg\",\"keywords\":[\"Amecameca\",\"Atlautla\",\"Ayapango\",\"Chalco\",\"Chimalhuac\u00e1n\",\"Ecatzingo\",\"Ixtapaluca\",\"La Paz\",\"Nezahualc\u00f3yotl\",\"Ozumba\",\"Tepetlixpa\",\"Tlalmanalco\",\"Valle de Chalco\",\"Volcanes\"],\"articleSection\":[\"Municipales\"],\"inLanguage\":\"es\",\"potentialAction\":[{\"@type\":\"CommentAction\",\"name\":\"Comment\",\"target\":[\"https:\/\/volcanes.net\/?p=1445#respond\"]}]},{\"@type\":\"WebPage\",\"@id\":\"https:\/\/volcanes.net\/?p=1445\",\"url\":\"https:\/\/volcanes.net\/?p=1445\",\"name\":\"Accidente de una camioneta de transporte p\u00fablico, al menos 4 muertos - Volcanes\",\"isPartOf\":{\"@id\":\"https:\/\/volcanes.net\/#website\"},\"primaryImageOfPage\":{\"@id\":\"https:\/\/volcanes.net\/?p=1445#primaryimage\"},\"image\":{\"@id\":\"https:\/\/volcanes.net\/?p=1445#primaryimage\"},\"thumbnailUrl\":\"https:\/\/volcanes.net\/wp-content\/uploads\/2018\/02\/861b82ba-67ef-49f7-94e4-7156bb1f1cf3.jpg\",\"datePublished\":\"2018-02-23T22:08:39+00:00\",\"breadcrumb\":{\"@id\":\"https:\/\/volcanes.net\/?p=1445#breadcrumb\"},\"inLanguage\":\"es\",\"potentialAction\":[{\"@type\":\"ReadAction\",\"target\":[\"https:\/\/volcanes.net\/?p=1445\"]}]},{\"@type\":\"ImageObject\",\"inLanguage\":\"es\",\"@id\":\"https:\/\/volcanes.net\/?p=1445#primaryimage\",\"url\":\"https:\/\/volcanes.net\/wp-content\/uploads\/2018\/02\/861b82ba-67ef-49f7-94e4-7156bb1f1cf3.jpg\",\"contentUrl\":\"https:\/\/volcanes.net\/wp-content\/uploads\/2018\/02\/861b82ba-67ef-49f7-94e4-7156bb1f1cf3.jpg\",\"width\":448,\"height\":336},{\"@type\":\"BreadcrumbList\",\"@id\":\"https:\/\/volcanes.net\/?p=1445#breadcrumb\",\"itemListElement\":[{\"@type\":\"ListItem\",\"position\":1,\"name\":\"Portada\",\"item\":\"https:\/\/volcanes.net\/\"},{\"@type\":\"ListItem\",\"position\":2,\"name\":\"Accidente de una camioneta de transporte p\u00fablico, al menos 4 muertos\"}]},{\"@type\":\"WebSite\",\"@id\":\"https:\/\/volcanes.net\/#website\",\"url\":\"https:\/\/volcanes.net\/\",\"name\":\"Volcanes.Net\",\"description\":\"Periodismo Profesional\",\"publisher\":{\"@id\":\"https:\/\/volcanes.net\/#organization\"},\"potentialAction\":[{\"@type\":\"SearchAction\",\"target\":{\"@type\":\"EntryPoint\",\"urlTemplate\":\"https:\/\/volcanes.net\/?s={search_term_string}\"},\"query-input\":{\"@type\":\"PropertyValueSpecification\",\"valueRequired\":true,\"valueName\":\"search_term_string\"}}],\"inLanguage\":\"es\"},{\"@type\":\"Organization\",\"@id\":\"https:\/\/volcanes.net\/#organization\",\"name\":\"Grupo Volcanes\",\"url\":\"https:\/\/volcanes.net\/\",\"logo\":{\"@type\":\"ImageObject\",\"inLanguage\":\"es\",\"@id\":\"https:\/\/volcanes.net\/#\/schema\/logo\/image\/\",\"url\":\"http:\/\/volcanes.net\/wp-content\/uploads\/2017\/12\/Avatar2.jpg\",\"contentUrl\":\"http:\/\/volcanes.net\/wp-content\/uploads\/2017\/12\/Avatar2.jpg\",\"width\":378,\"height\":378,\"caption\":\"Grupo Volcanes\"},\"image\":{\"@id\":\"https:\/\/volcanes.net\/#\/schema\/logo\/image\/\"},\"sameAs\":[\"https:\/\/www.facebook.com\/volcanes.net\/\"]},{\"@type\":\"Person\",\"@id\":\"https:\/\/volcanes.net\/#\/schema\/person\/4bf0f383940966a4abd53f5048c0e6b9\",\"name\":\"admin\",\"image\":{\"@type\":\"ImageObject\",\"inLanguage\":\"es\",\"@id\":\"https:\/\/volcanes.net\/#\/schema\/person\/image\/\",\"url\":\"https:\/\/secure.gravatar.com\/avatar\/ca004e6cba8462b8cb7abc86e382930c?s=96&d=mm&r=g\",\"contentUrl\":\"https:\/\/secure.gravatar.com\/avatar\/ca004e6cba8462b8cb7abc86e382930c?s=96&d=mm&r=g\",\"caption\":\"admin\"}}]}<\/script>\n<!-- \/ Yoast SEO plugin. -->","yoast_head_json":{"title":"Accidente de una camioneta de transporte p\u00fablico, al menos 4 muertos - Volcanes","robots":{"index":"index","follow":"follow","max-snippet":"max-snippet:-1","max-image-preview":"max-image-preview:large","max-video-preview":"max-video-preview:-1"},"canonical":"https:\/\/volcanes.net\/?p=1445","og_locale":"es_MX","og_type":"article","og_title":"Accidente de una camioneta de transporte p\u00fablico, al menos 4 muertos - Volcanes","og_description":"Jos\u00e9 Cruz Garc\u00eda O Al menos cuatro muertos y m\u00e1s de una decena de heridos,","og_url":"https:\/\/volcanes.net\/?p=1445","og_site_name":"Volcanes","article_publisher":"https:\/\/www.facebook.com\/volcanes.net\/","article_published_time":"2018-02-23T22:08:39+00:00","og_image":[{"width":448,"height":336,"url":"https:\/\/volcanes.net\/wp-content\/uploads\/2018\/02\/861b82ba-67ef-49f7-94e4-7156bb1f1cf3.jpg","type":"image\/jpeg"}],"author":"admin","twitter_card":"summary_large_image","twitter_misc":{"Escrito por":"admin","Tiempo de lectura":"1 minuto"},"schema":{"@context":"https:\/\/schema.org","@graph":[{"@type":"Article","@id":"https:\/\/volcanes.net\/?p=1445#article","isPartOf":{"@id":"https:\/\/volcanes.net\/?p=1445"},"author":{"name":"admin","@id":"https:\/\/volcanes.net\/#\/schema\/person\/4bf0f383940966a4abd53f5048c0e6b9"},"headline":"Accidente de una camioneta de transporte p\u00fablico, al menos 4 muertos","datePublished":"2018-02-23T22:08:39+00:00","mainEntityOfPage":{"@id":"https:\/\/volcanes.net\/?p=1445"},"wordCount":212,"commentCount":0,"publisher":{"@id":"https:\/\/volcanes.net\/#organization"},"image":{"@id":"https:\/\/volcanes.net\/?p=1445#primaryimage"},"thumbnailUrl":"https:\/\/volcanes.net\/wp-content\/uploads\/2018\/02\/861b82ba-67ef-49f7-94e4-7156bb1f1cf3.jpg","keywords":["Amecameca","Atlautla","Ayapango","Chalco","Chimalhuac\u00e1n","Ecatzingo","Ixtapaluca","La Paz","Nezahualc\u00f3yotl","Ozumba","Tepetlixpa","Tlalmanalco","Valle de Chalco","Volcanes"],"articleSection":["Municipales"],"inLanguage":"es","potentialAction":[{"@type":"CommentAction","name":"Comment","target":["https:\/\/volcanes.net\/?p=1445#respond"]}]},{"@type":"WebPage","@id":"https:\/\/volcanes.net\/?p=1445","url":"https:\/\/volcanes.net\/?p=1445","name":"Accidente de una camioneta de transporte p\u00fablico, al menos 4 muertos - Volcanes","isPartOf":{"@id":"https:\/\/volcanes.net\/#website"},"primaryImageOfPage":{"@id":"https:\/\/volcanes.net\/?p=1445#primaryimage"},"image":{"@id":"https:\/\/volcanes.net\/?p=1445#primaryimage"},"thumbnailUrl":"https:\/\/volcanes.net\/wp-content\/uploads\/2018\/02\/861b82ba-67ef-49f7-94e4-7156bb1f1cf3.jpg","datePublished":"2018-02-23T22:08:39+00:00","breadcrumb":{"@id":"https:\/\/volcanes.net\/?p=1445#breadcrumb"},"inLanguage":"es","potentialAction":[{"@type":"ReadAction","target":["https:\/\/volcanes.net\/?p=1445"]}]},{"@type":"ImageObject","inLanguage":"es","@id":"https:\/\/volcanes.net\/?p=1445#primaryimage","url":"https:\/\/volcanes.net\/wp-content\/uploads\/2018\/02\/861b82ba-67ef-49f7-94e4-7156bb1f1cf3.jpg","contentUrl":"https:\/\/volcanes.net\/wp-content\/uploads\/2018\/02\/861b82ba-67ef-49f7-94e4-7156bb1f1cf3.jpg","width":448,"height":336},{"@type":"BreadcrumbList","@id":"https:\/\/volcanes.net\/?p=1445#breadcrumb","itemListElement":[{"@type":"ListItem","position":1,"name":"Portada","item":"https:\/\/volcanes.net\/"},{"@type":"ListItem","position":2,"name":"Accidente de una camioneta de transporte p\u00fablico, al menos 4 muertos"}]},{"@type":"WebSite","@id":"https:\/\/volcanes.net\/#website","url":"https:\/\/volcanes.net\/","name":"Volcanes.Net","description":"Periodismo Profesional","publisher":{"@id":"https:\/\/volcanes.net\/#organization"},"potentialAction":[{"@type":"SearchAction","target":{"@type":"EntryPoint","urlTemplate":"https:\/\/volcanes.net\/?s={search_term_string}"},"query-input":{"@type":"PropertyValueSpecification","valueRequired":true,"valueName":"search_term_string"}}],"inLanguage":"es"},{"@type":"Organization","@id":"https:\/\/volcanes.net\/#organization","name":"Grupo Volcanes","url":"https:\/\/volcanes.net\/","logo":{"@type":"ImageObject","inLanguage":"es","@id":"https:\/\/volcanes.net\/#\/schema\/logo\/image\/","url":"http:\/\/volcanes.net\/wp-content\/uploads\/2017\/12\/Avatar2.jpg","contentUrl":"http:\/\/volcanes.net\/wp-content\/uploads\/2017\/12\/Avatar2.jpg","width":378,"height":378,"caption":"Grupo Volcanes"},"image":{"@id":"https:\/\/volcanes.net\/#\/schema\/logo\/image\/"},"sameAs":["https:\/\/www.facebook.com\/volcanes.net\/"]},{"@type":"Person","@id":"https:\/\/volcanes.net\/#\/schema\/person\/4bf0f383940966a4abd53f5048c0e6b9","name":"admin","image":{"@type":"ImageObject","inLanguage":"es","@id":"https:\/\/volcanes.net\/#\/schema\/person\/image\/","url":"https:\/\/secure.gravatar.com\/avatar\/ca004e6cba8462b8cb7abc86e382930c?s=96&d=mm&r=g","contentUrl":"https:\/\/secure.gravatar.com\/avatar\/ca004e6cba8462b8cb7abc86e382930c?s=96&d=mm&r=g","caption":"admin"}}]}},"_links":{"self":[{"href":"https:\/\/volcanes.net\/index.php?rest_route=\/wp\/v2\/posts\/1445"}],"collection":[{"href":"https:\/\/volcanes.net\/index.php?rest_route=\/wp\/v2\/posts"}],"about":[{"href":"https:\/\/volcanes.net\/index.php?rest_route=\/wp\/v2\/types\/post"}],"author":[{"embeddable":true,"href":"https:\/\/volcanes.net\/index.php?rest_route=\/wp\/v2\/users\/1"}],"replies":[{"embeddable":true,"href":"https:\/\/volcanes.net\/index.php?rest_route=%2Fwp%2Fv2%2Fcomments&post=1445"}],"version-history":[{"count":1,"href":"https:\/\/volcanes.net\/index.php?rest_route=\/wp\/v2\/posts\/1445\/revisions"}],"predecessor-version":[{"id":1447,"href":"https:\/\/volcanes.net\/index.php?rest_route=\/wp\/v2\/posts\/1445\/revisions\/1447"}],"wp:featuredmedia":[{"embeddable":true,"href":"https:\/\/volcanes.net\/index.php?rest_route=\/wp\/v2\/media\/1446"}],"wp:attachment":[{"href":"https:\/\/volcanes.net\/index.php?rest_route=%2Fwp%2Fv2%2Fmedia&parent=1445"}],"wp:term":[{"taxonomy":"category","embeddable":true,"href":"https:\/\/volcanes.net\/index.php?rest_route=%2Fwp%2Fv2%2Fcategories&post=1445"},{"taxonomy":"post_tag","embeddable":true,"href":"https:\/\/volcanes.net\/index.php?rest_route=%2Fwp%2Fv2%2Ftags&post=1445"}],"curies":[{"name":"wp","href":"https:\/\/api.w.org\/{rel}","templated":true}]}}