{"id":1458,"date":"2018-02-24T16:16:14","date_gmt":"2018-02-24T16:16:14","guid":{"rendered":"http:\/\/volcanes.net\/?p=1458"},"modified":"2018-02-24T16:16:14","modified_gmt":"2018-02-24T16:16:14","slug":"penso-que-la-habia-matado-y-la-tiro-al-canal-en-texcoco","status":"publish","type":"post","link":"https:\/\/volcanes.net\/?p=1458","title":{"rendered":"Pens\u00f3 que la hab\u00eda matado y la tir\u00f3 al canal en Texcoco"},"content":{"rendered":"<div style=\"margin-top: 0px; margin-bottom: 0px;\" class=\"sharethis-inline-share-buttons\" ><\/div><p><strong>Toluca, M\u00e9xico, 23 de febrero de 2018.-<\/strong>\u00a0Agentes de Investigaci\u00f3n de la Fiscal\u00eda General de Justicia del Estado de M\u00e9xico (FGJEM) dieron cumplimiento a una orden de aprehensi\u00f3n girada en contra de Jorge Arturo \u201cN\u201d, de 23 a\u00f1os de edad, quien est\u00e1 se\u00f1alado por su probable participaci\u00f3n en el delito de feminicidio en grado de tentativa.<\/p>\n<p>Este sujeto fue asegurado en el poblado de San Felipe, del municipio de Texcoco, en acatamiento a una orden de aprehensi\u00f3n que exist\u00eda en su contra por este delito.<\/p>\n<p>Los hechos que se le imputan se registraron el 4 de noviembre del a\u00f1o 2017, cuando Jorge Arturo \u201cN\u201d cit\u00f3 a su ex concubina en un local comercial del poblado de Tocuila, para tratar de componer su relaci\u00f3n.<\/p>\n<p>Sin embargo, el inculpado, quien se encontraba ingiriendo bebidas embriagantes con otro sujeto, presumiblemente comenz\u00f3 a insultar a la mujer y luego a golpearla para luego subirla por la fuerza a un veh\u00edculo compacto en donde se dirigi\u00f3 a la comunidad de San Felipe.<\/p>\n<p>De acuerdo con la denuncia que present\u00f3 la v\u00edctima, en un paraje de esa comunidad, el probable feminicida trat\u00f3 de privarla de la vida, al sujetar su cuello para asfixiarla.<\/p>\n<p>En tanto el inculpado en su declaraci\u00f3n ante el Representante Social, revel\u00f3 que al suponer que su ex pareja ya hab\u00eda fallecido, la subi\u00f3 de nueva cuenta al automotor y se traslad\u00f3 a Tocuila donde pretend\u00eda tirar el cuerpo de su ex concubina en un canal.<\/p>\n<p>No obstante, la mujer fue rescatada por familiares, que ya la buscaban, en tanto que el probable agresor huy\u00f3 del lugar.<\/p>\n<p>La indagatoria realizada y la informaci\u00f3n recabada por parte de Polic\u00edas Investigadores, permitieron ubicar en un domicilio del poblado de San Felipe, el sitio donde el probable feminicida, se ocultaba; ante ello el Agente del Ministerio P\u00fablico solicit\u00f3 a un Juez librar una orden de aprehensi\u00f3n en contra de este individuo, la cual fue otorgada y cumplimentada.<\/p>\n<p>Jorge Arturo \u201cN\u201d fue ingresado al Centro Penitenciario y de Reinserci\u00f3n Social de Texcoco, en donde qued\u00f3 a disposici\u00f3n de la Autoridad Judicial, quien determinar\u00e1 su situaci\u00f3n jur\u00eddica, sin embargo se le presume inocente hasta que sea dictada una sentencia condenatoria en su contra.<\/p>\n<p>La Fiscal\u00eda General de Justicia Estatal hace un llamado a ciudadan\u00eda para que en caso de que reconozca a este sujeto como probable part\u00edcipe de alg\u00fan otro il\u00edcito, sea denunciado a trav\u00e9s del correo electr\u00f3nico\u00a0<a href=\"mailto:cerotolerancia@edomex.gob.mx\">cerotolerancia@edomex.gob.mx<\/a>, al n\u00famero telef\u00f3nico 01 800 7028770, o bien, por medio de la aplicaci\u00f3n FGJEdomex, la cual est\u00e1 disponible de manera gratuita para todos los tel\u00e9fonos inteligentes de los sistemas iOS y Android.<\/p>\n","protected":false},"excerpt":{"rendered":"<p>Toluca, M\u00e9xico, 23 de febrero de 2018.-\u00a0Agentes de Investigaci\u00f3n de la Fiscal\u00eda General de Justicia<\/p>\n","protected":false},"author":1,"featured_media":266,"comment_status":"open","ping_status":"open","sticky":false,"template":"","format":"standard","meta":{"footnotes":""},"categories":[1],"tags":[42,22],"class_list":["post-1458","post","type-post","status-publish","format-standard","has-post-thumbnail","hentry","category-municipales","tag-fgjem","tag-texcoco"],"yoast_head":"<!-- This site is optimized with the Yoast SEO plugin v25.3 - https:\/\/yoast.com\/wordpress\/plugins\/seo\/ -->\n<title>Pens\u00f3 que la hab\u00eda matado y la tir\u00f3 al canal en Texcoco - Volcanes<\/title>\n<meta name=\"robots\" content=\"index, follow, max-snippet:-1, max-image-preview:large, max-video-preview:-1\" \/>\n<link rel=\"canonical\" href=\"https:\/\/volcanes.net\/?p=1458\" \/>\n<meta property=\"og:locale\" content=\"es_MX\" \/>\n<meta property=\"og:type\" content=\"article\" \/>\n<meta property=\"og:title\" content=\"Pens\u00f3 que la hab\u00eda matado y la tir\u00f3 al canal en Texcoco - Volcanes\" \/>\n<meta property=\"og:description\" content=\"Toluca, M\u00e9xico, 23 de febrero de 2018.-\u00a0Agentes de Investigaci\u00f3n de la Fiscal\u00eda General de Justicia\" \/>\n<meta property=\"og:url\" content=\"https:\/\/volcanes.net\/?p=1458\" \/>\n<meta property=\"og:site_name\" content=\"Volcanes\" \/>\n<meta property=\"article:publisher\" content=\"https:\/\/www.facebook.com\/volcanes.net\/\" \/>\n<meta property=\"article:published_time\" content=\"2018-02-24T16:16:14+00:00\" \/>\n<meta property=\"og:image\" content=\"https:\/\/volcanes.net\/wp-content\/uploads\/2018\/01\/fgjemarchivo.jpg\" \/>\n\t<meta property=\"og:image:width\" content=\"273\" \/>\n\t<meta property=\"og:image:height\" content=\"185\" \/>\n\t<meta property=\"og:image:type\" content=\"image\/jpeg\" \/>\n<meta name=\"author\" content=\"admin\" \/>\n<meta name=\"twitter:card\" content=\"summary_large_image\" \/>\n<meta name=\"twitter:label1\" content=\"Escrito por\" \/>\n\t<meta name=\"twitter:data1\" content=\"admin\" \/>\n\t<meta name=\"twitter:label2\" content=\"Tiempo de lectura\" \/>\n\t<meta name=\"twitter:data2\" content=\"2 minutos\" \/>\n<script type=\"application\/ld+json\" class=\"yoast-schema-graph\">{\"@context\":\"https:\/\/schema.org\",\"@graph\":[{\"@type\":\"Article\",\"@id\":\"https:\/\/volcanes.net\/?p=1458#article\",\"isPartOf\":{\"@id\":\"https:\/\/volcanes.net\/?p=1458\"},\"author\":{\"name\":\"admin\",\"@id\":\"https:\/\/volcanes.net\/#\/schema\/person\/4bf0f383940966a4abd53f5048c0e6b9\"},\"headline\":\"Pens\u00f3 que la hab\u00eda matado y la tir\u00f3 al canal en Texcoco\",\"datePublished\":\"2018-02-24T16:16:14+00:00\",\"mainEntityOfPage\":{\"@id\":\"https:\/\/volcanes.net\/?p=1458\"},\"wordCount\":478,\"commentCount\":0,\"publisher\":{\"@id\":\"https:\/\/volcanes.net\/#organization\"},\"image\":{\"@id\":\"https:\/\/volcanes.net\/?p=1458#primaryimage\"},\"thumbnailUrl\":\"https:\/\/volcanes.net\/wp-content\/uploads\/2018\/01\/fgjemarchivo.jpg\",\"keywords\":[\"FGJEM\",\"Texcoco\"],\"articleSection\":[\"Municipales\"],\"inLanguage\":\"es\",\"potentialAction\":[{\"@type\":\"CommentAction\",\"name\":\"Comment\",\"target\":[\"https:\/\/volcanes.net\/?p=1458#respond\"]}]},{\"@type\":\"WebPage\",\"@id\":\"https:\/\/volcanes.net\/?p=1458\",\"url\":\"https:\/\/volcanes.net\/?p=1458\",\"name\":\"Pens\u00f3 que la hab\u00eda matado y la tir\u00f3 al canal en Texcoco - Volcanes\",\"isPartOf\":{\"@id\":\"https:\/\/volcanes.net\/#website\"},\"primaryImageOfPage\":{\"@id\":\"https:\/\/volcanes.net\/?p=1458#primaryimage\"},\"image\":{\"@id\":\"https:\/\/volcanes.net\/?p=1458#primaryimage\"},\"thumbnailUrl\":\"https:\/\/volcanes.net\/wp-content\/uploads\/2018\/01\/fgjemarchivo.jpg\",\"datePublished\":\"2018-02-24T16:16:14+00:00\",\"breadcrumb\":{\"@id\":\"https:\/\/volcanes.net\/?p=1458#breadcrumb\"},\"inLanguage\":\"es\",\"potentialAction\":[{\"@type\":\"ReadAction\",\"target\":[\"https:\/\/volcanes.net\/?p=1458\"]}]},{\"@type\":\"ImageObject\",\"inLanguage\":\"es\",\"@id\":\"https:\/\/volcanes.net\/?p=1458#primaryimage\",\"url\":\"https:\/\/volcanes.net\/wp-content\/uploads\/2018\/01\/fgjemarchivo.jpg\",\"contentUrl\":\"https:\/\/volcanes.net\/wp-content\/uploads\/2018\/01\/fgjemarchivo.jpg\",\"width\":273,\"height\":185},{\"@type\":\"BreadcrumbList\",\"@id\":\"https:\/\/volcanes.net\/?p=1458#breadcrumb\",\"itemListElement\":[{\"@type\":\"ListItem\",\"position\":1,\"name\":\"Portada\",\"item\":\"https:\/\/volcanes.net\/\"},{\"@type\":\"ListItem\",\"position\":2,\"name\":\"Pens\u00f3 que la hab\u00eda matado y la tir\u00f3 al canal en Texcoco\"}]},{\"@type\":\"WebSite\",\"@id\":\"https:\/\/volcanes.net\/#website\",\"url\":\"https:\/\/volcanes.net\/\",\"name\":\"Volcanes.Net\",\"description\":\"Periodismo Profesional\",\"publisher\":{\"@id\":\"https:\/\/volcanes.net\/#organization\"},\"potentialAction\":[{\"@type\":\"SearchAction\",\"target\":{\"@type\":\"EntryPoint\",\"urlTemplate\":\"https:\/\/volcanes.net\/?s={search_term_string}\"},\"query-input\":{\"@type\":\"PropertyValueSpecification\",\"valueRequired\":true,\"valueName\":\"search_term_string\"}}],\"inLanguage\":\"es\"},{\"@type\":\"Organization\",\"@id\":\"https:\/\/volcanes.net\/#organization\",\"name\":\"Grupo Volcanes\",\"url\":\"https:\/\/volcanes.net\/\",\"logo\":{\"@type\":\"ImageObject\",\"inLanguage\":\"es\",\"@id\":\"https:\/\/volcanes.net\/#\/schema\/logo\/image\/\",\"url\":\"http:\/\/volcanes.net\/wp-content\/uploads\/2017\/12\/Avatar2.jpg\",\"contentUrl\":\"http:\/\/volcanes.net\/wp-content\/uploads\/2017\/12\/Avatar2.jpg\",\"width\":378,\"height\":378,\"caption\":\"Grupo Volcanes\"},\"image\":{\"@id\":\"https:\/\/volcanes.net\/#\/schema\/logo\/image\/\"},\"sameAs\":[\"https:\/\/www.facebook.com\/volcanes.net\/\"]},{\"@type\":\"Person\",\"@id\":\"https:\/\/volcanes.net\/#\/schema\/person\/4bf0f383940966a4abd53f5048c0e6b9\",\"name\":\"admin\",\"image\":{\"@type\":\"ImageObject\",\"inLanguage\":\"es\",\"@id\":\"https:\/\/volcanes.net\/#\/schema\/person\/image\/\",\"url\":\"https:\/\/secure.gravatar.com\/avatar\/ca004e6cba8462b8cb7abc86e382930c?s=96&d=mm&r=g\",\"contentUrl\":\"https:\/\/secure.gravatar.com\/avatar\/ca004e6cba8462b8cb7abc86e382930c?s=96&d=mm&r=g\",\"caption\":\"admin\"}}]}<\/script>\n<!-- \/ Yoast SEO plugin. -->","yoast_head_json":{"title":"Pens\u00f3 que la hab\u00eda matado y la tir\u00f3 al canal en Texcoco - Volcanes","robots":{"index":"index","follow":"follow","max-snippet":"max-snippet:-1","max-image-preview":"max-image-preview:large","max-video-preview":"max-video-preview:-1"},"canonical":"https:\/\/volcanes.net\/?p=1458","og_locale":"es_MX","og_type":"article","og_title":"Pens\u00f3 que la hab\u00eda matado y la tir\u00f3 al canal en Texcoco - Volcanes","og_description":"Toluca, M\u00e9xico, 23 de febrero de 2018.-\u00a0Agentes de Investigaci\u00f3n de la Fiscal\u00eda General de Justicia","og_url":"https:\/\/volcanes.net\/?p=1458","og_site_name":"Volcanes","article_publisher":"https:\/\/www.facebook.com\/volcanes.net\/","article_published_time":"2018-02-24T16:16:14+00:00","og_image":[{"width":273,"height":185,"url":"https:\/\/volcanes.net\/wp-content\/uploads\/2018\/01\/fgjemarchivo.jpg","type":"image\/jpeg"}],"author":"admin","twitter_card":"summary_large_image","twitter_misc":{"Escrito por":"admin","Tiempo de lectura":"2 minutos"},"schema":{"@context":"https:\/\/schema.org","@graph":[{"@type":"Article","@id":"https:\/\/volcanes.net\/?p=1458#article","isPartOf":{"@id":"https:\/\/volcanes.net\/?p=1458"},"author":{"name":"admin","@id":"https:\/\/volcanes.net\/#\/schema\/person\/4bf0f383940966a4abd53f5048c0e6b9"},"headline":"Pens\u00f3 que la hab\u00eda matado y la tir\u00f3 al canal en Texcoco","datePublished":"2018-02-24T16:16:14+00:00","mainEntityOfPage":{"@id":"https:\/\/volcanes.net\/?p=1458"},"wordCount":478,"commentCount":0,"publisher":{"@id":"https:\/\/volcanes.net\/#organization"},"image":{"@id":"https:\/\/volcanes.net\/?p=1458#primaryimage"},"thumbnailUrl":"https:\/\/volcanes.net\/wp-content\/uploads\/2018\/01\/fgjemarchivo.jpg","keywords":["FGJEM","Texcoco"],"articleSection":["Municipales"],"inLanguage":"es","potentialAction":[{"@type":"CommentAction","name":"Comment","target":["https:\/\/volcanes.net\/?p=1458#respond"]}]},{"@type":"WebPage","@id":"https:\/\/volcanes.net\/?p=1458","url":"https:\/\/volcanes.net\/?p=1458","name":"Pens\u00f3 que la hab\u00eda matado y la tir\u00f3 al canal en Texcoco - Volcanes","isPartOf":{"@id":"https:\/\/volcanes.net\/#website"},"primaryImageOfPage":{"@id":"https:\/\/volcanes.net\/?p=1458#primaryimage"},"image":{"@id":"https:\/\/volcanes.net\/?p=1458#primaryimage"},"thumbnailUrl":"https:\/\/volcanes.net\/wp-content\/uploads\/2018\/01\/fgjemarchivo.jpg","datePublished":"2018-02-24T16:16:14+00:00","breadcrumb":{"@id":"https:\/\/volcanes.net\/?p=1458#breadcrumb"},"inLanguage":"es","potentialAction":[{"@type":"ReadAction","target":["https:\/\/volcanes.net\/?p=1458"]}]},{"@type":"ImageObject","inLanguage":"es","@id":"https:\/\/volcanes.net\/?p=1458#primaryimage","url":"https:\/\/volcanes.net\/wp-content\/uploads\/2018\/01\/fgjemarchivo.jpg","contentUrl":"https:\/\/volcanes.net\/wp-content\/uploads\/2018\/01\/fgjemarchivo.jpg","width":273,"height":185},{"@type":"BreadcrumbList","@id":"https:\/\/volcanes.net\/?p=1458#breadcrumb","itemListElement":[{"@type":"ListItem","position":1,"name":"Portada","item":"https:\/\/volcanes.net\/"},{"@type":"ListItem","position":2,"name":"Pens\u00f3 que la hab\u00eda matado y la tir\u00f3 al canal en Texcoco"}]},{"@type":"WebSite","@id":"https:\/\/volcanes.net\/#website","url":"https:\/\/volcanes.net\/","name":"Volcanes.Net","description":"Periodismo Profesional","publisher":{"@id":"https:\/\/volcanes.net\/#organization"},"potentialAction":[{"@type":"SearchAction","target":{"@type":"EntryPoint","urlTemplate":"https:\/\/volcanes.net\/?s={search_term_string}"},"query-input":{"@type":"PropertyValueSpecification","valueRequired":true,"valueName":"search_term_string"}}],"inLanguage":"es"},{"@type":"Organization","@id":"https:\/\/volcanes.net\/#organization","name":"Grupo Volcanes","url":"https:\/\/volcanes.net\/","logo":{"@type":"ImageObject","inLanguage":"es","@id":"https:\/\/volcanes.net\/#\/schema\/logo\/image\/","url":"http:\/\/volcanes.net\/wp-content\/uploads\/2017\/12\/Avatar2.jpg","contentUrl":"http:\/\/volcanes.net\/wp-content\/uploads\/2017\/12\/Avatar2.jpg","width":378,"height":378,"caption":"Grupo Volcanes"},"image":{"@id":"https:\/\/volcanes.net\/#\/schema\/logo\/image\/"},"sameAs":["https:\/\/www.facebook.com\/volcanes.net\/"]},{"@type":"Person","@id":"https:\/\/volcanes.net\/#\/schema\/person\/4bf0f383940966a4abd53f5048c0e6b9","name":"admin","image":{"@type":"ImageObject","inLanguage":"es","@id":"https:\/\/volcanes.net\/#\/schema\/person\/image\/","url":"https:\/\/secure.gravatar.com\/avatar\/ca004e6cba8462b8cb7abc86e382930c?s=96&d=mm&r=g","contentUrl":"https:\/\/secure.gravatar.com\/avatar\/ca004e6cba8462b8cb7abc86e382930c?s=96&d=mm&r=g","caption":"admin"}}]}},"_links":{"self":[{"href":"https:\/\/volcanes.net\/index.php?rest_route=\/wp\/v2\/posts\/1458"}],"collection":[{"href":"https:\/\/volcanes.net\/index.php?rest_route=\/wp\/v2\/posts"}],"about":[{"href":"https:\/\/volcanes.net\/index.php?rest_route=\/wp\/v2\/types\/post"}],"author":[{"embeddable":true,"href":"https:\/\/volcanes.net\/index.php?rest_route=\/wp\/v2\/users\/1"}],"replies":[{"embeddable":true,"href":"https:\/\/volcanes.net\/index.php?rest_route=%2Fwp%2Fv2%2Fcomments&post=1458"}],"version-history":[{"count":1,"href":"https:\/\/volcanes.net\/index.php?rest_route=\/wp\/v2\/posts\/1458\/revisions"}],"predecessor-version":[{"id":1459,"href":"https:\/\/volcanes.net\/index.php?rest_route=\/wp\/v2\/posts\/1458\/revisions\/1459"}],"wp:featuredmedia":[{"embeddable":true,"href":"https:\/\/volcanes.net\/index.php?rest_route=\/wp\/v2\/media\/266"}],"wp:attachment":[{"href":"https:\/\/volcanes.net\/index.php?rest_route=%2Fwp%2Fv2%2Fmedia&parent=1458"}],"wp:term":[{"taxonomy":"category","embeddable":true,"href":"https:\/\/volcanes.net\/index.php?rest_route=%2Fwp%2Fv2%2Fcategories&post=1458"},{"taxonomy":"post_tag","embeddable":true,"href":"https:\/\/volcanes.net\/index.php?rest_route=%2Fwp%2Fv2%2Ftags&post=1458"}],"curies":[{"name":"wp","href":"https:\/\/api.w.org\/{rel}","templated":true}]}}