{"id":1504,"date":"2018-02-25T06:07:16","date_gmt":"2018-02-25T06:07:16","guid":{"rendered":"http:\/\/volcanes.net\/?p=1504"},"modified":"2018-02-25T06:07:16","modified_gmt":"2018-02-25T06:07:16","slug":"la-orquesta-sinfonica-del-estado-de-mexico-ofrece-el-primer-concierto-de-la-temporada","status":"publish","type":"post","link":"https:\/\/volcanes.net\/?p=1504","title":{"rendered":"La Orquesta Sinf\u00f3nica del Estado de M\u00e9xico ofrece el primer concierto de la temporada"},"content":{"rendered":"<div style=\"margin-top: 0px; margin-bottom: 0px;\" class=\"sharethis-inline-share-buttons\" ><\/div><div dir=\"auto\">Toluca, Estado de M\u00e9xico, 24 de febrero de 2018. Con la espectacular interpretaci\u00f3n de la cantata \u201cCarmina Burana\u201d, inici\u00f3 la 138 Temporada de Conciertos de la Orquesta Sinf\u00f3nica del Estado de M\u00e9xico (OSEM), recital en el que, por primera vez, esta agrupaci\u00f3n es dirigida por el Mtro. Rodrigo Mac\u00edas.<\/div>\n<div dir=\"auto\"><\/div>\n<div dir=\"auto\">La agrupaci\u00f3n musical m\u00e1s importante del estado y una de las cinco mejores del pa\u00eds, mostr\u00f3 una inigualable pasi\u00f3n en la ejecuci\u00f3n que inund\u00f3 de emotividad la Sala \u201cFelipe Villanueva\u201d, en la capital mexiquense.<\/div>\n<div dir=\"auto\"><\/div>\n<div dir=\"auto\">Esta nueva etapa en la escena musical mexiquense comenz\u00f3 con una conferencia de prensa que ofreci\u00f3 el nuevo Director general de la OSEM, Rodrigo Mac\u00edas Gonz\u00e1lez, en lo que calific\u00f3 como el m\u00e1s grande reto de su carrera musical hasta el momento.<\/div>\n<div dir=\"auto\"><\/div>\n<div dir=\"auto\">Dijo sentirse orgulloso de dirigir a una gran orquesta, pero sobre todo un grupo humano.<\/div>\n<div dir=\"auto\"><\/div>\n<div dir=\"auto\">Nacido en Texcoco en 1977, Rodrigo Mac\u00edas comparti\u00f3 algunas de las acciones que se implementar\u00e1n en esta nueva era de la OSEM, entre ellas la promoci\u00f3n y difusi\u00f3n en las redes sociales facebook, instagram y twitter, a trav\u00e9s de las cuentas @OSEMoficial, en las que se podr\u00e1 conocer m\u00e1s sobre sus integrantes y pr\u00f3ximas presentaciones.<\/div>\n<div dir=\"auto\"><\/div>\n<div dir=\"auto\">Tambi\u00e9n, y para incentivar el acercamiento con el p\u00fablico, se han programado conversatorios previos al inicio de los conciertos, donde el p\u00fablico podr\u00e1 preguntar de manera directa alguna duda a m\u00fasicos, compositores, directores, invitados y solistas.<\/div>\n","protected":false},"excerpt":{"rendered":"<p>Toluca, Estado de M\u00e9xico, 24 de febrero de 2018. Con la espectacular interpretaci\u00f3n de la<\/p>\n","protected":false},"author":1,"featured_media":1505,"comment_status":"open","ping_status":"open","sticky":false,"template":"","format":"standard","meta":{"footnotes":""},"categories":[1],"tags":[136],"class_list":["post-1504","post","type-post","status-publish","format-standard","has-post-thumbnail","hentry","category-municipales","tag-osem"],"yoast_head":"<!-- This site is optimized with the Yoast SEO plugin v25.3 - https:\/\/yoast.com\/wordpress\/plugins\/seo\/ -->\n<title>La Orquesta Sinf\u00f3nica del Estado de M\u00e9xico ofrece el primer concierto de la temporada - Volcanes<\/title>\n<meta name=\"robots\" content=\"index, follow, max-snippet:-1, max-image-preview:large, max-video-preview:-1\" \/>\n<link rel=\"canonical\" href=\"https:\/\/volcanes.net\/?p=1504\" \/>\n<meta property=\"og:locale\" content=\"es_MX\" \/>\n<meta property=\"og:type\" content=\"article\" \/>\n<meta property=\"og:title\" content=\"La Orquesta Sinf\u00f3nica del Estado de M\u00e9xico ofrece el primer concierto de la temporada - Volcanes\" \/>\n<meta property=\"og:description\" content=\"Toluca, Estado de M\u00e9xico, 24 de febrero de 2018. Con la espectacular interpretaci\u00f3n de la\" \/>\n<meta property=\"og:url\" content=\"https:\/\/volcanes.net\/?p=1504\" \/>\n<meta property=\"og:site_name\" content=\"Volcanes\" \/>\n<meta property=\"article:publisher\" content=\"https:\/\/www.facebook.com\/volcanes.net\/\" \/>\n<meta property=\"article:published_time\" content=\"2018-02-25T06:07:16+00:00\" \/>\n<meta property=\"og:image\" content=\"https:\/\/volcanes.net\/wp-content\/uploads\/2018\/02\/IMG-20180224-WA0001-680x454.jpg\" \/>\n\t<meta property=\"og:image:width\" content=\"680\" \/>\n\t<meta property=\"og:image:height\" content=\"454\" \/>\n\t<meta property=\"og:image:type\" content=\"image\/jpeg\" \/>\n<meta name=\"author\" content=\"admin\" \/>\n<meta name=\"twitter:card\" content=\"summary_large_image\" \/>\n<meta name=\"twitter:label1\" content=\"Escrito por\" \/>\n\t<meta name=\"twitter:data1\" content=\"admin\" \/>\n\t<meta name=\"twitter:label2\" content=\"Tiempo de lectura\" \/>\n\t<meta name=\"twitter:data2\" content=\"1 minuto\" \/>\n<script type=\"application\/ld+json\" class=\"yoast-schema-graph\">{\"@context\":\"https:\/\/schema.org\",\"@graph\":[{\"@type\":\"Article\",\"@id\":\"https:\/\/volcanes.net\/?p=1504#article\",\"isPartOf\":{\"@id\":\"https:\/\/volcanes.net\/?p=1504\"},\"author\":{\"name\":\"admin\",\"@id\":\"https:\/\/volcanes.net\/#\/schema\/person\/4bf0f383940966a4abd53f5048c0e6b9\"},\"headline\":\"La Orquesta Sinf\u00f3nica del Estado de M\u00e9xico ofrece el primer concierto de la temporada\",\"datePublished\":\"2018-02-25T06:07:16+00:00\",\"mainEntityOfPage\":{\"@id\":\"https:\/\/volcanes.net\/?p=1504\"},\"wordCount\":268,\"commentCount\":0,\"publisher\":{\"@id\":\"https:\/\/volcanes.net\/#organization\"},\"image\":{\"@id\":\"https:\/\/volcanes.net\/?p=1504#primaryimage\"},\"thumbnailUrl\":\"https:\/\/volcanes.net\/wp-content\/uploads\/2018\/02\/IMG-20180224-WA0001-680x454.jpg\",\"keywords\":[\"OSEM\"],\"articleSection\":[\"Municipales\"],\"inLanguage\":\"es\",\"potentialAction\":[{\"@type\":\"CommentAction\",\"name\":\"Comment\",\"target\":[\"https:\/\/volcanes.net\/?p=1504#respond\"]}]},{\"@type\":\"WebPage\",\"@id\":\"https:\/\/volcanes.net\/?p=1504\",\"url\":\"https:\/\/volcanes.net\/?p=1504\",\"name\":\"La Orquesta Sinf\u00f3nica del Estado de M\u00e9xico ofrece el primer concierto de la temporada - Volcanes\",\"isPartOf\":{\"@id\":\"https:\/\/volcanes.net\/#website\"},\"primaryImageOfPage\":{\"@id\":\"https:\/\/volcanes.net\/?p=1504#primaryimage\"},\"image\":{\"@id\":\"https:\/\/volcanes.net\/?p=1504#primaryimage\"},\"thumbnailUrl\":\"https:\/\/volcanes.net\/wp-content\/uploads\/2018\/02\/IMG-20180224-WA0001-680x454.jpg\",\"datePublished\":\"2018-02-25T06:07:16+00:00\",\"breadcrumb\":{\"@id\":\"https:\/\/volcanes.net\/?p=1504#breadcrumb\"},\"inLanguage\":\"es\",\"potentialAction\":[{\"@type\":\"ReadAction\",\"target\":[\"https:\/\/volcanes.net\/?p=1504\"]}]},{\"@type\":\"ImageObject\",\"inLanguage\":\"es\",\"@id\":\"https:\/\/volcanes.net\/?p=1504#primaryimage\",\"url\":\"https:\/\/volcanes.net\/wp-content\/uploads\/2018\/02\/IMG-20180224-WA0001-680x454.jpg\",\"contentUrl\":\"https:\/\/volcanes.net\/wp-content\/uploads\/2018\/02\/IMG-20180224-WA0001-680x454.jpg\",\"width\":680,\"height\":454},{\"@type\":\"BreadcrumbList\",\"@id\":\"https:\/\/volcanes.net\/?p=1504#breadcrumb\",\"itemListElement\":[{\"@type\":\"ListItem\",\"position\":1,\"name\":\"Portada\",\"item\":\"https:\/\/volcanes.net\/\"},{\"@type\":\"ListItem\",\"position\":2,\"name\":\"La Orquesta Sinf\u00f3nica del Estado de M\u00e9xico ofrece el primer concierto de la temporada\"}]},{\"@type\":\"WebSite\",\"@id\":\"https:\/\/volcanes.net\/#website\",\"url\":\"https:\/\/volcanes.net\/\",\"name\":\"Volcanes.Net\",\"description\":\"Periodismo Profesional\",\"publisher\":{\"@id\":\"https:\/\/volcanes.net\/#organization\"},\"potentialAction\":[{\"@type\":\"SearchAction\",\"target\":{\"@type\":\"EntryPoint\",\"urlTemplate\":\"https:\/\/volcanes.net\/?s={search_term_string}\"},\"query-input\":{\"@type\":\"PropertyValueSpecification\",\"valueRequired\":true,\"valueName\":\"search_term_string\"}}],\"inLanguage\":\"es\"},{\"@type\":\"Organization\",\"@id\":\"https:\/\/volcanes.net\/#organization\",\"name\":\"Grupo Volcanes\",\"url\":\"https:\/\/volcanes.net\/\",\"logo\":{\"@type\":\"ImageObject\",\"inLanguage\":\"es\",\"@id\":\"https:\/\/volcanes.net\/#\/schema\/logo\/image\/\",\"url\":\"http:\/\/volcanes.net\/wp-content\/uploads\/2017\/12\/Avatar2.jpg\",\"contentUrl\":\"http:\/\/volcanes.net\/wp-content\/uploads\/2017\/12\/Avatar2.jpg\",\"width\":378,\"height\":378,\"caption\":\"Grupo Volcanes\"},\"image\":{\"@id\":\"https:\/\/volcanes.net\/#\/schema\/logo\/image\/\"},\"sameAs\":[\"https:\/\/www.facebook.com\/volcanes.net\/\"]},{\"@type\":\"Person\",\"@id\":\"https:\/\/volcanes.net\/#\/schema\/person\/4bf0f383940966a4abd53f5048c0e6b9\",\"name\":\"admin\",\"image\":{\"@type\":\"ImageObject\",\"inLanguage\":\"es\",\"@id\":\"https:\/\/volcanes.net\/#\/schema\/person\/image\/\",\"url\":\"https:\/\/secure.gravatar.com\/avatar\/ca004e6cba8462b8cb7abc86e382930c?s=96&d=mm&r=g\",\"contentUrl\":\"https:\/\/secure.gravatar.com\/avatar\/ca004e6cba8462b8cb7abc86e382930c?s=96&d=mm&r=g\",\"caption\":\"admin\"}}]}<\/script>\n<!-- \/ Yoast SEO plugin. -->","yoast_head_json":{"title":"La Orquesta Sinf\u00f3nica del Estado de M\u00e9xico ofrece el primer concierto de la temporada - Volcanes","robots":{"index":"index","follow":"follow","max-snippet":"max-snippet:-1","max-image-preview":"max-image-preview:large","max-video-preview":"max-video-preview:-1"},"canonical":"https:\/\/volcanes.net\/?p=1504","og_locale":"es_MX","og_type":"article","og_title":"La Orquesta Sinf\u00f3nica del Estado de M\u00e9xico ofrece el primer concierto de la temporada - Volcanes","og_description":"Toluca, Estado de M\u00e9xico, 24 de febrero de 2018. Con la espectacular interpretaci\u00f3n de la","og_url":"https:\/\/volcanes.net\/?p=1504","og_site_name":"Volcanes","article_publisher":"https:\/\/www.facebook.com\/volcanes.net\/","article_published_time":"2018-02-25T06:07:16+00:00","og_image":[{"width":680,"height":454,"url":"https:\/\/volcanes.net\/wp-content\/uploads\/2018\/02\/IMG-20180224-WA0001-680x454.jpg","type":"image\/jpeg"}],"author":"admin","twitter_card":"summary_large_image","twitter_misc":{"Escrito por":"admin","Tiempo de lectura":"1 minuto"},"schema":{"@context":"https:\/\/schema.org","@graph":[{"@type":"Article","@id":"https:\/\/volcanes.net\/?p=1504#article","isPartOf":{"@id":"https:\/\/volcanes.net\/?p=1504"},"author":{"name":"admin","@id":"https:\/\/volcanes.net\/#\/schema\/person\/4bf0f383940966a4abd53f5048c0e6b9"},"headline":"La Orquesta Sinf\u00f3nica del Estado de M\u00e9xico ofrece el primer concierto de la temporada","datePublished":"2018-02-25T06:07:16+00:00","mainEntityOfPage":{"@id":"https:\/\/volcanes.net\/?p=1504"},"wordCount":268,"commentCount":0,"publisher":{"@id":"https:\/\/volcanes.net\/#organization"},"image":{"@id":"https:\/\/volcanes.net\/?p=1504#primaryimage"},"thumbnailUrl":"https:\/\/volcanes.net\/wp-content\/uploads\/2018\/02\/IMG-20180224-WA0001-680x454.jpg","keywords":["OSEM"],"articleSection":["Municipales"],"inLanguage":"es","potentialAction":[{"@type":"CommentAction","name":"Comment","target":["https:\/\/volcanes.net\/?p=1504#respond"]}]},{"@type":"WebPage","@id":"https:\/\/volcanes.net\/?p=1504","url":"https:\/\/volcanes.net\/?p=1504","name":"La Orquesta Sinf\u00f3nica del Estado de M\u00e9xico ofrece el primer concierto de la temporada - Volcanes","isPartOf":{"@id":"https:\/\/volcanes.net\/#website"},"primaryImageOfPage":{"@id":"https:\/\/volcanes.net\/?p=1504#primaryimage"},"image":{"@id":"https:\/\/volcanes.net\/?p=1504#primaryimage"},"thumbnailUrl":"https:\/\/volcanes.net\/wp-content\/uploads\/2018\/02\/IMG-20180224-WA0001-680x454.jpg","datePublished":"2018-02-25T06:07:16+00:00","breadcrumb":{"@id":"https:\/\/volcanes.net\/?p=1504#breadcrumb"},"inLanguage":"es","potentialAction":[{"@type":"ReadAction","target":["https:\/\/volcanes.net\/?p=1504"]}]},{"@type":"ImageObject","inLanguage":"es","@id":"https:\/\/volcanes.net\/?p=1504#primaryimage","url":"https:\/\/volcanes.net\/wp-content\/uploads\/2018\/02\/IMG-20180224-WA0001-680x454.jpg","contentUrl":"https:\/\/volcanes.net\/wp-content\/uploads\/2018\/02\/IMG-20180224-WA0001-680x454.jpg","width":680,"height":454},{"@type":"BreadcrumbList","@id":"https:\/\/volcanes.net\/?p=1504#breadcrumb","itemListElement":[{"@type":"ListItem","position":1,"name":"Portada","item":"https:\/\/volcanes.net\/"},{"@type":"ListItem","position":2,"name":"La Orquesta Sinf\u00f3nica del Estado de M\u00e9xico ofrece el primer concierto de la temporada"}]},{"@type":"WebSite","@id":"https:\/\/volcanes.net\/#website","url":"https:\/\/volcanes.net\/","name":"Volcanes.Net","description":"Periodismo Profesional","publisher":{"@id":"https:\/\/volcanes.net\/#organization"},"potentialAction":[{"@type":"SearchAction","target":{"@type":"EntryPoint","urlTemplate":"https:\/\/volcanes.net\/?s={search_term_string}"},"query-input":{"@type":"PropertyValueSpecification","valueRequired":true,"valueName":"search_term_string"}}],"inLanguage":"es"},{"@type":"Organization","@id":"https:\/\/volcanes.net\/#organization","name":"Grupo Volcanes","url":"https:\/\/volcanes.net\/","logo":{"@type":"ImageObject","inLanguage":"es","@id":"https:\/\/volcanes.net\/#\/schema\/logo\/image\/","url":"http:\/\/volcanes.net\/wp-content\/uploads\/2017\/12\/Avatar2.jpg","contentUrl":"http:\/\/volcanes.net\/wp-content\/uploads\/2017\/12\/Avatar2.jpg","width":378,"height":378,"caption":"Grupo Volcanes"},"image":{"@id":"https:\/\/volcanes.net\/#\/schema\/logo\/image\/"},"sameAs":["https:\/\/www.facebook.com\/volcanes.net\/"]},{"@type":"Person","@id":"https:\/\/volcanes.net\/#\/schema\/person\/4bf0f383940966a4abd53f5048c0e6b9","name":"admin","image":{"@type":"ImageObject","inLanguage":"es","@id":"https:\/\/volcanes.net\/#\/schema\/person\/image\/","url":"https:\/\/secure.gravatar.com\/avatar\/ca004e6cba8462b8cb7abc86e382930c?s=96&d=mm&r=g","contentUrl":"https:\/\/secure.gravatar.com\/avatar\/ca004e6cba8462b8cb7abc86e382930c?s=96&d=mm&r=g","caption":"admin"}}]}},"_links":{"self":[{"href":"https:\/\/volcanes.net\/index.php?rest_route=\/wp\/v2\/posts\/1504"}],"collection":[{"href":"https:\/\/volcanes.net\/index.php?rest_route=\/wp\/v2\/posts"}],"about":[{"href":"https:\/\/volcanes.net\/index.php?rest_route=\/wp\/v2\/types\/post"}],"author":[{"embeddable":true,"href":"https:\/\/volcanes.net\/index.php?rest_route=\/wp\/v2\/users\/1"}],"replies":[{"embeddable":true,"href":"https:\/\/volcanes.net\/index.php?rest_route=%2Fwp%2Fv2%2Fcomments&post=1504"}],"version-history":[{"count":1,"href":"https:\/\/volcanes.net\/index.php?rest_route=\/wp\/v2\/posts\/1504\/revisions"}],"predecessor-version":[{"id":1506,"href":"https:\/\/volcanes.net\/index.php?rest_route=\/wp\/v2\/posts\/1504\/revisions\/1506"}],"wp:featuredmedia":[{"embeddable":true,"href":"https:\/\/volcanes.net\/index.php?rest_route=\/wp\/v2\/media\/1505"}],"wp:attachment":[{"href":"https:\/\/volcanes.net\/index.php?rest_route=%2Fwp%2Fv2%2Fmedia&parent=1504"}],"wp:term":[{"taxonomy":"category","embeddable":true,"href":"https:\/\/volcanes.net\/index.php?rest_route=%2Fwp%2Fv2%2Fcategories&post=1504"},{"taxonomy":"post_tag","embeddable":true,"href":"https:\/\/volcanes.net\/index.php?rest_route=%2Fwp%2Fv2%2Ftags&post=1504"}],"curies":[{"name":"wp","href":"https:\/\/api.w.org\/{rel}","templated":true}]}}