{"id":151,"date":"2017-09-13T11:58:51","date_gmt":"2017-09-13T11:58:51","guid":{"rendered":"http:\/\/volcanes.net\/?p=151"},"modified":"2017-09-13T11:58:51","modified_gmt":"2017-09-13T11:58:51","slug":"enrique-pena-destaca-el-trabajo-de-eruviel-avila-por-logros-en-educacion-y-salud","status":"publish","type":"post","link":"https:\/\/volcanes.net\/?p=151","title":{"rendered":"Enrique Pe\u00f1a destaca el trabajo de Eruviel \u00c1vila por logros en educaci\u00f3n y salud"},"content":{"rendered":"<div style=\"margin-top: 0px; margin-bottom: 0px;\" class=\"sharethis-inline-share-buttons\" ><\/div><p>El presidente de la Rep\u00fablica Enrique Pe\u00f1a reconoci\u00f3 y felicit\u00f3 al gobernador\u00a0<strong>Eruviel\u00a0<\/strong>\u00c1vila por el destacado trabajo que realiz\u00f3 durante 6 a\u00f1os en el\u00a0<strong>Estado de M\u00e9xico<\/strong>,\u00a0\u00a0que es la entidad m\u00e1s poblada del pa\u00eds, misma que enfrenta diversos retos y desaf\u00edos; adem\u00e1s lo calific\u00f3 como un gobernante entregado al servicio de los mexiquenses.<\/p>\n<p>Al hacer entrega de la modernizaci\u00f3n de la carretera Ixtlahuaca-Jiltepec y el Distribuidor Alfredo del Mazo en Toluca, Enrique Pe\u00f1a resalt\u00f3 el\u00a0<strong>6\u00b0 Informe de Resultados del Eruviel \u00c1vil<\/strong>a, donde rindi\u00f3 cuentas e\u00a0<strong>inform\u00f3<\/strong>\u00a0sobre los grandes logros como el incremento del 30 por ciento en la cobertura de educaci\u00f3n superior, la construcci\u00f3n de 29 nuevas universidades, adem\u00e1s de ampliar la infraestructura en salud y reducir la mortandad materna e infantil, por encima incluso, de la media nacional.<\/p>\n<p>Por su parte, Eruviel \u00c1vila afirm\u00f3 que las obras que hoy benefician a los mexiquenses se lograron gracias al respaldo del gobierno federal y del presidente de la Rep\u00fablica, quien conoce de las principales necesidades del Estado de M\u00e9xico. Tambi\u00e9n reconoci\u00f3 a Enrique Pe\u00f1a por su\u00a0<strong>5\u00ba Informe de Gobierno<\/strong>, en el que se destac\u00f3 los 2 millones de personas que dejaron de vivir en pobreza extrema, de los cuales 284 mil corresponden a la entidad; la generaci\u00f3n de casi 3 millones de empleos, rubro en el que el estado contribuy\u00f3 con m\u00e1s de 360 mil nuevas plazas laborales.<\/p>\n<p>En tanto, Gerardo Ruiz, secretario de Comunicaciones y Transportes, detall\u00f3 que la primera etapa de la carretera Ixtlahuaca- Jilotepec beneficiar\u00e1 a m\u00e1s de 900 mil habitantes de la regi\u00f3n, al fortalecer la actividad econ\u00f3mica, comercial, agr\u00edcola y ganadera de la regi\u00f3n y modernizar la infraestructura carretera para incrementar la conectividad,\u00a0\u00a0adem\u00e1s de reducir los tiempos de traslado. Mientras que, el Distribuidor Vial Alfredo del Mazo-Avenida Jos\u00e9 L\u00f3pez Portillo, en Toluca, incluye 6 estructuras, 3 de ellas a un tercer nivel y las otras en un segundo nivel, que da continuidad a 12 movimientos direccionales, y que adem\u00e1s beneficia a los m\u00e1s de 700 habitantes de Toluca y Metepec, as\u00ed como a m\u00e1s de 120 mil veh\u00edculos que transitan diariamente.<\/p>\n","protected":false},"excerpt":{"rendered":"<p>El presidente de la Rep\u00fablica Enrique Pe\u00f1a reconoci\u00f3 y felicit\u00f3 al gobernador\u00a0Eruviel\u00a0\u00c1vila por el destacado<\/p>\n","protected":false},"author":1,"featured_media":152,"comment_status":"open","ping_status":"open","sticky":false,"template":"","format":"standard","meta":{"footnotes":""},"categories":[3],"tags":[4],"class_list":["post-151","post","type-post","status-publish","format-standard","has-post-thumbnail","hentry","category-estatales","tag-gobierno-del-estado-de-mexico"],"yoast_head":"<!-- This site is optimized with the Yoast SEO plugin v25.3 - https:\/\/yoast.com\/wordpress\/plugins\/seo\/ -->\n<title>Enrique Pe\u00f1a destaca el trabajo de Eruviel \u00c1vila por logros en educaci\u00f3n y salud - Volcanes<\/title>\n<meta name=\"robots\" content=\"index, follow, max-snippet:-1, max-image-preview:large, max-video-preview:-1\" \/>\n<link rel=\"canonical\" href=\"https:\/\/volcanes.net\/?p=151\" \/>\n<meta property=\"og:locale\" content=\"es_MX\" \/>\n<meta property=\"og:type\" content=\"article\" \/>\n<meta property=\"og:title\" content=\"Enrique Pe\u00f1a destaca el trabajo de Eruviel \u00c1vila por logros en educaci\u00f3n y salud - Volcanes\" \/>\n<meta property=\"og:description\" content=\"El presidente de la Rep\u00fablica Enrique Pe\u00f1a reconoci\u00f3 y felicit\u00f3 al gobernador\u00a0Eruviel\u00a0\u00c1vila por el destacado\" \/>\n<meta property=\"og:url\" content=\"https:\/\/volcanes.net\/?p=151\" \/>\n<meta property=\"og:site_name\" content=\"Volcanes\" \/>\n<meta property=\"article:publisher\" content=\"https:\/\/www.facebook.com\/volcanes.net\/\" \/>\n<meta property=\"article:published_time\" content=\"2017-09-13T11:58:51+00:00\" \/>\n<meta property=\"og:image\" content=\"https:\/\/volcanes.net\/wp-content\/uploads\/2017\/09\/eruviel-avila-carretera-jilotepec-e-ixtlahuaca-07.jpg\" \/>\n\t<meta property=\"og:image:width\" content=\"680\" \/>\n\t<meta property=\"og:image:height\" content=\"453\" \/>\n\t<meta property=\"og:image:type\" content=\"image\/jpeg\" \/>\n<meta name=\"author\" content=\"admin\" \/>\n<meta name=\"twitter:card\" content=\"summary_large_image\" \/>\n<meta name=\"twitter:label1\" content=\"Escrito por\" \/>\n\t<meta name=\"twitter:data1\" content=\"admin\" \/>\n\t<meta name=\"twitter:label2\" content=\"Tiempo de lectura\" \/>\n\t<meta name=\"twitter:data2\" content=\"2 minutos\" \/>\n<script type=\"application\/ld+json\" class=\"yoast-schema-graph\">{\"@context\":\"https:\/\/schema.org\",\"@graph\":[{\"@type\":\"Article\",\"@id\":\"https:\/\/volcanes.net\/?p=151#article\",\"isPartOf\":{\"@id\":\"https:\/\/volcanes.net\/?p=151\"},\"author\":{\"name\":\"admin\",\"@id\":\"https:\/\/volcanes.net\/#\/schema\/person\/4bf0f383940966a4abd53f5048c0e6b9\"},\"headline\":\"Enrique Pe\u00f1a destaca el trabajo de Eruviel \u00c1vila por logros en educaci\u00f3n y salud\",\"datePublished\":\"2017-09-13T11:58:51+00:00\",\"mainEntityOfPage\":{\"@id\":\"https:\/\/volcanes.net\/?p=151\"},\"wordCount\":382,\"commentCount\":0,\"publisher\":{\"@id\":\"https:\/\/volcanes.net\/#organization\"},\"image\":{\"@id\":\"https:\/\/volcanes.net\/?p=151#primaryimage\"},\"thumbnailUrl\":\"https:\/\/volcanes.net\/wp-content\/uploads\/2017\/09\/eruviel-avila-carretera-jilotepec-e-ixtlahuaca-07.jpg\",\"keywords\":[\"Gobierno del Estado de M\u00e9xico\"],\"articleSection\":[\"Estatales\"],\"inLanguage\":\"es\",\"potentialAction\":[{\"@type\":\"CommentAction\",\"name\":\"Comment\",\"target\":[\"https:\/\/volcanes.net\/?p=151#respond\"]}]},{\"@type\":\"WebPage\",\"@id\":\"https:\/\/volcanes.net\/?p=151\",\"url\":\"https:\/\/volcanes.net\/?p=151\",\"name\":\"Enrique Pe\u00f1a destaca el trabajo de Eruviel \u00c1vila por logros en educaci\u00f3n y salud - Volcanes\",\"isPartOf\":{\"@id\":\"https:\/\/volcanes.net\/#website\"},\"primaryImageOfPage\":{\"@id\":\"https:\/\/volcanes.net\/?p=151#primaryimage\"},\"image\":{\"@id\":\"https:\/\/volcanes.net\/?p=151#primaryimage\"},\"thumbnailUrl\":\"https:\/\/volcanes.net\/wp-content\/uploads\/2017\/09\/eruviel-avila-carretera-jilotepec-e-ixtlahuaca-07.jpg\",\"datePublished\":\"2017-09-13T11:58:51+00:00\",\"breadcrumb\":{\"@id\":\"https:\/\/volcanes.net\/?p=151#breadcrumb\"},\"inLanguage\":\"es\",\"potentialAction\":[{\"@type\":\"ReadAction\",\"target\":[\"https:\/\/volcanes.net\/?p=151\"]}]},{\"@type\":\"ImageObject\",\"inLanguage\":\"es\",\"@id\":\"https:\/\/volcanes.net\/?p=151#primaryimage\",\"url\":\"https:\/\/volcanes.net\/wp-content\/uploads\/2017\/09\/eruviel-avila-carretera-jilotepec-e-ixtlahuaca-07.jpg\",\"contentUrl\":\"https:\/\/volcanes.net\/wp-content\/uploads\/2017\/09\/eruviel-avila-carretera-jilotepec-e-ixtlahuaca-07.jpg\",\"width\":680,\"height\":453},{\"@type\":\"BreadcrumbList\",\"@id\":\"https:\/\/volcanes.net\/?p=151#breadcrumb\",\"itemListElement\":[{\"@type\":\"ListItem\",\"position\":1,\"name\":\"Portada\",\"item\":\"https:\/\/volcanes.net\/\"},{\"@type\":\"ListItem\",\"position\":2,\"name\":\"Enrique Pe\u00f1a destaca el trabajo de Eruviel \u00c1vila por logros en educaci\u00f3n y salud\"}]},{\"@type\":\"WebSite\",\"@id\":\"https:\/\/volcanes.net\/#website\",\"url\":\"https:\/\/volcanes.net\/\",\"name\":\"Volcanes.Net\",\"description\":\"Periodismo Profesional\",\"publisher\":{\"@id\":\"https:\/\/volcanes.net\/#organization\"},\"potentialAction\":[{\"@type\":\"SearchAction\",\"target\":{\"@type\":\"EntryPoint\",\"urlTemplate\":\"https:\/\/volcanes.net\/?s={search_term_string}\"},\"query-input\":{\"@type\":\"PropertyValueSpecification\",\"valueRequired\":true,\"valueName\":\"search_term_string\"}}],\"inLanguage\":\"es\"},{\"@type\":\"Organization\",\"@id\":\"https:\/\/volcanes.net\/#organization\",\"name\":\"Grupo Volcanes\",\"url\":\"https:\/\/volcanes.net\/\",\"logo\":{\"@type\":\"ImageObject\",\"inLanguage\":\"es\",\"@id\":\"https:\/\/volcanes.net\/#\/schema\/logo\/image\/\",\"url\":\"http:\/\/volcanes.net\/wp-content\/uploads\/2017\/12\/Avatar2.jpg\",\"contentUrl\":\"http:\/\/volcanes.net\/wp-content\/uploads\/2017\/12\/Avatar2.jpg\",\"width\":378,\"height\":378,\"caption\":\"Grupo Volcanes\"},\"image\":{\"@id\":\"https:\/\/volcanes.net\/#\/schema\/logo\/image\/\"},\"sameAs\":[\"https:\/\/www.facebook.com\/volcanes.net\/\"]},{\"@type\":\"Person\",\"@id\":\"https:\/\/volcanes.net\/#\/schema\/person\/4bf0f383940966a4abd53f5048c0e6b9\",\"name\":\"admin\",\"image\":{\"@type\":\"ImageObject\",\"inLanguage\":\"es\",\"@id\":\"https:\/\/volcanes.net\/#\/schema\/person\/image\/\",\"url\":\"https:\/\/secure.gravatar.com\/avatar\/ca004e6cba8462b8cb7abc86e382930c?s=96&d=mm&r=g\",\"contentUrl\":\"https:\/\/secure.gravatar.com\/avatar\/ca004e6cba8462b8cb7abc86e382930c?s=96&d=mm&r=g\",\"caption\":\"admin\"}}]}<\/script>\n<!-- \/ Yoast SEO plugin. -->","yoast_head_json":{"title":"Enrique Pe\u00f1a destaca el trabajo de Eruviel \u00c1vila por logros en educaci\u00f3n y salud - Volcanes","robots":{"index":"index","follow":"follow","max-snippet":"max-snippet:-1","max-image-preview":"max-image-preview:large","max-video-preview":"max-video-preview:-1"},"canonical":"https:\/\/volcanes.net\/?p=151","og_locale":"es_MX","og_type":"article","og_title":"Enrique Pe\u00f1a destaca el trabajo de Eruviel \u00c1vila por logros en educaci\u00f3n y salud - Volcanes","og_description":"El presidente de la Rep\u00fablica Enrique Pe\u00f1a reconoci\u00f3 y felicit\u00f3 al gobernador\u00a0Eruviel\u00a0\u00c1vila por el destacado","og_url":"https:\/\/volcanes.net\/?p=151","og_site_name":"Volcanes","article_publisher":"https:\/\/www.facebook.com\/volcanes.net\/","article_published_time":"2017-09-13T11:58:51+00:00","og_image":[{"width":680,"height":453,"url":"https:\/\/volcanes.net\/wp-content\/uploads\/2017\/09\/eruviel-avila-carretera-jilotepec-e-ixtlahuaca-07.jpg","type":"image\/jpeg"}],"author":"admin","twitter_card":"summary_large_image","twitter_misc":{"Escrito por":"admin","Tiempo de lectura":"2 minutos"},"schema":{"@context":"https:\/\/schema.org","@graph":[{"@type":"Article","@id":"https:\/\/volcanes.net\/?p=151#article","isPartOf":{"@id":"https:\/\/volcanes.net\/?p=151"},"author":{"name":"admin","@id":"https:\/\/volcanes.net\/#\/schema\/person\/4bf0f383940966a4abd53f5048c0e6b9"},"headline":"Enrique Pe\u00f1a destaca el trabajo de Eruviel \u00c1vila por logros en educaci\u00f3n y salud","datePublished":"2017-09-13T11:58:51+00:00","mainEntityOfPage":{"@id":"https:\/\/volcanes.net\/?p=151"},"wordCount":382,"commentCount":0,"publisher":{"@id":"https:\/\/volcanes.net\/#organization"},"image":{"@id":"https:\/\/volcanes.net\/?p=151#primaryimage"},"thumbnailUrl":"https:\/\/volcanes.net\/wp-content\/uploads\/2017\/09\/eruviel-avila-carretera-jilotepec-e-ixtlahuaca-07.jpg","keywords":["Gobierno del Estado de M\u00e9xico"],"articleSection":["Estatales"],"inLanguage":"es","potentialAction":[{"@type":"CommentAction","name":"Comment","target":["https:\/\/volcanes.net\/?p=151#respond"]}]},{"@type":"WebPage","@id":"https:\/\/volcanes.net\/?p=151","url":"https:\/\/volcanes.net\/?p=151","name":"Enrique Pe\u00f1a destaca el trabajo de Eruviel \u00c1vila por logros en educaci\u00f3n y salud - Volcanes","isPartOf":{"@id":"https:\/\/volcanes.net\/#website"},"primaryImageOfPage":{"@id":"https:\/\/volcanes.net\/?p=151#primaryimage"},"image":{"@id":"https:\/\/volcanes.net\/?p=151#primaryimage"},"thumbnailUrl":"https:\/\/volcanes.net\/wp-content\/uploads\/2017\/09\/eruviel-avila-carretera-jilotepec-e-ixtlahuaca-07.jpg","datePublished":"2017-09-13T11:58:51+00:00","breadcrumb":{"@id":"https:\/\/volcanes.net\/?p=151#breadcrumb"},"inLanguage":"es","potentialAction":[{"@type":"ReadAction","target":["https:\/\/volcanes.net\/?p=151"]}]},{"@type":"ImageObject","inLanguage":"es","@id":"https:\/\/volcanes.net\/?p=151#primaryimage","url":"https:\/\/volcanes.net\/wp-content\/uploads\/2017\/09\/eruviel-avila-carretera-jilotepec-e-ixtlahuaca-07.jpg","contentUrl":"https:\/\/volcanes.net\/wp-content\/uploads\/2017\/09\/eruviel-avila-carretera-jilotepec-e-ixtlahuaca-07.jpg","width":680,"height":453},{"@type":"BreadcrumbList","@id":"https:\/\/volcanes.net\/?p=151#breadcrumb","itemListElement":[{"@type":"ListItem","position":1,"name":"Portada","item":"https:\/\/volcanes.net\/"},{"@type":"ListItem","position":2,"name":"Enrique Pe\u00f1a destaca el trabajo de Eruviel \u00c1vila por logros en educaci\u00f3n y salud"}]},{"@type":"WebSite","@id":"https:\/\/volcanes.net\/#website","url":"https:\/\/volcanes.net\/","name":"Volcanes.Net","description":"Periodismo Profesional","publisher":{"@id":"https:\/\/volcanes.net\/#organization"},"potentialAction":[{"@type":"SearchAction","target":{"@type":"EntryPoint","urlTemplate":"https:\/\/volcanes.net\/?s={search_term_string}"},"query-input":{"@type":"PropertyValueSpecification","valueRequired":true,"valueName":"search_term_string"}}],"inLanguage":"es"},{"@type":"Organization","@id":"https:\/\/volcanes.net\/#organization","name":"Grupo Volcanes","url":"https:\/\/volcanes.net\/","logo":{"@type":"ImageObject","inLanguage":"es","@id":"https:\/\/volcanes.net\/#\/schema\/logo\/image\/","url":"http:\/\/volcanes.net\/wp-content\/uploads\/2017\/12\/Avatar2.jpg","contentUrl":"http:\/\/volcanes.net\/wp-content\/uploads\/2017\/12\/Avatar2.jpg","width":378,"height":378,"caption":"Grupo Volcanes"},"image":{"@id":"https:\/\/volcanes.net\/#\/schema\/logo\/image\/"},"sameAs":["https:\/\/www.facebook.com\/volcanes.net\/"]},{"@type":"Person","@id":"https:\/\/volcanes.net\/#\/schema\/person\/4bf0f383940966a4abd53f5048c0e6b9","name":"admin","image":{"@type":"ImageObject","inLanguage":"es","@id":"https:\/\/volcanes.net\/#\/schema\/person\/image\/","url":"https:\/\/secure.gravatar.com\/avatar\/ca004e6cba8462b8cb7abc86e382930c?s=96&d=mm&r=g","contentUrl":"https:\/\/secure.gravatar.com\/avatar\/ca004e6cba8462b8cb7abc86e382930c?s=96&d=mm&r=g","caption":"admin"}}]}},"_links":{"self":[{"href":"https:\/\/volcanes.net\/index.php?rest_route=\/wp\/v2\/posts\/151"}],"collection":[{"href":"https:\/\/volcanes.net\/index.php?rest_route=\/wp\/v2\/posts"}],"about":[{"href":"https:\/\/volcanes.net\/index.php?rest_route=\/wp\/v2\/types\/post"}],"author":[{"embeddable":true,"href":"https:\/\/volcanes.net\/index.php?rest_route=\/wp\/v2\/users\/1"}],"replies":[{"embeddable":true,"href":"https:\/\/volcanes.net\/index.php?rest_route=%2Fwp%2Fv2%2Fcomments&post=151"}],"version-history":[{"count":1,"href":"https:\/\/volcanes.net\/index.php?rest_route=\/wp\/v2\/posts\/151\/revisions"}],"predecessor-version":[{"id":153,"href":"https:\/\/volcanes.net\/index.php?rest_route=\/wp\/v2\/posts\/151\/revisions\/153"}],"wp:featuredmedia":[{"embeddable":true,"href":"https:\/\/volcanes.net\/index.php?rest_route=\/wp\/v2\/media\/152"}],"wp:attachment":[{"href":"https:\/\/volcanes.net\/index.php?rest_route=%2Fwp%2Fv2%2Fmedia&parent=151"}],"wp:term":[{"taxonomy":"category","embeddable":true,"href":"https:\/\/volcanes.net\/index.php?rest_route=%2Fwp%2Fv2%2Fcategories&post=151"},{"taxonomy":"post_tag","embeddable":true,"href":"https:\/\/volcanes.net\/index.php?rest_route=%2Fwp%2Fv2%2Ftags&post=151"}],"curies":[{"name":"wp","href":"https:\/\/api.w.org\/{rel}","templated":true}]}}