{"id":1532,"date":"2018-02-26T00:34:57","date_gmt":"2018-02-26T00:34:57","guid":{"rendered":"http:\/\/volcanes.net\/?p=1532"},"modified":"2018-02-26T00:34:57","modified_gmt":"2018-02-26T00:34:57","slug":"dictan-sentencia-a-110-anos-de-prision-a-dos-secuestradores-y-homicidas","status":"publish","type":"post","link":"https:\/\/volcanes.net\/?p=1532","title":{"rendered":"Dictan sentencia a 110 a\u00f1os de prisi\u00f3n a dos secuestradores y homicidas"},"content":{"rendered":"<div style=\"margin-top: 0px; margin-bottom: 0px;\" class=\"sharethis-inline-share-buttons\" ><\/div><p><strong>Toluca, M\u00e9xico, 25 de febrero de 2018.-<\/strong>\u00a0El Representante Social de la Fiscal\u00eda General de Justicia del Estado de M\u00e9xico (FGJEM) acredit\u00f3 la participaci\u00f3n de dos sujetos en el delito de secuestro agravado, il\u00edcito por el que la Autoridad Judicial con sede en Tlalnepantla les dict\u00f3 una condena de 110 a\u00f1os de prisi\u00f3n.<span id=\"more-65295\"><\/span><\/p>\n<p>Los elementos de prueba recabados y aportados por el Agente del Ministerio P\u00fablico de la Fiscal\u00eda estatal fueron determinantes para que un Juez dictara esta condena para F\u00e9lix Garc\u00eda V\u00e1zquez y Jaime Ponce L\u00f3pez, quienes en mayo del a\u00f1o 2016 participaron en el secuestro de un hombre, en el municipio de Naucalpan.<\/p>\n<p>Los hechos ocurrieron cuando la v\u00edctima sali\u00f3 de su domicilio para dirigirse a su trabajo, sin embargo en el trayecto fue interceptado por los sentenciados, quienes lo llevaron a un inmueble del municipio de Naucalpan, en donde lo mantuvieron cautivo.<\/p>\n<p>Despu\u00e9s estos sujetos se comunicaron con los familiares de la v\u00edctima, a quienes les exigieron un pago a cambio de liberarlo. Por ello, fueron denunciados estos hechos, y Polic\u00edas de Investigaci\u00f3n se encargaron de realizar diversas diligencias para identificar y detener a los probables secuestradores.<\/p>\n<p>D\u00edas despu\u00e9s del secuestro, la v\u00edctima fue encontrada sin vida en la Avenida La Paz, de la colonia La Loma, en Naucalpan.<\/p>\n<p>Con el avance en las investigaciones, un d\u00eda despu\u00e9s de que fue realizado el hallazgo del cuerpo, el Ministerio P\u00fablico solicit\u00f3 a un Juez librar una orden de cateo para un inmueble de la colonia San Mateo, del mencionado municipio, lugar donde fueron asegurados los ahora sentenciados, adem\u00e1s en ese sitio fueron encontrados documentos propiedad de la v\u00edctima.<\/p>\n<p>Ambos sujetos fueron presentados ante el Agente del Ministerio P\u00fablico quien inici\u00f3 la carpeta de investigaci\u00f3n respectiva y luego ingresados al Centro Penitenciario y de Reinserci\u00f3n Social de Tlalnepantla, en donde quedaron a disposici\u00f3n de un Juez, quien previo proceso legal, les dict\u00f3 la sentencia respectiva.<\/p>\n<p>Adem\u00e1s de la pena privativa de libertad, estos sujetos deber\u00e1n pagar una multa de 1 mill\u00f3n 314 pesos, y 369 mil 582 pesos como reparaci\u00f3n del da\u00f1o, aunado a que sus derechos civiles y pol\u00edticos quedaron suspendidos.<\/p>\n<p>La Fiscal\u00eda General de Justicia estatal exhorta a la poblaci\u00f3n a denunciar cualquier hecho delictivo a trav\u00e9s del correo electr\u00f3nico\u00a0<a href=\"mailto:cerotolerancia@edomex.gob.mx\">cerotolerancia@edomex.gob.mx<\/a>, al n\u00famero telef\u00f3nico 01 800 7028770, o bien mediante la aplicaci\u00f3n FGJEdomex, la cual est\u00e1 disponible de manera gratuita para todos tel\u00e9fonos inteligentes de los sistemas iOS y Android.<\/p>\n","protected":false},"excerpt":{"rendered":"<p>Toluca, M\u00e9xico, 25 de febrero de 2018.-\u00a0El Representante Social de la Fiscal\u00eda General de Justicia<\/p>\n","protected":false},"author":1,"featured_media":1533,"comment_status":"open","ping_status":"open","sticky":false,"template":"","format":"standard","meta":{"footnotes":""},"categories":[1],"tags":[92],"class_list":["post-1532","post","type-post","status-publish","format-standard","has-post-thumbnail","hentry","category-municipales","tag-tlalnepantla"],"yoast_head":"<!-- This site is optimized with the Yoast SEO plugin v25.3 - https:\/\/yoast.com\/wordpress\/plugins\/seo\/ -->\n<title>Dictan sentencia a 110 a\u00f1os de prisi\u00f3n a dos secuestradores y homicidas - Volcanes<\/title>\n<meta name=\"robots\" content=\"index, follow, max-snippet:-1, max-image-preview:large, max-video-preview:-1\" \/>\n<link rel=\"canonical\" href=\"https:\/\/volcanes.net\/?p=1532\" \/>\n<meta property=\"og:locale\" content=\"es_MX\" \/>\n<meta property=\"og:type\" content=\"article\" \/>\n<meta property=\"og:title\" content=\"Dictan sentencia a 110 a\u00f1os de prisi\u00f3n a dos secuestradores y homicidas - Volcanes\" \/>\n<meta property=\"og:description\" content=\"Toluca, M\u00e9xico, 25 de febrero de 2018.-\u00a0El Representante Social de la Fiscal\u00eda General de Justicia\" \/>\n<meta property=\"og:url\" content=\"https:\/\/volcanes.net\/?p=1532\" \/>\n<meta property=\"og:site_name\" content=\"Volcanes\" \/>\n<meta property=\"article:publisher\" content=\"https:\/\/www.facebook.com\/volcanes.net\/\" \/>\n<meta property=\"article:published_time\" content=\"2018-02-26T00:34:57+00:00\" \/>\n<meta property=\"og:image\" content=\"https:\/\/volcanes.net\/wp-content\/uploads\/2018\/02\/SENTENCIADOS-SECUESTRO-325x216.jpg\" \/>\n\t<meta property=\"og:image:width\" content=\"325\" \/>\n\t<meta property=\"og:image:height\" content=\"216\" \/>\n\t<meta property=\"og:image:type\" content=\"image\/jpeg\" \/>\n<meta name=\"author\" content=\"admin\" \/>\n<meta name=\"twitter:card\" content=\"summary_large_image\" \/>\n<meta name=\"twitter:label1\" content=\"Escrito por\" \/>\n\t<meta name=\"twitter:data1\" content=\"admin\" \/>\n\t<meta name=\"twitter:label2\" content=\"Tiempo de lectura\" \/>\n\t<meta name=\"twitter:data2\" content=\"2 minutos\" \/>\n<script type=\"application\/ld+json\" class=\"yoast-schema-graph\">{\"@context\":\"https:\/\/schema.org\",\"@graph\":[{\"@type\":\"Article\",\"@id\":\"https:\/\/volcanes.net\/?p=1532#article\",\"isPartOf\":{\"@id\":\"https:\/\/volcanes.net\/?p=1532\"},\"author\":{\"name\":\"admin\",\"@id\":\"https:\/\/volcanes.net\/#\/schema\/person\/4bf0f383940966a4abd53f5048c0e6b9\"},\"headline\":\"Dictan sentencia a 110 a\u00f1os de prisi\u00f3n a dos secuestradores y homicidas\",\"datePublished\":\"2018-02-26T00:34:57+00:00\",\"mainEntityOfPage\":{\"@id\":\"https:\/\/volcanes.net\/?p=1532\"},\"wordCount\":454,\"commentCount\":0,\"publisher\":{\"@id\":\"https:\/\/volcanes.net\/#organization\"},\"image\":{\"@id\":\"https:\/\/volcanes.net\/?p=1532#primaryimage\"},\"thumbnailUrl\":\"https:\/\/volcanes.net\/wp-content\/uploads\/2018\/02\/SENTENCIADOS-SECUESTRO-325x216.jpg\",\"keywords\":[\"Tlalnepantla\"],\"articleSection\":[\"Municipales\"],\"inLanguage\":\"es\",\"potentialAction\":[{\"@type\":\"CommentAction\",\"name\":\"Comment\",\"target\":[\"https:\/\/volcanes.net\/?p=1532#respond\"]}]},{\"@type\":\"WebPage\",\"@id\":\"https:\/\/volcanes.net\/?p=1532\",\"url\":\"https:\/\/volcanes.net\/?p=1532\",\"name\":\"Dictan sentencia a 110 a\u00f1os de prisi\u00f3n a dos secuestradores y homicidas - Volcanes\",\"isPartOf\":{\"@id\":\"https:\/\/volcanes.net\/#website\"},\"primaryImageOfPage\":{\"@id\":\"https:\/\/volcanes.net\/?p=1532#primaryimage\"},\"image\":{\"@id\":\"https:\/\/volcanes.net\/?p=1532#primaryimage\"},\"thumbnailUrl\":\"https:\/\/volcanes.net\/wp-content\/uploads\/2018\/02\/SENTENCIADOS-SECUESTRO-325x216.jpg\",\"datePublished\":\"2018-02-26T00:34:57+00:00\",\"breadcrumb\":{\"@id\":\"https:\/\/volcanes.net\/?p=1532#breadcrumb\"},\"inLanguage\":\"es\",\"potentialAction\":[{\"@type\":\"ReadAction\",\"target\":[\"https:\/\/volcanes.net\/?p=1532\"]}]},{\"@type\":\"ImageObject\",\"inLanguage\":\"es\",\"@id\":\"https:\/\/volcanes.net\/?p=1532#primaryimage\",\"url\":\"https:\/\/volcanes.net\/wp-content\/uploads\/2018\/02\/SENTENCIADOS-SECUESTRO-325x216.jpg\",\"contentUrl\":\"https:\/\/volcanes.net\/wp-content\/uploads\/2018\/02\/SENTENCIADOS-SECUESTRO-325x216.jpg\",\"width\":325,\"height\":216},{\"@type\":\"BreadcrumbList\",\"@id\":\"https:\/\/volcanes.net\/?p=1532#breadcrumb\",\"itemListElement\":[{\"@type\":\"ListItem\",\"position\":1,\"name\":\"Portada\",\"item\":\"https:\/\/volcanes.net\/\"},{\"@type\":\"ListItem\",\"position\":2,\"name\":\"Dictan sentencia a 110 a\u00f1os de prisi\u00f3n a dos secuestradores y homicidas\"}]},{\"@type\":\"WebSite\",\"@id\":\"https:\/\/volcanes.net\/#website\",\"url\":\"https:\/\/volcanes.net\/\",\"name\":\"Volcanes.Net\",\"description\":\"Periodismo Profesional\",\"publisher\":{\"@id\":\"https:\/\/volcanes.net\/#organization\"},\"potentialAction\":[{\"@type\":\"SearchAction\",\"target\":{\"@type\":\"EntryPoint\",\"urlTemplate\":\"https:\/\/volcanes.net\/?s={search_term_string}\"},\"query-input\":{\"@type\":\"PropertyValueSpecification\",\"valueRequired\":true,\"valueName\":\"search_term_string\"}}],\"inLanguage\":\"es\"},{\"@type\":\"Organization\",\"@id\":\"https:\/\/volcanes.net\/#organization\",\"name\":\"Grupo Volcanes\",\"url\":\"https:\/\/volcanes.net\/\",\"logo\":{\"@type\":\"ImageObject\",\"inLanguage\":\"es\",\"@id\":\"https:\/\/volcanes.net\/#\/schema\/logo\/image\/\",\"url\":\"http:\/\/volcanes.net\/wp-content\/uploads\/2017\/12\/Avatar2.jpg\",\"contentUrl\":\"http:\/\/volcanes.net\/wp-content\/uploads\/2017\/12\/Avatar2.jpg\",\"width\":378,\"height\":378,\"caption\":\"Grupo Volcanes\"},\"image\":{\"@id\":\"https:\/\/volcanes.net\/#\/schema\/logo\/image\/\"},\"sameAs\":[\"https:\/\/www.facebook.com\/volcanes.net\/\"]},{\"@type\":\"Person\",\"@id\":\"https:\/\/volcanes.net\/#\/schema\/person\/4bf0f383940966a4abd53f5048c0e6b9\",\"name\":\"admin\",\"image\":{\"@type\":\"ImageObject\",\"inLanguage\":\"es\",\"@id\":\"https:\/\/volcanes.net\/#\/schema\/person\/image\/\",\"url\":\"https:\/\/secure.gravatar.com\/avatar\/ca004e6cba8462b8cb7abc86e382930c?s=96&d=mm&r=g\",\"contentUrl\":\"https:\/\/secure.gravatar.com\/avatar\/ca004e6cba8462b8cb7abc86e382930c?s=96&d=mm&r=g\",\"caption\":\"admin\"}}]}<\/script>\n<!-- \/ Yoast SEO plugin. -->","yoast_head_json":{"title":"Dictan sentencia a 110 a\u00f1os de prisi\u00f3n a dos secuestradores y homicidas - Volcanes","robots":{"index":"index","follow":"follow","max-snippet":"max-snippet:-1","max-image-preview":"max-image-preview:large","max-video-preview":"max-video-preview:-1"},"canonical":"https:\/\/volcanes.net\/?p=1532","og_locale":"es_MX","og_type":"article","og_title":"Dictan sentencia a 110 a\u00f1os de prisi\u00f3n a dos secuestradores y homicidas - Volcanes","og_description":"Toluca, M\u00e9xico, 25 de febrero de 2018.-\u00a0El Representante Social de la Fiscal\u00eda General de Justicia","og_url":"https:\/\/volcanes.net\/?p=1532","og_site_name":"Volcanes","article_publisher":"https:\/\/www.facebook.com\/volcanes.net\/","article_published_time":"2018-02-26T00:34:57+00:00","og_image":[{"width":325,"height":216,"url":"https:\/\/volcanes.net\/wp-content\/uploads\/2018\/02\/SENTENCIADOS-SECUESTRO-325x216.jpg","type":"image\/jpeg"}],"author":"admin","twitter_card":"summary_large_image","twitter_misc":{"Escrito por":"admin","Tiempo de lectura":"2 minutos"},"schema":{"@context":"https:\/\/schema.org","@graph":[{"@type":"Article","@id":"https:\/\/volcanes.net\/?p=1532#article","isPartOf":{"@id":"https:\/\/volcanes.net\/?p=1532"},"author":{"name":"admin","@id":"https:\/\/volcanes.net\/#\/schema\/person\/4bf0f383940966a4abd53f5048c0e6b9"},"headline":"Dictan sentencia a 110 a\u00f1os de prisi\u00f3n a dos secuestradores y homicidas","datePublished":"2018-02-26T00:34:57+00:00","mainEntityOfPage":{"@id":"https:\/\/volcanes.net\/?p=1532"},"wordCount":454,"commentCount":0,"publisher":{"@id":"https:\/\/volcanes.net\/#organization"},"image":{"@id":"https:\/\/volcanes.net\/?p=1532#primaryimage"},"thumbnailUrl":"https:\/\/volcanes.net\/wp-content\/uploads\/2018\/02\/SENTENCIADOS-SECUESTRO-325x216.jpg","keywords":["Tlalnepantla"],"articleSection":["Municipales"],"inLanguage":"es","potentialAction":[{"@type":"CommentAction","name":"Comment","target":["https:\/\/volcanes.net\/?p=1532#respond"]}]},{"@type":"WebPage","@id":"https:\/\/volcanes.net\/?p=1532","url":"https:\/\/volcanes.net\/?p=1532","name":"Dictan sentencia a 110 a\u00f1os de prisi\u00f3n a dos secuestradores y homicidas - Volcanes","isPartOf":{"@id":"https:\/\/volcanes.net\/#website"},"primaryImageOfPage":{"@id":"https:\/\/volcanes.net\/?p=1532#primaryimage"},"image":{"@id":"https:\/\/volcanes.net\/?p=1532#primaryimage"},"thumbnailUrl":"https:\/\/volcanes.net\/wp-content\/uploads\/2018\/02\/SENTENCIADOS-SECUESTRO-325x216.jpg","datePublished":"2018-02-26T00:34:57+00:00","breadcrumb":{"@id":"https:\/\/volcanes.net\/?p=1532#breadcrumb"},"inLanguage":"es","potentialAction":[{"@type":"ReadAction","target":["https:\/\/volcanes.net\/?p=1532"]}]},{"@type":"ImageObject","inLanguage":"es","@id":"https:\/\/volcanes.net\/?p=1532#primaryimage","url":"https:\/\/volcanes.net\/wp-content\/uploads\/2018\/02\/SENTENCIADOS-SECUESTRO-325x216.jpg","contentUrl":"https:\/\/volcanes.net\/wp-content\/uploads\/2018\/02\/SENTENCIADOS-SECUESTRO-325x216.jpg","width":325,"height":216},{"@type":"BreadcrumbList","@id":"https:\/\/volcanes.net\/?p=1532#breadcrumb","itemListElement":[{"@type":"ListItem","position":1,"name":"Portada","item":"https:\/\/volcanes.net\/"},{"@type":"ListItem","position":2,"name":"Dictan sentencia a 110 a\u00f1os de prisi\u00f3n a dos secuestradores y homicidas"}]},{"@type":"WebSite","@id":"https:\/\/volcanes.net\/#website","url":"https:\/\/volcanes.net\/","name":"Volcanes.Net","description":"Periodismo Profesional","publisher":{"@id":"https:\/\/volcanes.net\/#organization"},"potentialAction":[{"@type":"SearchAction","target":{"@type":"EntryPoint","urlTemplate":"https:\/\/volcanes.net\/?s={search_term_string}"},"query-input":{"@type":"PropertyValueSpecification","valueRequired":true,"valueName":"search_term_string"}}],"inLanguage":"es"},{"@type":"Organization","@id":"https:\/\/volcanes.net\/#organization","name":"Grupo Volcanes","url":"https:\/\/volcanes.net\/","logo":{"@type":"ImageObject","inLanguage":"es","@id":"https:\/\/volcanes.net\/#\/schema\/logo\/image\/","url":"http:\/\/volcanes.net\/wp-content\/uploads\/2017\/12\/Avatar2.jpg","contentUrl":"http:\/\/volcanes.net\/wp-content\/uploads\/2017\/12\/Avatar2.jpg","width":378,"height":378,"caption":"Grupo Volcanes"},"image":{"@id":"https:\/\/volcanes.net\/#\/schema\/logo\/image\/"},"sameAs":["https:\/\/www.facebook.com\/volcanes.net\/"]},{"@type":"Person","@id":"https:\/\/volcanes.net\/#\/schema\/person\/4bf0f383940966a4abd53f5048c0e6b9","name":"admin","image":{"@type":"ImageObject","inLanguage":"es","@id":"https:\/\/volcanes.net\/#\/schema\/person\/image\/","url":"https:\/\/secure.gravatar.com\/avatar\/ca004e6cba8462b8cb7abc86e382930c?s=96&d=mm&r=g","contentUrl":"https:\/\/secure.gravatar.com\/avatar\/ca004e6cba8462b8cb7abc86e382930c?s=96&d=mm&r=g","caption":"admin"}}]}},"_links":{"self":[{"href":"https:\/\/volcanes.net\/index.php?rest_route=\/wp\/v2\/posts\/1532"}],"collection":[{"href":"https:\/\/volcanes.net\/index.php?rest_route=\/wp\/v2\/posts"}],"about":[{"href":"https:\/\/volcanes.net\/index.php?rest_route=\/wp\/v2\/types\/post"}],"author":[{"embeddable":true,"href":"https:\/\/volcanes.net\/index.php?rest_route=\/wp\/v2\/users\/1"}],"replies":[{"embeddable":true,"href":"https:\/\/volcanes.net\/index.php?rest_route=%2Fwp%2Fv2%2Fcomments&post=1532"}],"version-history":[{"count":1,"href":"https:\/\/volcanes.net\/index.php?rest_route=\/wp\/v2\/posts\/1532\/revisions"}],"predecessor-version":[{"id":1534,"href":"https:\/\/volcanes.net\/index.php?rest_route=\/wp\/v2\/posts\/1532\/revisions\/1534"}],"wp:featuredmedia":[{"embeddable":true,"href":"https:\/\/volcanes.net\/index.php?rest_route=\/wp\/v2\/media\/1533"}],"wp:attachment":[{"href":"https:\/\/volcanes.net\/index.php?rest_route=%2Fwp%2Fv2%2Fmedia&parent=1532"}],"wp:term":[{"taxonomy":"category","embeddable":true,"href":"https:\/\/volcanes.net\/index.php?rest_route=%2Fwp%2Fv2%2Fcategories&post=1532"},{"taxonomy":"post_tag","embeddable":true,"href":"https:\/\/volcanes.net\/index.php?rest_route=%2Fwp%2Fv2%2Ftags&post=1532"}],"curies":[{"name":"wp","href":"https:\/\/api.w.org\/{rel}","templated":true}]}}