{"id":1563,"date":"2018-02-26T14:55:46","date_gmt":"2018-02-26T14:55:46","guid":{"rendered":"http:\/\/volcanes.net\/?p=1563"},"modified":"2018-02-26T14:55:46","modified_gmt":"2018-02-26T14:55:46","slug":"montalvo-refrendo-su-compromiso-de-continuar-gobernando-con-igualdad-y-justicia","status":"publish","type":"post","link":"https:\/\/volcanes.net\/?p=1563","title":{"rendered":"Montalvo refrend\u00f3 su compromiso de continuar gobernando con igualdad y justicia"},"content":{"rendered":"<div style=\"margin-top: 0px; margin-bottom: 0px;\" class=\"sharethis-inline-share-buttons\" ><\/div><ul>\n<li><em>Durante el acto c\u00edvico, con motivo del d\u00eda de la Bandera, el presidente municipal de Valle de Chalco\u00a0refrend\u00f3 su compromiso de continuar gobernando con igualdad justicia y ley<\/em><\/li>\n<\/ul>\n<p>Valle de Chalco Solidaridad. Mex. \u2013 \u201cOficiales de la Comisaria de Seguridad P\u00fablica Municipal, profesores y alumnos de escuelas en Valle de Chalco Solidaridad, Vengo en nombre de M\u00e9xico, a encomendar a su patriotismo, esta bandera que simboliza su Independencia su honor sus instituciones y la integridad de su terri<span class=\"text_exposed_show\">torio, protestan honrarla y defenderla con lealtad, y constancia al concederles el amparo de su sombra y el honor y ponerla en sus manos la patria conf\u00eda que como buenos y leales mexicanos sabr\u00e1n cumplir, su protesta\u201d.<br \/>\nEncomienda, echa a las fuerzas policiales municipales, y escoltas escolares, por parte del Arquitecto Ram\u00f3n Montalvo Hern\u00e1ndez; Presidente Municipal Constitucional, durante emotiva ceremonia de homenaje, en el marco de celebrar el d\u00eda de la bandera, nuestro L\u00e1baro Patrio, que nos da identidad al mismo tiempo, se realiz\u00f3 la incineraci\u00f3n de la anterior bandera.<br \/>\nIn\u00e9s Joselyn Garc\u00eda R\u00edos, alumna de la Escuela Julio Ch\u00e1vez, invito a los asistentes, pueblo, autoridades y alumnos de diversas escuelas al juramento de bandera.<br \/>\nX\u00f3chitl Abigail Casimiro Rivero, sexta regidora, hizo extensa remembranza hist\u00f3rica de nuestra Bandera, destacando, que desde el 17 de agosto de 1968 se public\u00f3 la primera versi\u00f3n de la Ley sobre los s\u00edmbolos patrios, se fij\u00f3 el tama\u00f1o de la bandera en proporciones, pero no se adopt\u00f3 un nuevo escudo, por lo que oficialmente se sigui\u00f3 usando el escudo de 1934. Solo hasta el 24 de febrero de 1969 se present\u00f3 el nuevo escudo, y desde El 16 de septiembre de 1968, se utiliza l actual l\u00e1baro patrio.<br \/>\nPor su parte V\u00edctor M. Lomel\u00ed Carrera, Coronel de Infanter\u00eda, Diplomado del Estado Mayor, Comandante del 107 Batall\u00f3n de Infanter\u00eda, acompa\u00f1ado por oficiales y tropa, de fuerzas armadas del Ejercito Mexicano, destac\u00f3 que la bandera nacional se debe honrar por ser el s\u00edmbolo patrio herencia de nuestros h\u00e9roes, y emblema supremo de la unidad nacional, y soberan\u00eda, que nos da identidad, y libertad como mexicanos.<br \/>\nAl significativo acto, c\u00edvico, cultural, encabezado por el jefe de gobierno Ram\u00f3n Montalvo Hern\u00e1ndez, conjuntamente con integrantes de cabildo, funcionarios administrativos, profesores y alumnos de diversos centros educativos, representantes sociales, y ciudadan\u00eda en general, ante quienes refrend\u00f3 su compromiso de continuar gobernando con igualdad justicia y ley.<\/span><\/p>\n","protected":false},"excerpt":{"rendered":"<p>Durante el acto c\u00edvico, con motivo del d\u00eda de la Bandera, el presidente municipal de<\/p>\n","protected":false},"author":1,"featured_media":1564,"comment_status":"open","ping_status":"open","sticky":false,"template":"","format":"standard","meta":{"footnotes":""},"categories":[1],"tags":[9,5],"class_list":["post-1563","post","type-post","status-publish","format-standard","has-post-thumbnail","hentry","category-municipales","tag-chalco","tag-valle-de-chalco"],"yoast_head":"<!-- This site is optimized with the Yoast SEO plugin v25.3 - https:\/\/yoast.com\/wordpress\/plugins\/seo\/ -->\n<title>Montalvo refrend\u00f3 su compromiso de continuar gobernando con igualdad y justicia - Volcanes<\/title>\n<meta name=\"robots\" content=\"index, follow, max-snippet:-1, max-image-preview:large, max-video-preview:-1\" \/>\n<link rel=\"canonical\" href=\"https:\/\/volcanes.net\/?p=1563\" \/>\n<meta property=\"og:locale\" content=\"es_MX\" \/>\n<meta property=\"og:type\" content=\"article\" \/>\n<meta property=\"og:title\" content=\"Montalvo refrend\u00f3 su compromiso de continuar gobernando con igualdad y justicia - Volcanes\" \/>\n<meta property=\"og:description\" content=\"Durante el acto c\u00edvico, con motivo del d\u00eda de la Bandera, el presidente municipal de\" \/>\n<meta property=\"og:url\" content=\"https:\/\/volcanes.net\/?p=1563\" \/>\n<meta property=\"og:site_name\" content=\"Volcanes\" \/>\n<meta property=\"article:publisher\" content=\"https:\/\/www.facebook.com\/volcanes.net\/\" \/>\n<meta property=\"article:published_time\" content=\"2018-02-26T14:55:46+00:00\" \/>\n<meta property=\"og:image\" content=\"https:\/\/volcanes.net\/wp-content\/uploads\/2018\/02\/28279244_1952738884755736_6981130374503084862_n.jpg\" \/>\n\t<meta property=\"og:image:width\" content=\"448\" \/>\n\t<meta property=\"og:image:height\" content=\"299\" \/>\n\t<meta property=\"og:image:type\" content=\"image\/jpeg\" \/>\n<meta name=\"author\" content=\"admin\" \/>\n<meta name=\"twitter:card\" content=\"summary_large_image\" \/>\n<meta name=\"twitter:label1\" content=\"Escrito por\" \/>\n\t<meta name=\"twitter:data1\" content=\"admin\" \/>\n\t<meta name=\"twitter:label2\" content=\"Tiempo de lectura\" \/>\n\t<meta name=\"twitter:data2\" content=\"2 minutos\" \/>\n<script type=\"application\/ld+json\" class=\"yoast-schema-graph\">{\"@context\":\"https:\/\/schema.org\",\"@graph\":[{\"@type\":\"Article\",\"@id\":\"https:\/\/volcanes.net\/?p=1563#article\",\"isPartOf\":{\"@id\":\"https:\/\/volcanes.net\/?p=1563\"},\"author\":{\"name\":\"admin\",\"@id\":\"https:\/\/volcanes.net\/#\/schema\/person\/4bf0f383940966a4abd53f5048c0e6b9\"},\"headline\":\"Montalvo refrend\u00f3 su compromiso de continuar gobernando con igualdad y justicia\",\"datePublished\":\"2018-02-26T14:55:46+00:00\",\"mainEntityOfPage\":{\"@id\":\"https:\/\/volcanes.net\/?p=1563\"},\"wordCount\":428,\"commentCount\":0,\"publisher\":{\"@id\":\"https:\/\/volcanes.net\/#organization\"},\"image\":{\"@id\":\"https:\/\/volcanes.net\/?p=1563#primaryimage\"},\"thumbnailUrl\":\"https:\/\/volcanes.net\/wp-content\/uploads\/2018\/02\/28279244_1952738884755736_6981130374503084862_n.jpg\",\"keywords\":[\"Chalco\",\"Valle de Chalco\"],\"articleSection\":[\"Municipales\"],\"inLanguage\":\"es\",\"potentialAction\":[{\"@type\":\"CommentAction\",\"name\":\"Comment\",\"target\":[\"https:\/\/volcanes.net\/?p=1563#respond\"]}]},{\"@type\":\"WebPage\",\"@id\":\"https:\/\/volcanes.net\/?p=1563\",\"url\":\"https:\/\/volcanes.net\/?p=1563\",\"name\":\"Montalvo refrend\u00f3 su compromiso de continuar gobernando con igualdad y justicia - Volcanes\",\"isPartOf\":{\"@id\":\"https:\/\/volcanes.net\/#website\"},\"primaryImageOfPage\":{\"@id\":\"https:\/\/volcanes.net\/?p=1563#primaryimage\"},\"image\":{\"@id\":\"https:\/\/volcanes.net\/?p=1563#primaryimage\"},\"thumbnailUrl\":\"https:\/\/volcanes.net\/wp-content\/uploads\/2018\/02\/28279244_1952738884755736_6981130374503084862_n.jpg\",\"datePublished\":\"2018-02-26T14:55:46+00:00\",\"breadcrumb\":{\"@id\":\"https:\/\/volcanes.net\/?p=1563#breadcrumb\"},\"inLanguage\":\"es\",\"potentialAction\":[{\"@type\":\"ReadAction\",\"target\":[\"https:\/\/volcanes.net\/?p=1563\"]}]},{\"@type\":\"ImageObject\",\"inLanguage\":\"es\",\"@id\":\"https:\/\/volcanes.net\/?p=1563#primaryimage\",\"url\":\"https:\/\/volcanes.net\/wp-content\/uploads\/2018\/02\/28279244_1952738884755736_6981130374503084862_n.jpg\",\"contentUrl\":\"https:\/\/volcanes.net\/wp-content\/uploads\/2018\/02\/28279244_1952738884755736_6981130374503084862_n.jpg\",\"width\":448,\"height\":299},{\"@type\":\"BreadcrumbList\",\"@id\":\"https:\/\/volcanes.net\/?p=1563#breadcrumb\",\"itemListElement\":[{\"@type\":\"ListItem\",\"position\":1,\"name\":\"Portada\",\"item\":\"https:\/\/volcanes.net\/\"},{\"@type\":\"ListItem\",\"position\":2,\"name\":\"Montalvo refrend\u00f3 su compromiso de continuar gobernando con igualdad y justicia\"}]},{\"@type\":\"WebSite\",\"@id\":\"https:\/\/volcanes.net\/#website\",\"url\":\"https:\/\/volcanes.net\/\",\"name\":\"Volcanes.Net\",\"description\":\"Periodismo Profesional\",\"publisher\":{\"@id\":\"https:\/\/volcanes.net\/#organization\"},\"potentialAction\":[{\"@type\":\"SearchAction\",\"target\":{\"@type\":\"EntryPoint\",\"urlTemplate\":\"https:\/\/volcanes.net\/?s={search_term_string}\"},\"query-input\":{\"@type\":\"PropertyValueSpecification\",\"valueRequired\":true,\"valueName\":\"search_term_string\"}}],\"inLanguage\":\"es\"},{\"@type\":\"Organization\",\"@id\":\"https:\/\/volcanes.net\/#organization\",\"name\":\"Grupo Volcanes\",\"url\":\"https:\/\/volcanes.net\/\",\"logo\":{\"@type\":\"ImageObject\",\"inLanguage\":\"es\",\"@id\":\"https:\/\/volcanes.net\/#\/schema\/logo\/image\/\",\"url\":\"http:\/\/volcanes.net\/wp-content\/uploads\/2017\/12\/Avatar2.jpg\",\"contentUrl\":\"http:\/\/volcanes.net\/wp-content\/uploads\/2017\/12\/Avatar2.jpg\",\"width\":378,\"height\":378,\"caption\":\"Grupo Volcanes\"},\"image\":{\"@id\":\"https:\/\/volcanes.net\/#\/schema\/logo\/image\/\"},\"sameAs\":[\"https:\/\/www.facebook.com\/volcanes.net\/\"]},{\"@type\":\"Person\",\"@id\":\"https:\/\/volcanes.net\/#\/schema\/person\/4bf0f383940966a4abd53f5048c0e6b9\",\"name\":\"admin\",\"image\":{\"@type\":\"ImageObject\",\"inLanguage\":\"es\",\"@id\":\"https:\/\/volcanes.net\/#\/schema\/person\/image\/\",\"url\":\"https:\/\/secure.gravatar.com\/avatar\/ca004e6cba8462b8cb7abc86e382930c?s=96&d=mm&r=g\",\"contentUrl\":\"https:\/\/secure.gravatar.com\/avatar\/ca004e6cba8462b8cb7abc86e382930c?s=96&d=mm&r=g\",\"caption\":\"admin\"}}]}<\/script>\n<!-- \/ Yoast SEO plugin. -->","yoast_head_json":{"title":"Montalvo refrend\u00f3 su compromiso de continuar gobernando con igualdad y justicia - Volcanes","robots":{"index":"index","follow":"follow","max-snippet":"max-snippet:-1","max-image-preview":"max-image-preview:large","max-video-preview":"max-video-preview:-1"},"canonical":"https:\/\/volcanes.net\/?p=1563","og_locale":"es_MX","og_type":"article","og_title":"Montalvo refrend\u00f3 su compromiso de continuar gobernando con igualdad y justicia - Volcanes","og_description":"Durante el acto c\u00edvico, con motivo del d\u00eda de la Bandera, el presidente municipal de","og_url":"https:\/\/volcanes.net\/?p=1563","og_site_name":"Volcanes","article_publisher":"https:\/\/www.facebook.com\/volcanes.net\/","article_published_time":"2018-02-26T14:55:46+00:00","og_image":[{"width":448,"height":299,"url":"https:\/\/volcanes.net\/wp-content\/uploads\/2018\/02\/28279244_1952738884755736_6981130374503084862_n.jpg","type":"image\/jpeg"}],"author":"admin","twitter_card":"summary_large_image","twitter_misc":{"Escrito por":"admin","Tiempo de lectura":"2 minutos"},"schema":{"@context":"https:\/\/schema.org","@graph":[{"@type":"Article","@id":"https:\/\/volcanes.net\/?p=1563#article","isPartOf":{"@id":"https:\/\/volcanes.net\/?p=1563"},"author":{"name":"admin","@id":"https:\/\/volcanes.net\/#\/schema\/person\/4bf0f383940966a4abd53f5048c0e6b9"},"headline":"Montalvo refrend\u00f3 su compromiso de continuar gobernando con igualdad y justicia","datePublished":"2018-02-26T14:55:46+00:00","mainEntityOfPage":{"@id":"https:\/\/volcanes.net\/?p=1563"},"wordCount":428,"commentCount":0,"publisher":{"@id":"https:\/\/volcanes.net\/#organization"},"image":{"@id":"https:\/\/volcanes.net\/?p=1563#primaryimage"},"thumbnailUrl":"https:\/\/volcanes.net\/wp-content\/uploads\/2018\/02\/28279244_1952738884755736_6981130374503084862_n.jpg","keywords":["Chalco","Valle de Chalco"],"articleSection":["Municipales"],"inLanguage":"es","potentialAction":[{"@type":"CommentAction","name":"Comment","target":["https:\/\/volcanes.net\/?p=1563#respond"]}]},{"@type":"WebPage","@id":"https:\/\/volcanes.net\/?p=1563","url":"https:\/\/volcanes.net\/?p=1563","name":"Montalvo refrend\u00f3 su compromiso de continuar gobernando con igualdad y justicia - Volcanes","isPartOf":{"@id":"https:\/\/volcanes.net\/#website"},"primaryImageOfPage":{"@id":"https:\/\/volcanes.net\/?p=1563#primaryimage"},"image":{"@id":"https:\/\/volcanes.net\/?p=1563#primaryimage"},"thumbnailUrl":"https:\/\/volcanes.net\/wp-content\/uploads\/2018\/02\/28279244_1952738884755736_6981130374503084862_n.jpg","datePublished":"2018-02-26T14:55:46+00:00","breadcrumb":{"@id":"https:\/\/volcanes.net\/?p=1563#breadcrumb"},"inLanguage":"es","potentialAction":[{"@type":"ReadAction","target":["https:\/\/volcanes.net\/?p=1563"]}]},{"@type":"ImageObject","inLanguage":"es","@id":"https:\/\/volcanes.net\/?p=1563#primaryimage","url":"https:\/\/volcanes.net\/wp-content\/uploads\/2018\/02\/28279244_1952738884755736_6981130374503084862_n.jpg","contentUrl":"https:\/\/volcanes.net\/wp-content\/uploads\/2018\/02\/28279244_1952738884755736_6981130374503084862_n.jpg","width":448,"height":299},{"@type":"BreadcrumbList","@id":"https:\/\/volcanes.net\/?p=1563#breadcrumb","itemListElement":[{"@type":"ListItem","position":1,"name":"Portada","item":"https:\/\/volcanes.net\/"},{"@type":"ListItem","position":2,"name":"Montalvo refrend\u00f3 su compromiso de continuar gobernando con igualdad y justicia"}]},{"@type":"WebSite","@id":"https:\/\/volcanes.net\/#website","url":"https:\/\/volcanes.net\/","name":"Volcanes.Net","description":"Periodismo Profesional","publisher":{"@id":"https:\/\/volcanes.net\/#organization"},"potentialAction":[{"@type":"SearchAction","target":{"@type":"EntryPoint","urlTemplate":"https:\/\/volcanes.net\/?s={search_term_string}"},"query-input":{"@type":"PropertyValueSpecification","valueRequired":true,"valueName":"search_term_string"}}],"inLanguage":"es"},{"@type":"Organization","@id":"https:\/\/volcanes.net\/#organization","name":"Grupo Volcanes","url":"https:\/\/volcanes.net\/","logo":{"@type":"ImageObject","inLanguage":"es","@id":"https:\/\/volcanes.net\/#\/schema\/logo\/image\/","url":"http:\/\/volcanes.net\/wp-content\/uploads\/2017\/12\/Avatar2.jpg","contentUrl":"http:\/\/volcanes.net\/wp-content\/uploads\/2017\/12\/Avatar2.jpg","width":378,"height":378,"caption":"Grupo Volcanes"},"image":{"@id":"https:\/\/volcanes.net\/#\/schema\/logo\/image\/"},"sameAs":["https:\/\/www.facebook.com\/volcanes.net\/"]},{"@type":"Person","@id":"https:\/\/volcanes.net\/#\/schema\/person\/4bf0f383940966a4abd53f5048c0e6b9","name":"admin","image":{"@type":"ImageObject","inLanguage":"es","@id":"https:\/\/volcanes.net\/#\/schema\/person\/image\/","url":"https:\/\/secure.gravatar.com\/avatar\/ca004e6cba8462b8cb7abc86e382930c?s=96&d=mm&r=g","contentUrl":"https:\/\/secure.gravatar.com\/avatar\/ca004e6cba8462b8cb7abc86e382930c?s=96&d=mm&r=g","caption":"admin"}}]}},"_links":{"self":[{"href":"https:\/\/volcanes.net\/index.php?rest_route=\/wp\/v2\/posts\/1563"}],"collection":[{"href":"https:\/\/volcanes.net\/index.php?rest_route=\/wp\/v2\/posts"}],"about":[{"href":"https:\/\/volcanes.net\/index.php?rest_route=\/wp\/v2\/types\/post"}],"author":[{"embeddable":true,"href":"https:\/\/volcanes.net\/index.php?rest_route=\/wp\/v2\/users\/1"}],"replies":[{"embeddable":true,"href":"https:\/\/volcanes.net\/index.php?rest_route=%2Fwp%2Fv2%2Fcomments&post=1563"}],"version-history":[{"count":1,"href":"https:\/\/volcanes.net\/index.php?rest_route=\/wp\/v2\/posts\/1563\/revisions"}],"predecessor-version":[{"id":1565,"href":"https:\/\/volcanes.net\/index.php?rest_route=\/wp\/v2\/posts\/1563\/revisions\/1565"}],"wp:featuredmedia":[{"embeddable":true,"href":"https:\/\/volcanes.net\/index.php?rest_route=\/wp\/v2\/media\/1564"}],"wp:attachment":[{"href":"https:\/\/volcanes.net\/index.php?rest_route=%2Fwp%2Fv2%2Fmedia&parent=1563"}],"wp:term":[{"taxonomy":"category","embeddable":true,"href":"https:\/\/volcanes.net\/index.php?rest_route=%2Fwp%2Fv2%2Fcategories&post=1563"},{"taxonomy":"post_tag","embeddable":true,"href":"https:\/\/volcanes.net\/index.php?rest_route=%2Fwp%2Fv2%2Ftags&post=1563"}],"curies":[{"name":"wp","href":"https:\/\/api.w.org\/{rel}","templated":true}]}}