{"id":1573,"date":"2018-02-26T16:56:16","date_gmt":"2018-02-26T16:56:16","guid":{"rendered":"http:\/\/volcanes.net\/?p=1573"},"modified":"2018-02-26T16:56:16","modified_gmt":"2018-02-26T16:56:16","slug":"meade-kuribrena-presento-a-su-equipo-de-campana","status":"publish","type":"post","link":"https:\/\/volcanes.net\/?p=1573","title":{"rendered":"Meade Kuribre\u00f1a present\u00f3 a su equipo de campa\u00f1a"},"content":{"rendered":"<div style=\"margin-top: 0px; margin-bottom: 0px;\" class=\"sharethis-inline-share-buttons\" ><\/div><p>El candidato de la Coalici\u00f3n Todos por M\u00e9xico a la Presidencia de la Rep\u00fablica, Jos\u00e9 Antonio Meade Kuribre\u00f1a, present\u00f3 esta ma\u00f1ana a los integrantes de su equipo de trabajo, quienes lo acompa\u00f1ar\u00e1n durante este proceso electoral.<\/p>\n<p>Meade exhort\u00f3 a sus colaboradores a trabajar en unidad, a privilegiar el di\u00e1logo y las propuestas, as\u00ed como a redoblar esfuerzos para convertir a M\u00e9xico en una potencia. El aspirante presidencial los incit\u00f3 a dar lo mejor de cada uno de cara al proceso electoral en curso.<\/p>\n<p>La lista de su equipo de campa\u00f1a est\u00e1 integrada por las siguientes personas:<\/p>\n<p>\u2022 Aurelio Nu\u00f1o Mayer, Coordinador General de la Campa\u00f1a<br \/>\n\u2022 Eruviel \u00c1vila Villegas, Vicecoordinador General<br \/>\n\u2022 Vanessa Rubio M\u00e1rquez, Coordinadora de la Oficina del Candidato<br \/>\n\u2022 Jos\u00e9 Ram\u00f3n Martel, Coordinador de Asesor\u00eda Pol\u00edtica<br \/>\n\u2022 Fernando V\u00e1zquez, Coordinador de Mensaje<br \/>\n\u2022 Alejandra Sota, Estrategia de Comunicaci\u00f3n<br \/>\n\u2022 Alejandra Lagunes, Coordinadora de Redes Sociales<br \/>\n\u2022 Emilio Su\u00e1rez Licona, Coordinador Jur\u00eddico<br \/>\n\u2022 Julio C\u00e9sar Guerrero, Coordinador de Operaci\u00f3n y Vinculaci\u00f3n<br \/>\n\u2022 Arturo T\u00e9llez, Coordinador de Fiscalizaci\u00f3n<br \/>\n\u2022 Ignacio V\u00e1zquez Chavolla, Coordinador Administrativo<br \/>\n\u2022 Eduardo Del R\u00edo, Coordinador de Comunicaci\u00f3n Social<br \/>\n\u2022 Antonio Rojas, Secretario Particular del Candidato<br \/>\n\u2022 Rolando Ocampo, Coordinador de Opini\u00f3n P\u00fablica<br \/>\n\u2022 Emilio Fueyo, Coordinador de Asesores del Candidato<br \/>\n\u2022 Julio Di Bella, Vicecoordinador de Redes y Afinidad<br \/>\n\u2022 Mauricio D\u00e1vila, Coordinador de Planeaci\u00f3n<br \/>\n\u2022 Manolo Reynaud, Coordinador de An\u00e1lisis<br \/>\n\u2022 Alejandro Cos\u00edo, Coordinador de Giras<br \/>\n\u2022 Ivonne \u00c1lvarez, Coordinadora de Inclusi\u00f3n y equidad<br \/>\n\u2022 Humberto Roque Villanueva, Coordinador de Vinculaci\u00f3n con las Iglesias<br \/>\n\u2022 Jaime Gonz\u00e1lez Aguad\u00e9, Coordinaci\u00f3n Empresarial<br \/>\n\u2022 Claudia Ruiz Massieu, Coordinaci\u00f3n de Migrantes<br \/>\n\u2022 Adriana Ortiz Lanz, Coordinaci\u00f3n de Educaci\u00f3n<br \/>\n\u2022 Baltazar Hinojosa, Coordinador de Estrategia para el Campo<br \/>\n\u2022 Jos\u00e9 Luis Romero Hicks, Coordinador de Ciencia y Tecnolog\u00eda<br \/>\n\u2022 Mauricio L\u00f3pez, Coordinador de la Campa\u00f1a Permanente<br \/>\n\u2022 Jos\u00e9 Francisco Manzur, Coordinador de Propaganda<br \/>\n\u2022 Javier Lozano, Coordinador de Voceros<br \/>\n\u2022 Mariana Ben\u00edtez, Representante del Grupo Parlamentario del PRI ante el INE<br \/>\n\u2022 Ana Lilia Herrera, Coordinadora de Evaluaci\u00f3n y Seguimiento<br \/>\n\u2022 Luis Madrazo, Asesor en Pol\u00edticas P\u00fablicas y Econ\u00f3micas<br \/>\n\u2022 Francisco Guerrero, Coordinador de Estrategia y Debate<br \/>\n\u2022 Heriberto Galindo, Asesor Pol\u00edtico<br \/>\n\u2022 Enrique Jackson, Asesor Pol\u00edtico<br \/>\n\u2022 Augusto G\u00f3mez Villanueva, Asesor Pol\u00edtico<br \/>\n\u2022 Alfredo Villegas, Gesti\u00f3n Pol\u00edtica<\/p>\n","protected":false},"excerpt":{"rendered":"<p>El candidato de la Coalici\u00f3n Todos por M\u00e9xico a la Presidencia de la Rep\u00fablica, Jos\u00e9<\/p>\n","protected":false},"author":1,"featured_media":1574,"comment_status":"open","ping_status":"open","sticky":false,"template":"","format":"standard","meta":{"footnotes":""},"categories":[1],"tags":[36,10],"class_list":["post-1573","post","type-post","status-publish","format-standard","has-post-thumbnail","hentry","category-municipales","tag-meade","tag-pri"],"yoast_head":"<!-- This site is optimized with the Yoast SEO plugin v25.3 - https:\/\/yoast.com\/wordpress\/plugins\/seo\/ -->\n<title>Meade Kuribre\u00f1a present\u00f3 a su equipo de campa\u00f1a - Volcanes<\/title>\n<meta name=\"robots\" content=\"index, follow, max-snippet:-1, max-image-preview:large, max-video-preview:-1\" \/>\n<link rel=\"canonical\" href=\"https:\/\/volcanes.net\/?p=1573\" \/>\n<meta property=\"og:locale\" content=\"es_MX\" \/>\n<meta property=\"og:type\" content=\"article\" \/>\n<meta property=\"og:title\" content=\"Meade Kuribre\u00f1a present\u00f3 a su equipo de campa\u00f1a - Volcanes\" \/>\n<meta property=\"og:description\" content=\"El candidato de la Coalici\u00f3n Todos por M\u00e9xico a la Presidencia de la Rep\u00fablica, Jos\u00e9\" \/>\n<meta property=\"og:url\" content=\"https:\/\/volcanes.net\/?p=1573\" \/>\n<meta property=\"og:site_name\" content=\"Volcanes\" \/>\n<meta property=\"article:publisher\" content=\"https:\/\/www.facebook.com\/volcanes.net\/\" \/>\n<meta property=\"article:published_time\" content=\"2018-02-26T16:56:16+00:00\" \/>\n<meta property=\"og:image\" content=\"https:\/\/volcanes.net\/wp-content\/uploads\/2018\/02\/WhatsApp-Image-2018-02-26-at-10.54.24-AM-e1519664162202.jpeg\" \/>\n\t<meta property=\"og:image:width\" content=\"600\" \/>\n\t<meta property=\"og:image:height\" content=\"438\" \/>\n\t<meta property=\"og:image:type\" content=\"image\/jpeg\" \/>\n<meta name=\"author\" content=\"admin\" \/>\n<meta name=\"twitter:card\" content=\"summary_large_image\" \/>\n<meta name=\"twitter:label1\" content=\"Escrito por\" \/>\n\t<meta name=\"twitter:data1\" content=\"admin\" \/>\n\t<meta name=\"twitter:label2\" content=\"Tiempo de lectura\" \/>\n\t<meta name=\"twitter:data2\" content=\"2 minutos\" \/>\n<script type=\"application\/ld+json\" class=\"yoast-schema-graph\">{\"@context\":\"https:\/\/schema.org\",\"@graph\":[{\"@type\":\"Article\",\"@id\":\"https:\/\/volcanes.net\/?p=1573#article\",\"isPartOf\":{\"@id\":\"https:\/\/volcanes.net\/?p=1573\"},\"author\":{\"name\":\"admin\",\"@id\":\"https:\/\/volcanes.net\/#\/schema\/person\/4bf0f383940966a4abd53f5048c0e6b9\"},\"headline\":\"Meade Kuribre\u00f1a present\u00f3 a su equipo de campa\u00f1a\",\"datePublished\":\"2018-02-26T16:56:16+00:00\",\"mainEntityOfPage\":{\"@id\":\"https:\/\/volcanes.net\/?p=1573\"},\"wordCount\":397,\"commentCount\":0,\"publisher\":{\"@id\":\"https:\/\/volcanes.net\/#organization\"},\"image\":{\"@id\":\"https:\/\/volcanes.net\/?p=1573#primaryimage\"},\"thumbnailUrl\":\"https:\/\/volcanes.net\/wp-content\/uploads\/2018\/02\/WhatsApp-Image-2018-02-26-at-10.54.24-AM-e1519664162202.jpeg\",\"keywords\":[\"Meade\",\"PRI\"],\"articleSection\":[\"Municipales\"],\"inLanguage\":\"es\",\"potentialAction\":[{\"@type\":\"CommentAction\",\"name\":\"Comment\",\"target\":[\"https:\/\/volcanes.net\/?p=1573#respond\"]}]},{\"@type\":\"WebPage\",\"@id\":\"https:\/\/volcanes.net\/?p=1573\",\"url\":\"https:\/\/volcanes.net\/?p=1573\",\"name\":\"Meade Kuribre\u00f1a present\u00f3 a su equipo de campa\u00f1a - Volcanes\",\"isPartOf\":{\"@id\":\"https:\/\/volcanes.net\/#website\"},\"primaryImageOfPage\":{\"@id\":\"https:\/\/volcanes.net\/?p=1573#primaryimage\"},\"image\":{\"@id\":\"https:\/\/volcanes.net\/?p=1573#primaryimage\"},\"thumbnailUrl\":\"https:\/\/volcanes.net\/wp-content\/uploads\/2018\/02\/WhatsApp-Image-2018-02-26-at-10.54.24-AM-e1519664162202.jpeg\",\"datePublished\":\"2018-02-26T16:56:16+00:00\",\"breadcrumb\":{\"@id\":\"https:\/\/volcanes.net\/?p=1573#breadcrumb\"},\"inLanguage\":\"es\",\"potentialAction\":[{\"@type\":\"ReadAction\",\"target\":[\"https:\/\/volcanes.net\/?p=1573\"]}]},{\"@type\":\"ImageObject\",\"inLanguage\":\"es\",\"@id\":\"https:\/\/volcanes.net\/?p=1573#primaryimage\",\"url\":\"https:\/\/volcanes.net\/wp-content\/uploads\/2018\/02\/WhatsApp-Image-2018-02-26-at-10.54.24-AM-e1519664162202.jpeg\",\"contentUrl\":\"https:\/\/volcanes.net\/wp-content\/uploads\/2018\/02\/WhatsApp-Image-2018-02-26-at-10.54.24-AM-e1519664162202.jpeg\",\"width\":600,\"height\":438},{\"@type\":\"BreadcrumbList\",\"@id\":\"https:\/\/volcanes.net\/?p=1573#breadcrumb\",\"itemListElement\":[{\"@type\":\"ListItem\",\"position\":1,\"name\":\"Portada\",\"item\":\"https:\/\/volcanes.net\/\"},{\"@type\":\"ListItem\",\"position\":2,\"name\":\"Meade Kuribre\u00f1a present\u00f3 a su equipo de campa\u00f1a\"}]},{\"@type\":\"WebSite\",\"@id\":\"https:\/\/volcanes.net\/#website\",\"url\":\"https:\/\/volcanes.net\/\",\"name\":\"Volcanes.Net\",\"description\":\"Periodismo Profesional\",\"publisher\":{\"@id\":\"https:\/\/volcanes.net\/#organization\"},\"potentialAction\":[{\"@type\":\"SearchAction\",\"target\":{\"@type\":\"EntryPoint\",\"urlTemplate\":\"https:\/\/volcanes.net\/?s={search_term_string}\"},\"query-input\":{\"@type\":\"PropertyValueSpecification\",\"valueRequired\":true,\"valueName\":\"search_term_string\"}}],\"inLanguage\":\"es\"},{\"@type\":\"Organization\",\"@id\":\"https:\/\/volcanes.net\/#organization\",\"name\":\"Grupo Volcanes\",\"url\":\"https:\/\/volcanes.net\/\",\"logo\":{\"@type\":\"ImageObject\",\"inLanguage\":\"es\",\"@id\":\"https:\/\/volcanes.net\/#\/schema\/logo\/image\/\",\"url\":\"http:\/\/volcanes.net\/wp-content\/uploads\/2017\/12\/Avatar2.jpg\",\"contentUrl\":\"http:\/\/volcanes.net\/wp-content\/uploads\/2017\/12\/Avatar2.jpg\",\"width\":378,\"height\":378,\"caption\":\"Grupo Volcanes\"},\"image\":{\"@id\":\"https:\/\/volcanes.net\/#\/schema\/logo\/image\/\"},\"sameAs\":[\"https:\/\/www.facebook.com\/volcanes.net\/\"]},{\"@type\":\"Person\",\"@id\":\"https:\/\/volcanes.net\/#\/schema\/person\/4bf0f383940966a4abd53f5048c0e6b9\",\"name\":\"admin\",\"image\":{\"@type\":\"ImageObject\",\"inLanguage\":\"es\",\"@id\":\"https:\/\/volcanes.net\/#\/schema\/person\/image\/\",\"url\":\"https:\/\/secure.gravatar.com\/avatar\/ca004e6cba8462b8cb7abc86e382930c?s=96&d=mm&r=g\",\"contentUrl\":\"https:\/\/secure.gravatar.com\/avatar\/ca004e6cba8462b8cb7abc86e382930c?s=96&d=mm&r=g\",\"caption\":\"admin\"}}]}<\/script>\n<!-- \/ Yoast SEO plugin. -->","yoast_head_json":{"title":"Meade Kuribre\u00f1a present\u00f3 a su equipo de campa\u00f1a - Volcanes","robots":{"index":"index","follow":"follow","max-snippet":"max-snippet:-1","max-image-preview":"max-image-preview:large","max-video-preview":"max-video-preview:-1"},"canonical":"https:\/\/volcanes.net\/?p=1573","og_locale":"es_MX","og_type":"article","og_title":"Meade Kuribre\u00f1a present\u00f3 a su equipo de campa\u00f1a - Volcanes","og_description":"El candidato de la Coalici\u00f3n Todos por M\u00e9xico a la Presidencia de la Rep\u00fablica, Jos\u00e9","og_url":"https:\/\/volcanes.net\/?p=1573","og_site_name":"Volcanes","article_publisher":"https:\/\/www.facebook.com\/volcanes.net\/","article_published_time":"2018-02-26T16:56:16+00:00","og_image":[{"width":600,"height":438,"url":"https:\/\/volcanes.net\/wp-content\/uploads\/2018\/02\/WhatsApp-Image-2018-02-26-at-10.54.24-AM-e1519664162202.jpeg","type":"image\/jpeg"}],"author":"admin","twitter_card":"summary_large_image","twitter_misc":{"Escrito por":"admin","Tiempo de lectura":"2 minutos"},"schema":{"@context":"https:\/\/schema.org","@graph":[{"@type":"Article","@id":"https:\/\/volcanes.net\/?p=1573#article","isPartOf":{"@id":"https:\/\/volcanes.net\/?p=1573"},"author":{"name":"admin","@id":"https:\/\/volcanes.net\/#\/schema\/person\/4bf0f383940966a4abd53f5048c0e6b9"},"headline":"Meade Kuribre\u00f1a present\u00f3 a su equipo de campa\u00f1a","datePublished":"2018-02-26T16:56:16+00:00","mainEntityOfPage":{"@id":"https:\/\/volcanes.net\/?p=1573"},"wordCount":397,"commentCount":0,"publisher":{"@id":"https:\/\/volcanes.net\/#organization"},"image":{"@id":"https:\/\/volcanes.net\/?p=1573#primaryimage"},"thumbnailUrl":"https:\/\/volcanes.net\/wp-content\/uploads\/2018\/02\/WhatsApp-Image-2018-02-26-at-10.54.24-AM-e1519664162202.jpeg","keywords":["Meade","PRI"],"articleSection":["Municipales"],"inLanguage":"es","potentialAction":[{"@type":"CommentAction","name":"Comment","target":["https:\/\/volcanes.net\/?p=1573#respond"]}]},{"@type":"WebPage","@id":"https:\/\/volcanes.net\/?p=1573","url":"https:\/\/volcanes.net\/?p=1573","name":"Meade Kuribre\u00f1a present\u00f3 a su equipo de campa\u00f1a - Volcanes","isPartOf":{"@id":"https:\/\/volcanes.net\/#website"},"primaryImageOfPage":{"@id":"https:\/\/volcanes.net\/?p=1573#primaryimage"},"image":{"@id":"https:\/\/volcanes.net\/?p=1573#primaryimage"},"thumbnailUrl":"https:\/\/volcanes.net\/wp-content\/uploads\/2018\/02\/WhatsApp-Image-2018-02-26-at-10.54.24-AM-e1519664162202.jpeg","datePublished":"2018-02-26T16:56:16+00:00","breadcrumb":{"@id":"https:\/\/volcanes.net\/?p=1573#breadcrumb"},"inLanguage":"es","potentialAction":[{"@type":"ReadAction","target":["https:\/\/volcanes.net\/?p=1573"]}]},{"@type":"ImageObject","inLanguage":"es","@id":"https:\/\/volcanes.net\/?p=1573#primaryimage","url":"https:\/\/volcanes.net\/wp-content\/uploads\/2018\/02\/WhatsApp-Image-2018-02-26-at-10.54.24-AM-e1519664162202.jpeg","contentUrl":"https:\/\/volcanes.net\/wp-content\/uploads\/2018\/02\/WhatsApp-Image-2018-02-26-at-10.54.24-AM-e1519664162202.jpeg","width":600,"height":438},{"@type":"BreadcrumbList","@id":"https:\/\/volcanes.net\/?p=1573#breadcrumb","itemListElement":[{"@type":"ListItem","position":1,"name":"Portada","item":"https:\/\/volcanes.net\/"},{"@type":"ListItem","position":2,"name":"Meade Kuribre\u00f1a present\u00f3 a su equipo de campa\u00f1a"}]},{"@type":"WebSite","@id":"https:\/\/volcanes.net\/#website","url":"https:\/\/volcanes.net\/","name":"Volcanes.Net","description":"Periodismo Profesional","publisher":{"@id":"https:\/\/volcanes.net\/#organization"},"potentialAction":[{"@type":"SearchAction","target":{"@type":"EntryPoint","urlTemplate":"https:\/\/volcanes.net\/?s={search_term_string}"},"query-input":{"@type":"PropertyValueSpecification","valueRequired":true,"valueName":"search_term_string"}}],"inLanguage":"es"},{"@type":"Organization","@id":"https:\/\/volcanes.net\/#organization","name":"Grupo Volcanes","url":"https:\/\/volcanes.net\/","logo":{"@type":"ImageObject","inLanguage":"es","@id":"https:\/\/volcanes.net\/#\/schema\/logo\/image\/","url":"http:\/\/volcanes.net\/wp-content\/uploads\/2017\/12\/Avatar2.jpg","contentUrl":"http:\/\/volcanes.net\/wp-content\/uploads\/2017\/12\/Avatar2.jpg","width":378,"height":378,"caption":"Grupo Volcanes"},"image":{"@id":"https:\/\/volcanes.net\/#\/schema\/logo\/image\/"},"sameAs":["https:\/\/www.facebook.com\/volcanes.net\/"]},{"@type":"Person","@id":"https:\/\/volcanes.net\/#\/schema\/person\/4bf0f383940966a4abd53f5048c0e6b9","name":"admin","image":{"@type":"ImageObject","inLanguage":"es","@id":"https:\/\/volcanes.net\/#\/schema\/person\/image\/","url":"https:\/\/secure.gravatar.com\/avatar\/ca004e6cba8462b8cb7abc86e382930c?s=96&d=mm&r=g","contentUrl":"https:\/\/secure.gravatar.com\/avatar\/ca004e6cba8462b8cb7abc86e382930c?s=96&d=mm&r=g","caption":"admin"}}]}},"_links":{"self":[{"href":"https:\/\/volcanes.net\/index.php?rest_route=\/wp\/v2\/posts\/1573"}],"collection":[{"href":"https:\/\/volcanes.net\/index.php?rest_route=\/wp\/v2\/posts"}],"about":[{"href":"https:\/\/volcanes.net\/index.php?rest_route=\/wp\/v2\/types\/post"}],"author":[{"embeddable":true,"href":"https:\/\/volcanes.net\/index.php?rest_route=\/wp\/v2\/users\/1"}],"replies":[{"embeddable":true,"href":"https:\/\/volcanes.net\/index.php?rest_route=%2Fwp%2Fv2%2Fcomments&post=1573"}],"version-history":[{"count":1,"href":"https:\/\/volcanes.net\/index.php?rest_route=\/wp\/v2\/posts\/1573\/revisions"}],"predecessor-version":[{"id":1575,"href":"https:\/\/volcanes.net\/index.php?rest_route=\/wp\/v2\/posts\/1573\/revisions\/1575"}],"wp:featuredmedia":[{"embeddable":true,"href":"https:\/\/volcanes.net\/index.php?rest_route=\/wp\/v2\/media\/1574"}],"wp:attachment":[{"href":"https:\/\/volcanes.net\/index.php?rest_route=%2Fwp%2Fv2%2Fmedia&parent=1573"}],"wp:term":[{"taxonomy":"category","embeddable":true,"href":"https:\/\/volcanes.net\/index.php?rest_route=%2Fwp%2Fv2%2Fcategories&post=1573"},{"taxonomy":"post_tag","embeddable":true,"href":"https:\/\/volcanes.net\/index.php?rest_route=%2Fwp%2Fv2%2Ftags&post=1573"}],"curies":[{"name":"wp","href":"https:\/\/api.w.org\/{rel}","templated":true}]}}