{"id":1601,"date":"2018-02-26T23:41:23","date_gmt":"2018-02-26T23:41:23","guid":{"rendered":"http:\/\/volcanes.net\/?p=1601"},"modified":"2018-02-26T23:41:23","modified_gmt":"2018-02-26T23:41:23","slug":"egresado-uaem-exhibio-otras-personalidades-en-alemania","status":"publish","type":"post","link":"https:\/\/volcanes.net\/?p=1601","title":{"rendered":"Egresado UAEM exhibi\u00f3 \u201cOtras personalidades\u201d en Alemania"},"content":{"rendered":"<div style=\"margin-top: 0px; margin-bottom: 0px;\" class=\"sharethis-inline-share-buttons\" ><\/div><ul>\n<li style=\"font-weight: 400\"><em>El tema de la muestra de Jos\u00e9 Manuel Garc\u00eda Chino, de la Facultad de Artes, es la m\u00e1scara mexicana.<\/em><\/li>\n<\/ul>\n<p style=\"font-weight: 400\"><strong>\u00a0<\/strong><\/p>\n<p style=\"font-weight: 400\"><strong>Toluca, M\u00e9x. \u2013 26 de febrero de 2018.<\/strong>\u00a0Jos\u00e9 Manuel Garc\u00eda Chino, egresado de la Facultad de Artes de la Universidad Aut\u00f3noma del Estado de M\u00e9xico, realiz\u00f3 una estancia de tres meses en Gauting, Alemania, donde mont\u00f3 la exposici\u00f3n \u201cOtras personalidades\u201d<em>.<\/em><\/p>\n<p style=\"font-weight: 400\">En la Galer\u00eda \u201cKunstverein Gauting\u201d, el artista universitario expuso 36 obras, que trabaj\u00f3 durante dos a\u00f1os. &#8220;Fue mi primera exposici\u00f3n de gr\u00e1fica tradicional fuera de M\u00e9xico\u201d.<\/p>\n<p style=\"font-weight: 400\">Refiri\u00f3 que el tema de la muestra es la m\u00e1scara mexicana y en particular, aquellas realizadas en el municipio de Quechultenango, Guerrero, de donde es originario.<\/p>\n<p style=\"font-weight: 400\">La lectura de Octavio Paz, Carlos Fuentes y Carlos Monsiv\u00e1is me permiti\u00f3 realizar este trabajo, que resalta la imagen de lo mexicano y provoca una reflexi\u00f3n sobre la identidad nacional.<\/p>\n<p style=\"font-weight: 400\">La m\u00e1scara, afirm\u00f3, no es una representaci\u00f3n del rostro y s\u00ed un objeto que simboliza el encuentro con la espiritualidad. \u201cEn sus circunstancias, los mexicanos huimos hacia otros escenarios y la m\u00e1scara nos protege en este trayecto\u201d.<\/p>\n<p style=\"font-weight: 400\">Detall\u00f3 que tambi\u00e9n formaron parte de esta exposici\u00f3n 20 trabajos de alumnos a quienes imparte clases de dibujo experimental y fotograf\u00eda en el municipio de Nicol\u00e1s Romero, Estado de M\u00e9xico.<\/p>\n<p style=\"font-weight: 400\">Durante su estancia en Alemania, Jos\u00e9 Manuel Garc\u00eda Chino imparti\u00f3 un curso en el Colegio Theresa Gerhardinger Gymnasium am Anger. \u201cNo domino el alem\u00e1n, pero el arte nos permiti\u00f3 crear un lenguaje que va m\u00e1s all\u00e1 de cualquier barrera\u201d, concluy\u00f3.<\/p>\n","protected":false},"excerpt":{"rendered":"<p>El tema de la muestra de Jos\u00e9 Manuel Garc\u00eda Chino, de la Facultad de Artes,<\/p>\n","protected":false},"author":1,"featured_media":1600,"comment_status":"open","ping_status":"open","sticky":false,"template":"","format":"standard","meta":{"footnotes":""},"categories":[1],"tags":[25,24],"class_list":["post-1601","post","type-post","status-publish","format-standard","has-post-thumbnail","hentry","category-municipales","tag-uaem","tag-uaemex"],"yoast_head":"<!-- This site is optimized with the Yoast SEO plugin v25.3 - https:\/\/yoast.com\/wordpress\/plugins\/seo\/ -->\n<title>Egresado UAEM exhibi\u00f3 \u201cOtras personalidades\u201d en Alemania - Volcanes<\/title>\n<meta name=\"robots\" content=\"index, follow, max-snippet:-1, max-image-preview:large, max-video-preview:-1\" \/>\n<link rel=\"canonical\" href=\"https:\/\/volcanes.net\/?p=1601\" \/>\n<meta property=\"og:locale\" content=\"es_MX\" \/>\n<meta property=\"og:type\" content=\"article\" \/>\n<meta property=\"og:title\" content=\"Egresado UAEM exhibi\u00f3 \u201cOtras personalidades\u201d en Alemania - Volcanes\" \/>\n<meta property=\"og:description\" content=\"El tema de la muestra de Jos\u00e9 Manuel Garc\u00eda Chino, de la Facultad de Artes,\" \/>\n<meta property=\"og:url\" content=\"https:\/\/volcanes.net\/?p=1601\" \/>\n<meta property=\"og:site_name\" content=\"Volcanes\" \/>\n<meta property=\"article:publisher\" content=\"https:\/\/www.facebook.com\/volcanes.net\/\" \/>\n<meta property=\"article:published_time\" content=\"2018-02-26T23:41:23+00:00\" \/>\n<meta property=\"og:image\" content=\"https:\/\/volcanes.net\/wp-content\/uploads\/2018\/02\/Comun-161-12.jpg\" \/>\n\t<meta property=\"og:image:width\" content=\"448\" \/>\n\t<meta property=\"og:image:height\" content=\"299\" \/>\n\t<meta property=\"og:image:type\" content=\"image\/jpeg\" \/>\n<meta name=\"author\" content=\"admin\" \/>\n<meta name=\"twitter:card\" content=\"summary_large_image\" \/>\n<meta name=\"twitter:label1\" content=\"Escrito por\" \/>\n\t<meta name=\"twitter:data1\" content=\"admin\" \/>\n\t<meta name=\"twitter:label2\" content=\"Tiempo de lectura\" \/>\n\t<meta name=\"twitter:data2\" content=\"1 minuto\" \/>\n<script type=\"application\/ld+json\" class=\"yoast-schema-graph\">{\"@context\":\"https:\/\/schema.org\",\"@graph\":[{\"@type\":\"Article\",\"@id\":\"https:\/\/volcanes.net\/?p=1601#article\",\"isPartOf\":{\"@id\":\"https:\/\/volcanes.net\/?p=1601\"},\"author\":{\"name\":\"admin\",\"@id\":\"https:\/\/volcanes.net\/#\/schema\/person\/4bf0f383940966a4abd53f5048c0e6b9\"},\"headline\":\"Egresado UAEM exhibi\u00f3 \u201cOtras personalidades\u201d en Alemania\",\"datePublished\":\"2018-02-26T23:41:23+00:00\",\"mainEntityOfPage\":{\"@id\":\"https:\/\/volcanes.net\/?p=1601\"},\"wordCount\":277,\"commentCount\":0,\"publisher\":{\"@id\":\"https:\/\/volcanes.net\/#organization\"},\"image\":{\"@id\":\"https:\/\/volcanes.net\/?p=1601#primaryimage\"},\"thumbnailUrl\":\"https:\/\/volcanes.net\/wp-content\/uploads\/2018\/02\/Comun-161-12.jpg\",\"keywords\":[\"UAEM\",\"UAEMEX\"],\"articleSection\":[\"Municipales\"],\"inLanguage\":\"es\",\"potentialAction\":[{\"@type\":\"CommentAction\",\"name\":\"Comment\",\"target\":[\"https:\/\/volcanes.net\/?p=1601#respond\"]}]},{\"@type\":\"WebPage\",\"@id\":\"https:\/\/volcanes.net\/?p=1601\",\"url\":\"https:\/\/volcanes.net\/?p=1601\",\"name\":\"Egresado UAEM exhibi\u00f3 \u201cOtras personalidades\u201d en Alemania - Volcanes\",\"isPartOf\":{\"@id\":\"https:\/\/volcanes.net\/#website\"},\"primaryImageOfPage\":{\"@id\":\"https:\/\/volcanes.net\/?p=1601#primaryimage\"},\"image\":{\"@id\":\"https:\/\/volcanes.net\/?p=1601#primaryimage\"},\"thumbnailUrl\":\"https:\/\/volcanes.net\/wp-content\/uploads\/2018\/02\/Comun-161-12.jpg\",\"datePublished\":\"2018-02-26T23:41:23+00:00\",\"breadcrumb\":{\"@id\":\"https:\/\/volcanes.net\/?p=1601#breadcrumb\"},\"inLanguage\":\"es\",\"potentialAction\":[{\"@type\":\"ReadAction\",\"target\":[\"https:\/\/volcanes.net\/?p=1601\"]}]},{\"@type\":\"ImageObject\",\"inLanguage\":\"es\",\"@id\":\"https:\/\/volcanes.net\/?p=1601#primaryimage\",\"url\":\"https:\/\/volcanes.net\/wp-content\/uploads\/2018\/02\/Comun-161-12.jpg\",\"contentUrl\":\"https:\/\/volcanes.net\/wp-content\/uploads\/2018\/02\/Comun-161-12.jpg\",\"width\":448,\"height\":299},{\"@type\":\"BreadcrumbList\",\"@id\":\"https:\/\/volcanes.net\/?p=1601#breadcrumb\",\"itemListElement\":[{\"@type\":\"ListItem\",\"position\":1,\"name\":\"Portada\",\"item\":\"https:\/\/volcanes.net\/\"},{\"@type\":\"ListItem\",\"position\":2,\"name\":\"Egresado UAEM exhibi\u00f3 \u201cOtras personalidades\u201d en Alemania\"}]},{\"@type\":\"WebSite\",\"@id\":\"https:\/\/volcanes.net\/#website\",\"url\":\"https:\/\/volcanes.net\/\",\"name\":\"Volcanes.Net\",\"description\":\"Periodismo Profesional\",\"publisher\":{\"@id\":\"https:\/\/volcanes.net\/#organization\"},\"potentialAction\":[{\"@type\":\"SearchAction\",\"target\":{\"@type\":\"EntryPoint\",\"urlTemplate\":\"https:\/\/volcanes.net\/?s={search_term_string}\"},\"query-input\":{\"@type\":\"PropertyValueSpecification\",\"valueRequired\":true,\"valueName\":\"search_term_string\"}}],\"inLanguage\":\"es\"},{\"@type\":\"Organization\",\"@id\":\"https:\/\/volcanes.net\/#organization\",\"name\":\"Grupo Volcanes\",\"url\":\"https:\/\/volcanes.net\/\",\"logo\":{\"@type\":\"ImageObject\",\"inLanguage\":\"es\",\"@id\":\"https:\/\/volcanes.net\/#\/schema\/logo\/image\/\",\"url\":\"http:\/\/volcanes.net\/wp-content\/uploads\/2017\/12\/Avatar2.jpg\",\"contentUrl\":\"http:\/\/volcanes.net\/wp-content\/uploads\/2017\/12\/Avatar2.jpg\",\"width\":378,\"height\":378,\"caption\":\"Grupo Volcanes\"},\"image\":{\"@id\":\"https:\/\/volcanes.net\/#\/schema\/logo\/image\/\"},\"sameAs\":[\"https:\/\/www.facebook.com\/volcanes.net\/\"]},{\"@type\":\"Person\",\"@id\":\"https:\/\/volcanes.net\/#\/schema\/person\/4bf0f383940966a4abd53f5048c0e6b9\",\"name\":\"admin\",\"image\":{\"@type\":\"ImageObject\",\"inLanguage\":\"es\",\"@id\":\"https:\/\/volcanes.net\/#\/schema\/person\/image\/\",\"url\":\"https:\/\/secure.gravatar.com\/avatar\/ca004e6cba8462b8cb7abc86e382930c?s=96&d=mm&r=g\",\"contentUrl\":\"https:\/\/secure.gravatar.com\/avatar\/ca004e6cba8462b8cb7abc86e382930c?s=96&d=mm&r=g\",\"caption\":\"admin\"}}]}<\/script>\n<!-- \/ Yoast SEO plugin. -->","yoast_head_json":{"title":"Egresado UAEM exhibi\u00f3 \u201cOtras personalidades\u201d en Alemania - Volcanes","robots":{"index":"index","follow":"follow","max-snippet":"max-snippet:-1","max-image-preview":"max-image-preview:large","max-video-preview":"max-video-preview:-1"},"canonical":"https:\/\/volcanes.net\/?p=1601","og_locale":"es_MX","og_type":"article","og_title":"Egresado UAEM exhibi\u00f3 \u201cOtras personalidades\u201d en Alemania - Volcanes","og_description":"El tema de la muestra de Jos\u00e9 Manuel Garc\u00eda Chino, de la Facultad de Artes,","og_url":"https:\/\/volcanes.net\/?p=1601","og_site_name":"Volcanes","article_publisher":"https:\/\/www.facebook.com\/volcanes.net\/","article_published_time":"2018-02-26T23:41:23+00:00","og_image":[{"width":448,"height":299,"url":"https:\/\/volcanes.net\/wp-content\/uploads\/2018\/02\/Comun-161-12.jpg","type":"image\/jpeg"}],"author":"admin","twitter_card":"summary_large_image","twitter_misc":{"Escrito por":"admin","Tiempo de lectura":"1 minuto"},"schema":{"@context":"https:\/\/schema.org","@graph":[{"@type":"Article","@id":"https:\/\/volcanes.net\/?p=1601#article","isPartOf":{"@id":"https:\/\/volcanes.net\/?p=1601"},"author":{"name":"admin","@id":"https:\/\/volcanes.net\/#\/schema\/person\/4bf0f383940966a4abd53f5048c0e6b9"},"headline":"Egresado UAEM exhibi\u00f3 \u201cOtras personalidades\u201d en Alemania","datePublished":"2018-02-26T23:41:23+00:00","mainEntityOfPage":{"@id":"https:\/\/volcanes.net\/?p=1601"},"wordCount":277,"commentCount":0,"publisher":{"@id":"https:\/\/volcanes.net\/#organization"},"image":{"@id":"https:\/\/volcanes.net\/?p=1601#primaryimage"},"thumbnailUrl":"https:\/\/volcanes.net\/wp-content\/uploads\/2018\/02\/Comun-161-12.jpg","keywords":["UAEM","UAEMEX"],"articleSection":["Municipales"],"inLanguage":"es","potentialAction":[{"@type":"CommentAction","name":"Comment","target":["https:\/\/volcanes.net\/?p=1601#respond"]}]},{"@type":"WebPage","@id":"https:\/\/volcanes.net\/?p=1601","url":"https:\/\/volcanes.net\/?p=1601","name":"Egresado UAEM exhibi\u00f3 \u201cOtras personalidades\u201d en Alemania - Volcanes","isPartOf":{"@id":"https:\/\/volcanes.net\/#website"},"primaryImageOfPage":{"@id":"https:\/\/volcanes.net\/?p=1601#primaryimage"},"image":{"@id":"https:\/\/volcanes.net\/?p=1601#primaryimage"},"thumbnailUrl":"https:\/\/volcanes.net\/wp-content\/uploads\/2018\/02\/Comun-161-12.jpg","datePublished":"2018-02-26T23:41:23+00:00","breadcrumb":{"@id":"https:\/\/volcanes.net\/?p=1601#breadcrumb"},"inLanguage":"es","potentialAction":[{"@type":"ReadAction","target":["https:\/\/volcanes.net\/?p=1601"]}]},{"@type":"ImageObject","inLanguage":"es","@id":"https:\/\/volcanes.net\/?p=1601#primaryimage","url":"https:\/\/volcanes.net\/wp-content\/uploads\/2018\/02\/Comun-161-12.jpg","contentUrl":"https:\/\/volcanes.net\/wp-content\/uploads\/2018\/02\/Comun-161-12.jpg","width":448,"height":299},{"@type":"BreadcrumbList","@id":"https:\/\/volcanes.net\/?p=1601#breadcrumb","itemListElement":[{"@type":"ListItem","position":1,"name":"Portada","item":"https:\/\/volcanes.net\/"},{"@type":"ListItem","position":2,"name":"Egresado UAEM exhibi\u00f3 \u201cOtras personalidades\u201d en Alemania"}]},{"@type":"WebSite","@id":"https:\/\/volcanes.net\/#website","url":"https:\/\/volcanes.net\/","name":"Volcanes.Net","description":"Periodismo Profesional","publisher":{"@id":"https:\/\/volcanes.net\/#organization"},"potentialAction":[{"@type":"SearchAction","target":{"@type":"EntryPoint","urlTemplate":"https:\/\/volcanes.net\/?s={search_term_string}"},"query-input":{"@type":"PropertyValueSpecification","valueRequired":true,"valueName":"search_term_string"}}],"inLanguage":"es"},{"@type":"Organization","@id":"https:\/\/volcanes.net\/#organization","name":"Grupo Volcanes","url":"https:\/\/volcanes.net\/","logo":{"@type":"ImageObject","inLanguage":"es","@id":"https:\/\/volcanes.net\/#\/schema\/logo\/image\/","url":"http:\/\/volcanes.net\/wp-content\/uploads\/2017\/12\/Avatar2.jpg","contentUrl":"http:\/\/volcanes.net\/wp-content\/uploads\/2017\/12\/Avatar2.jpg","width":378,"height":378,"caption":"Grupo Volcanes"},"image":{"@id":"https:\/\/volcanes.net\/#\/schema\/logo\/image\/"},"sameAs":["https:\/\/www.facebook.com\/volcanes.net\/"]},{"@type":"Person","@id":"https:\/\/volcanes.net\/#\/schema\/person\/4bf0f383940966a4abd53f5048c0e6b9","name":"admin","image":{"@type":"ImageObject","inLanguage":"es","@id":"https:\/\/volcanes.net\/#\/schema\/person\/image\/","url":"https:\/\/secure.gravatar.com\/avatar\/ca004e6cba8462b8cb7abc86e382930c?s=96&d=mm&r=g","contentUrl":"https:\/\/secure.gravatar.com\/avatar\/ca004e6cba8462b8cb7abc86e382930c?s=96&d=mm&r=g","caption":"admin"}}]}},"_links":{"self":[{"href":"https:\/\/volcanes.net\/index.php?rest_route=\/wp\/v2\/posts\/1601"}],"collection":[{"href":"https:\/\/volcanes.net\/index.php?rest_route=\/wp\/v2\/posts"}],"about":[{"href":"https:\/\/volcanes.net\/index.php?rest_route=\/wp\/v2\/types\/post"}],"author":[{"embeddable":true,"href":"https:\/\/volcanes.net\/index.php?rest_route=\/wp\/v2\/users\/1"}],"replies":[{"embeddable":true,"href":"https:\/\/volcanes.net\/index.php?rest_route=%2Fwp%2Fv2%2Fcomments&post=1601"}],"version-history":[{"count":2,"href":"https:\/\/volcanes.net\/index.php?rest_route=\/wp\/v2\/posts\/1601\/revisions"}],"predecessor-version":[{"id":1603,"href":"https:\/\/volcanes.net\/index.php?rest_route=\/wp\/v2\/posts\/1601\/revisions\/1603"}],"wp:featuredmedia":[{"embeddable":true,"href":"https:\/\/volcanes.net\/index.php?rest_route=\/wp\/v2\/media\/1600"}],"wp:attachment":[{"href":"https:\/\/volcanes.net\/index.php?rest_route=%2Fwp%2Fv2%2Fmedia&parent=1601"}],"wp:term":[{"taxonomy":"category","embeddable":true,"href":"https:\/\/volcanes.net\/index.php?rest_route=%2Fwp%2Fv2%2Fcategories&post=1601"},{"taxonomy":"post_tag","embeddable":true,"href":"https:\/\/volcanes.net\/index.php?rest_route=%2Fwp%2Fv2%2Ftags&post=1601"}],"curies":[{"name":"wp","href":"https:\/\/api.w.org\/{rel}","templated":true}]}}