{"id":1640,"date":"2018-02-27T14:18:57","date_gmt":"2018-02-27T14:18:57","guid":{"rendered":"http:\/\/volcanes.net\/?p=1640"},"modified":"2018-02-27T14:18:57","modified_gmt":"2018-02-27T14:18:57","slug":"garantizar-derechos-indigenas-preservara-nuestra-historia-mancera","status":"publish","type":"post","link":"https:\/\/volcanes.net\/?p=1640","title":{"rendered":"Garantizar derechos ind\u00edgenas preservar\u00e1 nuestra historia Mancera"},"content":{"rendered":"<div style=\"margin-top: 0px; margin-bottom: 0px;\" class=\"sharethis-inline-share-buttons\" ><\/div><p>El jefe de Gobierno, Miguel \u00c1ngel Mancera, se\u00f1al\u00f3 que es motivo de orgullo que la Organizaci\u00f3n de las Naciones Unidas (ONU) reconozca a la Constituci\u00f3n Pol\u00edtica de la Ciudad de M\u00e9xico como el primer instrumento jur\u00eddico que recoge la Declaraci\u00f3n de los Derechos de los Pueblos Ind\u00edgenas.<\/p>\n<p>\u201cSi hoy garantizamos los derechos de las comunidades, de las etnias, vamos a tener garantizada nuestra historia, (\u2026) a todos nos interesa llegar a nuestras ra\u00edces, a nuestros or\u00edgenes, a conservar a nuestros pueblos, a mostrar lo que es la ra\u00edz de la mexicanidad\u201d, sostuvo.<\/p>\n<p>Destac\u00f3 que la incorporaci\u00f3n de los derechos de los pueblos ind\u00edgenas que habitan o est\u00e1n en tr\u00e1nsito en la capital del pa\u00eds en la Carta Magna local pretende garantizar el trato igualitario y el ejercicio pleno sus derechos.<\/p>\n<p>Por esa raz\u00f3n, el Gobierno de la Ciudad de M\u00e9xico trabaja en la implementaci\u00f3n de la declaratoria de manera transversal, al incluir a todas sus instituciones en el \u00e1mbito de su competencia.<\/p>\n<p>\u201cLas l\u00edneas m\u00ednimas fundamentales de los derechos de las comunidades ya est\u00e1n en la Constituci\u00f3n, as\u00ed que ahora hay que ocuparnos en plantear todos estos derechos en nuestros diferentes ordenamientos jur\u00eddicos\u201d, puntualiz\u00f3 Mancera Espinosa.<\/p>\n<p>La vicepresidenta del Mecanismo de Expertos sobre los Derechos de los Pueblos Ind\u00edgenas de Naciones Unidas, Erika Yamada, y la tambi\u00e9n integrante de este organismo internacional, Kristen Carpenter, se encuentran en la capital del pa\u00eds para dar asistencia t\u00e9cnica que permita avanzar en la garant\u00eda de los derechos de ese sector de la poblaci\u00f3n.<\/p>\n<p>Durante la reuni\u00f3n en el Sal\u00f3n Oval del Antiguo Palacio del Ayuntamiento, el jefe de Gobierno les hizo entrega del Informe de Actividades y Resultados en la materia.<\/p>\n<p>Se prev\u00e9 que las representantes de la ONU visiten predios interculturales, un taller de capacitaci\u00f3n sobre consulta y consentimiento dirigido a servidores p\u00fablicos y un seminario, actividades que les permitir\u00e1n conocer de viva voz la vida en las comunidades, la experiencia constituyente de la capital en materia de derechos ind\u00edgenas, as\u00ed como las experiencias para compartir a nivel mundial.<\/p>\n<p>\u201cTenemos la intenci\u00f3n de hablar y escuchar a los l\u00edderes de las comunidades ind\u00edgenas para que nuestra opini\u00f3n t\u00e9cnica considere todos los puntos de vista que involucra este complejo, pero importante, camino ejemplar para otros sitios\u201d, indic\u00f3 la vicepresidenta del Mecanismo, Erika Yamada.<\/p>\n<p>La Secretar\u00eda de Desarrollo Rural y Equidad para las Comunidades reconoce a 141 poblaciones capitalinas como pueblos originarios, habitados por m\u00e1s de un\u00a0 mill\u00f3n 500 mil personas que se ubican en las 16 delegaciones.<\/p>\n","protected":false},"excerpt":{"rendered":"<p>El jefe de Gobierno, Miguel \u00c1ngel Mancera, se\u00f1al\u00f3 que es motivo de orgullo que la<\/p>\n","protected":false},"author":1,"featured_media":1635,"comment_status":"open","ping_status":"open","sticky":false,"template":"","format":"standard","meta":{"footnotes":""},"categories":[1],"tags":[28],"class_list":["post-1640","post","type-post","status-publish","format-standard","has-post-thumbnail","hentry","category-municipales","tag-cdmx"],"yoast_head":"<!-- This site is optimized with the Yoast SEO plugin v25.3 - https:\/\/yoast.com\/wordpress\/plugins\/seo\/ -->\n<title>Garantizar derechos ind\u00edgenas preservar\u00e1 nuestra historia Mancera - Volcanes<\/title>\n<meta name=\"robots\" content=\"index, follow, max-snippet:-1, max-image-preview:large, max-video-preview:-1\" \/>\n<link rel=\"canonical\" href=\"https:\/\/volcanes.net\/?p=1640\" \/>\n<meta property=\"og:locale\" content=\"es_MX\" \/>\n<meta property=\"og:type\" content=\"article\" \/>\n<meta property=\"og:title\" content=\"Garantizar derechos ind\u00edgenas preservar\u00e1 nuestra historia Mancera - Volcanes\" \/>\n<meta property=\"og:description\" content=\"El jefe de Gobierno, Miguel \u00c1ngel Mancera, se\u00f1al\u00f3 que es motivo de orgullo que la\" \/>\n<meta property=\"og:url\" content=\"https:\/\/volcanes.net\/?p=1640\" \/>\n<meta property=\"og:site_name\" content=\"Volcanes\" \/>\n<meta property=\"article:publisher\" content=\"https:\/\/www.facebook.com\/volcanes.net\/\" \/>\n<meta property=\"article:published_time\" content=\"2018-02-27T14:18:57+00:00\" \/>\n<meta property=\"og:image\" content=\"https:\/\/volcanes.net\/wp-content\/uploads\/2018\/02\/mancera-11.jpg\" \/>\n\t<meta property=\"og:image:width\" content=\"400\" \/>\n\t<meta property=\"og:image:height\" content=\"200\" \/>\n\t<meta property=\"og:image:type\" content=\"image\/jpeg\" \/>\n<meta name=\"author\" content=\"admin\" \/>\n<meta name=\"twitter:card\" content=\"summary_large_image\" \/>\n<meta name=\"twitter:label1\" content=\"Escrito por\" \/>\n\t<meta name=\"twitter:data1\" content=\"admin\" \/>\n\t<meta name=\"twitter:label2\" content=\"Tiempo de lectura\" \/>\n\t<meta name=\"twitter:data2\" content=\"2 minutos\" \/>\n<script type=\"application\/ld+json\" class=\"yoast-schema-graph\">{\"@context\":\"https:\/\/schema.org\",\"@graph\":[{\"@type\":\"Article\",\"@id\":\"https:\/\/volcanes.net\/?p=1640#article\",\"isPartOf\":{\"@id\":\"https:\/\/volcanes.net\/?p=1640\"},\"author\":{\"name\":\"admin\",\"@id\":\"https:\/\/volcanes.net\/#\/schema\/person\/4bf0f383940966a4abd53f5048c0e6b9\"},\"headline\":\"Garantizar derechos ind\u00edgenas preservar\u00e1 nuestra historia Mancera\",\"datePublished\":\"2018-02-27T14:18:57+00:00\",\"mainEntityOfPage\":{\"@id\":\"https:\/\/volcanes.net\/?p=1640\"},\"wordCount\":462,\"commentCount\":0,\"publisher\":{\"@id\":\"https:\/\/volcanes.net\/#organization\"},\"image\":{\"@id\":\"https:\/\/volcanes.net\/?p=1640#primaryimage\"},\"thumbnailUrl\":\"https:\/\/volcanes.net\/wp-content\/uploads\/2018\/02\/mancera-11.jpg\",\"keywords\":[\"CDMX\"],\"articleSection\":[\"Municipales\"],\"inLanguage\":\"es\",\"potentialAction\":[{\"@type\":\"CommentAction\",\"name\":\"Comment\",\"target\":[\"https:\/\/volcanes.net\/?p=1640#respond\"]}]},{\"@type\":\"WebPage\",\"@id\":\"https:\/\/volcanes.net\/?p=1640\",\"url\":\"https:\/\/volcanes.net\/?p=1640\",\"name\":\"Garantizar derechos ind\u00edgenas preservar\u00e1 nuestra historia Mancera - Volcanes\",\"isPartOf\":{\"@id\":\"https:\/\/volcanes.net\/#website\"},\"primaryImageOfPage\":{\"@id\":\"https:\/\/volcanes.net\/?p=1640#primaryimage\"},\"image\":{\"@id\":\"https:\/\/volcanes.net\/?p=1640#primaryimage\"},\"thumbnailUrl\":\"https:\/\/volcanes.net\/wp-content\/uploads\/2018\/02\/mancera-11.jpg\",\"datePublished\":\"2018-02-27T14:18:57+00:00\",\"breadcrumb\":{\"@id\":\"https:\/\/volcanes.net\/?p=1640#breadcrumb\"},\"inLanguage\":\"es\",\"potentialAction\":[{\"@type\":\"ReadAction\",\"target\":[\"https:\/\/volcanes.net\/?p=1640\"]}]},{\"@type\":\"ImageObject\",\"inLanguage\":\"es\",\"@id\":\"https:\/\/volcanes.net\/?p=1640#primaryimage\",\"url\":\"https:\/\/volcanes.net\/wp-content\/uploads\/2018\/02\/mancera-11.jpg\",\"contentUrl\":\"https:\/\/volcanes.net\/wp-content\/uploads\/2018\/02\/mancera-11.jpg\",\"width\":400,\"height\":200},{\"@type\":\"BreadcrumbList\",\"@id\":\"https:\/\/volcanes.net\/?p=1640#breadcrumb\",\"itemListElement\":[{\"@type\":\"ListItem\",\"position\":1,\"name\":\"Portada\",\"item\":\"https:\/\/volcanes.net\/\"},{\"@type\":\"ListItem\",\"position\":2,\"name\":\"Garantizar derechos ind\u00edgenas preservar\u00e1 nuestra historia Mancera\"}]},{\"@type\":\"WebSite\",\"@id\":\"https:\/\/volcanes.net\/#website\",\"url\":\"https:\/\/volcanes.net\/\",\"name\":\"Volcanes.Net\",\"description\":\"Periodismo Profesional\",\"publisher\":{\"@id\":\"https:\/\/volcanes.net\/#organization\"},\"potentialAction\":[{\"@type\":\"SearchAction\",\"target\":{\"@type\":\"EntryPoint\",\"urlTemplate\":\"https:\/\/volcanes.net\/?s={search_term_string}\"},\"query-input\":{\"@type\":\"PropertyValueSpecification\",\"valueRequired\":true,\"valueName\":\"search_term_string\"}}],\"inLanguage\":\"es\"},{\"@type\":\"Organization\",\"@id\":\"https:\/\/volcanes.net\/#organization\",\"name\":\"Grupo Volcanes\",\"url\":\"https:\/\/volcanes.net\/\",\"logo\":{\"@type\":\"ImageObject\",\"inLanguage\":\"es\",\"@id\":\"https:\/\/volcanes.net\/#\/schema\/logo\/image\/\",\"url\":\"http:\/\/volcanes.net\/wp-content\/uploads\/2017\/12\/Avatar2.jpg\",\"contentUrl\":\"http:\/\/volcanes.net\/wp-content\/uploads\/2017\/12\/Avatar2.jpg\",\"width\":378,\"height\":378,\"caption\":\"Grupo Volcanes\"},\"image\":{\"@id\":\"https:\/\/volcanes.net\/#\/schema\/logo\/image\/\"},\"sameAs\":[\"https:\/\/www.facebook.com\/volcanes.net\/\"]},{\"@type\":\"Person\",\"@id\":\"https:\/\/volcanes.net\/#\/schema\/person\/4bf0f383940966a4abd53f5048c0e6b9\",\"name\":\"admin\",\"image\":{\"@type\":\"ImageObject\",\"inLanguage\":\"es\",\"@id\":\"https:\/\/volcanes.net\/#\/schema\/person\/image\/\",\"url\":\"https:\/\/secure.gravatar.com\/avatar\/ca004e6cba8462b8cb7abc86e382930c?s=96&d=mm&r=g\",\"contentUrl\":\"https:\/\/secure.gravatar.com\/avatar\/ca004e6cba8462b8cb7abc86e382930c?s=96&d=mm&r=g\",\"caption\":\"admin\"}}]}<\/script>\n<!-- \/ Yoast SEO plugin. -->","yoast_head_json":{"title":"Garantizar derechos ind\u00edgenas preservar\u00e1 nuestra historia Mancera - Volcanes","robots":{"index":"index","follow":"follow","max-snippet":"max-snippet:-1","max-image-preview":"max-image-preview:large","max-video-preview":"max-video-preview:-1"},"canonical":"https:\/\/volcanes.net\/?p=1640","og_locale":"es_MX","og_type":"article","og_title":"Garantizar derechos ind\u00edgenas preservar\u00e1 nuestra historia Mancera - Volcanes","og_description":"El jefe de Gobierno, Miguel \u00c1ngel Mancera, se\u00f1al\u00f3 que es motivo de orgullo que la","og_url":"https:\/\/volcanes.net\/?p=1640","og_site_name":"Volcanes","article_publisher":"https:\/\/www.facebook.com\/volcanes.net\/","article_published_time":"2018-02-27T14:18:57+00:00","og_image":[{"width":400,"height":200,"url":"https:\/\/volcanes.net\/wp-content\/uploads\/2018\/02\/mancera-11.jpg","type":"image\/jpeg"}],"author":"admin","twitter_card":"summary_large_image","twitter_misc":{"Escrito por":"admin","Tiempo de lectura":"2 minutos"},"schema":{"@context":"https:\/\/schema.org","@graph":[{"@type":"Article","@id":"https:\/\/volcanes.net\/?p=1640#article","isPartOf":{"@id":"https:\/\/volcanes.net\/?p=1640"},"author":{"name":"admin","@id":"https:\/\/volcanes.net\/#\/schema\/person\/4bf0f383940966a4abd53f5048c0e6b9"},"headline":"Garantizar derechos ind\u00edgenas preservar\u00e1 nuestra historia Mancera","datePublished":"2018-02-27T14:18:57+00:00","mainEntityOfPage":{"@id":"https:\/\/volcanes.net\/?p=1640"},"wordCount":462,"commentCount":0,"publisher":{"@id":"https:\/\/volcanes.net\/#organization"},"image":{"@id":"https:\/\/volcanes.net\/?p=1640#primaryimage"},"thumbnailUrl":"https:\/\/volcanes.net\/wp-content\/uploads\/2018\/02\/mancera-11.jpg","keywords":["CDMX"],"articleSection":["Municipales"],"inLanguage":"es","potentialAction":[{"@type":"CommentAction","name":"Comment","target":["https:\/\/volcanes.net\/?p=1640#respond"]}]},{"@type":"WebPage","@id":"https:\/\/volcanes.net\/?p=1640","url":"https:\/\/volcanes.net\/?p=1640","name":"Garantizar derechos ind\u00edgenas preservar\u00e1 nuestra historia Mancera - Volcanes","isPartOf":{"@id":"https:\/\/volcanes.net\/#website"},"primaryImageOfPage":{"@id":"https:\/\/volcanes.net\/?p=1640#primaryimage"},"image":{"@id":"https:\/\/volcanes.net\/?p=1640#primaryimage"},"thumbnailUrl":"https:\/\/volcanes.net\/wp-content\/uploads\/2018\/02\/mancera-11.jpg","datePublished":"2018-02-27T14:18:57+00:00","breadcrumb":{"@id":"https:\/\/volcanes.net\/?p=1640#breadcrumb"},"inLanguage":"es","potentialAction":[{"@type":"ReadAction","target":["https:\/\/volcanes.net\/?p=1640"]}]},{"@type":"ImageObject","inLanguage":"es","@id":"https:\/\/volcanes.net\/?p=1640#primaryimage","url":"https:\/\/volcanes.net\/wp-content\/uploads\/2018\/02\/mancera-11.jpg","contentUrl":"https:\/\/volcanes.net\/wp-content\/uploads\/2018\/02\/mancera-11.jpg","width":400,"height":200},{"@type":"BreadcrumbList","@id":"https:\/\/volcanes.net\/?p=1640#breadcrumb","itemListElement":[{"@type":"ListItem","position":1,"name":"Portada","item":"https:\/\/volcanes.net\/"},{"@type":"ListItem","position":2,"name":"Garantizar derechos ind\u00edgenas preservar\u00e1 nuestra historia Mancera"}]},{"@type":"WebSite","@id":"https:\/\/volcanes.net\/#website","url":"https:\/\/volcanes.net\/","name":"Volcanes.Net","description":"Periodismo Profesional","publisher":{"@id":"https:\/\/volcanes.net\/#organization"},"potentialAction":[{"@type":"SearchAction","target":{"@type":"EntryPoint","urlTemplate":"https:\/\/volcanes.net\/?s={search_term_string}"},"query-input":{"@type":"PropertyValueSpecification","valueRequired":true,"valueName":"search_term_string"}}],"inLanguage":"es"},{"@type":"Organization","@id":"https:\/\/volcanes.net\/#organization","name":"Grupo Volcanes","url":"https:\/\/volcanes.net\/","logo":{"@type":"ImageObject","inLanguage":"es","@id":"https:\/\/volcanes.net\/#\/schema\/logo\/image\/","url":"http:\/\/volcanes.net\/wp-content\/uploads\/2017\/12\/Avatar2.jpg","contentUrl":"http:\/\/volcanes.net\/wp-content\/uploads\/2017\/12\/Avatar2.jpg","width":378,"height":378,"caption":"Grupo Volcanes"},"image":{"@id":"https:\/\/volcanes.net\/#\/schema\/logo\/image\/"},"sameAs":["https:\/\/www.facebook.com\/volcanes.net\/"]},{"@type":"Person","@id":"https:\/\/volcanes.net\/#\/schema\/person\/4bf0f383940966a4abd53f5048c0e6b9","name":"admin","image":{"@type":"ImageObject","inLanguage":"es","@id":"https:\/\/volcanes.net\/#\/schema\/person\/image\/","url":"https:\/\/secure.gravatar.com\/avatar\/ca004e6cba8462b8cb7abc86e382930c?s=96&d=mm&r=g","contentUrl":"https:\/\/secure.gravatar.com\/avatar\/ca004e6cba8462b8cb7abc86e382930c?s=96&d=mm&r=g","caption":"admin"}}]}},"_links":{"self":[{"href":"https:\/\/volcanes.net\/index.php?rest_route=\/wp\/v2\/posts\/1640"}],"collection":[{"href":"https:\/\/volcanes.net\/index.php?rest_route=\/wp\/v2\/posts"}],"about":[{"href":"https:\/\/volcanes.net\/index.php?rest_route=\/wp\/v2\/types\/post"}],"author":[{"embeddable":true,"href":"https:\/\/volcanes.net\/index.php?rest_route=\/wp\/v2\/users\/1"}],"replies":[{"embeddable":true,"href":"https:\/\/volcanes.net\/index.php?rest_route=%2Fwp%2Fv2%2Fcomments&post=1640"}],"version-history":[{"count":1,"href":"https:\/\/volcanes.net\/index.php?rest_route=\/wp\/v2\/posts\/1640\/revisions"}],"predecessor-version":[{"id":1641,"href":"https:\/\/volcanes.net\/index.php?rest_route=\/wp\/v2\/posts\/1640\/revisions\/1641"}],"wp:featuredmedia":[{"embeddable":true,"href":"https:\/\/volcanes.net\/index.php?rest_route=\/wp\/v2\/media\/1635"}],"wp:attachment":[{"href":"https:\/\/volcanes.net\/index.php?rest_route=%2Fwp%2Fv2%2Fmedia&parent=1640"}],"wp:term":[{"taxonomy":"category","embeddable":true,"href":"https:\/\/volcanes.net\/index.php?rest_route=%2Fwp%2Fv2%2Fcategories&post=1640"},{"taxonomy":"post_tag","embeddable":true,"href":"https:\/\/volcanes.net\/index.php?rest_route=%2Fwp%2Fv2%2Ftags&post=1640"}],"curies":[{"name":"wp","href":"https:\/\/api.w.org\/{rel}","templated":true}]}}