{"id":1653,"date":"2018-02-27T20:36:22","date_gmt":"2018-02-27T20:36:22","guid":{"rendered":"http:\/\/volcanes.net\/?p=1653"},"modified":"2018-02-27T20:36:22","modified_gmt":"2018-02-27T20:36:22","slug":"consigue-fgjem-una-condena-de-63-anos-de-carcel-para-un-feminicida","status":"publish","type":"post","link":"https:\/\/volcanes.net\/?p=1653","title":{"rendered":"Consigue FGJEM una condena de 63 a\u00f1os de c\u00e1rcel para un feminicida"},"content":{"rendered":"<div style=\"margin-top: 0px; margin-bottom: 0px;\" class=\"sharethis-inline-share-buttons\" ><\/div><p>La Autoridad Judicial con sede en Cuautitl\u00e1n dict\u00f3 una sentencia condenatoria de 63 a\u00f1os y cuatro meses de prisi\u00f3n en contra de Yael Eduardo Espinosa Guerrero, luego de que el Representante Social de la Fiscal\u00eda General de Justicia del Estado de M\u00e9xico, acredit\u00f3 su participaci\u00f3n en el delito de feminicidio.<\/p>\n<p>Espinosa Guerrero fue encontrado culpable de la muerte de una menor de 17 a\u00f1os de edad, que era su ex novia, y quien fue reportada como desaparecida en el mes de diciembre del a\u00f1o 2014. Cabe recordar que, derivado de la investigaci\u00f3n iniciada por el reporte de la desaparici\u00f3n de la menor, y como parte de las diligencias, Agentes de Investigaci\u00f3n de la entonces Procuradur\u00eda General de Justicia estatal se entrevistaron con los pap\u00e1s del ahora sentenciado, con quien la v\u00edctima hab\u00eda mantenido una relaci\u00f3n sentimental.<\/p>\n<p>En la entrevista, los padres indicaron que su hijo hab\u00eda tenido una actitud extra\u00f1a durante algunos d\u00edas por lo que al inspeccionar su habitaci\u00f3n localizaron una bolsa de mano de mujer con manchas de sangre. Por ello Polic\u00edas de Investigaci\u00f3n acudieron al domicilio de este individuo en el municipio de Tultitl\u00e1n, y encontraron en un armario, en el dormitorio de Espinosa Guerrero el cuerpo sin vida de la joven reportada como desaparecida, quien de acuerdo a los peritajes realizados falleci\u00f3 a consecuencia de una asfixia.<\/p>\n<p>Posteriormente fue detenido este sujeto y presentado ante el agente del Ministerio P\u00fablico, quien lo remiti\u00f3 ante un Juez, para que fuera determinada su situaci\u00f3n legal. Con los elementos de prueba recabados y aportados por esta Representaci\u00f3n Social, y previo proceso legal, la Autoridad Judicial con sede en Cuautitl\u00e1n le dict\u00f3 una condena de 63 a\u00f1os y cuatro meses de prisi\u00f3n.<\/p>\n","protected":false},"excerpt":{"rendered":"<p>La Autoridad Judicial con sede en Cuautitl\u00e1n dict\u00f3 una sentencia condenatoria de 63 a\u00f1os y<\/p>\n","protected":false},"author":1,"featured_media":1648,"comment_status":"open","ping_status":"open","sticky":false,"template":"","format":"standard","meta":{"footnotes":""},"categories":[1],"tags":[129,85,43],"class_list":["post-1653","post","type-post","status-publish","format-standard","has-post-thumbnail","hentry","category-municipales","tag-cuautitlan","tag-izcalli","tag-tultitlan"],"yoast_head":"<!-- This site is optimized with the Yoast SEO plugin v25.3 - https:\/\/yoast.com\/wordpress\/plugins\/seo\/ -->\n<title>Consigue FGJEM una condena de 63 a\u00f1os de c\u00e1rcel para un feminicida - Volcanes<\/title>\n<meta name=\"robots\" content=\"index, follow, max-snippet:-1, max-image-preview:large, max-video-preview:-1\" \/>\n<link rel=\"canonical\" href=\"https:\/\/volcanes.net\/?p=1653\" \/>\n<meta property=\"og:locale\" content=\"es_MX\" \/>\n<meta property=\"og:type\" content=\"article\" \/>\n<meta property=\"og:title\" content=\"Consigue FGJEM una condena de 63 a\u00f1os de c\u00e1rcel para un feminicida - Volcanes\" \/>\n<meta property=\"og:description\" content=\"La Autoridad Judicial con sede en Cuautitl\u00e1n dict\u00f3 una sentencia condenatoria de 63 a\u00f1os y\" \/>\n<meta property=\"og:url\" content=\"https:\/\/volcanes.net\/?p=1653\" \/>\n<meta property=\"og:site_name\" content=\"Volcanes\" \/>\n<meta property=\"article:publisher\" content=\"https:\/\/www.facebook.com\/volcanes.net\/\" \/>\n<meta property=\"article:published_time\" content=\"2018-02-27T20:36:22+00:00\" \/>\n<meta property=\"og:image\" content=\"https:\/\/volcanes.net\/wp-content\/uploads\/2018\/02\/FOTO-C185-325x445.jpg\" \/>\n\t<meta property=\"og:image:width\" content=\"325\" \/>\n\t<meta property=\"og:image:height\" content=\"445\" \/>\n\t<meta property=\"og:image:type\" content=\"image\/jpeg\" \/>\n<meta name=\"author\" content=\"admin\" \/>\n<meta name=\"twitter:card\" content=\"summary_large_image\" \/>\n<meta name=\"twitter:label1\" content=\"Escrito por\" \/>\n\t<meta name=\"twitter:data1\" content=\"admin\" \/>\n\t<meta name=\"twitter:label2\" content=\"Tiempo de lectura\" \/>\n\t<meta name=\"twitter:data2\" content=\"2 minutos\" \/>\n<script type=\"application\/ld+json\" class=\"yoast-schema-graph\">{\"@context\":\"https:\/\/schema.org\",\"@graph\":[{\"@type\":\"Article\",\"@id\":\"https:\/\/volcanes.net\/?p=1653#article\",\"isPartOf\":{\"@id\":\"https:\/\/volcanes.net\/?p=1653\"},\"author\":{\"name\":\"admin\",\"@id\":\"https:\/\/volcanes.net\/#\/schema\/person\/4bf0f383940966a4abd53f5048c0e6b9\"},\"headline\":\"Consigue FGJEM una condena de 63 a\u00f1os de c\u00e1rcel para un feminicida\",\"datePublished\":\"2018-02-27T20:36:22+00:00\",\"mainEntityOfPage\":{\"@id\":\"https:\/\/volcanes.net\/?p=1653\"},\"wordCount\":320,\"commentCount\":0,\"publisher\":{\"@id\":\"https:\/\/volcanes.net\/#organization\"},\"image\":{\"@id\":\"https:\/\/volcanes.net\/?p=1653#primaryimage\"},\"thumbnailUrl\":\"https:\/\/volcanes.net\/wp-content\/uploads\/2018\/02\/FOTO-C185-325x445.jpg\",\"keywords\":[\"Cuautitl\u00e1n\",\"Izcalli\",\"Tultitl\u00e1n\"],\"articleSection\":[\"Municipales\"],\"inLanguage\":\"es\",\"potentialAction\":[{\"@type\":\"CommentAction\",\"name\":\"Comment\",\"target\":[\"https:\/\/volcanes.net\/?p=1653#respond\"]}]},{\"@type\":\"WebPage\",\"@id\":\"https:\/\/volcanes.net\/?p=1653\",\"url\":\"https:\/\/volcanes.net\/?p=1653\",\"name\":\"Consigue FGJEM una condena de 63 a\u00f1os de c\u00e1rcel para un feminicida - Volcanes\",\"isPartOf\":{\"@id\":\"https:\/\/volcanes.net\/#website\"},\"primaryImageOfPage\":{\"@id\":\"https:\/\/volcanes.net\/?p=1653#primaryimage\"},\"image\":{\"@id\":\"https:\/\/volcanes.net\/?p=1653#primaryimage\"},\"thumbnailUrl\":\"https:\/\/volcanes.net\/wp-content\/uploads\/2018\/02\/FOTO-C185-325x445.jpg\",\"datePublished\":\"2018-02-27T20:36:22+00:00\",\"breadcrumb\":{\"@id\":\"https:\/\/volcanes.net\/?p=1653#breadcrumb\"},\"inLanguage\":\"es\",\"potentialAction\":[{\"@type\":\"ReadAction\",\"target\":[\"https:\/\/volcanes.net\/?p=1653\"]}]},{\"@type\":\"ImageObject\",\"inLanguage\":\"es\",\"@id\":\"https:\/\/volcanes.net\/?p=1653#primaryimage\",\"url\":\"https:\/\/volcanes.net\/wp-content\/uploads\/2018\/02\/FOTO-C185-325x445.jpg\",\"contentUrl\":\"https:\/\/volcanes.net\/wp-content\/uploads\/2018\/02\/FOTO-C185-325x445.jpg\",\"width\":325,\"height\":445},{\"@type\":\"BreadcrumbList\",\"@id\":\"https:\/\/volcanes.net\/?p=1653#breadcrumb\",\"itemListElement\":[{\"@type\":\"ListItem\",\"position\":1,\"name\":\"Portada\",\"item\":\"https:\/\/volcanes.net\/\"},{\"@type\":\"ListItem\",\"position\":2,\"name\":\"Consigue FGJEM una condena de 63 a\u00f1os de c\u00e1rcel para un feminicida\"}]},{\"@type\":\"WebSite\",\"@id\":\"https:\/\/volcanes.net\/#website\",\"url\":\"https:\/\/volcanes.net\/\",\"name\":\"Volcanes.Net\",\"description\":\"Periodismo Profesional\",\"publisher\":{\"@id\":\"https:\/\/volcanes.net\/#organization\"},\"potentialAction\":[{\"@type\":\"SearchAction\",\"target\":{\"@type\":\"EntryPoint\",\"urlTemplate\":\"https:\/\/volcanes.net\/?s={search_term_string}\"},\"query-input\":{\"@type\":\"PropertyValueSpecification\",\"valueRequired\":true,\"valueName\":\"search_term_string\"}}],\"inLanguage\":\"es\"},{\"@type\":\"Organization\",\"@id\":\"https:\/\/volcanes.net\/#organization\",\"name\":\"Grupo Volcanes\",\"url\":\"https:\/\/volcanes.net\/\",\"logo\":{\"@type\":\"ImageObject\",\"inLanguage\":\"es\",\"@id\":\"https:\/\/volcanes.net\/#\/schema\/logo\/image\/\",\"url\":\"http:\/\/volcanes.net\/wp-content\/uploads\/2017\/12\/Avatar2.jpg\",\"contentUrl\":\"http:\/\/volcanes.net\/wp-content\/uploads\/2017\/12\/Avatar2.jpg\",\"width\":378,\"height\":378,\"caption\":\"Grupo Volcanes\"},\"image\":{\"@id\":\"https:\/\/volcanes.net\/#\/schema\/logo\/image\/\"},\"sameAs\":[\"https:\/\/www.facebook.com\/volcanes.net\/\"]},{\"@type\":\"Person\",\"@id\":\"https:\/\/volcanes.net\/#\/schema\/person\/4bf0f383940966a4abd53f5048c0e6b9\",\"name\":\"admin\",\"image\":{\"@type\":\"ImageObject\",\"inLanguage\":\"es\",\"@id\":\"https:\/\/volcanes.net\/#\/schema\/person\/image\/\",\"url\":\"https:\/\/secure.gravatar.com\/avatar\/ca004e6cba8462b8cb7abc86e382930c?s=96&d=mm&r=g\",\"contentUrl\":\"https:\/\/secure.gravatar.com\/avatar\/ca004e6cba8462b8cb7abc86e382930c?s=96&d=mm&r=g\",\"caption\":\"admin\"}}]}<\/script>\n<!-- \/ Yoast SEO plugin. -->","yoast_head_json":{"title":"Consigue FGJEM una condena de 63 a\u00f1os de c\u00e1rcel para un feminicida - Volcanes","robots":{"index":"index","follow":"follow","max-snippet":"max-snippet:-1","max-image-preview":"max-image-preview:large","max-video-preview":"max-video-preview:-1"},"canonical":"https:\/\/volcanes.net\/?p=1653","og_locale":"es_MX","og_type":"article","og_title":"Consigue FGJEM una condena de 63 a\u00f1os de c\u00e1rcel para un feminicida - Volcanes","og_description":"La Autoridad Judicial con sede en Cuautitl\u00e1n dict\u00f3 una sentencia condenatoria de 63 a\u00f1os y","og_url":"https:\/\/volcanes.net\/?p=1653","og_site_name":"Volcanes","article_publisher":"https:\/\/www.facebook.com\/volcanes.net\/","article_published_time":"2018-02-27T20:36:22+00:00","og_image":[{"width":325,"height":445,"url":"https:\/\/volcanes.net\/wp-content\/uploads\/2018\/02\/FOTO-C185-325x445.jpg","type":"image\/jpeg"}],"author":"admin","twitter_card":"summary_large_image","twitter_misc":{"Escrito por":"admin","Tiempo de lectura":"2 minutos"},"schema":{"@context":"https:\/\/schema.org","@graph":[{"@type":"Article","@id":"https:\/\/volcanes.net\/?p=1653#article","isPartOf":{"@id":"https:\/\/volcanes.net\/?p=1653"},"author":{"name":"admin","@id":"https:\/\/volcanes.net\/#\/schema\/person\/4bf0f383940966a4abd53f5048c0e6b9"},"headline":"Consigue FGJEM una condena de 63 a\u00f1os de c\u00e1rcel para un feminicida","datePublished":"2018-02-27T20:36:22+00:00","mainEntityOfPage":{"@id":"https:\/\/volcanes.net\/?p=1653"},"wordCount":320,"commentCount":0,"publisher":{"@id":"https:\/\/volcanes.net\/#organization"},"image":{"@id":"https:\/\/volcanes.net\/?p=1653#primaryimage"},"thumbnailUrl":"https:\/\/volcanes.net\/wp-content\/uploads\/2018\/02\/FOTO-C185-325x445.jpg","keywords":["Cuautitl\u00e1n","Izcalli","Tultitl\u00e1n"],"articleSection":["Municipales"],"inLanguage":"es","potentialAction":[{"@type":"CommentAction","name":"Comment","target":["https:\/\/volcanes.net\/?p=1653#respond"]}]},{"@type":"WebPage","@id":"https:\/\/volcanes.net\/?p=1653","url":"https:\/\/volcanes.net\/?p=1653","name":"Consigue FGJEM una condena de 63 a\u00f1os de c\u00e1rcel para un feminicida - Volcanes","isPartOf":{"@id":"https:\/\/volcanes.net\/#website"},"primaryImageOfPage":{"@id":"https:\/\/volcanes.net\/?p=1653#primaryimage"},"image":{"@id":"https:\/\/volcanes.net\/?p=1653#primaryimage"},"thumbnailUrl":"https:\/\/volcanes.net\/wp-content\/uploads\/2018\/02\/FOTO-C185-325x445.jpg","datePublished":"2018-02-27T20:36:22+00:00","breadcrumb":{"@id":"https:\/\/volcanes.net\/?p=1653#breadcrumb"},"inLanguage":"es","potentialAction":[{"@type":"ReadAction","target":["https:\/\/volcanes.net\/?p=1653"]}]},{"@type":"ImageObject","inLanguage":"es","@id":"https:\/\/volcanes.net\/?p=1653#primaryimage","url":"https:\/\/volcanes.net\/wp-content\/uploads\/2018\/02\/FOTO-C185-325x445.jpg","contentUrl":"https:\/\/volcanes.net\/wp-content\/uploads\/2018\/02\/FOTO-C185-325x445.jpg","width":325,"height":445},{"@type":"BreadcrumbList","@id":"https:\/\/volcanes.net\/?p=1653#breadcrumb","itemListElement":[{"@type":"ListItem","position":1,"name":"Portada","item":"https:\/\/volcanes.net\/"},{"@type":"ListItem","position":2,"name":"Consigue FGJEM una condena de 63 a\u00f1os de c\u00e1rcel para un feminicida"}]},{"@type":"WebSite","@id":"https:\/\/volcanes.net\/#website","url":"https:\/\/volcanes.net\/","name":"Volcanes.Net","description":"Periodismo Profesional","publisher":{"@id":"https:\/\/volcanes.net\/#organization"},"potentialAction":[{"@type":"SearchAction","target":{"@type":"EntryPoint","urlTemplate":"https:\/\/volcanes.net\/?s={search_term_string}"},"query-input":{"@type":"PropertyValueSpecification","valueRequired":true,"valueName":"search_term_string"}}],"inLanguage":"es"},{"@type":"Organization","@id":"https:\/\/volcanes.net\/#organization","name":"Grupo Volcanes","url":"https:\/\/volcanes.net\/","logo":{"@type":"ImageObject","inLanguage":"es","@id":"https:\/\/volcanes.net\/#\/schema\/logo\/image\/","url":"http:\/\/volcanes.net\/wp-content\/uploads\/2017\/12\/Avatar2.jpg","contentUrl":"http:\/\/volcanes.net\/wp-content\/uploads\/2017\/12\/Avatar2.jpg","width":378,"height":378,"caption":"Grupo Volcanes"},"image":{"@id":"https:\/\/volcanes.net\/#\/schema\/logo\/image\/"},"sameAs":["https:\/\/www.facebook.com\/volcanes.net\/"]},{"@type":"Person","@id":"https:\/\/volcanes.net\/#\/schema\/person\/4bf0f383940966a4abd53f5048c0e6b9","name":"admin","image":{"@type":"ImageObject","inLanguage":"es","@id":"https:\/\/volcanes.net\/#\/schema\/person\/image\/","url":"https:\/\/secure.gravatar.com\/avatar\/ca004e6cba8462b8cb7abc86e382930c?s=96&d=mm&r=g","contentUrl":"https:\/\/secure.gravatar.com\/avatar\/ca004e6cba8462b8cb7abc86e382930c?s=96&d=mm&r=g","caption":"admin"}}]}},"_links":{"self":[{"href":"https:\/\/volcanes.net\/index.php?rest_route=\/wp\/v2\/posts\/1653"}],"collection":[{"href":"https:\/\/volcanes.net\/index.php?rest_route=\/wp\/v2\/posts"}],"about":[{"href":"https:\/\/volcanes.net\/index.php?rest_route=\/wp\/v2\/types\/post"}],"author":[{"embeddable":true,"href":"https:\/\/volcanes.net\/index.php?rest_route=\/wp\/v2\/users\/1"}],"replies":[{"embeddable":true,"href":"https:\/\/volcanes.net\/index.php?rest_route=%2Fwp%2Fv2%2Fcomments&post=1653"}],"version-history":[{"count":1,"href":"https:\/\/volcanes.net\/index.php?rest_route=\/wp\/v2\/posts\/1653\/revisions"}],"predecessor-version":[{"id":1654,"href":"https:\/\/volcanes.net\/index.php?rest_route=\/wp\/v2\/posts\/1653\/revisions\/1654"}],"wp:featuredmedia":[{"embeddable":true,"href":"https:\/\/volcanes.net\/index.php?rest_route=\/wp\/v2\/media\/1648"}],"wp:attachment":[{"href":"https:\/\/volcanes.net\/index.php?rest_route=%2Fwp%2Fv2%2Fmedia&parent=1653"}],"wp:term":[{"taxonomy":"category","embeddable":true,"href":"https:\/\/volcanes.net\/index.php?rest_route=%2Fwp%2Fv2%2Fcategories&post=1653"},{"taxonomy":"post_tag","embeddable":true,"href":"https:\/\/volcanes.net\/index.php?rest_route=%2Fwp%2Fv2%2Ftags&post=1653"}],"curies":[{"name":"wp","href":"https:\/\/api.w.org\/{rel}","templated":true}]}}