{"id":1655,"date":"2018-02-27T20:37:51","date_gmt":"2018-02-27T20:37:51","guid":{"rendered":"http:\/\/volcanes.net\/?p=1655"},"modified":"2018-02-27T20:37:51","modified_gmt":"2018-02-27T20:37:51","slug":"arranca-la-segunda-fase-de-reordenamiento-del-mexipuerto-cuatro-caminos","status":"publish","type":"post","link":"https:\/\/volcanes.net\/?p=1655","title":{"rendered":"Arranca la segunda fase de reordenamiento del Mexipuerto Cuatro Caminos"},"content":{"rendered":"<div style=\"margin-top: 0px; margin-bottom: 0px;\" class=\"sharethis-inline-share-buttons\" ><\/div><p>La Secretar\u00eda de Movilidad (Semov), en coordinaci\u00f3n con la Secretar\u00eda de Seguridad (SSEM) y la Fiscal\u00eda General de Justicia estatal (FGJEM), realizaron este lunes 26 de febrero, un operativo en el Centro de Transferencia Multimodal Cuatro Caminos, contra el transporte irregular y la delincuencia, que result\u00f3 en la remisi\u00f3n de 102 unidades al corral\u00f3n por no contar con sus documentos en regla.<\/p>\n<p>En esta segunda fase de reordenamiento en el Mexipuerto, tambi\u00e9n fueron detenidos cinco operadores que se encontraban bajo los influjos de sustancias prohibidas, como alcohol y coca\u00edna; adem\u00e1s, se levantaron 45 infracciones a los transportistas por violar el reglamento de tr\u00e1nsito del Estado de M\u00e9xico, como lo es estacionarse en la v\u00eda p\u00fablica o hacer parada en lugares prohibidos, y se remiti\u00f3 a una persona al Ministerio P\u00fablico por falsificaci\u00f3n de documentos oficiales.<\/p>\n<p>Durante este operativo, que dur\u00f3 poco m\u00e1s de 12 horas, participaron 80 elementos de la Secretar\u00eda de Seguridad del Estado de M\u00e9xico, 30 inspectores verificadores de la Semov y 10 elementos de la FGJEM, se revis\u00f3 con estricto apego a los derechos humanos a m\u00e1s de 740 usuarios, con el fin de detectar alg\u00fan tipo de armas que pudieran ser utilizadas para cometer alg\u00fan il\u00edcito.<\/p>\n<p>Al respecto, Raymundo Mart\u00ednez, titular de la Semov, asegur\u00f3 que estos operativos se seguir\u00e1n realizando de manera permanente en la zona de Cuatro Caminos. Dijo que estas acciones son parte de una estrategia integral en la que participan diversas instancias de gobierno, para lograr que la movilidad se convierta en la palanca de desarrollo y se mejore sustancialmente la conectividad entre la Ciudad de M\u00e9xico y los estados vecinos, y consolidar al Estado de M\u00e9xico como el centro log\u00edstico del pa\u00eds.<\/p>\n<p>Destac\u00f3 que con m\u00e1s de 17 millones de habitantes, la entidad mexiquense es la m\u00e1s poblada del pa\u00eds, por lo que los retos en materia de seguridad y transporte requieren decisiones firmes y con estas acciones se fortalecer\u00e1 la seguridad y se comenzar\u00e1 a mejorar la movilidad. Durante pr\u00e1cticamente todo el d\u00eda se revisaron documentos de 349 veh\u00edculos de transporte que ingresaban y sal\u00edan de \u00e9ste paradero, y se realizaron ex\u00e1menes toxicol\u00f3gicos a los choferes.<\/p>\n<p>Finalmente, reiter\u00f3 que en atenci\u00f3n a las denuncias de inseguridad que se presentan en esta zona lim\u00edtrofe entre el Estado de M\u00e9xico y la Ciudad de M\u00e9xico, donde transitan todos los d\u00edas m\u00e1s de 600 mil mexiquenses, por lo que continuar\u00e1n con los operativos y los ex\u00e1menes antidoping en este paradero de la entidad para garantizar la seguridad de los mexiquenses. Para denunciar cualquier hecho delictivo est\u00e1 el 911 o denuncia de forma an\u00f3nima en el 089.<\/p>\n","protected":false},"excerpt":{"rendered":"<p>La Secretar\u00eda de Movilidad (Semov), en coordinaci\u00f3n con la Secretar\u00eda de Seguridad (SSEM) y la<\/p>\n","protected":false},"author":1,"featured_media":1650,"comment_status":"open","ping_status":"open","sticky":false,"template":"","format":"standard","meta":{"footnotes":""},"categories":[3],"tags":[42,26],"class_list":["post-1655","post","type-post","status-publish","format-standard","has-post-thumbnail","hentry","category-estatales","tag-fgjem","tag-semov"],"yoast_head":"<!-- This site is optimized with the Yoast SEO plugin v25.3 - https:\/\/yoast.com\/wordpress\/plugins\/seo\/ -->\n<title>Arranca la segunda fase de reordenamiento del Mexipuerto Cuatro Caminos - Volcanes<\/title>\n<meta name=\"robots\" content=\"index, follow, max-snippet:-1, max-image-preview:large, max-video-preview:-1\" \/>\n<link rel=\"canonical\" href=\"https:\/\/volcanes.net\/?p=1655\" \/>\n<meta property=\"og:locale\" content=\"es_MX\" \/>\n<meta property=\"og:type\" content=\"article\" \/>\n<meta property=\"og:title\" content=\"Arranca la segunda fase de reordenamiento del Mexipuerto Cuatro Caminos - Volcanes\" \/>\n<meta property=\"og:description\" content=\"La Secretar\u00eda de Movilidad (Semov), en coordinaci\u00f3n con la Secretar\u00eda de Seguridad (SSEM) y la\" \/>\n<meta property=\"og:url\" content=\"https:\/\/volcanes.net\/?p=1655\" \/>\n<meta property=\"og:site_name\" content=\"Volcanes\" \/>\n<meta property=\"article:publisher\" content=\"https:\/\/www.facebook.com\/volcanes.net\/\" \/>\n<meta property=\"article:published_time\" content=\"2018-02-27T20:37:51+00:00\" \/>\n<meta property=\"og:image\" content=\"https:\/\/volcanes.net\/wp-content\/uploads\/2018\/02\/Reordenamiento-2-1.jpeg\" \/>\n\t<meta property=\"og:image:width\" content=\"680\" \/>\n\t<meta property=\"og:image:height\" content=\"469\" \/>\n\t<meta property=\"og:image:type\" content=\"image\/jpeg\" \/>\n<meta name=\"author\" content=\"admin\" \/>\n<meta name=\"twitter:card\" content=\"summary_large_image\" \/>\n<meta name=\"twitter:label1\" content=\"Escrito por\" \/>\n\t<meta name=\"twitter:data1\" content=\"admin\" \/>\n\t<meta name=\"twitter:label2\" content=\"Tiempo de lectura\" \/>\n\t<meta name=\"twitter:data2\" content=\"2 minutos\" \/>\n<script type=\"application\/ld+json\" class=\"yoast-schema-graph\">{\"@context\":\"https:\/\/schema.org\",\"@graph\":[{\"@type\":\"Article\",\"@id\":\"https:\/\/volcanes.net\/?p=1655#article\",\"isPartOf\":{\"@id\":\"https:\/\/volcanes.net\/?p=1655\"},\"author\":{\"name\":\"admin\",\"@id\":\"https:\/\/volcanes.net\/#\/schema\/person\/4bf0f383940966a4abd53f5048c0e6b9\"},\"headline\":\"Arranca la segunda fase de reordenamiento del Mexipuerto Cuatro Caminos\",\"datePublished\":\"2018-02-27T20:37:51+00:00\",\"mainEntityOfPage\":{\"@id\":\"https:\/\/volcanes.net\/?p=1655\"},\"wordCount\":476,\"commentCount\":0,\"publisher\":{\"@id\":\"https:\/\/volcanes.net\/#organization\"},\"image\":{\"@id\":\"https:\/\/volcanes.net\/?p=1655#primaryimage\"},\"thumbnailUrl\":\"https:\/\/volcanes.net\/wp-content\/uploads\/2018\/02\/Reordenamiento-2-1.jpeg\",\"keywords\":[\"FGJEM\",\"SEMOV\"],\"articleSection\":[\"Estatales\"],\"inLanguage\":\"es\",\"potentialAction\":[{\"@type\":\"CommentAction\",\"name\":\"Comment\",\"target\":[\"https:\/\/volcanes.net\/?p=1655#respond\"]}]},{\"@type\":\"WebPage\",\"@id\":\"https:\/\/volcanes.net\/?p=1655\",\"url\":\"https:\/\/volcanes.net\/?p=1655\",\"name\":\"Arranca la segunda fase de reordenamiento del Mexipuerto Cuatro Caminos - Volcanes\",\"isPartOf\":{\"@id\":\"https:\/\/volcanes.net\/#website\"},\"primaryImageOfPage\":{\"@id\":\"https:\/\/volcanes.net\/?p=1655#primaryimage\"},\"image\":{\"@id\":\"https:\/\/volcanes.net\/?p=1655#primaryimage\"},\"thumbnailUrl\":\"https:\/\/volcanes.net\/wp-content\/uploads\/2018\/02\/Reordenamiento-2-1.jpeg\",\"datePublished\":\"2018-02-27T20:37:51+00:00\",\"breadcrumb\":{\"@id\":\"https:\/\/volcanes.net\/?p=1655#breadcrumb\"},\"inLanguage\":\"es\",\"potentialAction\":[{\"@type\":\"ReadAction\",\"target\":[\"https:\/\/volcanes.net\/?p=1655\"]}]},{\"@type\":\"ImageObject\",\"inLanguage\":\"es\",\"@id\":\"https:\/\/volcanes.net\/?p=1655#primaryimage\",\"url\":\"https:\/\/volcanes.net\/wp-content\/uploads\/2018\/02\/Reordenamiento-2-1.jpeg\",\"contentUrl\":\"https:\/\/volcanes.net\/wp-content\/uploads\/2018\/02\/Reordenamiento-2-1.jpeg\",\"width\":680,\"height\":469},{\"@type\":\"BreadcrumbList\",\"@id\":\"https:\/\/volcanes.net\/?p=1655#breadcrumb\",\"itemListElement\":[{\"@type\":\"ListItem\",\"position\":1,\"name\":\"Portada\",\"item\":\"https:\/\/volcanes.net\/\"},{\"@type\":\"ListItem\",\"position\":2,\"name\":\"Arranca la segunda fase de reordenamiento del Mexipuerto Cuatro Caminos\"}]},{\"@type\":\"WebSite\",\"@id\":\"https:\/\/volcanes.net\/#website\",\"url\":\"https:\/\/volcanes.net\/\",\"name\":\"Volcanes.Net\",\"description\":\"Periodismo Profesional\",\"publisher\":{\"@id\":\"https:\/\/volcanes.net\/#organization\"},\"potentialAction\":[{\"@type\":\"SearchAction\",\"target\":{\"@type\":\"EntryPoint\",\"urlTemplate\":\"https:\/\/volcanes.net\/?s={search_term_string}\"},\"query-input\":{\"@type\":\"PropertyValueSpecification\",\"valueRequired\":true,\"valueName\":\"search_term_string\"}}],\"inLanguage\":\"es\"},{\"@type\":\"Organization\",\"@id\":\"https:\/\/volcanes.net\/#organization\",\"name\":\"Grupo Volcanes\",\"url\":\"https:\/\/volcanes.net\/\",\"logo\":{\"@type\":\"ImageObject\",\"inLanguage\":\"es\",\"@id\":\"https:\/\/volcanes.net\/#\/schema\/logo\/image\/\",\"url\":\"http:\/\/volcanes.net\/wp-content\/uploads\/2017\/12\/Avatar2.jpg\",\"contentUrl\":\"http:\/\/volcanes.net\/wp-content\/uploads\/2017\/12\/Avatar2.jpg\",\"width\":378,\"height\":378,\"caption\":\"Grupo Volcanes\"},\"image\":{\"@id\":\"https:\/\/volcanes.net\/#\/schema\/logo\/image\/\"},\"sameAs\":[\"https:\/\/www.facebook.com\/volcanes.net\/\"]},{\"@type\":\"Person\",\"@id\":\"https:\/\/volcanes.net\/#\/schema\/person\/4bf0f383940966a4abd53f5048c0e6b9\",\"name\":\"admin\",\"image\":{\"@type\":\"ImageObject\",\"inLanguage\":\"es\",\"@id\":\"https:\/\/volcanes.net\/#\/schema\/person\/image\/\",\"url\":\"https:\/\/secure.gravatar.com\/avatar\/ca004e6cba8462b8cb7abc86e382930c?s=96&d=mm&r=g\",\"contentUrl\":\"https:\/\/secure.gravatar.com\/avatar\/ca004e6cba8462b8cb7abc86e382930c?s=96&d=mm&r=g\",\"caption\":\"admin\"}}]}<\/script>\n<!-- \/ Yoast SEO plugin. -->","yoast_head_json":{"title":"Arranca la segunda fase de reordenamiento del Mexipuerto Cuatro Caminos - Volcanes","robots":{"index":"index","follow":"follow","max-snippet":"max-snippet:-1","max-image-preview":"max-image-preview:large","max-video-preview":"max-video-preview:-1"},"canonical":"https:\/\/volcanes.net\/?p=1655","og_locale":"es_MX","og_type":"article","og_title":"Arranca la segunda fase de reordenamiento del Mexipuerto Cuatro Caminos - Volcanes","og_description":"La Secretar\u00eda de Movilidad (Semov), en coordinaci\u00f3n con la Secretar\u00eda de Seguridad (SSEM) y la","og_url":"https:\/\/volcanes.net\/?p=1655","og_site_name":"Volcanes","article_publisher":"https:\/\/www.facebook.com\/volcanes.net\/","article_published_time":"2018-02-27T20:37:51+00:00","og_image":[{"width":680,"height":469,"url":"https:\/\/volcanes.net\/wp-content\/uploads\/2018\/02\/Reordenamiento-2-1.jpeg","type":"image\/jpeg"}],"author":"admin","twitter_card":"summary_large_image","twitter_misc":{"Escrito por":"admin","Tiempo de lectura":"2 minutos"},"schema":{"@context":"https:\/\/schema.org","@graph":[{"@type":"Article","@id":"https:\/\/volcanes.net\/?p=1655#article","isPartOf":{"@id":"https:\/\/volcanes.net\/?p=1655"},"author":{"name":"admin","@id":"https:\/\/volcanes.net\/#\/schema\/person\/4bf0f383940966a4abd53f5048c0e6b9"},"headline":"Arranca la segunda fase de reordenamiento del Mexipuerto Cuatro Caminos","datePublished":"2018-02-27T20:37:51+00:00","mainEntityOfPage":{"@id":"https:\/\/volcanes.net\/?p=1655"},"wordCount":476,"commentCount":0,"publisher":{"@id":"https:\/\/volcanes.net\/#organization"},"image":{"@id":"https:\/\/volcanes.net\/?p=1655#primaryimage"},"thumbnailUrl":"https:\/\/volcanes.net\/wp-content\/uploads\/2018\/02\/Reordenamiento-2-1.jpeg","keywords":["FGJEM","SEMOV"],"articleSection":["Estatales"],"inLanguage":"es","potentialAction":[{"@type":"CommentAction","name":"Comment","target":["https:\/\/volcanes.net\/?p=1655#respond"]}]},{"@type":"WebPage","@id":"https:\/\/volcanes.net\/?p=1655","url":"https:\/\/volcanes.net\/?p=1655","name":"Arranca la segunda fase de reordenamiento del Mexipuerto Cuatro Caminos - Volcanes","isPartOf":{"@id":"https:\/\/volcanes.net\/#website"},"primaryImageOfPage":{"@id":"https:\/\/volcanes.net\/?p=1655#primaryimage"},"image":{"@id":"https:\/\/volcanes.net\/?p=1655#primaryimage"},"thumbnailUrl":"https:\/\/volcanes.net\/wp-content\/uploads\/2018\/02\/Reordenamiento-2-1.jpeg","datePublished":"2018-02-27T20:37:51+00:00","breadcrumb":{"@id":"https:\/\/volcanes.net\/?p=1655#breadcrumb"},"inLanguage":"es","potentialAction":[{"@type":"ReadAction","target":["https:\/\/volcanes.net\/?p=1655"]}]},{"@type":"ImageObject","inLanguage":"es","@id":"https:\/\/volcanes.net\/?p=1655#primaryimage","url":"https:\/\/volcanes.net\/wp-content\/uploads\/2018\/02\/Reordenamiento-2-1.jpeg","contentUrl":"https:\/\/volcanes.net\/wp-content\/uploads\/2018\/02\/Reordenamiento-2-1.jpeg","width":680,"height":469},{"@type":"BreadcrumbList","@id":"https:\/\/volcanes.net\/?p=1655#breadcrumb","itemListElement":[{"@type":"ListItem","position":1,"name":"Portada","item":"https:\/\/volcanes.net\/"},{"@type":"ListItem","position":2,"name":"Arranca la segunda fase de reordenamiento del Mexipuerto Cuatro Caminos"}]},{"@type":"WebSite","@id":"https:\/\/volcanes.net\/#website","url":"https:\/\/volcanes.net\/","name":"Volcanes.Net","description":"Periodismo Profesional","publisher":{"@id":"https:\/\/volcanes.net\/#organization"},"potentialAction":[{"@type":"SearchAction","target":{"@type":"EntryPoint","urlTemplate":"https:\/\/volcanes.net\/?s={search_term_string}"},"query-input":{"@type":"PropertyValueSpecification","valueRequired":true,"valueName":"search_term_string"}}],"inLanguage":"es"},{"@type":"Organization","@id":"https:\/\/volcanes.net\/#organization","name":"Grupo Volcanes","url":"https:\/\/volcanes.net\/","logo":{"@type":"ImageObject","inLanguage":"es","@id":"https:\/\/volcanes.net\/#\/schema\/logo\/image\/","url":"http:\/\/volcanes.net\/wp-content\/uploads\/2017\/12\/Avatar2.jpg","contentUrl":"http:\/\/volcanes.net\/wp-content\/uploads\/2017\/12\/Avatar2.jpg","width":378,"height":378,"caption":"Grupo Volcanes"},"image":{"@id":"https:\/\/volcanes.net\/#\/schema\/logo\/image\/"},"sameAs":["https:\/\/www.facebook.com\/volcanes.net\/"]},{"@type":"Person","@id":"https:\/\/volcanes.net\/#\/schema\/person\/4bf0f383940966a4abd53f5048c0e6b9","name":"admin","image":{"@type":"ImageObject","inLanguage":"es","@id":"https:\/\/volcanes.net\/#\/schema\/person\/image\/","url":"https:\/\/secure.gravatar.com\/avatar\/ca004e6cba8462b8cb7abc86e382930c?s=96&d=mm&r=g","contentUrl":"https:\/\/secure.gravatar.com\/avatar\/ca004e6cba8462b8cb7abc86e382930c?s=96&d=mm&r=g","caption":"admin"}}]}},"_links":{"self":[{"href":"https:\/\/volcanes.net\/index.php?rest_route=\/wp\/v2\/posts\/1655"}],"collection":[{"href":"https:\/\/volcanes.net\/index.php?rest_route=\/wp\/v2\/posts"}],"about":[{"href":"https:\/\/volcanes.net\/index.php?rest_route=\/wp\/v2\/types\/post"}],"author":[{"embeddable":true,"href":"https:\/\/volcanes.net\/index.php?rest_route=\/wp\/v2\/users\/1"}],"replies":[{"embeddable":true,"href":"https:\/\/volcanes.net\/index.php?rest_route=%2Fwp%2Fv2%2Fcomments&post=1655"}],"version-history":[{"count":1,"href":"https:\/\/volcanes.net\/index.php?rest_route=\/wp\/v2\/posts\/1655\/revisions"}],"predecessor-version":[{"id":1656,"href":"https:\/\/volcanes.net\/index.php?rest_route=\/wp\/v2\/posts\/1655\/revisions\/1656"}],"wp:featuredmedia":[{"embeddable":true,"href":"https:\/\/volcanes.net\/index.php?rest_route=\/wp\/v2\/media\/1650"}],"wp:attachment":[{"href":"https:\/\/volcanes.net\/index.php?rest_route=%2Fwp%2Fv2%2Fmedia&parent=1655"}],"wp:term":[{"taxonomy":"category","embeddable":true,"href":"https:\/\/volcanes.net\/index.php?rest_route=%2Fwp%2Fv2%2Fcategories&post=1655"},{"taxonomy":"post_tag","embeddable":true,"href":"https:\/\/volcanes.net\/index.php?rest_route=%2Fwp%2Fv2%2Ftags&post=1655"}],"curies":[{"name":"wp","href":"https:\/\/api.w.org\/{rel}","templated":true}]}}