{"id":1659,"date":"2018-02-28T08:12:52","date_gmt":"2018-02-28T08:12:52","guid":{"rendered":"http:\/\/volcanes.net\/?p=1659"},"modified":"2018-02-28T08:12:52","modified_gmt":"2018-02-28T08:12:52","slug":"gem-trabajara-con-autoridades-electorales-y-de-seguridad-para-garantizar-orden-y-paz-en-las-proximas-elecciones","status":"publish","type":"post","link":"https:\/\/volcanes.net\/?p=1659","title":{"rendered":"GEM trabajar\u00e1 con autoridades electorales y de seguridad para garantizar orden y paz en las pr\u00f3ximas elecciones"},"content":{"rendered":"<div style=\"margin-top: 0px; margin-bottom: 0px;\" class=\"sharethis-inline-share-buttons\" ><\/div><p>El gobernador Alfredo Del Mazo se reuni\u00f3 con autoridades electorales y con el Grupo de Coordinaci\u00f3n de Seguridad, con quienes se comprometi\u00f3 a garantizar que la pr\u00f3xima jornada electoral se desarrollar\u00e1 en orden y paz. Mencion\u00f3 que un clima de tranquilidad fortalece la democracia en el Estado de M\u00e9xico y en el resto del pa\u00eds.<\/p>\n<p>Por su parte, las autoridades del IEEM presentaron un informe del trabajo previo a las elecciones, en el cual destacaron que no se tienen identificadas zonas consideradas como \u201cfocos rojos\u201d, en el estado, adem\u00e1s de exponer las acciones realizadas, sus proyecciones y resultados hasta el momento. Tambi\u00e9n se dio a conocer que la entidad cuenta con un padr\u00f3n electoral de 11 millones 872 mil 149 personas y que el d\u00eda de la jornada electoral se instalar\u00e1n 19 mil 225 casillas.<\/p>\n<p>Adem\u00e1s, se contratar\u00e1 a 4 mil 650 capacitadores asistentes electorales y 723 supervisores, quienes capacitar\u00e1n a m\u00e1s de un mill\u00f3n de personas que integrar\u00e1n las mesas directivas de casilla; la primera etapa de capacitaci\u00f3n ser\u00e1 del 7 de marzo al 27 de abril y la designaci\u00f3n de funcionarios de casilla tiene como fecha el 8 de mayo.<\/p>\n<p>Al respecto, Alfredo Del Mazo reconoci\u00f3 que los comicios de este a\u00f1o ser\u00e1n complejos debido al tama\u00f1o del electorado y a la importancia que tiene la entidad mexiquense en este tipo de procesos, por lo que agradeci\u00f3 la coordinaci\u00f3n y la disposici\u00f3n del IEEM de trabajar con la administraci\u00f3n estatal y con los integrantes del Grupo de Coordinaci\u00f3n en materia de Seguridad.<\/p>\n<p>Asegur\u00f3 que su administraci\u00f3n estar\u00e1 atenta a todo este proceso, adem\u00e1s de colaborar con este instituto en los t\u00e9rminos que marca la Ley, y reconoci\u00f3 el trabajo que lleva a cabo este \u00f3rgano, ya que durante las elecciones participar\u00e1n miles de personas que aportar\u00e1n lo mejor de s\u00ed, para que los votantes elijan con tranquilidad al nuevo Presidente del pa\u00eds, as\u00ed como Senadores, Alcaldes, Diputados locales y federales.<\/p>\n","protected":false},"excerpt":{"rendered":"<p>El gobernador Alfredo Del Mazo se reuni\u00f3 con autoridades electorales y con el Grupo de<\/p>\n","protected":false},"author":1,"featured_media":1660,"comment_status":"open","ping_status":"open","sticky":false,"template":"","format":"standard","meta":{"footnotes":""},"categories":[3],"tags":[7,89,57,9,73,77,63,15,91,133,6,85,90,75,21,76,14,71,16,22,81,92,41,43,46],"class_list":["post-1659","post","type-post","status-publish","format-standard","has-post-thumbnail","hentry","category-estatales","tag-amecameca","tag-atizapan","tag-ayapango","tag-chalco","tag-chimalhuacan","tag-coacalco","tag-ecatepec","tag-ecatzingo","tag-huixquilucan","tag-interes","tag-ixtapaluca","tag-izcalli","tag-la-paz","tag-naucalpan","tag-nezahualcoyotl","tag-nicolas-romero","tag-ozumba","tag-tecamac","tag-tepetlixpa","tag-texcoco","tag-tlalmanalco","tag-tlalnepantla","tag-toluca","tag-tultitlan","tag-volcanes"],"yoast_head":"<!-- This site is optimized with the Yoast SEO plugin v25.3 - https:\/\/yoast.com\/wordpress\/plugins\/seo\/ -->\n<title>GEM trabajar\u00e1 con autoridades electorales y de seguridad para garantizar orden y paz en las pr\u00f3ximas elecciones - Volcanes<\/title>\n<meta name=\"robots\" content=\"index, follow, max-snippet:-1, max-image-preview:large, max-video-preview:-1\" \/>\n<link rel=\"canonical\" href=\"https:\/\/volcanes.net\/?p=1659\" \/>\n<meta property=\"og:locale\" content=\"es_MX\" \/>\n<meta property=\"og:type\" content=\"article\" \/>\n<meta property=\"og:title\" content=\"GEM trabajar\u00e1 con autoridades electorales y de seguridad para garantizar orden y paz en las pr\u00f3ximas elecciones - Volcanes\" \/>\n<meta property=\"og:description\" content=\"El gobernador Alfredo Del Mazo se reuni\u00f3 con autoridades electorales y con el Grupo de\" \/>\n<meta property=\"og:url\" content=\"https:\/\/volcanes.net\/?p=1659\" \/>\n<meta property=\"og:site_name\" content=\"Volcanes\" \/>\n<meta property=\"article:publisher\" content=\"https:\/\/www.facebook.com\/volcanes.net\/\" \/>\n<meta property=\"article:published_time\" content=\"2018-02-28T08:12:52+00:00\" \/>\n<meta property=\"og:image\" content=\"https:\/\/volcanes.net\/wp-content\/uploads\/2018\/02\/Alfredo-Del-Mazo-Reunion-Comicios-3.jpg\" \/>\n\t<meta property=\"og:image:width\" content=\"680\" \/>\n\t<meta property=\"og:image:height\" content=\"443\" \/>\n\t<meta property=\"og:image:type\" content=\"image\/jpeg\" \/>\n<meta name=\"author\" content=\"admin\" \/>\n<meta name=\"twitter:card\" content=\"summary_large_image\" \/>\n<meta name=\"twitter:label1\" content=\"Escrito por\" \/>\n\t<meta name=\"twitter:data1\" content=\"admin\" \/>\n\t<meta name=\"twitter:label2\" content=\"Tiempo de lectura\" \/>\n\t<meta name=\"twitter:data2\" content=\"2 minutos\" \/>\n<script type=\"application\/ld+json\" class=\"yoast-schema-graph\">{\"@context\":\"https:\/\/schema.org\",\"@graph\":[{\"@type\":\"Article\",\"@id\":\"https:\/\/volcanes.net\/?p=1659#article\",\"isPartOf\":{\"@id\":\"https:\/\/volcanes.net\/?p=1659\"},\"author\":{\"name\":\"admin\",\"@id\":\"https:\/\/volcanes.net\/#\/schema\/person\/4bf0f383940966a4abd53f5048c0e6b9\"},\"headline\":\"GEM trabajar\u00e1 con autoridades electorales y de seguridad para garantizar orden y paz en las pr\u00f3ximas elecciones\",\"datePublished\":\"2018-02-28T08:12:52+00:00\",\"mainEntityOfPage\":{\"@id\":\"https:\/\/volcanes.net\/?p=1659\"},\"wordCount\":358,\"commentCount\":0,\"publisher\":{\"@id\":\"https:\/\/volcanes.net\/#organization\"},\"image\":{\"@id\":\"https:\/\/volcanes.net\/?p=1659#primaryimage\"},\"thumbnailUrl\":\"https:\/\/volcanes.net\/wp-content\/uploads\/2018\/02\/Alfredo-Del-Mazo-Reunion-Comicios-3.jpg\",\"keywords\":[\"Amecameca\",\"Atizap\u00e1n\",\"Ayapango\",\"Chalco\",\"Chimalhuac\u00e1n\",\"Coacalco\",\"Ecatepec\",\"Ecatzingo\",\"Huixquilucan\",\"Inter\u00e9s\",\"Ixtapaluca\",\"Izcalli\",\"La Paz\",\"Naucalpan\",\"Nezahualc\u00f3yotl\",\"Nicol\u00e1s Romero\",\"Ozumba\",\"Tec\u00e1mac\",\"Tepetlixpa\",\"Texcoco\",\"Tlalmanalco\",\"Tlalnepantla\",\"Toluca\",\"Tultitl\u00e1n\",\"Volcanes\"],\"articleSection\":[\"Estatales\"],\"inLanguage\":\"es\",\"potentialAction\":[{\"@type\":\"CommentAction\",\"name\":\"Comment\",\"target\":[\"https:\/\/volcanes.net\/?p=1659#respond\"]}]},{\"@type\":\"WebPage\",\"@id\":\"https:\/\/volcanes.net\/?p=1659\",\"url\":\"https:\/\/volcanes.net\/?p=1659\",\"name\":\"GEM trabajar\u00e1 con autoridades electorales y de seguridad para garantizar orden y paz en las pr\u00f3ximas elecciones - Volcanes\",\"isPartOf\":{\"@id\":\"https:\/\/volcanes.net\/#website\"},\"primaryImageOfPage\":{\"@id\":\"https:\/\/volcanes.net\/?p=1659#primaryimage\"},\"image\":{\"@id\":\"https:\/\/volcanes.net\/?p=1659#primaryimage\"},\"thumbnailUrl\":\"https:\/\/volcanes.net\/wp-content\/uploads\/2018\/02\/Alfredo-Del-Mazo-Reunion-Comicios-3.jpg\",\"datePublished\":\"2018-02-28T08:12:52+00:00\",\"breadcrumb\":{\"@id\":\"https:\/\/volcanes.net\/?p=1659#breadcrumb\"},\"inLanguage\":\"es\",\"potentialAction\":[{\"@type\":\"ReadAction\",\"target\":[\"https:\/\/volcanes.net\/?p=1659\"]}]},{\"@type\":\"ImageObject\",\"inLanguage\":\"es\",\"@id\":\"https:\/\/volcanes.net\/?p=1659#primaryimage\",\"url\":\"https:\/\/volcanes.net\/wp-content\/uploads\/2018\/02\/Alfredo-Del-Mazo-Reunion-Comicios-3.jpg\",\"contentUrl\":\"https:\/\/volcanes.net\/wp-content\/uploads\/2018\/02\/Alfredo-Del-Mazo-Reunion-Comicios-3.jpg\",\"width\":680,\"height\":443},{\"@type\":\"BreadcrumbList\",\"@id\":\"https:\/\/volcanes.net\/?p=1659#breadcrumb\",\"itemListElement\":[{\"@type\":\"ListItem\",\"position\":1,\"name\":\"Portada\",\"item\":\"https:\/\/volcanes.net\/\"},{\"@type\":\"ListItem\",\"position\":2,\"name\":\"GEM trabajar\u00e1 con autoridades electorales y de seguridad para garantizar orden y paz en las pr\u00f3ximas elecciones\"}]},{\"@type\":\"WebSite\",\"@id\":\"https:\/\/volcanes.net\/#website\",\"url\":\"https:\/\/volcanes.net\/\",\"name\":\"Volcanes.Net\",\"description\":\"Periodismo Profesional\",\"publisher\":{\"@id\":\"https:\/\/volcanes.net\/#organization\"},\"potentialAction\":[{\"@type\":\"SearchAction\",\"target\":{\"@type\":\"EntryPoint\",\"urlTemplate\":\"https:\/\/volcanes.net\/?s={search_term_string}\"},\"query-input\":{\"@type\":\"PropertyValueSpecification\",\"valueRequired\":true,\"valueName\":\"search_term_string\"}}],\"inLanguage\":\"es\"},{\"@type\":\"Organization\",\"@id\":\"https:\/\/volcanes.net\/#organization\",\"name\":\"Grupo Volcanes\",\"url\":\"https:\/\/volcanes.net\/\",\"logo\":{\"@type\":\"ImageObject\",\"inLanguage\":\"es\",\"@id\":\"https:\/\/volcanes.net\/#\/schema\/logo\/image\/\",\"url\":\"http:\/\/volcanes.net\/wp-content\/uploads\/2017\/12\/Avatar2.jpg\",\"contentUrl\":\"http:\/\/volcanes.net\/wp-content\/uploads\/2017\/12\/Avatar2.jpg\",\"width\":378,\"height\":378,\"caption\":\"Grupo Volcanes\"},\"image\":{\"@id\":\"https:\/\/volcanes.net\/#\/schema\/logo\/image\/\"},\"sameAs\":[\"https:\/\/www.facebook.com\/volcanes.net\/\"]},{\"@type\":\"Person\",\"@id\":\"https:\/\/volcanes.net\/#\/schema\/person\/4bf0f383940966a4abd53f5048c0e6b9\",\"name\":\"admin\",\"image\":{\"@type\":\"ImageObject\",\"inLanguage\":\"es\",\"@id\":\"https:\/\/volcanes.net\/#\/schema\/person\/image\/\",\"url\":\"https:\/\/secure.gravatar.com\/avatar\/ca004e6cba8462b8cb7abc86e382930c?s=96&d=mm&r=g\",\"contentUrl\":\"https:\/\/secure.gravatar.com\/avatar\/ca004e6cba8462b8cb7abc86e382930c?s=96&d=mm&r=g\",\"caption\":\"admin\"}}]}<\/script>\n<!-- \/ Yoast SEO plugin. -->","yoast_head_json":{"title":"GEM trabajar\u00e1 con autoridades electorales y de seguridad para garantizar orden y paz en las pr\u00f3ximas elecciones - Volcanes","robots":{"index":"index","follow":"follow","max-snippet":"max-snippet:-1","max-image-preview":"max-image-preview:large","max-video-preview":"max-video-preview:-1"},"canonical":"https:\/\/volcanes.net\/?p=1659","og_locale":"es_MX","og_type":"article","og_title":"GEM trabajar\u00e1 con autoridades electorales y de seguridad para garantizar orden y paz en las pr\u00f3ximas elecciones - Volcanes","og_description":"El gobernador Alfredo Del Mazo se reuni\u00f3 con autoridades electorales y con el Grupo de","og_url":"https:\/\/volcanes.net\/?p=1659","og_site_name":"Volcanes","article_publisher":"https:\/\/www.facebook.com\/volcanes.net\/","article_published_time":"2018-02-28T08:12:52+00:00","og_image":[{"width":680,"height":443,"url":"https:\/\/volcanes.net\/wp-content\/uploads\/2018\/02\/Alfredo-Del-Mazo-Reunion-Comicios-3.jpg","type":"image\/jpeg"}],"author":"admin","twitter_card":"summary_large_image","twitter_misc":{"Escrito por":"admin","Tiempo de lectura":"2 minutos"},"schema":{"@context":"https:\/\/schema.org","@graph":[{"@type":"Article","@id":"https:\/\/volcanes.net\/?p=1659#article","isPartOf":{"@id":"https:\/\/volcanes.net\/?p=1659"},"author":{"name":"admin","@id":"https:\/\/volcanes.net\/#\/schema\/person\/4bf0f383940966a4abd53f5048c0e6b9"},"headline":"GEM trabajar\u00e1 con autoridades electorales y de seguridad para garantizar orden y paz en las pr\u00f3ximas elecciones","datePublished":"2018-02-28T08:12:52+00:00","mainEntityOfPage":{"@id":"https:\/\/volcanes.net\/?p=1659"},"wordCount":358,"commentCount":0,"publisher":{"@id":"https:\/\/volcanes.net\/#organization"},"image":{"@id":"https:\/\/volcanes.net\/?p=1659#primaryimage"},"thumbnailUrl":"https:\/\/volcanes.net\/wp-content\/uploads\/2018\/02\/Alfredo-Del-Mazo-Reunion-Comicios-3.jpg","keywords":["Amecameca","Atizap\u00e1n","Ayapango","Chalco","Chimalhuac\u00e1n","Coacalco","Ecatepec","Ecatzingo","Huixquilucan","Inter\u00e9s","Ixtapaluca","Izcalli","La Paz","Naucalpan","Nezahualc\u00f3yotl","Nicol\u00e1s Romero","Ozumba","Tec\u00e1mac","Tepetlixpa","Texcoco","Tlalmanalco","Tlalnepantla","Toluca","Tultitl\u00e1n","Volcanes"],"articleSection":["Estatales"],"inLanguage":"es","potentialAction":[{"@type":"CommentAction","name":"Comment","target":["https:\/\/volcanes.net\/?p=1659#respond"]}]},{"@type":"WebPage","@id":"https:\/\/volcanes.net\/?p=1659","url":"https:\/\/volcanes.net\/?p=1659","name":"GEM trabajar\u00e1 con autoridades electorales y de seguridad para garantizar orden y paz en las pr\u00f3ximas elecciones - Volcanes","isPartOf":{"@id":"https:\/\/volcanes.net\/#website"},"primaryImageOfPage":{"@id":"https:\/\/volcanes.net\/?p=1659#primaryimage"},"image":{"@id":"https:\/\/volcanes.net\/?p=1659#primaryimage"},"thumbnailUrl":"https:\/\/volcanes.net\/wp-content\/uploads\/2018\/02\/Alfredo-Del-Mazo-Reunion-Comicios-3.jpg","datePublished":"2018-02-28T08:12:52+00:00","breadcrumb":{"@id":"https:\/\/volcanes.net\/?p=1659#breadcrumb"},"inLanguage":"es","potentialAction":[{"@type":"ReadAction","target":["https:\/\/volcanes.net\/?p=1659"]}]},{"@type":"ImageObject","inLanguage":"es","@id":"https:\/\/volcanes.net\/?p=1659#primaryimage","url":"https:\/\/volcanes.net\/wp-content\/uploads\/2018\/02\/Alfredo-Del-Mazo-Reunion-Comicios-3.jpg","contentUrl":"https:\/\/volcanes.net\/wp-content\/uploads\/2018\/02\/Alfredo-Del-Mazo-Reunion-Comicios-3.jpg","width":680,"height":443},{"@type":"BreadcrumbList","@id":"https:\/\/volcanes.net\/?p=1659#breadcrumb","itemListElement":[{"@type":"ListItem","position":1,"name":"Portada","item":"https:\/\/volcanes.net\/"},{"@type":"ListItem","position":2,"name":"GEM trabajar\u00e1 con autoridades electorales y de seguridad para garantizar orden y paz en las pr\u00f3ximas elecciones"}]},{"@type":"WebSite","@id":"https:\/\/volcanes.net\/#website","url":"https:\/\/volcanes.net\/","name":"Volcanes.Net","description":"Periodismo Profesional","publisher":{"@id":"https:\/\/volcanes.net\/#organization"},"potentialAction":[{"@type":"SearchAction","target":{"@type":"EntryPoint","urlTemplate":"https:\/\/volcanes.net\/?s={search_term_string}"},"query-input":{"@type":"PropertyValueSpecification","valueRequired":true,"valueName":"search_term_string"}}],"inLanguage":"es"},{"@type":"Organization","@id":"https:\/\/volcanes.net\/#organization","name":"Grupo Volcanes","url":"https:\/\/volcanes.net\/","logo":{"@type":"ImageObject","inLanguage":"es","@id":"https:\/\/volcanes.net\/#\/schema\/logo\/image\/","url":"http:\/\/volcanes.net\/wp-content\/uploads\/2017\/12\/Avatar2.jpg","contentUrl":"http:\/\/volcanes.net\/wp-content\/uploads\/2017\/12\/Avatar2.jpg","width":378,"height":378,"caption":"Grupo Volcanes"},"image":{"@id":"https:\/\/volcanes.net\/#\/schema\/logo\/image\/"},"sameAs":["https:\/\/www.facebook.com\/volcanes.net\/"]},{"@type":"Person","@id":"https:\/\/volcanes.net\/#\/schema\/person\/4bf0f383940966a4abd53f5048c0e6b9","name":"admin","image":{"@type":"ImageObject","inLanguage":"es","@id":"https:\/\/volcanes.net\/#\/schema\/person\/image\/","url":"https:\/\/secure.gravatar.com\/avatar\/ca004e6cba8462b8cb7abc86e382930c?s=96&d=mm&r=g","contentUrl":"https:\/\/secure.gravatar.com\/avatar\/ca004e6cba8462b8cb7abc86e382930c?s=96&d=mm&r=g","caption":"admin"}}]}},"_links":{"self":[{"href":"https:\/\/volcanes.net\/index.php?rest_route=\/wp\/v2\/posts\/1659"}],"collection":[{"href":"https:\/\/volcanes.net\/index.php?rest_route=\/wp\/v2\/posts"}],"about":[{"href":"https:\/\/volcanes.net\/index.php?rest_route=\/wp\/v2\/types\/post"}],"author":[{"embeddable":true,"href":"https:\/\/volcanes.net\/index.php?rest_route=\/wp\/v2\/users\/1"}],"replies":[{"embeddable":true,"href":"https:\/\/volcanes.net\/index.php?rest_route=%2Fwp%2Fv2%2Fcomments&post=1659"}],"version-history":[{"count":1,"href":"https:\/\/volcanes.net\/index.php?rest_route=\/wp\/v2\/posts\/1659\/revisions"}],"predecessor-version":[{"id":1661,"href":"https:\/\/volcanes.net\/index.php?rest_route=\/wp\/v2\/posts\/1659\/revisions\/1661"}],"wp:featuredmedia":[{"embeddable":true,"href":"https:\/\/volcanes.net\/index.php?rest_route=\/wp\/v2\/media\/1660"}],"wp:attachment":[{"href":"https:\/\/volcanes.net\/index.php?rest_route=%2Fwp%2Fv2%2Fmedia&parent=1659"}],"wp:term":[{"taxonomy":"category","embeddable":true,"href":"https:\/\/volcanes.net\/index.php?rest_route=%2Fwp%2Fv2%2Fcategories&post=1659"},{"taxonomy":"post_tag","embeddable":true,"href":"https:\/\/volcanes.net\/index.php?rest_route=%2Fwp%2Fv2%2Ftags&post=1659"}],"curies":[{"name":"wp","href":"https:\/\/api.w.org\/{rel}","templated":true}]}}