{"id":1680,"date":"2018-03-05T01:50:07","date_gmt":"2018-03-05T01:50:07","guid":{"rendered":"http:\/\/volcanes.net\/?p=1680"},"modified":"2018-03-05T01:50:07","modified_gmt":"2018-03-05T01:50:07","slug":"alfredo-barrera-baca-llamo-a-las-autoridades-estatales-y-federales-a-privilegiar-el-apoyo-a-las-universidades-publicas","status":"publish","type":"post","link":"https:\/\/volcanes.net\/?p=1680","title":{"rendered":"Alfredo Barrera Baca llam\u00f3 a las autoridades estatales y federales a privilegiar el apoyo a las universidades p\u00fablicas"},"content":{"rendered":"<div style=\"margin-top: 0px; margin-bottom: 0px;\" class=\"sharethis-inline-share-buttons\" ><\/div><p class=\"x_MsoNormal\"><span lang=\"ES-MX\">Los beneficios de la Universidad Aut\u00f3noma del Estado de M\u00e9xico est\u00e1n m\u00e1s all\u00e1 de sus incuestionables m\u00e9ritos acad\u00e9micos, sostuvo el gobernador del Estado de M\u00e9xico, Alfredo Del Mazo Maza, quien afirm\u00f3 que la capacidad transformadora es el valor m\u00e1s importante de esta casa de estudios, que realiza aportaciones que fortalecen a las familias, las comunidades y la sociedad en su conjunto, por lo cual \u201cdefenderla y preservarla es un deber que compartimos las autoridades acad\u00e9micas y este gobierno\u201d.<\/span><\/p>\n<p class=\"x_MsoNormal\"><span lang=\"ES\">Al encabezar el primer informe anual de actividades de la Administraci\u00f3n 2017-2021 de la UAEM, en voz del rector Alfredo Barrera Baca, el titular del ejecutivo mexiquense asever\u00f3 que cada\u00a0<\/span><span lang=\"ES-MX\">joven que entra a las aulas universitarias es un joven que se aleja del camino f\u00e1cil y de los peligros de la delincuencia.<\/span><\/p>\n<p class=\"x_MsoNormal\"><span lang=\"ES-MX\">En este sentido, e<\/span><span lang=\"ES\">l rector llam\u00f3 a las autoridades estatales y federales a privilegiar el apoyo a las universidades p\u00fablicas, basti\u00f3n de la soberan\u00eda nacional y \u201cel mejor lugar donde pueden estar nuestros j\u00f3venes\u201d.<\/span><\/p>\n<p class=\"x_MsoNormal\"><span lang=\"ES-MX\">Ante el secretario general ejecutivo de la Asociaci\u00f3n Nacional de Universidades e Instituciones de Educaci\u00f3n Superior (ANUIES),\u00a0<em>Jaime Valls Esponda; el p<\/em><\/span><span lang=\"ES-MX\">residente del Tribunal Superior de Justicia, Sergio Medina\u00a0<\/span><span lang=\"ES-MX\">Pe\u00f1aloza, y los ex gobernadores,\u00a0<\/span><span lang=\"ES-MX\">Arturo Montiel Rojas y C\u00e9sar Camacho Quiroz, convoc\u00f3\u00a0<\/span><span lang=\"ES\">a \u201capoyar con firmeza a la juventud mexicana\u201d y seguir invirtiendo en educaci\u00f3n.<\/span><\/p>\n<p class=\"x_MsoNormal\"><span lang=\"ES\">En el Aula Magna \u201cLic. Adolfo L\u00f3pez Mateos\u201d del Edificio de Rector\u00eda, ante el pleno del H. Consejo Universitario, conformado por representantes de toda la comunidad de la instituci\u00f3n, Alfredo Barrera Baca reiter\u00f3 su invitaci\u00f3n a los casi 100 mil integrantes de esta casa de estudios a \u201cseguir construyendo la universidad que todos deseamos\u201d.<\/span><\/p>\n<p class=\"x_MsoNormal\"><span lang=\"ES-MX\">Del Mazo Maza se\u00f1al\u00f3 que para fortalecer su liderazgo, la Universidad Aut\u00f3noma del Estado de M\u00e9xico cuenta con el respaldo total de este gobierno. \u201cComo prueba de este compromiso, en 2018 otorgamos a esta casa de estudios un incremento presupuestal en su conjunto, entre el congreso estatal y congreso federal, de casi 975 millones de pesos, 15 por ciento adicional al asignado en 2017\u201d.<\/span><\/p>\n<p class=\"x_MsoNormal\"><span lang=\"ES-MX\">Gracias a este impulso institucional, puntualiz\u00f3, la UAEM continuar\u00e1 fortaleciendo su infraestructura y la entrega de becas, lo que permitir\u00e1 ampliar su cobertura, mantener el m\u00e9rito acad\u00e9mico y disminuir los \u00edndices de deserci\u00f3n estudiantil. \u201cEste gobierno comparte con ustedes el deseo de hacer de la educaci\u00f3n un medio para que cada mexiquense tenga derecho a una mejor calidad de vida\u201d.<\/span><\/p>\n<p class=\"x_MsoNormal\"><span lang=\"ES-MX\">\u00a0<\/span><span lang=\"ES-MX\">El gobernador Alfredo Del Mazo Maza\u00a0<\/span><span lang=\"ES-MX\">reconoci\u00f3 en la\u00a0<\/span><span lang=\"ES-MX\">Aut\u00f3noma mexiquense a una instituci\u00f3n que, a trav\u00e9s de sus aportaciones cient\u00edficas y acad\u00e9micas, busca retribuir a la sociedad todo lo que recibe de ella. \u201cEstos principios los ha impulsado, desde el inicio, la gesti\u00f3n del rector Alfredo Barrera Baca. Son ustedes motivo de orgullo, muchas felicidades a la comunidad universitaria por un a\u00f1o m\u00e1s de logros\u201d.<\/span><\/p>\n<p class=\"x_MsoNormal\"><span lang=\"ES-MX\">Alfredo Barrera Baca\u00a0<\/span><span lang=\"ES-MX\">enfatiz\u00f3 que el compromiso de los\u00a0<\/span><span lang=\"ES-MX\">universitarios \u201ccon los mexiquenses contin\u00faa siendo el mismo: ofrecer educaci\u00f3n media superior y superior a los j\u00f3venes en un h\u00e1bitat donde el pensamiento, la c\u00e1tedra y la investigaci\u00f3n transiten en plena libertad\u201d.<\/span><\/p>\n<p class=\"x_MsoNormal\"><span lang=\"ES-MX\">Reconoci\u00f3 que en el curso del primer a\u00f1o de trabajo de la Administraci\u00f3n 2017-2021 de la UAEM, los gobiernos federal y estatal \u201cnos dieron solidarias muestras de apoyo que nos inyectan optimismo y seguridad para atender ese reto\u201d.<\/span><\/p>\n<p class=\"x_MsoNormal\"><span lang=\"ES-MX\">Asegur\u00f3 que \u201cen la agenda de esta administraci\u00f3n universitaria es central recuperar el equilibrio presupuestal y mantener en ruta el futuro de la universidad\u201d. Para conseguirlo, dijo, hemos desplegado una estrategia de tres v\u00edas: primera, gestionar el incremento de los subsidios conforme a los actuales costos educativos; segunda, disminuir el gasto, mediante el ahorro y la optimizaci\u00f3n de recursos, y tercera, aumentar de manera sustancial los recursos autogenerados.<\/span><\/p>\n<p class=\"x_MsoNormal\"><span lang=\"ES-MX\">Ante los presidentes de la Junta de Coordinaci\u00f3n Pol\u00edtica de la 59 Legislatura del Estado de M\u00e9xico, Miguel S\u00e1mano Peralta; de la mesa directiva del Congreso local, Gerardo Pliego Santana; el\u00a0<\/span><span lang=\"ES-MX\">presidente municipal de Toluca, Fernando Zamora Morales, y el c<\/span><span lang=\"ES-MX\">omandante de la 22\u00aa Zona Militar General de Brigada Diplomado de Estado de Mayor,\u00a0<em>Enrique Dena Salgado<\/em>,\u00a0a<\/span><span lang=\"ES-MX\">bund\u00f3 que con miras al ejercicio presupuestal 2018, la instituci\u00f3n recibi\u00f3 del ejecutivo estatal una ampliaci\u00f3n de 450 millones de pesos, \u201cque mucho ayudar\u00e1n a sortear necesidades en distintos renglones del quehacer universitario\u201d.<\/span><\/p>\n<p class=\"x_MsoNormal\"><span lang=\"ES-MX\">En este marco, e<\/span><span lang=\"ES-MX\">l gobernador Alfredo del Mazo Maza y el rector Alfredo Barrera Baca inauguraron el\u00a0<\/span><span lang=\"ES-MX\">Centro de Documentaci\u00f3n \u201cLic. Adolfo L\u00f3pez Mateos\u201d y el Museo de Historia Natural \u201cDr. Manuel M. Villada\u201d, as\u00ed como la exposici\u00f3n \u201cEl ser del hombre.\u00a0<\/span>Una par\u00e1frasis de la libertad\u201d, de Jorge Mar\u00edn.<\/p>\n","protected":false},"excerpt":{"rendered":"<p>Los beneficios de la Universidad Aut\u00f3noma del Estado de M\u00e9xico est\u00e1n m\u00e1s all\u00e1 de sus<\/p>\n","protected":false},"author":1,"featured_media":1675,"comment_status":"open","ping_status":"open","sticky":false,"template":"","format":"standard","meta":{"footnotes":""},"categories":[1],"tags":[25,24],"class_list":["post-1680","post","type-post","status-publish","format-standard","has-post-thumbnail","hentry","category-municipales","tag-uaem","tag-uaemex"],"yoast_head":"<!-- This site is optimized with the Yoast SEO plugin v25.3 - https:\/\/yoast.com\/wordpress\/plugins\/seo\/ -->\n<title>Alfredo Barrera Baca llam\u00f3 a las autoridades estatales y federales a privilegiar el apoyo a las universidades p\u00fablicas - Volcanes<\/title>\n<meta name=\"robots\" content=\"index, follow, max-snippet:-1, max-image-preview:large, max-video-preview:-1\" \/>\n<link rel=\"canonical\" href=\"https:\/\/volcanes.net\/?p=1680\" \/>\n<meta property=\"og:locale\" content=\"es_MX\" \/>\n<meta property=\"og:type\" content=\"article\" \/>\n<meta property=\"og:title\" content=\"Alfredo Barrera Baca llam\u00f3 a las autoridades estatales y federales a privilegiar el apoyo a las universidades p\u00fablicas - Volcanes\" \/>\n<meta property=\"og:description\" content=\"Los beneficios de la Universidad Aut\u00f3noma del Estado de M\u00e9xico est\u00e1n m\u00e1s all\u00e1 de sus\" \/>\n<meta property=\"og:url\" content=\"https:\/\/volcanes.net\/?p=1680\" \/>\n<meta property=\"og:site_name\" content=\"Volcanes\" \/>\n<meta property=\"article:publisher\" content=\"https:\/\/www.facebook.com\/volcanes.net\/\" \/>\n<meta property=\"article:published_time\" content=\"2018-03-05T01:50:07+00:00\" \/>\n<meta property=\"og:image\" content=\"https:\/\/volcanes.net\/wp-content\/uploads\/2018\/03\/barrera.jpg\" \/>\n\t<meta property=\"og:image:width\" content=\"400\" \/>\n\t<meta property=\"og:image:height\" content=\"200\" \/>\n\t<meta property=\"og:image:type\" content=\"image\/jpeg\" \/>\n<meta name=\"author\" content=\"admin\" \/>\n<meta name=\"twitter:card\" content=\"summary_large_image\" \/>\n<meta name=\"twitter:label1\" content=\"Escrito por\" \/>\n\t<meta name=\"twitter:data1\" content=\"admin\" \/>\n\t<meta name=\"twitter:label2\" content=\"Tiempo de lectura\" \/>\n\t<meta name=\"twitter:data2\" content=\"4 minutos\" \/>\n<script type=\"application\/ld+json\" class=\"yoast-schema-graph\">{\"@context\":\"https:\/\/schema.org\",\"@graph\":[{\"@type\":\"Article\",\"@id\":\"https:\/\/volcanes.net\/?p=1680#article\",\"isPartOf\":{\"@id\":\"https:\/\/volcanes.net\/?p=1680\"},\"author\":{\"name\":\"admin\",\"@id\":\"https:\/\/volcanes.net\/#\/schema\/person\/4bf0f383940966a4abd53f5048c0e6b9\"},\"headline\":\"Alfredo Barrera Baca llam\u00f3 a las autoridades estatales y federales a privilegiar el apoyo a las universidades p\u00fablicas\",\"datePublished\":\"2018-03-05T01:50:07+00:00\",\"mainEntityOfPage\":{\"@id\":\"https:\/\/volcanes.net\/?p=1680\"},\"wordCount\":828,\"commentCount\":0,\"publisher\":{\"@id\":\"https:\/\/volcanes.net\/#organization\"},\"image\":{\"@id\":\"https:\/\/volcanes.net\/?p=1680#primaryimage\"},\"thumbnailUrl\":\"https:\/\/volcanes.net\/wp-content\/uploads\/2018\/03\/barrera.jpg\",\"keywords\":[\"UAEM\",\"UAEMEX\"],\"articleSection\":[\"Municipales\"],\"inLanguage\":\"es\",\"potentialAction\":[{\"@type\":\"CommentAction\",\"name\":\"Comment\",\"target\":[\"https:\/\/volcanes.net\/?p=1680#respond\"]}]},{\"@type\":\"WebPage\",\"@id\":\"https:\/\/volcanes.net\/?p=1680\",\"url\":\"https:\/\/volcanes.net\/?p=1680\",\"name\":\"Alfredo Barrera Baca llam\u00f3 a las autoridades estatales y federales a privilegiar el apoyo a las universidades p\u00fablicas - Volcanes\",\"isPartOf\":{\"@id\":\"https:\/\/volcanes.net\/#website\"},\"primaryImageOfPage\":{\"@id\":\"https:\/\/volcanes.net\/?p=1680#primaryimage\"},\"image\":{\"@id\":\"https:\/\/volcanes.net\/?p=1680#primaryimage\"},\"thumbnailUrl\":\"https:\/\/volcanes.net\/wp-content\/uploads\/2018\/03\/barrera.jpg\",\"datePublished\":\"2018-03-05T01:50:07+00:00\",\"breadcrumb\":{\"@id\":\"https:\/\/volcanes.net\/?p=1680#breadcrumb\"},\"inLanguage\":\"es\",\"potentialAction\":[{\"@type\":\"ReadAction\",\"target\":[\"https:\/\/volcanes.net\/?p=1680\"]}]},{\"@type\":\"ImageObject\",\"inLanguage\":\"es\",\"@id\":\"https:\/\/volcanes.net\/?p=1680#primaryimage\",\"url\":\"https:\/\/volcanes.net\/wp-content\/uploads\/2018\/03\/barrera.jpg\",\"contentUrl\":\"https:\/\/volcanes.net\/wp-content\/uploads\/2018\/03\/barrera.jpg\",\"width\":400,\"height\":200},{\"@type\":\"BreadcrumbList\",\"@id\":\"https:\/\/volcanes.net\/?p=1680#breadcrumb\",\"itemListElement\":[{\"@type\":\"ListItem\",\"position\":1,\"name\":\"Portada\",\"item\":\"https:\/\/volcanes.net\/\"},{\"@type\":\"ListItem\",\"position\":2,\"name\":\"Alfredo Barrera Baca llam\u00f3 a las autoridades estatales y federales a privilegiar el apoyo a las universidades p\u00fablicas\"}]},{\"@type\":\"WebSite\",\"@id\":\"https:\/\/volcanes.net\/#website\",\"url\":\"https:\/\/volcanes.net\/\",\"name\":\"Volcanes.Net\",\"description\":\"Periodismo Profesional\",\"publisher\":{\"@id\":\"https:\/\/volcanes.net\/#organization\"},\"potentialAction\":[{\"@type\":\"SearchAction\",\"target\":{\"@type\":\"EntryPoint\",\"urlTemplate\":\"https:\/\/volcanes.net\/?s={search_term_string}\"},\"query-input\":{\"@type\":\"PropertyValueSpecification\",\"valueRequired\":true,\"valueName\":\"search_term_string\"}}],\"inLanguage\":\"es\"},{\"@type\":\"Organization\",\"@id\":\"https:\/\/volcanes.net\/#organization\",\"name\":\"Grupo Volcanes\",\"url\":\"https:\/\/volcanes.net\/\",\"logo\":{\"@type\":\"ImageObject\",\"inLanguage\":\"es\",\"@id\":\"https:\/\/volcanes.net\/#\/schema\/logo\/image\/\",\"url\":\"http:\/\/volcanes.net\/wp-content\/uploads\/2017\/12\/Avatar2.jpg\",\"contentUrl\":\"http:\/\/volcanes.net\/wp-content\/uploads\/2017\/12\/Avatar2.jpg\",\"width\":378,\"height\":378,\"caption\":\"Grupo Volcanes\"},\"image\":{\"@id\":\"https:\/\/volcanes.net\/#\/schema\/logo\/image\/\"},\"sameAs\":[\"https:\/\/www.facebook.com\/volcanes.net\/\"]},{\"@type\":\"Person\",\"@id\":\"https:\/\/volcanes.net\/#\/schema\/person\/4bf0f383940966a4abd53f5048c0e6b9\",\"name\":\"admin\",\"image\":{\"@type\":\"ImageObject\",\"inLanguage\":\"es\",\"@id\":\"https:\/\/volcanes.net\/#\/schema\/person\/image\/\",\"url\":\"https:\/\/secure.gravatar.com\/avatar\/ca004e6cba8462b8cb7abc86e382930c?s=96&d=mm&r=g\",\"contentUrl\":\"https:\/\/secure.gravatar.com\/avatar\/ca004e6cba8462b8cb7abc86e382930c?s=96&d=mm&r=g\",\"caption\":\"admin\"}}]}<\/script>\n<!-- \/ Yoast SEO plugin. -->","yoast_head_json":{"title":"Alfredo Barrera Baca llam\u00f3 a las autoridades estatales y federales a privilegiar el apoyo a las universidades p\u00fablicas - Volcanes","robots":{"index":"index","follow":"follow","max-snippet":"max-snippet:-1","max-image-preview":"max-image-preview:large","max-video-preview":"max-video-preview:-1"},"canonical":"https:\/\/volcanes.net\/?p=1680","og_locale":"es_MX","og_type":"article","og_title":"Alfredo Barrera Baca llam\u00f3 a las autoridades estatales y federales a privilegiar el apoyo a las universidades p\u00fablicas - Volcanes","og_description":"Los beneficios de la Universidad Aut\u00f3noma del Estado de M\u00e9xico est\u00e1n m\u00e1s all\u00e1 de sus","og_url":"https:\/\/volcanes.net\/?p=1680","og_site_name":"Volcanes","article_publisher":"https:\/\/www.facebook.com\/volcanes.net\/","article_published_time":"2018-03-05T01:50:07+00:00","og_image":[{"width":400,"height":200,"url":"https:\/\/volcanes.net\/wp-content\/uploads\/2018\/03\/barrera.jpg","type":"image\/jpeg"}],"author":"admin","twitter_card":"summary_large_image","twitter_misc":{"Escrito por":"admin","Tiempo de lectura":"4 minutos"},"schema":{"@context":"https:\/\/schema.org","@graph":[{"@type":"Article","@id":"https:\/\/volcanes.net\/?p=1680#article","isPartOf":{"@id":"https:\/\/volcanes.net\/?p=1680"},"author":{"name":"admin","@id":"https:\/\/volcanes.net\/#\/schema\/person\/4bf0f383940966a4abd53f5048c0e6b9"},"headline":"Alfredo Barrera Baca llam\u00f3 a las autoridades estatales y federales a privilegiar el apoyo a las universidades p\u00fablicas","datePublished":"2018-03-05T01:50:07+00:00","mainEntityOfPage":{"@id":"https:\/\/volcanes.net\/?p=1680"},"wordCount":828,"commentCount":0,"publisher":{"@id":"https:\/\/volcanes.net\/#organization"},"image":{"@id":"https:\/\/volcanes.net\/?p=1680#primaryimage"},"thumbnailUrl":"https:\/\/volcanes.net\/wp-content\/uploads\/2018\/03\/barrera.jpg","keywords":["UAEM","UAEMEX"],"articleSection":["Municipales"],"inLanguage":"es","potentialAction":[{"@type":"CommentAction","name":"Comment","target":["https:\/\/volcanes.net\/?p=1680#respond"]}]},{"@type":"WebPage","@id":"https:\/\/volcanes.net\/?p=1680","url":"https:\/\/volcanes.net\/?p=1680","name":"Alfredo Barrera Baca llam\u00f3 a las autoridades estatales y federales a privilegiar el apoyo a las universidades p\u00fablicas - Volcanes","isPartOf":{"@id":"https:\/\/volcanes.net\/#website"},"primaryImageOfPage":{"@id":"https:\/\/volcanes.net\/?p=1680#primaryimage"},"image":{"@id":"https:\/\/volcanes.net\/?p=1680#primaryimage"},"thumbnailUrl":"https:\/\/volcanes.net\/wp-content\/uploads\/2018\/03\/barrera.jpg","datePublished":"2018-03-05T01:50:07+00:00","breadcrumb":{"@id":"https:\/\/volcanes.net\/?p=1680#breadcrumb"},"inLanguage":"es","potentialAction":[{"@type":"ReadAction","target":["https:\/\/volcanes.net\/?p=1680"]}]},{"@type":"ImageObject","inLanguage":"es","@id":"https:\/\/volcanes.net\/?p=1680#primaryimage","url":"https:\/\/volcanes.net\/wp-content\/uploads\/2018\/03\/barrera.jpg","contentUrl":"https:\/\/volcanes.net\/wp-content\/uploads\/2018\/03\/barrera.jpg","width":400,"height":200},{"@type":"BreadcrumbList","@id":"https:\/\/volcanes.net\/?p=1680#breadcrumb","itemListElement":[{"@type":"ListItem","position":1,"name":"Portada","item":"https:\/\/volcanes.net\/"},{"@type":"ListItem","position":2,"name":"Alfredo Barrera Baca llam\u00f3 a las autoridades estatales y federales a privilegiar el apoyo a las universidades p\u00fablicas"}]},{"@type":"WebSite","@id":"https:\/\/volcanes.net\/#website","url":"https:\/\/volcanes.net\/","name":"Volcanes.Net","description":"Periodismo Profesional","publisher":{"@id":"https:\/\/volcanes.net\/#organization"},"potentialAction":[{"@type":"SearchAction","target":{"@type":"EntryPoint","urlTemplate":"https:\/\/volcanes.net\/?s={search_term_string}"},"query-input":{"@type":"PropertyValueSpecification","valueRequired":true,"valueName":"search_term_string"}}],"inLanguage":"es"},{"@type":"Organization","@id":"https:\/\/volcanes.net\/#organization","name":"Grupo Volcanes","url":"https:\/\/volcanes.net\/","logo":{"@type":"ImageObject","inLanguage":"es","@id":"https:\/\/volcanes.net\/#\/schema\/logo\/image\/","url":"http:\/\/volcanes.net\/wp-content\/uploads\/2017\/12\/Avatar2.jpg","contentUrl":"http:\/\/volcanes.net\/wp-content\/uploads\/2017\/12\/Avatar2.jpg","width":378,"height":378,"caption":"Grupo Volcanes"},"image":{"@id":"https:\/\/volcanes.net\/#\/schema\/logo\/image\/"},"sameAs":["https:\/\/www.facebook.com\/volcanes.net\/"]},{"@type":"Person","@id":"https:\/\/volcanes.net\/#\/schema\/person\/4bf0f383940966a4abd53f5048c0e6b9","name":"admin","image":{"@type":"ImageObject","inLanguage":"es","@id":"https:\/\/volcanes.net\/#\/schema\/person\/image\/","url":"https:\/\/secure.gravatar.com\/avatar\/ca004e6cba8462b8cb7abc86e382930c?s=96&d=mm&r=g","contentUrl":"https:\/\/secure.gravatar.com\/avatar\/ca004e6cba8462b8cb7abc86e382930c?s=96&d=mm&r=g","caption":"admin"}}]}},"_links":{"self":[{"href":"https:\/\/volcanes.net\/index.php?rest_route=\/wp\/v2\/posts\/1680"}],"collection":[{"href":"https:\/\/volcanes.net\/index.php?rest_route=\/wp\/v2\/posts"}],"about":[{"href":"https:\/\/volcanes.net\/index.php?rest_route=\/wp\/v2\/types\/post"}],"author":[{"embeddable":true,"href":"https:\/\/volcanes.net\/index.php?rest_route=\/wp\/v2\/users\/1"}],"replies":[{"embeddable":true,"href":"https:\/\/volcanes.net\/index.php?rest_route=%2Fwp%2Fv2%2Fcomments&post=1680"}],"version-history":[{"count":1,"href":"https:\/\/volcanes.net\/index.php?rest_route=\/wp\/v2\/posts\/1680\/revisions"}],"predecessor-version":[{"id":1681,"href":"https:\/\/volcanes.net\/index.php?rest_route=\/wp\/v2\/posts\/1680\/revisions\/1681"}],"wp:featuredmedia":[{"embeddable":true,"href":"https:\/\/volcanes.net\/index.php?rest_route=\/wp\/v2\/media\/1675"}],"wp:attachment":[{"href":"https:\/\/volcanes.net\/index.php?rest_route=%2Fwp%2Fv2%2Fmedia&parent=1680"}],"wp:term":[{"taxonomy":"category","embeddable":true,"href":"https:\/\/volcanes.net\/index.php?rest_route=%2Fwp%2Fv2%2Fcategories&post=1680"},{"taxonomy":"post_tag","embeddable":true,"href":"https:\/\/volcanes.net\/index.php?rest_route=%2Fwp%2Fv2%2Ftags&post=1680"}],"curies":[{"name":"wp","href":"https:\/\/api.w.org\/{rel}","templated":true}]}}