{"id":1682,"date":"2018-03-05T01:52:03","date_gmt":"2018-03-05T01:52:03","guid":{"rendered":"http:\/\/volcanes.net\/?p=1682"},"modified":"2018-03-05T01:52:03","modified_gmt":"2018-03-05T01:52:03","slug":"con-un-firme-compromiso-con-la-ley-y-las-familias-construiremos-una-nueva-etapa-del-pri-jose-antonio-meade","status":"publish","type":"post","link":"https:\/\/volcanes.net\/?p=1682","title":{"rendered":"Con un firme compromiso con la ley y las familias construiremos una nueva etapa del PRI: Jos\u00e9 Antonio Meade"},"content":{"rendered":"<div style=\"margin-top: 0px; margin-bottom: 0px;\" class=\"sharethis-inline-share-buttons\" ><\/div><ul>\n<li style=\"font-weight: 400\">No regresaremos a un M\u00e9xico de caudillos ni de mes\u00edas, expres\u00f3 el abanderado presidencial<\/li>\n<li style=\"font-weight: 400\">Insisti\u00f3 en que ning\u00fan candidato puede lavar sus culpas y dinero con la contienda electoral<\/li>\n<li style=\"font-weight: 400\">Encabezar\u00e1 el proceso de renovaci\u00f3n del Partido Revolucionario Institucional (PRI) con base a cuatro puntos fundamentales<\/li>\n<\/ul>\n<p style=\"font-weight: 400\">\n<p style=\"font-weight: 400\">\n<p style=\"font-weight: 400\">En el 89 aniversario del Partido Revolucionario Institucional (PRI), el candidato de la Coalici\u00f3n Todos por M\u00e9xico a la Presidencia de la Rep\u00fablica, Jos\u00e9 Antonio Meade Kuribre\u00f1a, anunci\u00f3 la construcci\u00f3n de una nueva etapa basada en cuatro pilares, entre los que destacan firmes compromisos con la ley, las familias, el talento y una nueva pol\u00edtica social.<\/p>\n<p style=\"font-weight: 400\">\n<p style=\"font-weight: 400\">En su discurso, el aspirante presidencial manifest\u00f3 su repudio a toda forma de corrupci\u00f3n y exigi\u00f3 castigo a quienes han violado la ley, sean del partido pol\u00edtico que sean. Advirti\u00f3 que no va a permitir que regresemos a un M\u00e9xico de caudillos ni de mes\u00edas. Subray\u00f3 que ning\u00fan candidato debe dejar de explicar de qu\u00e9 ha vivido y tampoco puede usar la contienda para lavar sus culpas y dinero.<\/p>\n<p style=\"font-weight: 400\">\n<p style=\"font-weight: 400\">Enfatiz\u00f3 que no existe cortina de humo que valga. &#8220;El que la hace, debe pagarla. Marcamos distancia y exigimos castigo a los que incumplen la ley, pintamos nuestra raya con los que se han aprovechado para llenar sus bolsillos a costa del esfuerzo de los dem\u00e1s&#8221;, manifest\u00f3 Meade ante priistas provenientes de todas partes de la Rep\u00fablica, quienes vitorearon a su abanderado a la Presidencia.<\/p>\n<p style=\"font-weight: 400\">\n<p style=\"font-weight: 400\">En la sede nacional del priismo, donde los sectores y organizaciones de este instituto pol\u00edtico arroparon a su candidato, Jos\u00e9 Antonio Meade reiter\u00f3 que ser\u00e1 implacable contra la corrupci\u00f3n. Sostuvo que la congruencia es su divisa y destac\u00f3 que ha mantenido, a lo largo de 20 a\u00f1os, una trayectoria limpia, con vocaci\u00f3n de servicio e ideas propias. El abanderado presidencial destac\u00f3 que no promueve el odio ni la divisi\u00f3n, sino el respeto, la unidad, la experiencia, los valores e ideales.<\/p>\n<p style=\"font-weight: 400\">\n<p style=\"font-weight: 400\">El aspirante a la Presidencia de la Rep\u00fablica mencion\u00f3 que en el juicio hist\u00f3rico del PRI se aprecian grandes aciertos, pero tambi\u00e9n errores, los cuales han servido para reconocer qu\u00e9 decisiones implicaron costos para el pa\u00eds, as\u00ed como para el partido, y cu\u00e1les, al dejarlas de tomar, pusieron en riesgo la estabilidad y el crecimiento.<\/p>\n<p style=\"font-weight: 400\">\n<p style=\"font-weight: 400\">En este sentido, el candidato de la Coalici\u00f3n Todos por M\u00e9xico afirm\u00f3 que est\u00e1 decidido a impedir que el pa\u00eds vuelva a tropezar. Asegur\u00f3 que, como ciudadano, encabezar\u00e1 el proceso de renovaci\u00f3n del Revolucionario Institucional, al explicar que la nueva etapa del PRI implica cuatro ejes fundamentales:<\/p>\n<p style=\"font-weight: 400\">\n<ol>\n<li style=\"font-weight: 400\">Compromiso con la ley, el orden y la seguridad.<\/li>\n<li style=\"font-weight: 400\">Prioridad a las familias y mujeres<\/li>\n<li style=\"font-weight: 400\">Un compromiso con el talento de cada mexicano<\/li>\n<li style=\"font-weight: 400\">Un gobierno a la medida de cada quien<\/li>\n<\/ol>\n<p style=\"font-weight: 400\">\n<p style=\"font-weight: 400\">Meade refrend\u00f3 que, frente al crimen y la violencia, no puede haber concesiones y reiter\u00f3 que es inconcebible plantear una amnist\u00eda para los delincuentes, ya que su lugar es en la c\u00e1rcel, no en las calles. El abanderado presidencial recalc\u00f3 que, para que los ciudadanos puedan vivir sin miedo, les va a quitar el dinero, las propiedades y las armas a los delincuentes.<\/p>\n<p style=\"font-weight: 400\">\n<p style=\"font-weight: 400\">La transformaci\u00f3n del Partido Revolucionario Institucional tambi\u00e9n implica un compromiso con las familias y las mujeres, dijo Meade, al enfatizar que su prioridad ser\u00e1 la econom\u00eda familiar, as\u00ed como el bienestar de la poblaci\u00f3n, quienes merecen m\u00e1s y mejores oportunidades de vida.<\/p>\n<p style=\"font-weight: 400\">\n<p style=\"font-weight: 400\">Acompa\u00f1ado de su esposa, Juana Cuevas, el candidato se\u00f1al\u00f3 que un PRI con vocaci\u00f3n ciudadana debe tomar en cuenta el talento de cada mexicano y record\u00f3 que este instituto pol\u00edtico impuls\u00f3 la educaci\u00f3n gratuita y ahora, en esta nueva etapa, garantizar\u00e1 a los ni\u00f1os y j\u00f3venes de M\u00e9xico una educaci\u00f3n de excelencia.<\/p>\n<p style=\"font-weight: 400\">\n<p style=\"font-weight: 400\">El cuarto compromiso es contar con un gobierno a la medida de cada persona. Asever\u00f3 que promover\u00e1 una revoluci\u00f3n en la pol\u00edtica social para salir al encuentro de cada mexicano y apoyarlo de manera personalizada e ir ganando terreno a la pobreza, sobre todo aquella que m\u00e1s aflige a todos, la pobreza extrema.<\/p>\n<p style=\"font-weight: 400\">\n<p style=\"font-weight: 400\">&#8220;Soy un candidato por M\u00e9xico; soy un ciudadano, as\u00ed me concibo, as\u00ed me asumo. Ofrezco lo que soy, un ciudadano con una trayectoria limpia, una vocaci\u00f3n de servicio, con claridad de visi\u00f3n cultural, econ\u00f3mica y social, con un profundo amor a M\u00e9xico&#8221;, subray\u00f3 el abanderado presidencial en la sede del Comit\u00e9 Ejecutivo Nacional del PRI, donde prevaleci\u00f3 el ambiente de fiesta, con porras y c\u00e1nticos en favor del abanderado presidencial.<\/p>\n<p style=\"font-weight: 400\">\n<p style=\"font-weight: 400\">Meade Kuribre\u00f1a dijo que el aniversario del PRI es la antesala de la victoria de las elecciones del pr\u00f3ximo primero de julio. Subray\u00f3 que M\u00e9xico no quiere aventuras pol\u00edticas, saltos al vac\u00edo, retrocesos ni demagogia, los mexicanos exigen un pa\u00eds democr\u00e1tico, justo y pr\u00f3spero.<\/p>\n<p style=\"font-weight: 400\">\n<p style=\"font-weight: 400\">Orador \u00fanico en la ceremonia de aniversario del PRI, el candidato presidencial se dirigi\u00f3 a la militancia, los sectores y organizaciones, as\u00ed como a los gobernadores que se dieron cita en la conmemoraci\u00f3n del partido pol\u00edtico que lo postula.<\/p>\n<p style=\"font-weight: 400\">\n<p style=\"font-weight: 400\">En su mensaje, Meade mencion\u00f3 a las grandes figuras priistas, como a Plutarco El\u00edas Calles, L\u00e1zaro C\u00e1rdenas y Luis Donaldo Colosio, de quien dijo, vio un M\u00e9xico con hambre y sed de justicia e hizo suyas las palabras que pronunciara hace 24 a\u00f1os el sonorense. &#8220;Hoy somos la opci\u00f3n que ofrece el cambio con responsabilidad. Somos la opci\u00f3n que mejor conoce lo que se ha hecho, que sabe de los resultados de sus programas, de sus aciertos y de sus errores&#8221;, cit\u00f3 el candidato<\/p>\n<p style=\"font-weight: 400\">\n<p style=\"font-weight: 400\">Meade record\u00f3 los logros de este instituto pol\u00edtico a lo largo del tiempo, entre ellos, la reivindicaci\u00f3n del derecho a la tierra, la propiedad de la naci\u00f3n sobre el subsuelo, las bases de la seguridad social y los derechos de los trabajadores, mientras que en la historia reciente, destac\u00f3 la implementaci\u00f3n de reformas estructurales de gran calado, implementadas en la actual administraci\u00f3n.<\/p>\n","protected":false},"excerpt":{"rendered":"<p>No regresaremos a un M\u00e9xico de caudillos ni de mes\u00edas, expres\u00f3 el abanderado presidencial Insisti\u00f3<\/p>\n","protected":false},"author":1,"featured_media":1683,"comment_status":"open","ping_status":"open","sticky":false,"template":"","format":"standard","meta":{"footnotes":""},"categories":[1],"tags":[36],"class_list":["post-1682","post","type-post","status-publish","format-standard","has-post-thumbnail","hentry","category-municipales","tag-meade"],"yoast_head":"<!-- This site is optimized with the Yoast SEO plugin v25.3 - https:\/\/yoast.com\/wordpress\/plugins\/seo\/ -->\n<title>Con un firme compromiso con la ley y las familias construiremos una nueva etapa del PRI: Jos\u00e9 Antonio Meade - Volcanes<\/title>\n<meta name=\"robots\" content=\"index, follow, max-snippet:-1, max-image-preview:large, max-video-preview:-1\" \/>\n<link rel=\"canonical\" href=\"https:\/\/volcanes.net\/?p=1682\" \/>\n<meta property=\"og:locale\" content=\"es_MX\" \/>\n<meta property=\"og:type\" content=\"article\" \/>\n<meta property=\"og:title\" content=\"Con un firme compromiso con la ley y las familias construiremos una nueva etapa del PRI: Jos\u00e9 Antonio Meade - Volcanes\" \/>\n<meta property=\"og:description\" content=\"No regresaremos a un M\u00e9xico de caudillos ni de mes\u00edas, expres\u00f3 el abanderado presidencial Insisti\u00f3\" \/>\n<meta property=\"og:url\" content=\"https:\/\/volcanes.net\/?p=1682\" \/>\n<meta property=\"og:site_name\" content=\"Volcanes\" \/>\n<meta property=\"article:publisher\" content=\"https:\/\/www.facebook.com\/volcanes.net\/\" \/>\n<meta property=\"article:published_time\" content=\"2018-03-05T01:52:03+00:00\" \/>\n<meta property=\"og:image\" content=\"https:\/\/volcanes.net\/wp-content\/uploads\/2018\/03\/IMG-20180304-WA0041.jpg\" \/>\n\t<meta property=\"og:image:width\" content=\"448\" \/>\n\t<meta property=\"og:image:height\" content=\"299\" \/>\n\t<meta property=\"og:image:type\" content=\"image\/jpeg\" \/>\n<meta name=\"author\" content=\"admin\" \/>\n<meta name=\"twitter:card\" content=\"summary_large_image\" \/>\n<meta name=\"twitter:label1\" content=\"Escrito por\" \/>\n\t<meta name=\"twitter:data1\" content=\"admin\" \/>\n\t<meta name=\"twitter:label2\" content=\"Tiempo de lectura\" \/>\n\t<meta name=\"twitter:data2\" content=\"5 minutos\" \/>\n<script type=\"application\/ld+json\" class=\"yoast-schema-graph\">{\"@context\":\"https:\/\/schema.org\",\"@graph\":[{\"@type\":\"Article\",\"@id\":\"https:\/\/volcanes.net\/?p=1682#article\",\"isPartOf\":{\"@id\":\"https:\/\/volcanes.net\/?p=1682\"},\"author\":{\"name\":\"admin\",\"@id\":\"https:\/\/volcanes.net\/#\/schema\/person\/4bf0f383940966a4abd53f5048c0e6b9\"},\"headline\":\"Con un firme compromiso con la ley y las familias construiremos una nueva etapa del PRI: Jos\u00e9 Antonio Meade\",\"datePublished\":\"2018-03-05T01:52:03+00:00\",\"mainEntityOfPage\":{\"@id\":\"https:\/\/volcanes.net\/?p=1682\"},\"wordCount\":1051,\"commentCount\":0,\"publisher\":{\"@id\":\"https:\/\/volcanes.net\/#organization\"},\"image\":{\"@id\":\"https:\/\/volcanes.net\/?p=1682#primaryimage\"},\"thumbnailUrl\":\"https:\/\/volcanes.net\/wp-content\/uploads\/2018\/03\/IMG-20180304-WA0041.jpg\",\"keywords\":[\"Meade\"],\"articleSection\":[\"Municipales\"],\"inLanguage\":\"es\",\"potentialAction\":[{\"@type\":\"CommentAction\",\"name\":\"Comment\",\"target\":[\"https:\/\/volcanes.net\/?p=1682#respond\"]}]},{\"@type\":\"WebPage\",\"@id\":\"https:\/\/volcanes.net\/?p=1682\",\"url\":\"https:\/\/volcanes.net\/?p=1682\",\"name\":\"Con un firme compromiso con la ley y las familias construiremos una nueva etapa del PRI: Jos\u00e9 Antonio Meade - Volcanes\",\"isPartOf\":{\"@id\":\"https:\/\/volcanes.net\/#website\"},\"primaryImageOfPage\":{\"@id\":\"https:\/\/volcanes.net\/?p=1682#primaryimage\"},\"image\":{\"@id\":\"https:\/\/volcanes.net\/?p=1682#primaryimage\"},\"thumbnailUrl\":\"https:\/\/volcanes.net\/wp-content\/uploads\/2018\/03\/IMG-20180304-WA0041.jpg\",\"datePublished\":\"2018-03-05T01:52:03+00:00\",\"breadcrumb\":{\"@id\":\"https:\/\/volcanes.net\/?p=1682#breadcrumb\"},\"inLanguage\":\"es\",\"potentialAction\":[{\"@type\":\"ReadAction\",\"target\":[\"https:\/\/volcanes.net\/?p=1682\"]}]},{\"@type\":\"ImageObject\",\"inLanguage\":\"es\",\"@id\":\"https:\/\/volcanes.net\/?p=1682#primaryimage\",\"url\":\"https:\/\/volcanes.net\/wp-content\/uploads\/2018\/03\/IMG-20180304-WA0041.jpg\",\"contentUrl\":\"https:\/\/volcanes.net\/wp-content\/uploads\/2018\/03\/IMG-20180304-WA0041.jpg\",\"width\":448,\"height\":299},{\"@type\":\"BreadcrumbList\",\"@id\":\"https:\/\/volcanes.net\/?p=1682#breadcrumb\",\"itemListElement\":[{\"@type\":\"ListItem\",\"position\":1,\"name\":\"Portada\",\"item\":\"https:\/\/volcanes.net\/\"},{\"@type\":\"ListItem\",\"position\":2,\"name\":\"Con un firme compromiso con la ley y las familias construiremos una nueva etapa del PRI: Jos\u00e9 Antonio Meade\"}]},{\"@type\":\"WebSite\",\"@id\":\"https:\/\/volcanes.net\/#website\",\"url\":\"https:\/\/volcanes.net\/\",\"name\":\"Volcanes.Net\",\"description\":\"Periodismo Profesional\",\"publisher\":{\"@id\":\"https:\/\/volcanes.net\/#organization\"},\"potentialAction\":[{\"@type\":\"SearchAction\",\"target\":{\"@type\":\"EntryPoint\",\"urlTemplate\":\"https:\/\/volcanes.net\/?s={search_term_string}\"},\"query-input\":{\"@type\":\"PropertyValueSpecification\",\"valueRequired\":true,\"valueName\":\"search_term_string\"}}],\"inLanguage\":\"es\"},{\"@type\":\"Organization\",\"@id\":\"https:\/\/volcanes.net\/#organization\",\"name\":\"Grupo Volcanes\",\"url\":\"https:\/\/volcanes.net\/\",\"logo\":{\"@type\":\"ImageObject\",\"inLanguage\":\"es\",\"@id\":\"https:\/\/volcanes.net\/#\/schema\/logo\/image\/\",\"url\":\"http:\/\/volcanes.net\/wp-content\/uploads\/2017\/12\/Avatar2.jpg\",\"contentUrl\":\"http:\/\/volcanes.net\/wp-content\/uploads\/2017\/12\/Avatar2.jpg\",\"width\":378,\"height\":378,\"caption\":\"Grupo Volcanes\"},\"image\":{\"@id\":\"https:\/\/volcanes.net\/#\/schema\/logo\/image\/\"},\"sameAs\":[\"https:\/\/www.facebook.com\/volcanes.net\/\"]},{\"@type\":\"Person\",\"@id\":\"https:\/\/volcanes.net\/#\/schema\/person\/4bf0f383940966a4abd53f5048c0e6b9\",\"name\":\"admin\",\"image\":{\"@type\":\"ImageObject\",\"inLanguage\":\"es\",\"@id\":\"https:\/\/volcanes.net\/#\/schema\/person\/image\/\",\"url\":\"https:\/\/secure.gravatar.com\/avatar\/ca004e6cba8462b8cb7abc86e382930c?s=96&d=mm&r=g\",\"contentUrl\":\"https:\/\/secure.gravatar.com\/avatar\/ca004e6cba8462b8cb7abc86e382930c?s=96&d=mm&r=g\",\"caption\":\"admin\"}}]}<\/script>\n<!-- \/ Yoast SEO plugin. -->","yoast_head_json":{"title":"Con un firme compromiso con la ley y las familias construiremos una nueva etapa del PRI: Jos\u00e9 Antonio Meade - Volcanes","robots":{"index":"index","follow":"follow","max-snippet":"max-snippet:-1","max-image-preview":"max-image-preview:large","max-video-preview":"max-video-preview:-1"},"canonical":"https:\/\/volcanes.net\/?p=1682","og_locale":"es_MX","og_type":"article","og_title":"Con un firme compromiso con la ley y las familias construiremos una nueva etapa del PRI: Jos\u00e9 Antonio Meade - Volcanes","og_description":"No regresaremos a un M\u00e9xico de caudillos ni de mes\u00edas, expres\u00f3 el abanderado presidencial Insisti\u00f3","og_url":"https:\/\/volcanes.net\/?p=1682","og_site_name":"Volcanes","article_publisher":"https:\/\/www.facebook.com\/volcanes.net\/","article_published_time":"2018-03-05T01:52:03+00:00","og_image":[{"width":448,"height":299,"url":"https:\/\/volcanes.net\/wp-content\/uploads\/2018\/03\/IMG-20180304-WA0041.jpg","type":"image\/jpeg"}],"author":"admin","twitter_card":"summary_large_image","twitter_misc":{"Escrito por":"admin","Tiempo de lectura":"5 minutos"},"schema":{"@context":"https:\/\/schema.org","@graph":[{"@type":"Article","@id":"https:\/\/volcanes.net\/?p=1682#article","isPartOf":{"@id":"https:\/\/volcanes.net\/?p=1682"},"author":{"name":"admin","@id":"https:\/\/volcanes.net\/#\/schema\/person\/4bf0f383940966a4abd53f5048c0e6b9"},"headline":"Con un firme compromiso con la ley y las familias construiremos una nueva etapa del PRI: Jos\u00e9 Antonio Meade","datePublished":"2018-03-05T01:52:03+00:00","mainEntityOfPage":{"@id":"https:\/\/volcanes.net\/?p=1682"},"wordCount":1051,"commentCount":0,"publisher":{"@id":"https:\/\/volcanes.net\/#organization"},"image":{"@id":"https:\/\/volcanes.net\/?p=1682#primaryimage"},"thumbnailUrl":"https:\/\/volcanes.net\/wp-content\/uploads\/2018\/03\/IMG-20180304-WA0041.jpg","keywords":["Meade"],"articleSection":["Municipales"],"inLanguage":"es","potentialAction":[{"@type":"CommentAction","name":"Comment","target":["https:\/\/volcanes.net\/?p=1682#respond"]}]},{"@type":"WebPage","@id":"https:\/\/volcanes.net\/?p=1682","url":"https:\/\/volcanes.net\/?p=1682","name":"Con un firme compromiso con la ley y las familias construiremos una nueva etapa del PRI: Jos\u00e9 Antonio Meade - Volcanes","isPartOf":{"@id":"https:\/\/volcanes.net\/#website"},"primaryImageOfPage":{"@id":"https:\/\/volcanes.net\/?p=1682#primaryimage"},"image":{"@id":"https:\/\/volcanes.net\/?p=1682#primaryimage"},"thumbnailUrl":"https:\/\/volcanes.net\/wp-content\/uploads\/2018\/03\/IMG-20180304-WA0041.jpg","datePublished":"2018-03-05T01:52:03+00:00","breadcrumb":{"@id":"https:\/\/volcanes.net\/?p=1682#breadcrumb"},"inLanguage":"es","potentialAction":[{"@type":"ReadAction","target":["https:\/\/volcanes.net\/?p=1682"]}]},{"@type":"ImageObject","inLanguage":"es","@id":"https:\/\/volcanes.net\/?p=1682#primaryimage","url":"https:\/\/volcanes.net\/wp-content\/uploads\/2018\/03\/IMG-20180304-WA0041.jpg","contentUrl":"https:\/\/volcanes.net\/wp-content\/uploads\/2018\/03\/IMG-20180304-WA0041.jpg","width":448,"height":299},{"@type":"BreadcrumbList","@id":"https:\/\/volcanes.net\/?p=1682#breadcrumb","itemListElement":[{"@type":"ListItem","position":1,"name":"Portada","item":"https:\/\/volcanes.net\/"},{"@type":"ListItem","position":2,"name":"Con un firme compromiso con la ley y las familias construiremos una nueva etapa del PRI: Jos\u00e9 Antonio Meade"}]},{"@type":"WebSite","@id":"https:\/\/volcanes.net\/#website","url":"https:\/\/volcanes.net\/","name":"Volcanes.Net","description":"Periodismo Profesional","publisher":{"@id":"https:\/\/volcanes.net\/#organization"},"potentialAction":[{"@type":"SearchAction","target":{"@type":"EntryPoint","urlTemplate":"https:\/\/volcanes.net\/?s={search_term_string}"},"query-input":{"@type":"PropertyValueSpecification","valueRequired":true,"valueName":"search_term_string"}}],"inLanguage":"es"},{"@type":"Organization","@id":"https:\/\/volcanes.net\/#organization","name":"Grupo Volcanes","url":"https:\/\/volcanes.net\/","logo":{"@type":"ImageObject","inLanguage":"es","@id":"https:\/\/volcanes.net\/#\/schema\/logo\/image\/","url":"http:\/\/volcanes.net\/wp-content\/uploads\/2017\/12\/Avatar2.jpg","contentUrl":"http:\/\/volcanes.net\/wp-content\/uploads\/2017\/12\/Avatar2.jpg","width":378,"height":378,"caption":"Grupo Volcanes"},"image":{"@id":"https:\/\/volcanes.net\/#\/schema\/logo\/image\/"},"sameAs":["https:\/\/www.facebook.com\/volcanes.net\/"]},{"@type":"Person","@id":"https:\/\/volcanes.net\/#\/schema\/person\/4bf0f383940966a4abd53f5048c0e6b9","name":"admin","image":{"@type":"ImageObject","inLanguage":"es","@id":"https:\/\/volcanes.net\/#\/schema\/person\/image\/","url":"https:\/\/secure.gravatar.com\/avatar\/ca004e6cba8462b8cb7abc86e382930c?s=96&d=mm&r=g","contentUrl":"https:\/\/secure.gravatar.com\/avatar\/ca004e6cba8462b8cb7abc86e382930c?s=96&d=mm&r=g","caption":"admin"}}]}},"_links":{"self":[{"href":"https:\/\/volcanes.net\/index.php?rest_route=\/wp\/v2\/posts\/1682"}],"collection":[{"href":"https:\/\/volcanes.net\/index.php?rest_route=\/wp\/v2\/posts"}],"about":[{"href":"https:\/\/volcanes.net\/index.php?rest_route=\/wp\/v2\/types\/post"}],"author":[{"embeddable":true,"href":"https:\/\/volcanes.net\/index.php?rest_route=\/wp\/v2\/users\/1"}],"replies":[{"embeddable":true,"href":"https:\/\/volcanes.net\/index.php?rest_route=%2Fwp%2Fv2%2Fcomments&post=1682"}],"version-history":[{"count":1,"href":"https:\/\/volcanes.net\/index.php?rest_route=\/wp\/v2\/posts\/1682\/revisions"}],"predecessor-version":[{"id":1684,"href":"https:\/\/volcanes.net\/index.php?rest_route=\/wp\/v2\/posts\/1682\/revisions\/1684"}],"wp:featuredmedia":[{"embeddable":true,"href":"https:\/\/volcanes.net\/index.php?rest_route=\/wp\/v2\/media\/1683"}],"wp:attachment":[{"href":"https:\/\/volcanes.net\/index.php?rest_route=%2Fwp%2Fv2%2Fmedia&parent=1682"}],"wp:term":[{"taxonomy":"category","embeddable":true,"href":"https:\/\/volcanes.net\/index.php?rest_route=%2Fwp%2Fv2%2Fcategories&post=1682"},{"taxonomy":"post_tag","embeddable":true,"href":"https:\/\/volcanes.net\/index.php?rest_route=%2Fwp%2Fv2%2Ftags&post=1682"}],"curies":[{"name":"wp","href":"https:\/\/api.w.org\/{rel}","templated":true}]}}