{"id":17,"date":"2017-08-06T15:35:03","date_gmt":"2017-08-06T15:35:03","guid":{"rendered":"http:\/\/volcanes.net\/?p=17"},"modified":"2017-08-06T15:35:03","modified_gmt":"2017-08-06T15:35:03","slug":"el-gobierno-de-valle-de-chalco-no-solapa-a-funcionarios-publicos-que-tengan-mal-comportamiento","status":"publish","type":"post","link":"https:\/\/volcanes.net\/?p=17","title":{"rendered":"El gobierno de Valle de Chalco no solapa a funcionarios p\u00fablicos que tengan mal comportamiento"},"content":{"rendered":"<div style=\"margin-top: 0px; margin-bottom: 0px;\" class=\"sharethis-inline-share-buttons\" ><\/div><p>\u201cYo no solapo a funcionario p\u00fablico alguno que tenga mal comportamiento\u201d, se\u00f1al\u00f3 el alcalde Ram\u00f3n Montalvo Hern\u00e1ndez al informar en conferencia de prensa que ante \u00a0\u00a0denuncias ciudadanas en contra de elementos de seguridad p\u00fablica municipal \u00a0y de personal del Antirr\u00e1bico, el gobierno municipal \u00a0lleva a cabo la investigaci\u00f3n respectiva.<\/p>\n<p>El \u00a0presidente municipal \u00a0explic\u00f3 que de haber responsabilidad por parte de servidores p\u00fablicos en ambos casos se aplicaran las sanciones respectivas a que se hagan acreedores, como lo establece la ley, pero siempre respetando sus derechos humanos.<\/p>\n<p>Frente a los representantes de los medios de comunicaci\u00f3n inform\u00f3 que los elementos de seguridad p\u00fablica municipal que fueron denunciados por los ciudadanos, se encuentran suspendidos de su actividad policial, hasta que \u00a0se aclare su situaci\u00f3n. Y esto ser\u00e1 cuando se\u00a0 re\u00fanan integrantes de la Junta de Honor y Justicia, de Seguridad P\u00fablica Municipal.<\/p>\n<p>Y respecto, al se\u00f1alamiento que est\u00e1n fuera de la legalidad las redadas caninas, declar\u00f3 \u00a0\u201cnosotros cuidamos el trato animal, respetamos los derechos de los animalitos, tratamos de darles el cuidado que exige la ley, de acuerdo con el convenio suscrito con el gobierno del Estado de M\u00e9xico, en el cual el r\u00e9gimen municipal adquiri\u00f3 el compromiso de tener en \u00f3ptimas condiciones el inmueble del antirr\u00e1bico para resguardar a los animales, este ha sido supervisado por autoridades correspondientes, que manifestaron su conformidad\u201d..<\/p>\n<p>Por \u00faltimo, invit\u00f3 \u00a0a los due\u00f1os de perros a que sean responsables, cuiden y protejan a sus mascotas y \u00a0no las env\u00eden \u00a0a la calle para \u00a0no permitir que defequen en la v\u00eda p\u00fablica, \u201cse calcula que por d\u00eda se recoge una aproximaci\u00f3n de media tonelada de excremento de los canes, de dejarlo en las calles seguramente provocar\u00eda graves da\u00f1os a la gente principalmente a los infantes, mediante el dialogo hallemos soluci\u00f3n a todo problema social\u201d.<\/p>\n","protected":false},"excerpt":{"rendered":"<p>\u201cYo no solapo a funcionario p\u00fablico alguno que tenga mal comportamiento\u201d, se\u00f1al\u00f3 el alcalde Ram\u00f3n<\/p>\n","protected":false},"author":1,"featured_media":18,"comment_status":"open","ping_status":"open","sticky":false,"template":"","format":"standard","meta":{"footnotes":""},"categories":[1],"tags":[5],"class_list":["post-17","post","type-post","status-publish","format-standard","has-post-thumbnail","hentry","category-municipales","tag-valle-de-chalco"],"yoast_head":"<!-- This site is optimized with the Yoast SEO plugin v25.3 - https:\/\/yoast.com\/wordpress\/plugins\/seo\/ -->\n<title>El gobierno de Valle de Chalco no solapa a funcionarios p\u00fablicos que tengan mal comportamiento - Volcanes<\/title>\n<meta name=\"robots\" content=\"index, follow, max-snippet:-1, max-image-preview:large, max-video-preview:-1\" \/>\n<link rel=\"canonical\" href=\"https:\/\/volcanes.net\/?p=17\" \/>\n<meta property=\"og:locale\" content=\"es_MX\" \/>\n<meta property=\"og:type\" content=\"article\" \/>\n<meta property=\"og:title\" content=\"El gobierno de Valle de Chalco no solapa a funcionarios p\u00fablicos que tengan mal comportamiento - Volcanes\" \/>\n<meta property=\"og:description\" content=\"\u201cYo no solapo a funcionario p\u00fablico alguno que tenga mal comportamiento\u201d, se\u00f1al\u00f3 el alcalde Ram\u00f3n\" \/>\n<meta property=\"og:url\" content=\"https:\/\/volcanes.net\/?p=17\" \/>\n<meta property=\"og:site_name\" content=\"Volcanes\" \/>\n<meta property=\"article:publisher\" content=\"https:\/\/www.facebook.com\/volcanes.net\/\" \/>\n<meta property=\"article:published_time\" content=\"2017-08-06T15:35:03+00:00\" \/>\n<meta property=\"og:image\" content=\"https:\/\/volcanes.net\/wp-content\/uploads\/2017\/08\/images-2.jpg\" \/>\n\t<meta property=\"og:image:width\" content=\"228\" \/>\n\t<meta property=\"og:image:height\" content=\"221\" \/>\n\t<meta property=\"og:image:type\" content=\"image\/jpeg\" \/>\n<meta name=\"author\" content=\"admin\" \/>\n<meta name=\"twitter:card\" content=\"summary_large_image\" \/>\n<meta name=\"twitter:label1\" content=\"Escrito por\" \/>\n\t<meta name=\"twitter:data1\" content=\"admin\" \/>\n\t<meta name=\"twitter:label2\" content=\"Tiempo de lectura\" \/>\n\t<meta name=\"twitter:data2\" content=\"2 minutos\" \/>\n<script type=\"application\/ld+json\" class=\"yoast-schema-graph\">{\"@context\":\"https:\/\/schema.org\",\"@graph\":[{\"@type\":\"Article\",\"@id\":\"https:\/\/volcanes.net\/?p=17#article\",\"isPartOf\":{\"@id\":\"https:\/\/volcanes.net\/?p=17\"},\"author\":{\"name\":\"admin\",\"@id\":\"https:\/\/volcanes.net\/#\/schema\/person\/4bf0f383940966a4abd53f5048c0e6b9\"},\"headline\":\"El gobierno de Valle de Chalco no solapa a funcionarios p\u00fablicos que tengan mal comportamiento\",\"datePublished\":\"2017-08-06T15:35:03+00:00\",\"mainEntityOfPage\":{\"@id\":\"https:\/\/volcanes.net\/?p=17\"},\"wordCount\":340,\"commentCount\":0,\"publisher\":{\"@id\":\"https:\/\/volcanes.net\/#organization\"},\"image\":{\"@id\":\"https:\/\/volcanes.net\/?p=17#primaryimage\"},\"thumbnailUrl\":\"https:\/\/volcanes.net\/wp-content\/uploads\/2017\/08\/images-2.jpg\",\"keywords\":[\"Valle de Chalco\"],\"articleSection\":[\"Municipales\"],\"inLanguage\":\"es\",\"potentialAction\":[{\"@type\":\"CommentAction\",\"name\":\"Comment\",\"target\":[\"https:\/\/volcanes.net\/?p=17#respond\"]}]},{\"@type\":\"WebPage\",\"@id\":\"https:\/\/volcanes.net\/?p=17\",\"url\":\"https:\/\/volcanes.net\/?p=17\",\"name\":\"El gobierno de Valle de Chalco no solapa a funcionarios p\u00fablicos que tengan mal comportamiento - Volcanes\",\"isPartOf\":{\"@id\":\"https:\/\/volcanes.net\/#website\"},\"primaryImageOfPage\":{\"@id\":\"https:\/\/volcanes.net\/?p=17#primaryimage\"},\"image\":{\"@id\":\"https:\/\/volcanes.net\/?p=17#primaryimage\"},\"thumbnailUrl\":\"https:\/\/volcanes.net\/wp-content\/uploads\/2017\/08\/images-2.jpg\",\"datePublished\":\"2017-08-06T15:35:03+00:00\",\"breadcrumb\":{\"@id\":\"https:\/\/volcanes.net\/?p=17#breadcrumb\"},\"inLanguage\":\"es\",\"potentialAction\":[{\"@type\":\"ReadAction\",\"target\":[\"https:\/\/volcanes.net\/?p=17\"]}]},{\"@type\":\"ImageObject\",\"inLanguage\":\"es\",\"@id\":\"https:\/\/volcanes.net\/?p=17#primaryimage\",\"url\":\"https:\/\/volcanes.net\/wp-content\/uploads\/2017\/08\/images-2.jpg\",\"contentUrl\":\"https:\/\/volcanes.net\/wp-content\/uploads\/2017\/08\/images-2.jpg\",\"width\":228,\"height\":221},{\"@type\":\"BreadcrumbList\",\"@id\":\"https:\/\/volcanes.net\/?p=17#breadcrumb\",\"itemListElement\":[{\"@type\":\"ListItem\",\"position\":1,\"name\":\"Portada\",\"item\":\"https:\/\/volcanes.net\/\"},{\"@type\":\"ListItem\",\"position\":2,\"name\":\"El gobierno de Valle de Chalco no solapa a funcionarios p\u00fablicos que tengan mal comportamiento\"}]},{\"@type\":\"WebSite\",\"@id\":\"https:\/\/volcanes.net\/#website\",\"url\":\"https:\/\/volcanes.net\/\",\"name\":\"Volcanes.Net\",\"description\":\"Periodismo Profesional\",\"publisher\":{\"@id\":\"https:\/\/volcanes.net\/#organization\"},\"potentialAction\":[{\"@type\":\"SearchAction\",\"target\":{\"@type\":\"EntryPoint\",\"urlTemplate\":\"https:\/\/volcanes.net\/?s={search_term_string}\"},\"query-input\":{\"@type\":\"PropertyValueSpecification\",\"valueRequired\":true,\"valueName\":\"search_term_string\"}}],\"inLanguage\":\"es\"},{\"@type\":\"Organization\",\"@id\":\"https:\/\/volcanes.net\/#organization\",\"name\":\"Grupo Volcanes\",\"url\":\"https:\/\/volcanes.net\/\",\"logo\":{\"@type\":\"ImageObject\",\"inLanguage\":\"es\",\"@id\":\"https:\/\/volcanes.net\/#\/schema\/logo\/image\/\",\"url\":\"http:\/\/volcanes.net\/wp-content\/uploads\/2017\/12\/Avatar2.jpg\",\"contentUrl\":\"http:\/\/volcanes.net\/wp-content\/uploads\/2017\/12\/Avatar2.jpg\",\"width\":378,\"height\":378,\"caption\":\"Grupo Volcanes\"},\"image\":{\"@id\":\"https:\/\/volcanes.net\/#\/schema\/logo\/image\/\"},\"sameAs\":[\"https:\/\/www.facebook.com\/volcanes.net\/\"]},{\"@type\":\"Person\",\"@id\":\"https:\/\/volcanes.net\/#\/schema\/person\/4bf0f383940966a4abd53f5048c0e6b9\",\"name\":\"admin\",\"image\":{\"@type\":\"ImageObject\",\"inLanguage\":\"es\",\"@id\":\"https:\/\/volcanes.net\/#\/schema\/person\/image\/\",\"url\":\"https:\/\/secure.gravatar.com\/avatar\/ca004e6cba8462b8cb7abc86e382930c?s=96&d=mm&r=g\",\"contentUrl\":\"https:\/\/secure.gravatar.com\/avatar\/ca004e6cba8462b8cb7abc86e382930c?s=96&d=mm&r=g\",\"caption\":\"admin\"}}]}<\/script>\n<!-- \/ Yoast SEO plugin. -->","yoast_head_json":{"title":"El gobierno de Valle de Chalco no solapa a funcionarios p\u00fablicos que tengan mal comportamiento - Volcanes","robots":{"index":"index","follow":"follow","max-snippet":"max-snippet:-1","max-image-preview":"max-image-preview:large","max-video-preview":"max-video-preview:-1"},"canonical":"https:\/\/volcanes.net\/?p=17","og_locale":"es_MX","og_type":"article","og_title":"El gobierno de Valle de Chalco no solapa a funcionarios p\u00fablicos que tengan mal comportamiento - Volcanes","og_description":"\u201cYo no solapo a funcionario p\u00fablico alguno que tenga mal comportamiento\u201d, se\u00f1al\u00f3 el alcalde Ram\u00f3n","og_url":"https:\/\/volcanes.net\/?p=17","og_site_name":"Volcanes","article_publisher":"https:\/\/www.facebook.com\/volcanes.net\/","article_published_time":"2017-08-06T15:35:03+00:00","og_image":[{"width":228,"height":221,"url":"https:\/\/volcanes.net\/wp-content\/uploads\/2017\/08\/images-2.jpg","type":"image\/jpeg"}],"author":"admin","twitter_card":"summary_large_image","twitter_misc":{"Escrito por":"admin","Tiempo de lectura":"2 minutos"},"schema":{"@context":"https:\/\/schema.org","@graph":[{"@type":"Article","@id":"https:\/\/volcanes.net\/?p=17#article","isPartOf":{"@id":"https:\/\/volcanes.net\/?p=17"},"author":{"name":"admin","@id":"https:\/\/volcanes.net\/#\/schema\/person\/4bf0f383940966a4abd53f5048c0e6b9"},"headline":"El gobierno de Valle de Chalco no solapa a funcionarios p\u00fablicos que tengan mal comportamiento","datePublished":"2017-08-06T15:35:03+00:00","mainEntityOfPage":{"@id":"https:\/\/volcanes.net\/?p=17"},"wordCount":340,"commentCount":0,"publisher":{"@id":"https:\/\/volcanes.net\/#organization"},"image":{"@id":"https:\/\/volcanes.net\/?p=17#primaryimage"},"thumbnailUrl":"https:\/\/volcanes.net\/wp-content\/uploads\/2017\/08\/images-2.jpg","keywords":["Valle de Chalco"],"articleSection":["Municipales"],"inLanguage":"es","potentialAction":[{"@type":"CommentAction","name":"Comment","target":["https:\/\/volcanes.net\/?p=17#respond"]}]},{"@type":"WebPage","@id":"https:\/\/volcanes.net\/?p=17","url":"https:\/\/volcanes.net\/?p=17","name":"El gobierno de Valle de Chalco no solapa a funcionarios p\u00fablicos que tengan mal comportamiento - Volcanes","isPartOf":{"@id":"https:\/\/volcanes.net\/#website"},"primaryImageOfPage":{"@id":"https:\/\/volcanes.net\/?p=17#primaryimage"},"image":{"@id":"https:\/\/volcanes.net\/?p=17#primaryimage"},"thumbnailUrl":"https:\/\/volcanes.net\/wp-content\/uploads\/2017\/08\/images-2.jpg","datePublished":"2017-08-06T15:35:03+00:00","breadcrumb":{"@id":"https:\/\/volcanes.net\/?p=17#breadcrumb"},"inLanguage":"es","potentialAction":[{"@type":"ReadAction","target":["https:\/\/volcanes.net\/?p=17"]}]},{"@type":"ImageObject","inLanguage":"es","@id":"https:\/\/volcanes.net\/?p=17#primaryimage","url":"https:\/\/volcanes.net\/wp-content\/uploads\/2017\/08\/images-2.jpg","contentUrl":"https:\/\/volcanes.net\/wp-content\/uploads\/2017\/08\/images-2.jpg","width":228,"height":221},{"@type":"BreadcrumbList","@id":"https:\/\/volcanes.net\/?p=17#breadcrumb","itemListElement":[{"@type":"ListItem","position":1,"name":"Portada","item":"https:\/\/volcanes.net\/"},{"@type":"ListItem","position":2,"name":"El gobierno de Valle de Chalco no solapa a funcionarios p\u00fablicos que tengan mal comportamiento"}]},{"@type":"WebSite","@id":"https:\/\/volcanes.net\/#website","url":"https:\/\/volcanes.net\/","name":"Volcanes.Net","description":"Periodismo Profesional","publisher":{"@id":"https:\/\/volcanes.net\/#organization"},"potentialAction":[{"@type":"SearchAction","target":{"@type":"EntryPoint","urlTemplate":"https:\/\/volcanes.net\/?s={search_term_string}"},"query-input":{"@type":"PropertyValueSpecification","valueRequired":true,"valueName":"search_term_string"}}],"inLanguage":"es"},{"@type":"Organization","@id":"https:\/\/volcanes.net\/#organization","name":"Grupo Volcanes","url":"https:\/\/volcanes.net\/","logo":{"@type":"ImageObject","inLanguage":"es","@id":"https:\/\/volcanes.net\/#\/schema\/logo\/image\/","url":"http:\/\/volcanes.net\/wp-content\/uploads\/2017\/12\/Avatar2.jpg","contentUrl":"http:\/\/volcanes.net\/wp-content\/uploads\/2017\/12\/Avatar2.jpg","width":378,"height":378,"caption":"Grupo Volcanes"},"image":{"@id":"https:\/\/volcanes.net\/#\/schema\/logo\/image\/"},"sameAs":["https:\/\/www.facebook.com\/volcanes.net\/"]},{"@type":"Person","@id":"https:\/\/volcanes.net\/#\/schema\/person\/4bf0f383940966a4abd53f5048c0e6b9","name":"admin","image":{"@type":"ImageObject","inLanguage":"es","@id":"https:\/\/volcanes.net\/#\/schema\/person\/image\/","url":"https:\/\/secure.gravatar.com\/avatar\/ca004e6cba8462b8cb7abc86e382930c?s=96&d=mm&r=g","contentUrl":"https:\/\/secure.gravatar.com\/avatar\/ca004e6cba8462b8cb7abc86e382930c?s=96&d=mm&r=g","caption":"admin"}}]}},"_links":{"self":[{"href":"https:\/\/volcanes.net\/index.php?rest_route=\/wp\/v2\/posts\/17"}],"collection":[{"href":"https:\/\/volcanes.net\/index.php?rest_route=\/wp\/v2\/posts"}],"about":[{"href":"https:\/\/volcanes.net\/index.php?rest_route=\/wp\/v2\/types\/post"}],"author":[{"embeddable":true,"href":"https:\/\/volcanes.net\/index.php?rest_route=\/wp\/v2\/users\/1"}],"replies":[{"embeddable":true,"href":"https:\/\/volcanes.net\/index.php?rest_route=%2Fwp%2Fv2%2Fcomments&post=17"}],"version-history":[{"count":1,"href":"https:\/\/volcanes.net\/index.php?rest_route=\/wp\/v2\/posts\/17\/revisions"}],"predecessor-version":[{"id":19,"href":"https:\/\/volcanes.net\/index.php?rest_route=\/wp\/v2\/posts\/17\/revisions\/19"}],"wp:featuredmedia":[{"embeddable":true,"href":"https:\/\/volcanes.net\/index.php?rest_route=\/wp\/v2\/media\/18"}],"wp:attachment":[{"href":"https:\/\/volcanes.net\/index.php?rest_route=%2Fwp%2Fv2%2Fmedia&parent=17"}],"wp:term":[{"taxonomy":"category","embeddable":true,"href":"https:\/\/volcanes.net\/index.php?rest_route=%2Fwp%2Fv2%2Fcategories&post=17"},{"taxonomy":"post_tag","embeddable":true,"href":"https:\/\/volcanes.net\/index.php?rest_route=%2Fwp%2Fv2%2Ftags&post=17"}],"curies":[{"name":"wp","href":"https:\/\/api.w.org\/{rel}","templated":true}]}}