{"id":1704,"date":"2018-03-05T03:16:31","date_gmt":"2018-03-05T03:16:31","guid":{"rendered":"http:\/\/volcanes.net\/?p=1704"},"modified":"2018-03-05T03:16:31","modified_gmt":"2018-03-05T03:16:31","slug":"detienen-en-veracruz-a-sujeto-investigado-por-asesinar-a-sus-hijos-en-el-edomex","status":"publish","type":"post","link":"https:\/\/volcanes.net\/?p=1704","title":{"rendered":"Detienen en Veracruz a sujeto investigado por asesinar a sus hijos en el Edomex"},"content":{"rendered":"<div style=\"margin-top: 0px; margin-bottom: 0px;\" class=\"sharethis-inline-share-buttons\" ><\/div><ul>\n<li style=\"font-weight: 400\"><em> El inculpado habr\u00eda asfixiado a los dos menores, de 4 meses de edad.<\/em><\/li>\n<\/ul>\n<p style=\"font-weight: 400\"><strong><em>\u00a0<\/em><\/strong><\/p>\n<p style=\"font-weight: 400\">\n<p style=\"font-weight: 400\"><strong>Toluca, M\u00e9xico, 04 de marzo de 2018<\/strong>.- Agentes de Investigaci\u00f3n de la Fiscal\u00eda General de Justicia del Estado de M\u00e9xico (FGJEM), en colaboraci\u00f3n con elementos de la Fiscal\u00eda General del Estado de Veracruz, detuvieron en el municipio de Minatitl\u00e1n a Mart\u00edn Antonio \u201cN\u201d, quien es investigado por su probable participaci\u00f3n en el homicidio de sus dos hijos, menores de edad.<\/p>\n<p style=\"font-weight: 400\">\n<p style=\"font-weight: 400\">\u00a0\u00a0\u00a0\u00a0\u00a0\u00a0\u00a0\u00a0\u00a0 Este sujeto fue asegurado por agentes de ambas instituciones en cumplimiento a una orden de aprehensi\u00f3n girada en su contra por un Juez, por el delito de homicidio calificado.<\/p>\n<p style=\"font-weight: 400\">\n<p style=\"font-weight: 400\">\u00a0\u00a0\u00a0\u00a0\u00a0\u00a0\u00a0\u00a0\u00a0\u00a0 Los hechos por los cuales es investigado sucedieron\u00a0 el 11 de febrero de 2018, en el interior de un domicilio de la colonia Centro del municipio de Almoloya de Ju\u00e1rez,\u00a0donde el inculpado habr\u00eda asfixiado a sus dos hijos, menores de edad, al parecer porque ambos peque\u00f1os lloraban mucho.<\/p>\n<p style=\"font-weight: 400\">\n<p style=\"font-weight: 400\">\u00a0\u00a0\u00a0\u00a0\u00a0\u00a0\u00a0\u00a0\u00a0 La investigaci\u00f3n que realiz\u00f3 la Fiscal\u00eda mexiquense estableci\u00f3 que los beb\u00e9s se encontraban en compa\u00f1\u00eda de su madre, quien trataba de calmarlos pues no paraban de llorar, momentos despu\u00e9s Mart\u00edn Antonio \u201cN\u201d tom\u00f3 una cobija con la que los tap\u00f3 y al parecer los asfixio, posteriormente este sujeto huy\u00f3 del lugar.<\/p>\n<p style=\"font-weight: 400\">\n<p style=\"font-weight: 400\">\u00a0\u00a0\u00a0\u00a0\u00a0\u00a0\u00a0\u00a0\u00a0 Polic\u00edas de Investigaci\u00f3n de la FGJEM recabaron y aportaron los elementos de prueba en contra del probable responsable, por lo que el Representante Social solicit\u00f3 a la Autoridad Judicial librar una orden de aprehensi\u00f3n en su contra, la cual fue otorgada.<\/p>\n<p style=\"font-weight: 400\">\n<p style=\"font-weight: 400\">\u00a0\u00a0\u00a0\u00a0\u00a0\u00a0\u00a0\u00a0\u00a0\u00a0\u00a0 Al continuar con las investigaciones, las cuales comprendieron diversas labores de gabinete y campo, personal de esta Instituci\u00f3n pudo determinar que este individuo se encontraba evadido de la acci\u00f3n de la justicia en la Ciudad de Minatitl\u00e1n, Veracruz, por lo que mediante los convenios de\u00a0\u00a0colaboraci\u00f3n existentes entre las Fiscal\u00edas y Procuradur\u00edas de todo el pa\u00eds, agentes de investigaci\u00f3n mexiquenses se trasladaron a esa entidad federativa con el objetivo de cumplimentar el mandato judicial.<\/p>\n<p style=\"font-weight: 400\">\u00a0\u00a0\u00a0\u00a0\u00a0\u00a0\u00a0\u00a0\u00a0\u00a0\u00a0\u00a0Luego de un seguimiento puntual durante varios d\u00edas el personal de la FGJEM y sus hom\u00f3logos veracruzanos, determinaron que exist\u00edan las condiciones adecuadas para detener a este sujeto, sin poner en riesgo a otros civiles, por lo que implementaron un operativo que tuvo como resultado la captura de este individuo; derivado de las acciones de inteligencia llevadas a cabo la orden de aprehensi\u00f3n se cumpliment\u00f3 sin hacer disparos de arma de fuego.<\/p>\n<p style=\"font-weight: 400\">\n<p style=\"font-weight: 400\">\u00a0\u00a0\u00a0\u00a0\u00a0\u00a0\u00a0\u00a0\u00a0\u00a0\u00a0 El probable responsable fue trasladado a la entidad mexiquense, en donde fue puesto a disposici\u00f3n de la Autoridad Judicial en el Centro Penitenciario y de Reinserci\u00f3n Social de Almoloya de Ju\u00e1rez, para que sea determinada su situaci\u00f3n legal, sin embargo se le presume inocente hasta que sea dictada una sentencia condenatoria en su contra.<\/p>\n<p style=\"font-weight: 400\">\n<p style=\"font-weight: 400\">\u00a0\u00a0\u00a0\u00a0\u00a0\u00a0\u00a0\u00a0\u00a0\u00a0\u00a0 La Fiscal\u00eda General de Justicia estatal hace un reconocimiento a la Fiscal\u00eda Veracruzana por el respaldo y apoyo brindado para esta acci\u00f3n operativa y de igual manera hace un llamado a la ciudadan\u00eda para que en caso de que reconozca a este sujeto como probable part\u00edcipe de alg\u00fan otro il\u00edcito, sea denunciado a trav\u00e9s del correo electr\u00f3nico<a href=\"mailto:cerotolerancia@edomex.gob.mx\">cerotolerancia@edomex.gob.mx<\/a>, al n\u00famero telef\u00f3nico 01 800 7028770, o bien, por medio de la aplicaci\u00f3n FGJEdomex, la cual est\u00e1 disponible de manera gratuita para todos los tel\u00e9fonos inteligentes de los sistemas iOS y Android.<\/p>\n<p style=\"font-weight: 400\">\n","protected":false},"excerpt":{"rendered":"<p>El inculpado habr\u00eda asfixiado a los dos menores, de 4 meses de edad. \u00a0 Toluca,<\/p>\n","protected":false},"author":1,"featured_media":1705,"comment_status":"open","ping_status":"open","sticky":false,"template":"","format":"standard","meta":{"footnotes":""},"categories":[1],"tags":[41],"class_list":["post-1704","post","type-post","status-publish","format-standard","has-post-thumbnail","hentry","category-municipales","tag-toluca"],"yoast_head":"<!-- This site is optimized with the Yoast SEO plugin v25.3 - https:\/\/yoast.com\/wordpress\/plugins\/seo\/ -->\n<title>Detienen en Veracruz a sujeto investigado por asesinar a sus hijos en el Edomex - Volcanes<\/title>\n<meta name=\"robots\" content=\"index, follow, max-snippet:-1, max-image-preview:large, max-video-preview:-1\" \/>\n<link rel=\"canonical\" href=\"https:\/\/volcanes.net\/?p=1704\" \/>\n<meta property=\"og:locale\" content=\"es_MX\" \/>\n<meta property=\"og:type\" content=\"article\" \/>\n<meta property=\"og:title\" content=\"Detienen en Veracruz a sujeto investigado por asesinar a sus hijos en el Edomex - Volcanes\" \/>\n<meta property=\"og:description\" content=\"El inculpado habr\u00eda asfixiado a los dos menores, de 4 meses de edad. \u00a0 Toluca,\" \/>\n<meta property=\"og:url\" content=\"https:\/\/volcanes.net\/?p=1704\" \/>\n<meta property=\"og:site_name\" content=\"Volcanes\" \/>\n<meta property=\"article:publisher\" content=\"https:\/\/www.facebook.com\/volcanes.net\/\" \/>\n<meta property=\"article:published_time\" content=\"2018-03-05T03:16:31+00:00\" \/>\n<meta property=\"og:image\" content=\"https:\/\/volcanes.net\/wp-content\/uploads\/2018\/03\/C-202-1.jpg\" \/>\n\t<meta property=\"og:image:width\" content=\"337\" \/>\n\t<meta property=\"og:image:height\" content=\"336\" \/>\n\t<meta property=\"og:image:type\" content=\"image\/jpeg\" \/>\n<meta name=\"author\" content=\"admin\" \/>\n<meta name=\"twitter:card\" content=\"summary_large_image\" \/>\n<meta name=\"twitter:label1\" content=\"Escrito por\" \/>\n\t<meta name=\"twitter:data1\" content=\"admin\" \/>\n\t<meta name=\"twitter:label2\" content=\"Tiempo de lectura\" \/>\n\t<meta name=\"twitter:data2\" content=\"3 minutos\" \/>\n<script type=\"application\/ld+json\" class=\"yoast-schema-graph\">{\"@context\":\"https:\/\/schema.org\",\"@graph\":[{\"@type\":\"Article\",\"@id\":\"https:\/\/volcanes.net\/?p=1704#article\",\"isPartOf\":{\"@id\":\"https:\/\/volcanes.net\/?p=1704\"},\"author\":{\"name\":\"admin\",\"@id\":\"https:\/\/volcanes.net\/#\/schema\/person\/4bf0f383940966a4abd53f5048c0e6b9\"},\"headline\":\"Detienen en Veracruz a sujeto investigado por asesinar a sus hijos en el Edomex\",\"datePublished\":\"2018-03-05T03:16:31+00:00\",\"mainEntityOfPage\":{\"@id\":\"https:\/\/volcanes.net\/?p=1704\"},\"wordCount\":594,\"commentCount\":0,\"publisher\":{\"@id\":\"https:\/\/volcanes.net\/#organization\"},\"image\":{\"@id\":\"https:\/\/volcanes.net\/?p=1704#primaryimage\"},\"thumbnailUrl\":\"https:\/\/volcanes.net\/wp-content\/uploads\/2018\/03\/C-202-1.jpg\",\"keywords\":[\"Toluca\"],\"articleSection\":[\"Municipales\"],\"inLanguage\":\"es\",\"potentialAction\":[{\"@type\":\"CommentAction\",\"name\":\"Comment\",\"target\":[\"https:\/\/volcanes.net\/?p=1704#respond\"]}]},{\"@type\":\"WebPage\",\"@id\":\"https:\/\/volcanes.net\/?p=1704\",\"url\":\"https:\/\/volcanes.net\/?p=1704\",\"name\":\"Detienen en Veracruz a sujeto investigado por asesinar a sus hijos en el Edomex - Volcanes\",\"isPartOf\":{\"@id\":\"https:\/\/volcanes.net\/#website\"},\"primaryImageOfPage\":{\"@id\":\"https:\/\/volcanes.net\/?p=1704#primaryimage\"},\"image\":{\"@id\":\"https:\/\/volcanes.net\/?p=1704#primaryimage\"},\"thumbnailUrl\":\"https:\/\/volcanes.net\/wp-content\/uploads\/2018\/03\/C-202-1.jpg\",\"datePublished\":\"2018-03-05T03:16:31+00:00\",\"breadcrumb\":{\"@id\":\"https:\/\/volcanes.net\/?p=1704#breadcrumb\"},\"inLanguage\":\"es\",\"potentialAction\":[{\"@type\":\"ReadAction\",\"target\":[\"https:\/\/volcanes.net\/?p=1704\"]}]},{\"@type\":\"ImageObject\",\"inLanguage\":\"es\",\"@id\":\"https:\/\/volcanes.net\/?p=1704#primaryimage\",\"url\":\"https:\/\/volcanes.net\/wp-content\/uploads\/2018\/03\/C-202-1.jpg\",\"contentUrl\":\"https:\/\/volcanes.net\/wp-content\/uploads\/2018\/03\/C-202-1.jpg\",\"width\":337,\"height\":336},{\"@type\":\"BreadcrumbList\",\"@id\":\"https:\/\/volcanes.net\/?p=1704#breadcrumb\",\"itemListElement\":[{\"@type\":\"ListItem\",\"position\":1,\"name\":\"Portada\",\"item\":\"https:\/\/volcanes.net\/\"},{\"@type\":\"ListItem\",\"position\":2,\"name\":\"Detienen en Veracruz a sujeto investigado por asesinar a sus hijos en el Edomex\"}]},{\"@type\":\"WebSite\",\"@id\":\"https:\/\/volcanes.net\/#website\",\"url\":\"https:\/\/volcanes.net\/\",\"name\":\"Volcanes.Net\",\"description\":\"Periodismo Profesional\",\"publisher\":{\"@id\":\"https:\/\/volcanes.net\/#organization\"},\"potentialAction\":[{\"@type\":\"SearchAction\",\"target\":{\"@type\":\"EntryPoint\",\"urlTemplate\":\"https:\/\/volcanes.net\/?s={search_term_string}\"},\"query-input\":{\"@type\":\"PropertyValueSpecification\",\"valueRequired\":true,\"valueName\":\"search_term_string\"}}],\"inLanguage\":\"es\"},{\"@type\":\"Organization\",\"@id\":\"https:\/\/volcanes.net\/#organization\",\"name\":\"Grupo Volcanes\",\"url\":\"https:\/\/volcanes.net\/\",\"logo\":{\"@type\":\"ImageObject\",\"inLanguage\":\"es\",\"@id\":\"https:\/\/volcanes.net\/#\/schema\/logo\/image\/\",\"url\":\"http:\/\/volcanes.net\/wp-content\/uploads\/2017\/12\/Avatar2.jpg\",\"contentUrl\":\"http:\/\/volcanes.net\/wp-content\/uploads\/2017\/12\/Avatar2.jpg\",\"width\":378,\"height\":378,\"caption\":\"Grupo Volcanes\"},\"image\":{\"@id\":\"https:\/\/volcanes.net\/#\/schema\/logo\/image\/\"},\"sameAs\":[\"https:\/\/www.facebook.com\/volcanes.net\/\"]},{\"@type\":\"Person\",\"@id\":\"https:\/\/volcanes.net\/#\/schema\/person\/4bf0f383940966a4abd53f5048c0e6b9\",\"name\":\"admin\",\"image\":{\"@type\":\"ImageObject\",\"inLanguage\":\"es\",\"@id\":\"https:\/\/volcanes.net\/#\/schema\/person\/image\/\",\"url\":\"https:\/\/secure.gravatar.com\/avatar\/ca004e6cba8462b8cb7abc86e382930c?s=96&d=mm&r=g\",\"contentUrl\":\"https:\/\/secure.gravatar.com\/avatar\/ca004e6cba8462b8cb7abc86e382930c?s=96&d=mm&r=g\",\"caption\":\"admin\"}}]}<\/script>\n<!-- \/ Yoast SEO plugin. -->","yoast_head_json":{"title":"Detienen en Veracruz a sujeto investigado por asesinar a sus hijos en el Edomex - Volcanes","robots":{"index":"index","follow":"follow","max-snippet":"max-snippet:-1","max-image-preview":"max-image-preview:large","max-video-preview":"max-video-preview:-1"},"canonical":"https:\/\/volcanes.net\/?p=1704","og_locale":"es_MX","og_type":"article","og_title":"Detienen en Veracruz a sujeto investigado por asesinar a sus hijos en el Edomex - Volcanes","og_description":"El inculpado habr\u00eda asfixiado a los dos menores, de 4 meses de edad. \u00a0 Toluca,","og_url":"https:\/\/volcanes.net\/?p=1704","og_site_name":"Volcanes","article_publisher":"https:\/\/www.facebook.com\/volcanes.net\/","article_published_time":"2018-03-05T03:16:31+00:00","og_image":[{"width":337,"height":336,"url":"https:\/\/volcanes.net\/wp-content\/uploads\/2018\/03\/C-202-1.jpg","type":"image\/jpeg"}],"author":"admin","twitter_card":"summary_large_image","twitter_misc":{"Escrito por":"admin","Tiempo de lectura":"3 minutos"},"schema":{"@context":"https:\/\/schema.org","@graph":[{"@type":"Article","@id":"https:\/\/volcanes.net\/?p=1704#article","isPartOf":{"@id":"https:\/\/volcanes.net\/?p=1704"},"author":{"name":"admin","@id":"https:\/\/volcanes.net\/#\/schema\/person\/4bf0f383940966a4abd53f5048c0e6b9"},"headline":"Detienen en Veracruz a sujeto investigado por asesinar a sus hijos en el Edomex","datePublished":"2018-03-05T03:16:31+00:00","mainEntityOfPage":{"@id":"https:\/\/volcanes.net\/?p=1704"},"wordCount":594,"commentCount":0,"publisher":{"@id":"https:\/\/volcanes.net\/#organization"},"image":{"@id":"https:\/\/volcanes.net\/?p=1704#primaryimage"},"thumbnailUrl":"https:\/\/volcanes.net\/wp-content\/uploads\/2018\/03\/C-202-1.jpg","keywords":["Toluca"],"articleSection":["Municipales"],"inLanguage":"es","potentialAction":[{"@type":"CommentAction","name":"Comment","target":["https:\/\/volcanes.net\/?p=1704#respond"]}]},{"@type":"WebPage","@id":"https:\/\/volcanes.net\/?p=1704","url":"https:\/\/volcanes.net\/?p=1704","name":"Detienen en Veracruz a sujeto investigado por asesinar a sus hijos en el Edomex - Volcanes","isPartOf":{"@id":"https:\/\/volcanes.net\/#website"},"primaryImageOfPage":{"@id":"https:\/\/volcanes.net\/?p=1704#primaryimage"},"image":{"@id":"https:\/\/volcanes.net\/?p=1704#primaryimage"},"thumbnailUrl":"https:\/\/volcanes.net\/wp-content\/uploads\/2018\/03\/C-202-1.jpg","datePublished":"2018-03-05T03:16:31+00:00","breadcrumb":{"@id":"https:\/\/volcanes.net\/?p=1704#breadcrumb"},"inLanguage":"es","potentialAction":[{"@type":"ReadAction","target":["https:\/\/volcanes.net\/?p=1704"]}]},{"@type":"ImageObject","inLanguage":"es","@id":"https:\/\/volcanes.net\/?p=1704#primaryimage","url":"https:\/\/volcanes.net\/wp-content\/uploads\/2018\/03\/C-202-1.jpg","contentUrl":"https:\/\/volcanes.net\/wp-content\/uploads\/2018\/03\/C-202-1.jpg","width":337,"height":336},{"@type":"BreadcrumbList","@id":"https:\/\/volcanes.net\/?p=1704#breadcrumb","itemListElement":[{"@type":"ListItem","position":1,"name":"Portada","item":"https:\/\/volcanes.net\/"},{"@type":"ListItem","position":2,"name":"Detienen en Veracruz a sujeto investigado por asesinar a sus hijos en el Edomex"}]},{"@type":"WebSite","@id":"https:\/\/volcanes.net\/#website","url":"https:\/\/volcanes.net\/","name":"Volcanes.Net","description":"Periodismo Profesional","publisher":{"@id":"https:\/\/volcanes.net\/#organization"},"potentialAction":[{"@type":"SearchAction","target":{"@type":"EntryPoint","urlTemplate":"https:\/\/volcanes.net\/?s={search_term_string}"},"query-input":{"@type":"PropertyValueSpecification","valueRequired":true,"valueName":"search_term_string"}}],"inLanguage":"es"},{"@type":"Organization","@id":"https:\/\/volcanes.net\/#organization","name":"Grupo Volcanes","url":"https:\/\/volcanes.net\/","logo":{"@type":"ImageObject","inLanguage":"es","@id":"https:\/\/volcanes.net\/#\/schema\/logo\/image\/","url":"http:\/\/volcanes.net\/wp-content\/uploads\/2017\/12\/Avatar2.jpg","contentUrl":"http:\/\/volcanes.net\/wp-content\/uploads\/2017\/12\/Avatar2.jpg","width":378,"height":378,"caption":"Grupo Volcanes"},"image":{"@id":"https:\/\/volcanes.net\/#\/schema\/logo\/image\/"},"sameAs":["https:\/\/www.facebook.com\/volcanes.net\/"]},{"@type":"Person","@id":"https:\/\/volcanes.net\/#\/schema\/person\/4bf0f383940966a4abd53f5048c0e6b9","name":"admin","image":{"@type":"ImageObject","inLanguage":"es","@id":"https:\/\/volcanes.net\/#\/schema\/person\/image\/","url":"https:\/\/secure.gravatar.com\/avatar\/ca004e6cba8462b8cb7abc86e382930c?s=96&d=mm&r=g","contentUrl":"https:\/\/secure.gravatar.com\/avatar\/ca004e6cba8462b8cb7abc86e382930c?s=96&d=mm&r=g","caption":"admin"}}]}},"_links":{"self":[{"href":"https:\/\/volcanes.net\/index.php?rest_route=\/wp\/v2\/posts\/1704"}],"collection":[{"href":"https:\/\/volcanes.net\/index.php?rest_route=\/wp\/v2\/posts"}],"about":[{"href":"https:\/\/volcanes.net\/index.php?rest_route=\/wp\/v2\/types\/post"}],"author":[{"embeddable":true,"href":"https:\/\/volcanes.net\/index.php?rest_route=\/wp\/v2\/users\/1"}],"replies":[{"embeddable":true,"href":"https:\/\/volcanes.net\/index.php?rest_route=%2Fwp%2Fv2%2Fcomments&post=1704"}],"version-history":[{"count":1,"href":"https:\/\/volcanes.net\/index.php?rest_route=\/wp\/v2\/posts\/1704\/revisions"}],"predecessor-version":[{"id":1706,"href":"https:\/\/volcanes.net\/index.php?rest_route=\/wp\/v2\/posts\/1704\/revisions\/1706"}],"wp:featuredmedia":[{"embeddable":true,"href":"https:\/\/volcanes.net\/index.php?rest_route=\/wp\/v2\/media\/1705"}],"wp:attachment":[{"href":"https:\/\/volcanes.net\/index.php?rest_route=%2Fwp%2Fv2%2Fmedia&parent=1704"}],"wp:term":[{"taxonomy":"category","embeddable":true,"href":"https:\/\/volcanes.net\/index.php?rest_route=%2Fwp%2Fv2%2Fcategories&post=1704"},{"taxonomy":"post_tag","embeddable":true,"href":"https:\/\/volcanes.net\/index.php?rest_route=%2Fwp%2Fv2%2Ftags&post=1704"}],"curies":[{"name":"wp","href":"https:\/\/api.w.org\/{rel}","templated":true}]}}