{"id":1738,"date":"2018-03-05T05:02:42","date_gmt":"2018-03-05T05:02:42","guid":{"rendered":"http:\/\/volcanes.net\/?p=1738"},"modified":"2018-03-05T05:02:43","modified_gmt":"2018-03-05T05:02:43","slug":"perredistas-y-panistas-impugnan-a-candidata-priista-a-la-diputacion-federal-por-el-frente-pan-prd-mc%ef%bb%bf","status":"publish","type":"post","link":"https:\/\/volcanes.net\/?p=1738","title":{"rendered":"Perredistas y panistas Impugnan a Candidata Priista a la Diputaci\u00f3n Federal por el Frente PAN-PRD-MC\ufeff"},"content":{"rendered":"<div style=\"margin-top: 0px; margin-bottom: 0px;\" class=\"sharethis-inline-share-buttons\" ><\/div><p>\u2022 El PRI intenta mantener el poder comprando la franquicia al PRD: Gami\u00f1o palacios<\/p>\n<p>\u2022 Su postulaci\u00f3n viola le ley Electoral pues particip\u00f3 en un solo proceso por dos partidos diferentes<br \/>\nCoacalco, M\u00e9x.- Como una burla a los principios de izquierda y total deshonestidad en la dirigencia estatal del PRD fue catalogada la designaci\u00f3n de la priista Nora Ver\u00f3nica Orozco Ch\u00e1vez, por la militancia de los partidos Acci\u00f3n Nacional y de la Revoluci\u00f3n Democr\u00e1tica en esta localidad.<\/p>\n<p>En conferencia de prensa, Militantes del frente conformado por PRD-PAN-MC, denunciaron como un acto de venta de la franquicia perredista, pues el hecho de haber postulado a una priista, con v\u00ednculos familiares con la actual secretaria del Ayuntamiento, la s\u00edndico destituida por el SCJN, Nora Luz Ch\u00e1vez y de Manuel Casta\u00f1eda con m\u00e1s de 30 a\u00f1os de militancia en el PRI, nombrado por el dirigente Omar Ortega como coordinador general de las campa\u00f1as a la presidencia municipal de Agust\u00edn Barrera Soriano, as\u00ed como las que realizar\u00e1n los candidatos a las diputaciones federal y local.<\/p>\n<p>Por su parte, Alejandro Gami\u00f1o Palacios,  militante del PRD destac\u00f3 que en el partido amarillo hay muchas mujeres con una militancia y trabajo suficiente para ocupar ese esca\u00f1o, pero que las est\u00e1n dejando de lado y en el \u00faltimo de los casos, dijo, si ellas no quisieran participar, en Acci\u00f3n Nacional tambi\u00e9n se cuenta con muchas damas que tienen un mejor perfil que el presentado por la priista.<\/p>\n<p>\u201cEs claro que el alcalde depuesto por el m\u00e1ximo tribunal de la naci\u00f3n no quiere perder el control del gobierno y la mejor manera fue negociando con el l\u00edder perredista Omar Ortega para que sus incondicionales subieran como piratas al abordaje del Frente, v\u00eda PRD\u201d, se\u00f1al\u00f3 F\u00e9lix de la Rosa V\u00e1zquez, precandidato a la presidencia municipal por el PRD.<\/p>\n<p>Por ello se interpusieron dos procesos de apelaci\u00f3n para evitar que el partido del Sol Azteca se convierta en una filial del PRI en Coacalco, uno de ellos lo encabeza Alejandro Gami\u00f1o Palacios, y el otro la precandidata a la diputaci\u00f3n federal por el distrito 6,  Alejandra Mart\u00ednez P\u00e9rez, quienes tambi\u00e9n se\u00f1alaron que hay una indicaci\u00f3n para que el actual gobierno priista apoye la campa\u00f1a del frente, lo que adem\u00e1s de ser una deslealtad con su instituto pol\u00edtico, deja ver claramente la intenci\u00f3n de mantener el poder por parte del grupo del ex alcalde Erwin Castel\u00e1n.<\/p>\n<p>Cabe mencionar que la designaci\u00f3n de Nora Ver\u00f3nica Orozco Ch\u00e1vez, como precandidata a la diputaci\u00f3n federal por el distrito 6, viola adem\u00e1s la Ley electoral al haber participado a dos cargos en un mismo proceso electoral por diferentes partidos, pues se inscribi\u00f3 como aspirante a propietaria en la planilla municipal del PRI el d\u00eda 21 de enero del presenta a\u00f1o y su partido la aval\u00f3 como procedente y posteriormente sin ser afiliada al PRD se inscribi\u00f3 como precandidata a la diputaci\u00f3n y aprobada por el Comit\u00e9 Directivo Estatal que preside Omar Ortega.<\/p>\n<p>Por su parte, Miguel \u00c1ngel Castillo Dom\u00ednguez, representante del PAN en la localidad, exhort\u00f3 a la dirigencia perredista a reconsiderar su propuesta, pues consider\u00f3 que si no hay mujeres que cubran el requisito en las filas solaztequista, \u201cen el PAN s\u00ed las hay y podr\u00edamos aportar algunas propuestas\u201d.<\/p>\n","protected":false},"excerpt":{"rendered":"<p>\u2022 El PRI intenta mantener el poder comprando la franquicia al PRD: Gami\u00f1o palacios \u2022<\/p>\n","protected":false},"author":1,"featured_media":1740,"comment_status":"open","ping_status":"open","sticky":false,"template":"","format":"standard","meta":{"footnotes":""},"categories":[1],"tags":[77],"class_list":["post-1738","post","type-post","status-publish","format-standard","has-post-thumbnail","hentry","category-municipales","tag-coacalco"],"yoast_head":"<!-- This site is optimized with the Yoast SEO plugin v25.3 - https:\/\/yoast.com\/wordpress\/plugins\/seo\/ -->\n<title>Perredistas y panistas Impugnan a Candidata Priista a la Diputaci\u00f3n Federal por el Frente PAN-PRD-MC\ufeff - Volcanes<\/title>\n<meta name=\"robots\" content=\"index, follow, max-snippet:-1, max-image-preview:large, max-video-preview:-1\" \/>\n<link rel=\"canonical\" href=\"https:\/\/volcanes.net\/?p=1738\" \/>\n<meta property=\"og:locale\" content=\"es_MX\" \/>\n<meta property=\"og:type\" content=\"article\" \/>\n<meta property=\"og:title\" content=\"Perredistas y panistas Impugnan a Candidata Priista a la Diputaci\u00f3n Federal por el Frente PAN-PRD-MC\ufeff - Volcanes\" \/>\n<meta property=\"og:description\" content=\"\u2022 El PRI intenta mantener el poder comprando la franquicia al PRD: Gami\u00f1o palacios \u2022\" \/>\n<meta property=\"og:url\" content=\"https:\/\/volcanes.net\/?p=1738\" \/>\n<meta property=\"og:site_name\" content=\"Volcanes\" \/>\n<meta property=\"article:publisher\" content=\"https:\/\/www.facebook.com\/volcanes.net\/\" \/>\n<meta property=\"article:published_time\" content=\"2018-03-05T05:02:42+00:00\" \/>\n<meta property=\"article:modified_time\" content=\"2018-03-05T05:02:43+00:00\" \/>\n<meta property=\"og:image\" content=\"https:\/\/volcanes.net\/wp-content\/uploads\/2018\/03\/img_9660.jpg\" \/>\n\t<meta property=\"og:image:width\" content=\"800\" \/>\n\t<meta property=\"og:image:height\" content=\"600\" \/>\n\t<meta property=\"og:image:type\" content=\"image\/jpeg\" \/>\n<meta name=\"author\" content=\"admin\" \/>\n<meta name=\"twitter:card\" content=\"summary_large_image\" \/>\n<meta name=\"twitter:label1\" content=\"Escrito por\" \/>\n\t<meta name=\"twitter:data1\" content=\"admin\" \/>\n\t<meta name=\"twitter:label2\" content=\"Tiempo de lectura\" \/>\n\t<meta name=\"twitter:data2\" content=\"3 minutos\" \/>\n<script type=\"application\/ld+json\" class=\"yoast-schema-graph\">{\"@context\":\"https:\/\/schema.org\",\"@graph\":[{\"@type\":\"Article\",\"@id\":\"https:\/\/volcanes.net\/?p=1738#article\",\"isPartOf\":{\"@id\":\"https:\/\/volcanes.net\/?p=1738\"},\"author\":{\"name\":\"admin\",\"@id\":\"https:\/\/volcanes.net\/#\/schema\/person\/4bf0f383940966a4abd53f5048c0e6b9\"},\"headline\":\"Perredistas y panistas Impugnan a Candidata Priista a la Diputaci\u00f3n Federal por el Frente PAN-PRD-MC\ufeff\",\"datePublished\":\"2018-03-05T05:02:42+00:00\",\"dateModified\":\"2018-03-05T05:02:43+00:00\",\"mainEntityOfPage\":{\"@id\":\"https:\/\/volcanes.net\/?p=1738\"},\"wordCount\":598,\"commentCount\":0,\"publisher\":{\"@id\":\"https:\/\/volcanes.net\/#organization\"},\"image\":{\"@id\":\"https:\/\/volcanes.net\/?p=1738#primaryimage\"},\"thumbnailUrl\":\"https:\/\/volcanes.net\/wp-content\/uploads\/2018\/03\/img_9660.jpg\",\"keywords\":[\"Coacalco\"],\"articleSection\":[\"Municipales\"],\"inLanguage\":\"es\",\"potentialAction\":[{\"@type\":\"CommentAction\",\"name\":\"Comment\",\"target\":[\"https:\/\/volcanes.net\/?p=1738#respond\"]}]},{\"@type\":\"WebPage\",\"@id\":\"https:\/\/volcanes.net\/?p=1738\",\"url\":\"https:\/\/volcanes.net\/?p=1738\",\"name\":\"Perredistas y panistas Impugnan a Candidata Priista a la Diputaci\u00f3n Federal por el Frente PAN-PRD-MC\ufeff - Volcanes\",\"isPartOf\":{\"@id\":\"https:\/\/volcanes.net\/#website\"},\"primaryImageOfPage\":{\"@id\":\"https:\/\/volcanes.net\/?p=1738#primaryimage\"},\"image\":{\"@id\":\"https:\/\/volcanes.net\/?p=1738#primaryimage\"},\"thumbnailUrl\":\"https:\/\/volcanes.net\/wp-content\/uploads\/2018\/03\/img_9660.jpg\",\"datePublished\":\"2018-03-05T05:02:42+00:00\",\"dateModified\":\"2018-03-05T05:02:43+00:00\",\"breadcrumb\":{\"@id\":\"https:\/\/volcanes.net\/?p=1738#breadcrumb\"},\"inLanguage\":\"es\",\"potentialAction\":[{\"@type\":\"ReadAction\",\"target\":[\"https:\/\/volcanes.net\/?p=1738\"]}]},{\"@type\":\"ImageObject\",\"inLanguage\":\"es\",\"@id\":\"https:\/\/volcanes.net\/?p=1738#primaryimage\",\"url\":\"https:\/\/volcanes.net\/wp-content\/uploads\/2018\/03\/img_9660.jpg\",\"contentUrl\":\"https:\/\/volcanes.net\/wp-content\/uploads\/2018\/03\/img_9660.jpg\",\"width\":800,\"height\":600},{\"@type\":\"BreadcrumbList\",\"@id\":\"https:\/\/volcanes.net\/?p=1738#breadcrumb\",\"itemListElement\":[{\"@type\":\"ListItem\",\"position\":1,\"name\":\"Portada\",\"item\":\"https:\/\/volcanes.net\/\"},{\"@type\":\"ListItem\",\"position\":2,\"name\":\"Perredistas y panistas Impugnan a Candidata Priista a la Diputaci\u00f3n Federal por el Frente PAN-PRD-MC\ufeff\"}]},{\"@type\":\"WebSite\",\"@id\":\"https:\/\/volcanes.net\/#website\",\"url\":\"https:\/\/volcanes.net\/\",\"name\":\"Volcanes.Net\",\"description\":\"Periodismo Profesional\",\"publisher\":{\"@id\":\"https:\/\/volcanes.net\/#organization\"},\"potentialAction\":[{\"@type\":\"SearchAction\",\"target\":{\"@type\":\"EntryPoint\",\"urlTemplate\":\"https:\/\/volcanes.net\/?s={search_term_string}\"},\"query-input\":{\"@type\":\"PropertyValueSpecification\",\"valueRequired\":true,\"valueName\":\"search_term_string\"}}],\"inLanguage\":\"es\"},{\"@type\":\"Organization\",\"@id\":\"https:\/\/volcanes.net\/#organization\",\"name\":\"Grupo Volcanes\",\"url\":\"https:\/\/volcanes.net\/\",\"logo\":{\"@type\":\"ImageObject\",\"inLanguage\":\"es\",\"@id\":\"https:\/\/volcanes.net\/#\/schema\/logo\/image\/\",\"url\":\"http:\/\/volcanes.net\/wp-content\/uploads\/2017\/12\/Avatar2.jpg\",\"contentUrl\":\"http:\/\/volcanes.net\/wp-content\/uploads\/2017\/12\/Avatar2.jpg\",\"width\":378,\"height\":378,\"caption\":\"Grupo Volcanes\"},\"image\":{\"@id\":\"https:\/\/volcanes.net\/#\/schema\/logo\/image\/\"},\"sameAs\":[\"https:\/\/www.facebook.com\/volcanes.net\/\"]},{\"@type\":\"Person\",\"@id\":\"https:\/\/volcanes.net\/#\/schema\/person\/4bf0f383940966a4abd53f5048c0e6b9\",\"name\":\"admin\",\"image\":{\"@type\":\"ImageObject\",\"inLanguage\":\"es\",\"@id\":\"https:\/\/volcanes.net\/#\/schema\/person\/image\/\",\"url\":\"https:\/\/secure.gravatar.com\/avatar\/ca004e6cba8462b8cb7abc86e382930c?s=96&d=mm&r=g\",\"contentUrl\":\"https:\/\/secure.gravatar.com\/avatar\/ca004e6cba8462b8cb7abc86e382930c?s=96&d=mm&r=g\",\"caption\":\"admin\"}}]}<\/script>\n<!-- \/ Yoast SEO plugin. -->","yoast_head_json":{"title":"Perredistas y panistas Impugnan a Candidata Priista a la Diputaci\u00f3n Federal por el Frente PAN-PRD-MC\ufeff - Volcanes","robots":{"index":"index","follow":"follow","max-snippet":"max-snippet:-1","max-image-preview":"max-image-preview:large","max-video-preview":"max-video-preview:-1"},"canonical":"https:\/\/volcanes.net\/?p=1738","og_locale":"es_MX","og_type":"article","og_title":"Perredistas y panistas Impugnan a Candidata Priista a la Diputaci\u00f3n Federal por el Frente PAN-PRD-MC\ufeff - Volcanes","og_description":"\u2022 El PRI intenta mantener el poder comprando la franquicia al PRD: Gami\u00f1o palacios \u2022","og_url":"https:\/\/volcanes.net\/?p=1738","og_site_name":"Volcanes","article_publisher":"https:\/\/www.facebook.com\/volcanes.net\/","article_published_time":"2018-03-05T05:02:42+00:00","article_modified_time":"2018-03-05T05:02:43+00:00","og_image":[{"width":800,"height":600,"url":"https:\/\/volcanes.net\/wp-content\/uploads\/2018\/03\/img_9660.jpg","type":"image\/jpeg"}],"author":"admin","twitter_card":"summary_large_image","twitter_misc":{"Escrito por":"admin","Tiempo de lectura":"3 minutos"},"schema":{"@context":"https:\/\/schema.org","@graph":[{"@type":"Article","@id":"https:\/\/volcanes.net\/?p=1738#article","isPartOf":{"@id":"https:\/\/volcanes.net\/?p=1738"},"author":{"name":"admin","@id":"https:\/\/volcanes.net\/#\/schema\/person\/4bf0f383940966a4abd53f5048c0e6b9"},"headline":"Perredistas y panistas Impugnan a Candidata Priista a la Diputaci\u00f3n Federal por el Frente PAN-PRD-MC\ufeff","datePublished":"2018-03-05T05:02:42+00:00","dateModified":"2018-03-05T05:02:43+00:00","mainEntityOfPage":{"@id":"https:\/\/volcanes.net\/?p=1738"},"wordCount":598,"commentCount":0,"publisher":{"@id":"https:\/\/volcanes.net\/#organization"},"image":{"@id":"https:\/\/volcanes.net\/?p=1738#primaryimage"},"thumbnailUrl":"https:\/\/volcanes.net\/wp-content\/uploads\/2018\/03\/img_9660.jpg","keywords":["Coacalco"],"articleSection":["Municipales"],"inLanguage":"es","potentialAction":[{"@type":"CommentAction","name":"Comment","target":["https:\/\/volcanes.net\/?p=1738#respond"]}]},{"@type":"WebPage","@id":"https:\/\/volcanes.net\/?p=1738","url":"https:\/\/volcanes.net\/?p=1738","name":"Perredistas y panistas Impugnan a Candidata Priista a la Diputaci\u00f3n Federal por el Frente PAN-PRD-MC\ufeff - Volcanes","isPartOf":{"@id":"https:\/\/volcanes.net\/#website"},"primaryImageOfPage":{"@id":"https:\/\/volcanes.net\/?p=1738#primaryimage"},"image":{"@id":"https:\/\/volcanes.net\/?p=1738#primaryimage"},"thumbnailUrl":"https:\/\/volcanes.net\/wp-content\/uploads\/2018\/03\/img_9660.jpg","datePublished":"2018-03-05T05:02:42+00:00","dateModified":"2018-03-05T05:02:43+00:00","breadcrumb":{"@id":"https:\/\/volcanes.net\/?p=1738#breadcrumb"},"inLanguage":"es","potentialAction":[{"@type":"ReadAction","target":["https:\/\/volcanes.net\/?p=1738"]}]},{"@type":"ImageObject","inLanguage":"es","@id":"https:\/\/volcanes.net\/?p=1738#primaryimage","url":"https:\/\/volcanes.net\/wp-content\/uploads\/2018\/03\/img_9660.jpg","contentUrl":"https:\/\/volcanes.net\/wp-content\/uploads\/2018\/03\/img_9660.jpg","width":800,"height":600},{"@type":"BreadcrumbList","@id":"https:\/\/volcanes.net\/?p=1738#breadcrumb","itemListElement":[{"@type":"ListItem","position":1,"name":"Portada","item":"https:\/\/volcanes.net\/"},{"@type":"ListItem","position":2,"name":"Perredistas y panistas Impugnan a Candidata Priista a la Diputaci\u00f3n Federal por el Frente PAN-PRD-MC\ufeff"}]},{"@type":"WebSite","@id":"https:\/\/volcanes.net\/#website","url":"https:\/\/volcanes.net\/","name":"Volcanes.Net","description":"Periodismo Profesional","publisher":{"@id":"https:\/\/volcanes.net\/#organization"},"potentialAction":[{"@type":"SearchAction","target":{"@type":"EntryPoint","urlTemplate":"https:\/\/volcanes.net\/?s={search_term_string}"},"query-input":{"@type":"PropertyValueSpecification","valueRequired":true,"valueName":"search_term_string"}}],"inLanguage":"es"},{"@type":"Organization","@id":"https:\/\/volcanes.net\/#organization","name":"Grupo Volcanes","url":"https:\/\/volcanes.net\/","logo":{"@type":"ImageObject","inLanguage":"es","@id":"https:\/\/volcanes.net\/#\/schema\/logo\/image\/","url":"http:\/\/volcanes.net\/wp-content\/uploads\/2017\/12\/Avatar2.jpg","contentUrl":"http:\/\/volcanes.net\/wp-content\/uploads\/2017\/12\/Avatar2.jpg","width":378,"height":378,"caption":"Grupo Volcanes"},"image":{"@id":"https:\/\/volcanes.net\/#\/schema\/logo\/image\/"},"sameAs":["https:\/\/www.facebook.com\/volcanes.net\/"]},{"@type":"Person","@id":"https:\/\/volcanes.net\/#\/schema\/person\/4bf0f383940966a4abd53f5048c0e6b9","name":"admin","image":{"@type":"ImageObject","inLanguage":"es","@id":"https:\/\/volcanes.net\/#\/schema\/person\/image\/","url":"https:\/\/secure.gravatar.com\/avatar\/ca004e6cba8462b8cb7abc86e382930c?s=96&d=mm&r=g","contentUrl":"https:\/\/secure.gravatar.com\/avatar\/ca004e6cba8462b8cb7abc86e382930c?s=96&d=mm&r=g","caption":"admin"}}]}},"_links":{"self":[{"href":"https:\/\/volcanes.net\/index.php?rest_route=\/wp\/v2\/posts\/1738"}],"collection":[{"href":"https:\/\/volcanes.net\/index.php?rest_route=\/wp\/v2\/posts"}],"about":[{"href":"https:\/\/volcanes.net\/index.php?rest_route=\/wp\/v2\/types\/post"}],"author":[{"embeddable":true,"href":"https:\/\/volcanes.net\/index.php?rest_route=\/wp\/v2\/users\/1"}],"replies":[{"embeddable":true,"href":"https:\/\/volcanes.net\/index.php?rest_route=%2Fwp%2Fv2%2Fcomments&post=1738"}],"version-history":[{"count":1,"href":"https:\/\/volcanes.net\/index.php?rest_route=\/wp\/v2\/posts\/1738\/revisions"}],"predecessor-version":[{"id":1739,"href":"https:\/\/volcanes.net\/index.php?rest_route=\/wp\/v2\/posts\/1738\/revisions\/1739"}],"wp:featuredmedia":[{"embeddable":true,"href":"https:\/\/volcanes.net\/index.php?rest_route=\/wp\/v2\/media\/1740"}],"wp:attachment":[{"href":"https:\/\/volcanes.net\/index.php?rest_route=%2Fwp%2Fv2%2Fmedia&parent=1738"}],"wp:term":[{"taxonomy":"category","embeddable":true,"href":"https:\/\/volcanes.net\/index.php?rest_route=%2Fwp%2Fv2%2Fcategories&post=1738"},{"taxonomy":"post_tag","embeddable":true,"href":"https:\/\/volcanes.net\/index.php?rest_route=%2Fwp%2Fv2%2Ftags&post=1738"}],"curies":[{"name":"wp","href":"https:\/\/api.w.org\/{rel}","templated":true}]}}