{"id":1746,"date":"2018-03-07T12:57:39","date_gmt":"2018-03-07T12:57:39","guid":{"rendered":"http:\/\/volcanes.net\/?p=1746"},"modified":"2018-03-07T12:57:39","modified_gmt":"2018-03-07T12:57:39","slug":"se-suma-el-voluntariado-de-la-secretaria-de-educacion-a-la-colecta-anual-de-la-cruz-roja","status":"publish","type":"post","link":"https:\/\/volcanes.net\/?p=1746","title":{"rendered":"Se suma el Voluntariado de la Secretar\u00eda de Educaci\u00f3n a la Colecta Anual de la Cruz Roja"},"content":{"rendered":"<div style=\"margin-top: 0px; margin-bottom: 0px;\" class=\"sharethis-inline-share-buttons\" ><\/div><p>El Voluntariado de la Secretar\u00eda de Educaci\u00f3n inici\u00f3 la colecta anual 2018 de la Cruz Roja Mexicana. En nombre del gobernador Alfredo Del Mazo Maza, el Secretario de Educaci\u00f3n, Alejandro Fern\u00e1ndez, y su esposa Silvia Vives, titular del Voluntariado de la dependencia, entregaron a Jorge Forastieri, Delegado Estatal de la Cruz Roja Mexicana, un cheque por m\u00e1s de 15 millones de pesos, correspondiente a lo recaudado durante 2017 por la venta de l\u00e1pices.<\/p>\n<p>Alejandro Fern\u00e1ndez agradeci\u00f3 a las Damas Voluntarias por la importante labor de apoyo a quienes m\u00e1s lo necesitan.<\/p>\n<p>Por su parte, Jorge Forastieri explic\u00f3 que con este recurso, la Cruz Roja tendr\u00e1 la posibilidad de capacitar a su personal y equipar las ambulancias. Con apoyo de la sociedad y la administraci\u00f3n mexiquense, este a\u00f1o se espera alcanzar en la Colecta de la Cruz Roja un monto de 25 millones de pesos.<\/p>\n","protected":false},"excerpt":{"rendered":"<p>El Voluntariado de la Secretar\u00eda de Educaci\u00f3n inici\u00f3 la colecta anual 2018 de la Cruz<\/p>\n","protected":false},"author":1,"featured_media":1743,"comment_status":"open","ping_status":"open","sticky":false,"template":"","format":"standard","meta":{"footnotes":""},"categories":[1],"tags":[],"class_list":["post-1746","post","type-post","status-publish","format-standard","has-post-thumbnail","hentry","category-municipales"],"yoast_head":"<!-- This site is optimized with the Yoast SEO plugin v25.3 - https:\/\/yoast.com\/wordpress\/plugins\/seo\/ -->\n<title>Se suma el Voluntariado de la Secretar\u00eda de Educaci\u00f3n a la Colecta Anual de la Cruz Roja - Volcanes<\/title>\n<meta name=\"robots\" content=\"index, follow, max-snippet:-1, max-image-preview:large, max-video-preview:-1\" \/>\n<link rel=\"canonical\" href=\"https:\/\/volcanes.net\/?p=1746\" \/>\n<meta property=\"og:locale\" content=\"es_MX\" \/>\n<meta property=\"og:type\" content=\"article\" \/>\n<meta property=\"og:title\" content=\"Se suma el Voluntariado de la Secretar\u00eda de Educaci\u00f3n a la Colecta Anual de la Cruz Roja - Volcanes\" \/>\n<meta property=\"og:description\" content=\"El Voluntariado de la Secretar\u00eda de Educaci\u00f3n inici\u00f3 la colecta anual 2018 de la Cruz\" \/>\n<meta property=\"og:url\" content=\"https:\/\/volcanes.net\/?p=1746\" \/>\n<meta property=\"og:site_name\" content=\"Volcanes\" \/>\n<meta property=\"article:publisher\" content=\"https:\/\/www.facebook.com\/volcanes.net\/\" \/>\n<meta property=\"article:published_time\" content=\"2018-03-07T12:57:39+00:00\" \/>\n<meta property=\"og:image\" content=\"https:\/\/volcanes.net\/wp-content\/uploads\/2018\/03\/Voluntariado-Educacion-3-1-500x346.jpeg\" \/>\n\t<meta property=\"og:image:width\" content=\"500\" \/>\n\t<meta property=\"og:image:height\" content=\"346\" \/>\n\t<meta property=\"og:image:type\" content=\"image\/jpeg\" \/>\n<meta name=\"author\" content=\"admin\" \/>\n<meta name=\"twitter:card\" content=\"summary_large_image\" \/>\n<meta name=\"twitter:label1\" content=\"Escrito por\" \/>\n\t<meta name=\"twitter:data1\" content=\"admin\" \/>\n\t<meta name=\"twitter:label2\" content=\"Tiempo de lectura\" \/>\n\t<meta name=\"twitter:data2\" content=\"1 minuto\" \/>\n<script type=\"application\/ld+json\" class=\"yoast-schema-graph\">{\"@context\":\"https:\/\/schema.org\",\"@graph\":[{\"@type\":\"Article\",\"@id\":\"https:\/\/volcanes.net\/?p=1746#article\",\"isPartOf\":{\"@id\":\"https:\/\/volcanes.net\/?p=1746\"},\"author\":{\"name\":\"admin\",\"@id\":\"https:\/\/volcanes.net\/#\/schema\/person\/4bf0f383940966a4abd53f5048c0e6b9\"},\"headline\":\"Se suma el Voluntariado de la Secretar\u00eda de Educaci\u00f3n a la Colecta Anual de la Cruz Roja\",\"datePublished\":\"2018-03-07T12:57:39+00:00\",\"mainEntityOfPage\":{\"@id\":\"https:\/\/volcanes.net\/?p=1746\"},\"wordCount\":169,\"commentCount\":0,\"publisher\":{\"@id\":\"https:\/\/volcanes.net\/#organization\"},\"image\":{\"@id\":\"https:\/\/volcanes.net\/?p=1746#primaryimage\"},\"thumbnailUrl\":\"https:\/\/volcanes.net\/wp-content\/uploads\/2018\/03\/Voluntariado-Educacion-3-1-500x346.jpeg\",\"articleSection\":[\"Municipales\"],\"inLanguage\":\"es\",\"potentialAction\":[{\"@type\":\"CommentAction\",\"name\":\"Comment\",\"target\":[\"https:\/\/volcanes.net\/?p=1746#respond\"]}]},{\"@type\":\"WebPage\",\"@id\":\"https:\/\/volcanes.net\/?p=1746\",\"url\":\"https:\/\/volcanes.net\/?p=1746\",\"name\":\"Se suma el Voluntariado de la Secretar\u00eda de Educaci\u00f3n a la Colecta Anual de la Cruz Roja - Volcanes\",\"isPartOf\":{\"@id\":\"https:\/\/volcanes.net\/#website\"},\"primaryImageOfPage\":{\"@id\":\"https:\/\/volcanes.net\/?p=1746#primaryimage\"},\"image\":{\"@id\":\"https:\/\/volcanes.net\/?p=1746#primaryimage\"},\"thumbnailUrl\":\"https:\/\/volcanes.net\/wp-content\/uploads\/2018\/03\/Voluntariado-Educacion-3-1-500x346.jpeg\",\"datePublished\":\"2018-03-07T12:57:39+00:00\",\"breadcrumb\":{\"@id\":\"https:\/\/volcanes.net\/?p=1746#breadcrumb\"},\"inLanguage\":\"es\",\"potentialAction\":[{\"@type\":\"ReadAction\",\"target\":[\"https:\/\/volcanes.net\/?p=1746\"]}]},{\"@type\":\"ImageObject\",\"inLanguage\":\"es\",\"@id\":\"https:\/\/volcanes.net\/?p=1746#primaryimage\",\"url\":\"https:\/\/volcanes.net\/wp-content\/uploads\/2018\/03\/Voluntariado-Educacion-3-1-500x346.jpeg\",\"contentUrl\":\"https:\/\/volcanes.net\/wp-content\/uploads\/2018\/03\/Voluntariado-Educacion-3-1-500x346.jpeg\",\"width\":500,\"height\":346},{\"@type\":\"BreadcrumbList\",\"@id\":\"https:\/\/volcanes.net\/?p=1746#breadcrumb\",\"itemListElement\":[{\"@type\":\"ListItem\",\"position\":1,\"name\":\"Portada\",\"item\":\"https:\/\/volcanes.net\/\"},{\"@type\":\"ListItem\",\"position\":2,\"name\":\"Se suma el Voluntariado de la Secretar\u00eda de Educaci\u00f3n a la Colecta Anual de la Cruz Roja\"}]},{\"@type\":\"WebSite\",\"@id\":\"https:\/\/volcanes.net\/#website\",\"url\":\"https:\/\/volcanes.net\/\",\"name\":\"Volcanes.Net\",\"description\":\"Periodismo Profesional\",\"publisher\":{\"@id\":\"https:\/\/volcanes.net\/#organization\"},\"potentialAction\":[{\"@type\":\"SearchAction\",\"target\":{\"@type\":\"EntryPoint\",\"urlTemplate\":\"https:\/\/volcanes.net\/?s={search_term_string}\"},\"query-input\":{\"@type\":\"PropertyValueSpecification\",\"valueRequired\":true,\"valueName\":\"search_term_string\"}}],\"inLanguage\":\"es\"},{\"@type\":\"Organization\",\"@id\":\"https:\/\/volcanes.net\/#organization\",\"name\":\"Grupo Volcanes\",\"url\":\"https:\/\/volcanes.net\/\",\"logo\":{\"@type\":\"ImageObject\",\"inLanguage\":\"es\",\"@id\":\"https:\/\/volcanes.net\/#\/schema\/logo\/image\/\",\"url\":\"http:\/\/volcanes.net\/wp-content\/uploads\/2017\/12\/Avatar2.jpg\",\"contentUrl\":\"http:\/\/volcanes.net\/wp-content\/uploads\/2017\/12\/Avatar2.jpg\",\"width\":378,\"height\":378,\"caption\":\"Grupo Volcanes\"},\"image\":{\"@id\":\"https:\/\/volcanes.net\/#\/schema\/logo\/image\/\"},\"sameAs\":[\"https:\/\/www.facebook.com\/volcanes.net\/\"]},{\"@type\":\"Person\",\"@id\":\"https:\/\/volcanes.net\/#\/schema\/person\/4bf0f383940966a4abd53f5048c0e6b9\",\"name\":\"admin\",\"image\":{\"@type\":\"ImageObject\",\"inLanguage\":\"es\",\"@id\":\"https:\/\/volcanes.net\/#\/schema\/person\/image\/\",\"url\":\"https:\/\/secure.gravatar.com\/avatar\/ca004e6cba8462b8cb7abc86e382930c?s=96&d=mm&r=g\",\"contentUrl\":\"https:\/\/secure.gravatar.com\/avatar\/ca004e6cba8462b8cb7abc86e382930c?s=96&d=mm&r=g\",\"caption\":\"admin\"}}]}<\/script>\n<!-- \/ Yoast SEO plugin. -->","yoast_head_json":{"title":"Se suma el Voluntariado de la Secretar\u00eda de Educaci\u00f3n a la Colecta Anual de la Cruz Roja - Volcanes","robots":{"index":"index","follow":"follow","max-snippet":"max-snippet:-1","max-image-preview":"max-image-preview:large","max-video-preview":"max-video-preview:-1"},"canonical":"https:\/\/volcanes.net\/?p=1746","og_locale":"es_MX","og_type":"article","og_title":"Se suma el Voluntariado de la Secretar\u00eda de Educaci\u00f3n a la Colecta Anual de la Cruz Roja - Volcanes","og_description":"El Voluntariado de la Secretar\u00eda de Educaci\u00f3n inici\u00f3 la colecta anual 2018 de la Cruz","og_url":"https:\/\/volcanes.net\/?p=1746","og_site_name":"Volcanes","article_publisher":"https:\/\/www.facebook.com\/volcanes.net\/","article_published_time":"2018-03-07T12:57:39+00:00","og_image":[{"width":500,"height":346,"url":"https:\/\/volcanes.net\/wp-content\/uploads\/2018\/03\/Voluntariado-Educacion-3-1-500x346.jpeg","type":"image\/jpeg"}],"author":"admin","twitter_card":"summary_large_image","twitter_misc":{"Escrito por":"admin","Tiempo de lectura":"1 minuto"},"schema":{"@context":"https:\/\/schema.org","@graph":[{"@type":"Article","@id":"https:\/\/volcanes.net\/?p=1746#article","isPartOf":{"@id":"https:\/\/volcanes.net\/?p=1746"},"author":{"name":"admin","@id":"https:\/\/volcanes.net\/#\/schema\/person\/4bf0f383940966a4abd53f5048c0e6b9"},"headline":"Se suma el Voluntariado de la Secretar\u00eda de Educaci\u00f3n a la Colecta Anual de la Cruz Roja","datePublished":"2018-03-07T12:57:39+00:00","mainEntityOfPage":{"@id":"https:\/\/volcanes.net\/?p=1746"},"wordCount":169,"commentCount":0,"publisher":{"@id":"https:\/\/volcanes.net\/#organization"},"image":{"@id":"https:\/\/volcanes.net\/?p=1746#primaryimage"},"thumbnailUrl":"https:\/\/volcanes.net\/wp-content\/uploads\/2018\/03\/Voluntariado-Educacion-3-1-500x346.jpeg","articleSection":["Municipales"],"inLanguage":"es","potentialAction":[{"@type":"CommentAction","name":"Comment","target":["https:\/\/volcanes.net\/?p=1746#respond"]}]},{"@type":"WebPage","@id":"https:\/\/volcanes.net\/?p=1746","url":"https:\/\/volcanes.net\/?p=1746","name":"Se suma el Voluntariado de la Secretar\u00eda de Educaci\u00f3n a la Colecta Anual de la Cruz Roja - Volcanes","isPartOf":{"@id":"https:\/\/volcanes.net\/#website"},"primaryImageOfPage":{"@id":"https:\/\/volcanes.net\/?p=1746#primaryimage"},"image":{"@id":"https:\/\/volcanes.net\/?p=1746#primaryimage"},"thumbnailUrl":"https:\/\/volcanes.net\/wp-content\/uploads\/2018\/03\/Voluntariado-Educacion-3-1-500x346.jpeg","datePublished":"2018-03-07T12:57:39+00:00","breadcrumb":{"@id":"https:\/\/volcanes.net\/?p=1746#breadcrumb"},"inLanguage":"es","potentialAction":[{"@type":"ReadAction","target":["https:\/\/volcanes.net\/?p=1746"]}]},{"@type":"ImageObject","inLanguage":"es","@id":"https:\/\/volcanes.net\/?p=1746#primaryimage","url":"https:\/\/volcanes.net\/wp-content\/uploads\/2018\/03\/Voluntariado-Educacion-3-1-500x346.jpeg","contentUrl":"https:\/\/volcanes.net\/wp-content\/uploads\/2018\/03\/Voluntariado-Educacion-3-1-500x346.jpeg","width":500,"height":346},{"@type":"BreadcrumbList","@id":"https:\/\/volcanes.net\/?p=1746#breadcrumb","itemListElement":[{"@type":"ListItem","position":1,"name":"Portada","item":"https:\/\/volcanes.net\/"},{"@type":"ListItem","position":2,"name":"Se suma el Voluntariado de la Secretar\u00eda de Educaci\u00f3n a la Colecta Anual de la Cruz Roja"}]},{"@type":"WebSite","@id":"https:\/\/volcanes.net\/#website","url":"https:\/\/volcanes.net\/","name":"Volcanes.Net","description":"Periodismo Profesional","publisher":{"@id":"https:\/\/volcanes.net\/#organization"},"potentialAction":[{"@type":"SearchAction","target":{"@type":"EntryPoint","urlTemplate":"https:\/\/volcanes.net\/?s={search_term_string}"},"query-input":{"@type":"PropertyValueSpecification","valueRequired":true,"valueName":"search_term_string"}}],"inLanguage":"es"},{"@type":"Organization","@id":"https:\/\/volcanes.net\/#organization","name":"Grupo Volcanes","url":"https:\/\/volcanes.net\/","logo":{"@type":"ImageObject","inLanguage":"es","@id":"https:\/\/volcanes.net\/#\/schema\/logo\/image\/","url":"http:\/\/volcanes.net\/wp-content\/uploads\/2017\/12\/Avatar2.jpg","contentUrl":"http:\/\/volcanes.net\/wp-content\/uploads\/2017\/12\/Avatar2.jpg","width":378,"height":378,"caption":"Grupo Volcanes"},"image":{"@id":"https:\/\/volcanes.net\/#\/schema\/logo\/image\/"},"sameAs":["https:\/\/www.facebook.com\/volcanes.net\/"]},{"@type":"Person","@id":"https:\/\/volcanes.net\/#\/schema\/person\/4bf0f383940966a4abd53f5048c0e6b9","name":"admin","image":{"@type":"ImageObject","inLanguage":"es","@id":"https:\/\/volcanes.net\/#\/schema\/person\/image\/","url":"https:\/\/secure.gravatar.com\/avatar\/ca004e6cba8462b8cb7abc86e382930c?s=96&d=mm&r=g","contentUrl":"https:\/\/secure.gravatar.com\/avatar\/ca004e6cba8462b8cb7abc86e382930c?s=96&d=mm&r=g","caption":"admin"}}]}},"_links":{"self":[{"href":"https:\/\/volcanes.net\/index.php?rest_route=\/wp\/v2\/posts\/1746"}],"collection":[{"href":"https:\/\/volcanes.net\/index.php?rest_route=\/wp\/v2\/posts"}],"about":[{"href":"https:\/\/volcanes.net\/index.php?rest_route=\/wp\/v2\/types\/post"}],"author":[{"embeddable":true,"href":"https:\/\/volcanes.net\/index.php?rest_route=\/wp\/v2\/users\/1"}],"replies":[{"embeddable":true,"href":"https:\/\/volcanes.net\/index.php?rest_route=%2Fwp%2Fv2%2Fcomments&post=1746"}],"version-history":[{"count":1,"href":"https:\/\/volcanes.net\/index.php?rest_route=\/wp\/v2\/posts\/1746\/revisions"}],"predecessor-version":[{"id":1747,"href":"https:\/\/volcanes.net\/index.php?rest_route=\/wp\/v2\/posts\/1746\/revisions\/1747"}],"wp:featuredmedia":[{"embeddable":true,"href":"https:\/\/volcanes.net\/index.php?rest_route=\/wp\/v2\/media\/1743"}],"wp:attachment":[{"href":"https:\/\/volcanes.net\/index.php?rest_route=%2Fwp%2Fv2%2Fmedia&parent=1746"}],"wp:term":[{"taxonomy":"category","embeddable":true,"href":"https:\/\/volcanes.net\/index.php?rest_route=%2Fwp%2Fv2%2Fcategories&post=1746"},{"taxonomy":"post_tag","embeddable":true,"href":"https:\/\/volcanes.net\/index.php?rest_route=%2Fwp%2Fv2%2Ftags&post=1746"}],"curies":[{"name":"wp","href":"https:\/\/api.w.org\/{rel}","templated":true}]}}