{"id":1762,"date":"2018-03-07T13:23:03","date_gmt":"2018-03-07T13:23:03","guid":{"rendered":"http:\/\/volcanes.net\/?p=1762"},"modified":"2018-03-07T13:23:03","modified_gmt":"2018-03-07T13:23:03","slug":"reforestan-areas-verdes-en-mercados-municipales-de-ixtapaluca","status":"publish","type":"post","link":"https:\/\/volcanes.net\/?p=1762","title":{"rendered":"Reforestan \u00e1reas verdes en mercados municipales de Ixtapaluca"},"content":{"rendered":"<div style=\"margin-top: 0px; margin-bottom: 0px;\" class=\"sharethis-inline-share-buttons\" ><\/div><p>IXTAPALUCA, Estado de M\u00e9xico, a 6 de marzo de 2018. \u2013 Para contribuir al cuidado del medio ambiente y mejorar la imagen de los mercados municipales, personal de la direcci\u00f3n de Ecolog\u00eda, vecinos y locatarios del mercado de Paseo de los Volcanes, en San Buenaventura, llevaron a cabo una campa\u00f1a de reforestaci\u00f3n, en las inmediaciones del lugar.<\/p>\n<p>Luc\u00eda Porras Santos, directora de Ecolog\u00eda, detall\u00f3 que la reforestaci\u00f3n se llev\u00f3 a cabo a petici\u00f3n de los locatarios, quienes adem\u00e1s est\u00e1n muy comprometidos en regarlos y cuidarlos, \u201clas personas que tienen sus negocios en los diferentes pasillos del mercado, adoptaron un arbolito, para preservarlos,\u201d puntualiz\u00f3.<\/p>\n<p>Esta reforestaci\u00f3n, dijo, es parte de una primera etapa en la que fueron plantados 40 \u00e1rboles de las especies, retama, cedro lim\u00f3n y cipr\u00e9s italiano, en quince d\u00edas se reforestar\u00e1 otra parte de las inmediaciones del mercado. La titular tambi\u00e9n hizo un llamado para cuidar de estas \u00e1reas verdes y evitar que las mascotas defequen dentro de ellas y en la vialidad.<\/p>\n<p>Personal de la direcci\u00f3n de Ecolog\u00eda, dijo, atiende las solicitudes de reforestaci\u00f3n donde se requiera y pr\u00f3ximamente habr\u00e1 una en la colonia Melchor Ocampo. Para solicitar el apoyo, coment\u00f3, pueden acercarse a las oficinas de la direcci\u00f3n, ubicadas a un costado del auditorio municipal Benito Ju\u00e1rez, en la planta alta, o bien, en el Casco de San Buenaventura.<\/p>\n<p>Sergio Mu\u00f1oz L\u00f3pez, secretario de la Asociaci\u00f3n Uni\u00f3n de Mercados de Ixtapaluca, coment\u00f3 que estas reforestaciones tambi\u00e9n podr\u00edan llevarse a cabo en otros mercados como el de la colonia Emiliano Zapata, El Molino y Los H\u00e9roes, para la preservaci\u00f3n del medio ambiente, bienestar de los clientes y de los locatarios de los mercados.<\/p>\n<p>Tambi\u00e9n se dar\u00e1 mantenimiento a los mercados municipales y ofrezcan un servicio de calidad a la poblaci\u00f3n, principalmente por la competencia con las grandes cadenas comerciales.<\/p>\n","protected":false},"excerpt":{"rendered":"<p>IXTAPALUCA, Estado de M\u00e9xico, a 6 de marzo de 2018. \u2013 Para contribuir al cuidado<\/p>\n","protected":false},"author":1,"featured_media":1763,"comment_status":"open","ping_status":"open","sticky":false,"template":"","format":"standard","meta":{"footnotes":""},"categories":[1],"tags":[6],"class_list":["post-1762","post","type-post","status-publish","format-standard","has-post-thumbnail","hentry","category-municipales","tag-ixtapaluca"],"yoast_head":"<!-- This site is optimized with the Yoast SEO plugin v25.3 - https:\/\/yoast.com\/wordpress\/plugins\/seo\/ -->\n<title>Reforestan \u00e1reas verdes en mercados municipales de Ixtapaluca - Volcanes<\/title>\n<meta name=\"robots\" content=\"index, follow, max-snippet:-1, max-image-preview:large, max-video-preview:-1\" \/>\n<link rel=\"canonical\" href=\"https:\/\/volcanes.net\/?p=1762\" \/>\n<meta property=\"og:locale\" content=\"es_MX\" \/>\n<meta property=\"og:type\" content=\"article\" \/>\n<meta property=\"og:title\" content=\"Reforestan \u00e1reas verdes en mercados municipales de Ixtapaluca - Volcanes\" \/>\n<meta property=\"og:description\" content=\"IXTAPALUCA, Estado de M\u00e9xico, a 6 de marzo de 2018. \u2013 Para contribuir al cuidado\" \/>\n<meta property=\"og:url\" content=\"https:\/\/volcanes.net\/?p=1762\" \/>\n<meta property=\"og:site_name\" content=\"Volcanes\" \/>\n<meta property=\"article:publisher\" content=\"https:\/\/www.facebook.com\/volcanes.net\/\" \/>\n<meta property=\"article:published_time\" content=\"2018-03-07T13:23:03+00:00\" \/>\n<meta property=\"og:image\" content=\"https:\/\/volcanes.net\/wp-content\/uploads\/2018\/03\/REFORESTACI\u00d3N-EN-MERCADO-VOLCANES-SAN-BUENAVENTURA-5.jpg\" \/>\n\t<meta property=\"og:image:width\" content=\"448\" \/>\n\t<meta property=\"og:image:height\" content=\"299\" \/>\n\t<meta property=\"og:image:type\" content=\"image\/jpeg\" \/>\n<meta name=\"author\" content=\"admin\" \/>\n<meta name=\"twitter:card\" content=\"summary_large_image\" \/>\n<meta name=\"twitter:label1\" content=\"Escrito por\" \/>\n\t<meta name=\"twitter:data1\" content=\"admin\" \/>\n\t<meta name=\"twitter:label2\" content=\"Tiempo de lectura\" \/>\n\t<meta name=\"twitter:data2\" content=\"2 minutos\" \/>\n<script type=\"application\/ld+json\" class=\"yoast-schema-graph\">{\"@context\":\"https:\/\/schema.org\",\"@graph\":[{\"@type\":\"Article\",\"@id\":\"https:\/\/volcanes.net\/?p=1762#article\",\"isPartOf\":{\"@id\":\"https:\/\/volcanes.net\/?p=1762\"},\"author\":{\"name\":\"admin\",\"@id\":\"https:\/\/volcanes.net\/#\/schema\/person\/4bf0f383940966a4abd53f5048c0e6b9\"},\"headline\":\"Reforestan \u00e1reas verdes en mercados municipales de Ixtapaluca\",\"datePublished\":\"2018-03-07T13:23:03+00:00\",\"mainEntityOfPage\":{\"@id\":\"https:\/\/volcanes.net\/?p=1762\"},\"wordCount\":338,\"commentCount\":0,\"publisher\":{\"@id\":\"https:\/\/volcanes.net\/#organization\"},\"image\":{\"@id\":\"https:\/\/volcanes.net\/?p=1762#primaryimage\"},\"thumbnailUrl\":\"https:\/\/volcanes.net\/wp-content\/uploads\/2018\/03\/REFORESTACI\u00d3N-EN-MERCADO-VOLCANES-SAN-BUENAVENTURA-5.jpg\",\"keywords\":[\"Ixtapaluca\"],\"articleSection\":[\"Municipales\"],\"inLanguage\":\"es\",\"potentialAction\":[{\"@type\":\"CommentAction\",\"name\":\"Comment\",\"target\":[\"https:\/\/volcanes.net\/?p=1762#respond\"]}]},{\"@type\":\"WebPage\",\"@id\":\"https:\/\/volcanes.net\/?p=1762\",\"url\":\"https:\/\/volcanes.net\/?p=1762\",\"name\":\"Reforestan \u00e1reas verdes en mercados municipales de Ixtapaluca - Volcanes\",\"isPartOf\":{\"@id\":\"https:\/\/volcanes.net\/#website\"},\"primaryImageOfPage\":{\"@id\":\"https:\/\/volcanes.net\/?p=1762#primaryimage\"},\"image\":{\"@id\":\"https:\/\/volcanes.net\/?p=1762#primaryimage\"},\"thumbnailUrl\":\"https:\/\/volcanes.net\/wp-content\/uploads\/2018\/03\/REFORESTACI\u00d3N-EN-MERCADO-VOLCANES-SAN-BUENAVENTURA-5.jpg\",\"datePublished\":\"2018-03-07T13:23:03+00:00\",\"breadcrumb\":{\"@id\":\"https:\/\/volcanes.net\/?p=1762#breadcrumb\"},\"inLanguage\":\"es\",\"potentialAction\":[{\"@type\":\"ReadAction\",\"target\":[\"https:\/\/volcanes.net\/?p=1762\"]}]},{\"@type\":\"ImageObject\",\"inLanguage\":\"es\",\"@id\":\"https:\/\/volcanes.net\/?p=1762#primaryimage\",\"url\":\"https:\/\/volcanes.net\/wp-content\/uploads\/2018\/03\/REFORESTACI\u00d3N-EN-MERCADO-VOLCANES-SAN-BUENAVENTURA-5.jpg\",\"contentUrl\":\"https:\/\/volcanes.net\/wp-content\/uploads\/2018\/03\/REFORESTACI\u00d3N-EN-MERCADO-VOLCANES-SAN-BUENAVENTURA-5.jpg\",\"width\":448,\"height\":299},{\"@type\":\"BreadcrumbList\",\"@id\":\"https:\/\/volcanes.net\/?p=1762#breadcrumb\",\"itemListElement\":[{\"@type\":\"ListItem\",\"position\":1,\"name\":\"Portada\",\"item\":\"https:\/\/volcanes.net\/\"},{\"@type\":\"ListItem\",\"position\":2,\"name\":\"Reforestan \u00e1reas verdes en mercados municipales de Ixtapaluca\"}]},{\"@type\":\"WebSite\",\"@id\":\"https:\/\/volcanes.net\/#website\",\"url\":\"https:\/\/volcanes.net\/\",\"name\":\"Volcanes.Net\",\"description\":\"Periodismo Profesional\",\"publisher\":{\"@id\":\"https:\/\/volcanes.net\/#organization\"},\"potentialAction\":[{\"@type\":\"SearchAction\",\"target\":{\"@type\":\"EntryPoint\",\"urlTemplate\":\"https:\/\/volcanes.net\/?s={search_term_string}\"},\"query-input\":{\"@type\":\"PropertyValueSpecification\",\"valueRequired\":true,\"valueName\":\"search_term_string\"}}],\"inLanguage\":\"es\"},{\"@type\":\"Organization\",\"@id\":\"https:\/\/volcanes.net\/#organization\",\"name\":\"Grupo Volcanes\",\"url\":\"https:\/\/volcanes.net\/\",\"logo\":{\"@type\":\"ImageObject\",\"inLanguage\":\"es\",\"@id\":\"https:\/\/volcanes.net\/#\/schema\/logo\/image\/\",\"url\":\"http:\/\/volcanes.net\/wp-content\/uploads\/2017\/12\/Avatar2.jpg\",\"contentUrl\":\"http:\/\/volcanes.net\/wp-content\/uploads\/2017\/12\/Avatar2.jpg\",\"width\":378,\"height\":378,\"caption\":\"Grupo Volcanes\"},\"image\":{\"@id\":\"https:\/\/volcanes.net\/#\/schema\/logo\/image\/\"},\"sameAs\":[\"https:\/\/www.facebook.com\/volcanes.net\/\"]},{\"@type\":\"Person\",\"@id\":\"https:\/\/volcanes.net\/#\/schema\/person\/4bf0f383940966a4abd53f5048c0e6b9\",\"name\":\"admin\",\"image\":{\"@type\":\"ImageObject\",\"inLanguage\":\"es\",\"@id\":\"https:\/\/volcanes.net\/#\/schema\/person\/image\/\",\"url\":\"https:\/\/secure.gravatar.com\/avatar\/ca004e6cba8462b8cb7abc86e382930c?s=96&d=mm&r=g\",\"contentUrl\":\"https:\/\/secure.gravatar.com\/avatar\/ca004e6cba8462b8cb7abc86e382930c?s=96&d=mm&r=g\",\"caption\":\"admin\"}}]}<\/script>\n<!-- \/ Yoast SEO plugin. -->","yoast_head_json":{"title":"Reforestan \u00e1reas verdes en mercados municipales de Ixtapaluca - Volcanes","robots":{"index":"index","follow":"follow","max-snippet":"max-snippet:-1","max-image-preview":"max-image-preview:large","max-video-preview":"max-video-preview:-1"},"canonical":"https:\/\/volcanes.net\/?p=1762","og_locale":"es_MX","og_type":"article","og_title":"Reforestan \u00e1reas verdes en mercados municipales de Ixtapaluca - Volcanes","og_description":"IXTAPALUCA, Estado de M\u00e9xico, a 6 de marzo de 2018. \u2013 Para contribuir al cuidado","og_url":"https:\/\/volcanes.net\/?p=1762","og_site_name":"Volcanes","article_publisher":"https:\/\/www.facebook.com\/volcanes.net\/","article_published_time":"2018-03-07T13:23:03+00:00","og_image":[{"width":448,"height":299,"url":"https:\/\/volcanes.net\/wp-content\/uploads\/2018\/03\/REFORESTACI\u00d3N-EN-MERCADO-VOLCANES-SAN-BUENAVENTURA-5.jpg","type":"image\/jpeg"}],"author":"admin","twitter_card":"summary_large_image","twitter_misc":{"Escrito por":"admin","Tiempo de lectura":"2 minutos"},"schema":{"@context":"https:\/\/schema.org","@graph":[{"@type":"Article","@id":"https:\/\/volcanes.net\/?p=1762#article","isPartOf":{"@id":"https:\/\/volcanes.net\/?p=1762"},"author":{"name":"admin","@id":"https:\/\/volcanes.net\/#\/schema\/person\/4bf0f383940966a4abd53f5048c0e6b9"},"headline":"Reforestan \u00e1reas verdes en mercados municipales de Ixtapaluca","datePublished":"2018-03-07T13:23:03+00:00","mainEntityOfPage":{"@id":"https:\/\/volcanes.net\/?p=1762"},"wordCount":338,"commentCount":0,"publisher":{"@id":"https:\/\/volcanes.net\/#organization"},"image":{"@id":"https:\/\/volcanes.net\/?p=1762#primaryimage"},"thumbnailUrl":"https:\/\/volcanes.net\/wp-content\/uploads\/2018\/03\/REFORESTACI\u00d3N-EN-MERCADO-VOLCANES-SAN-BUENAVENTURA-5.jpg","keywords":["Ixtapaluca"],"articleSection":["Municipales"],"inLanguage":"es","potentialAction":[{"@type":"CommentAction","name":"Comment","target":["https:\/\/volcanes.net\/?p=1762#respond"]}]},{"@type":"WebPage","@id":"https:\/\/volcanes.net\/?p=1762","url":"https:\/\/volcanes.net\/?p=1762","name":"Reforestan \u00e1reas verdes en mercados municipales de Ixtapaluca - Volcanes","isPartOf":{"@id":"https:\/\/volcanes.net\/#website"},"primaryImageOfPage":{"@id":"https:\/\/volcanes.net\/?p=1762#primaryimage"},"image":{"@id":"https:\/\/volcanes.net\/?p=1762#primaryimage"},"thumbnailUrl":"https:\/\/volcanes.net\/wp-content\/uploads\/2018\/03\/REFORESTACI\u00d3N-EN-MERCADO-VOLCANES-SAN-BUENAVENTURA-5.jpg","datePublished":"2018-03-07T13:23:03+00:00","breadcrumb":{"@id":"https:\/\/volcanes.net\/?p=1762#breadcrumb"},"inLanguage":"es","potentialAction":[{"@type":"ReadAction","target":["https:\/\/volcanes.net\/?p=1762"]}]},{"@type":"ImageObject","inLanguage":"es","@id":"https:\/\/volcanes.net\/?p=1762#primaryimage","url":"https:\/\/volcanes.net\/wp-content\/uploads\/2018\/03\/REFORESTACI\u00d3N-EN-MERCADO-VOLCANES-SAN-BUENAVENTURA-5.jpg","contentUrl":"https:\/\/volcanes.net\/wp-content\/uploads\/2018\/03\/REFORESTACI\u00d3N-EN-MERCADO-VOLCANES-SAN-BUENAVENTURA-5.jpg","width":448,"height":299},{"@type":"BreadcrumbList","@id":"https:\/\/volcanes.net\/?p=1762#breadcrumb","itemListElement":[{"@type":"ListItem","position":1,"name":"Portada","item":"https:\/\/volcanes.net\/"},{"@type":"ListItem","position":2,"name":"Reforestan \u00e1reas verdes en mercados municipales de Ixtapaluca"}]},{"@type":"WebSite","@id":"https:\/\/volcanes.net\/#website","url":"https:\/\/volcanes.net\/","name":"Volcanes.Net","description":"Periodismo Profesional","publisher":{"@id":"https:\/\/volcanes.net\/#organization"},"potentialAction":[{"@type":"SearchAction","target":{"@type":"EntryPoint","urlTemplate":"https:\/\/volcanes.net\/?s={search_term_string}"},"query-input":{"@type":"PropertyValueSpecification","valueRequired":true,"valueName":"search_term_string"}}],"inLanguage":"es"},{"@type":"Organization","@id":"https:\/\/volcanes.net\/#organization","name":"Grupo Volcanes","url":"https:\/\/volcanes.net\/","logo":{"@type":"ImageObject","inLanguage":"es","@id":"https:\/\/volcanes.net\/#\/schema\/logo\/image\/","url":"http:\/\/volcanes.net\/wp-content\/uploads\/2017\/12\/Avatar2.jpg","contentUrl":"http:\/\/volcanes.net\/wp-content\/uploads\/2017\/12\/Avatar2.jpg","width":378,"height":378,"caption":"Grupo Volcanes"},"image":{"@id":"https:\/\/volcanes.net\/#\/schema\/logo\/image\/"},"sameAs":["https:\/\/www.facebook.com\/volcanes.net\/"]},{"@type":"Person","@id":"https:\/\/volcanes.net\/#\/schema\/person\/4bf0f383940966a4abd53f5048c0e6b9","name":"admin","image":{"@type":"ImageObject","inLanguage":"es","@id":"https:\/\/volcanes.net\/#\/schema\/person\/image\/","url":"https:\/\/secure.gravatar.com\/avatar\/ca004e6cba8462b8cb7abc86e382930c?s=96&d=mm&r=g","contentUrl":"https:\/\/secure.gravatar.com\/avatar\/ca004e6cba8462b8cb7abc86e382930c?s=96&d=mm&r=g","caption":"admin"}}]}},"_links":{"self":[{"href":"https:\/\/volcanes.net\/index.php?rest_route=\/wp\/v2\/posts\/1762"}],"collection":[{"href":"https:\/\/volcanes.net\/index.php?rest_route=\/wp\/v2\/posts"}],"about":[{"href":"https:\/\/volcanes.net\/index.php?rest_route=\/wp\/v2\/types\/post"}],"author":[{"embeddable":true,"href":"https:\/\/volcanes.net\/index.php?rest_route=\/wp\/v2\/users\/1"}],"replies":[{"embeddable":true,"href":"https:\/\/volcanes.net\/index.php?rest_route=%2Fwp%2Fv2%2Fcomments&post=1762"}],"version-history":[{"count":1,"href":"https:\/\/volcanes.net\/index.php?rest_route=\/wp\/v2\/posts\/1762\/revisions"}],"predecessor-version":[{"id":1764,"href":"https:\/\/volcanes.net\/index.php?rest_route=\/wp\/v2\/posts\/1762\/revisions\/1764"}],"wp:featuredmedia":[{"embeddable":true,"href":"https:\/\/volcanes.net\/index.php?rest_route=\/wp\/v2\/media\/1763"}],"wp:attachment":[{"href":"https:\/\/volcanes.net\/index.php?rest_route=%2Fwp%2Fv2%2Fmedia&parent=1762"}],"wp:term":[{"taxonomy":"category","embeddable":true,"href":"https:\/\/volcanes.net\/index.php?rest_route=%2Fwp%2Fv2%2Fcategories&post=1762"},{"taxonomy":"post_tag","embeddable":true,"href":"https:\/\/volcanes.net\/index.php?rest_route=%2Fwp%2Fv2%2Ftags&post=1762"}],"curies":[{"name":"wp","href":"https:\/\/api.w.org\/{rel}","templated":true}]}}