{"id":1765,"date":"2018-03-07T13:24:40","date_gmt":"2018-03-07T13:24:40","guid":{"rendered":"http:\/\/volcanes.net\/?p=1765"},"modified":"2018-03-07T13:24:40","modified_gmt":"2018-03-07T13:24:40","slug":"la-estrategia-nacional-de-inclusion-vision-de-cambio-de-la-presente-administracion-eviel-perez-magana","status":"publish","type":"post","link":"https:\/\/volcanes.net\/?p=1765","title":{"rendered":"La Estrategia Nacional de Inclusi\u00f3n, visi\u00f3n de cambio de la presente administraci\u00f3n: Eviel P\u00e9rez Maga\u00f1a"},"content":{"rendered":"<div style=\"margin-top: 0px; margin-bottom: 0px;\" class=\"sharethis-inline-share-buttons\" ><\/div><ul>\n<li style=\"font-weight: 400\"><em>Encabeza en el estado Sesi\u00f3n Ordinaria de la ENI y se re\u00fane con beneficiarios y trabajadores de la Sedesol<\/em><\/li>\n<\/ul>\n<p style=\"font-weight: 400\">Al encabezar aqu\u00ed la Primera Sesi\u00f3n Ordinaria del Grupo Directivo de la Estrat\u00e9gica Nacional de Inclusi\u00f3n (ENI), el secretario de Desarrollo Social, Eviel P\u00e9rez Maga\u00f1a, afirm\u00f3 que este instrumento de coordinaci\u00f3n de autoridades de los tres \u00e1mbitos de gobierno, forma parte de la visi\u00f3n de cambio de la presente administraci\u00f3n, \u201ces en s\u00ed, la reforma estructural de la pol\u00edtica social&#8221;.<\/p>\n<p style=\"font-weight: 400\">Gracias a la ENI, dijo, han quedado atr\u00e1s la dispersi\u00f3n, los esfuerzos aislados y las duplicidades que se traducen en ineficiencia y desperdicio de recursos p\u00fablicos. Hoy se construye una pol\u00edtica social de Estado basada en la coordinaci\u00f3n para combatir las carencias de los que menos tienen\u201d, asegur\u00f3.<\/p>\n<p style=\"font-weight: 400\">El responsable de la pol\u00edtica social del pa\u00eds convoc\u00f3 a \u201ccerrar con todo&#8221; la administraci\u00f3n del presidente Enrique Pe\u00f1a Nieto, &#8220;para acallar las voces de la frustraci\u00f3n y de la cr\u00edtica sin fundamentos&#8221;.<\/p>\n<p style=\"font-weight: 400\">Este ha sido un gobierno que ha trabajado por el bienestar de los mexicanos y que ha impulsado cambios que M\u00e9xico demanda para liberar todo su potencial. Es una administraci\u00f3n que ha renovado la esperanza social, resalt\u00f3 P\u00e9rez Maga\u00f1a.<\/p>\n<p style=\"font-weight: 400\">Acompa\u00f1ado por el gobernador de Hidalgo, Omar Fayad Meneses, dijo que en la coordinaci\u00f3n establecida por la ENI \u201ccaben todos, sin distintos pol\u00edticos o partidistas\u201d. Ha sido una plataforma importante para que m\u00e1s de 100 mil hidalguenses hayan superado el rezago educativo; que 365 mil beneficiarios del Programa Prospera y Pensi\u00f3n para Adultos Mayores se afiliaran al Seguro Popular; y que 160 mil estudiantes tengan acceso al Seguro Social.<\/p>\n<p style=\"font-weight: 400\">Como parte de su visita a la entidad, el secretario Eviel P\u00e9rez Maga\u00f1a sostuvo una reuni\u00f3n con beneficiarios de Prospera y tom\u00f3 protesta a los Vocales de este programa de Inclusi\u00f3n social.<\/p>\n<p style=\"font-weight: 400\">Precis\u00f3 que 1.2 millones de personas han sido afiliadas a Prospera y que los recursos destinados a la pol\u00edtica social de 2013 a 2017 en el Hidalgo, sobrepasan los 27 mil millones de pesos \u201cY este a\u00f1o se agregar\u00e1n 6 mil millones para seguir mejorando la vida de los hidalguenses\u201d, dijo.<\/p>\n<p style=\"font-weight: 400\">M\u00e1s tarde, el titular de la Secretar\u00eda de Desarrollo Social\u00a0\u00a0(Sedesol) se reuni\u00f3 con trabajadores de la dependencia federal, a quienes convoc\u00f3 a no dejar a ning\u00fan mexicano atr\u00e1s, \u201ctenemos que procurar que todos sin excepci\u00f3n puedan hacer efectivos sus derechos sociales\u201d.<\/p>\n<p style=\"font-weight: 400\">Dijo que gracias a este esfuerzo 4 de cada 10 habitantes del estado reciben el apoyo de un programa de la Sedesol y 8 de cada 10 adultos mayores tienen una pensi\u00f3n con nosotros.<\/p>\n<p style=\"font-weight: 400\">\u201cGracias a su trabajo, Hidalgo fue el quinto estado que m\u00e1s redujo la pobreza extrema a nivel nacional y la sexta que m\u00e1s redujo la carencia por acceso a la alimentaci\u00f3n.<\/p>\n<p style=\"font-weight: 400\">Por ello, llam\u00f3 a los trabajadores de la Sedesol en la entidad a construir una Secretar\u00eda que cree confianza en la sociedad, trate con calidez a la gente y cierre a paso firme su compromiso con los mexicanos que menos tienen.<\/p>\n<p style=\"font-weight: 400\">En su oportunidad, el gobernador Omar Fayad Meneses afirm\u00f3 que a trav\u00e9s de la coordinaci\u00f3n institucional y el esfuerzo que realizan los ciudadanos, se podr\u00e1 seguir combatiendo la pobreza en Hidalgo.<\/p>\n<p style=\"font-weight: 400\">Reconoci\u00f3 el apoyo decidido del gobierno de la Rep\u00fablica, que a trav\u00e9s de la instrumentaci\u00f3n de programas sociales, se han podido mejorar las condiciones de vida de las familias hidalguenses.<\/p>\n<p style=\"font-weight: 400\">Acompa\u00f1aron al secretario\u00a0\u00a0durante la gira de trabajo por la entidad: Emilio Mendoza Kaplan, Coordinador Nacional de la ENI; Paula Hern\u00e1ndez Olmos, Coordinadora Nacional de Prospera; Fernando P\u00e9rez Rodr\u00edguez, presidente municipal de Tulancingo; y Daniel Rolando Jim\u00e9nez Rojo, secretario de Desarrollo Social del Estado.<\/p>\n","protected":false},"excerpt":{"rendered":"<p>Encabeza en el estado Sesi\u00f3n Ordinaria de la ENI y se re\u00fane con beneficiarios y<\/p>\n","protected":false},"author":1,"featured_media":1766,"comment_status":"open","ping_status":"open","sticky":false,"template":"","format":"standard","meta":{"footnotes":""},"categories":[1],"tags":[44,33],"class_list":["post-1765","post","type-post","status-publish","format-standard","has-post-thumbnail","hentry","category-municipales","tag-gobierno-de-la-republica","tag-sedesol"],"yoast_head":"<!-- This site is optimized with the Yoast SEO plugin v25.3 - https:\/\/yoast.com\/wordpress\/plugins\/seo\/ -->\n<title>La Estrategia Nacional de Inclusi\u00f3n, visi\u00f3n de cambio de la presente administraci\u00f3n: Eviel P\u00e9rez Maga\u00f1a - Volcanes<\/title>\n<meta name=\"robots\" content=\"index, follow, max-snippet:-1, max-image-preview:large, max-video-preview:-1\" \/>\n<link rel=\"canonical\" href=\"https:\/\/volcanes.net\/?p=1765\" \/>\n<meta property=\"og:locale\" content=\"es_MX\" \/>\n<meta property=\"og:type\" content=\"article\" \/>\n<meta property=\"og:title\" content=\"La Estrategia Nacional de Inclusi\u00f3n, visi\u00f3n de cambio de la presente administraci\u00f3n: Eviel P\u00e9rez Maga\u00f1a - Volcanes\" \/>\n<meta property=\"og:description\" content=\"Encabeza en el estado Sesi\u00f3n Ordinaria de la ENI y se re\u00fane con beneficiarios y\" \/>\n<meta property=\"og:url\" content=\"https:\/\/volcanes.net\/?p=1765\" \/>\n<meta property=\"og:site_name\" content=\"Volcanes\" \/>\n<meta property=\"article:publisher\" content=\"https:\/\/www.facebook.com\/volcanes.net\/\" \/>\n<meta property=\"article:published_time\" content=\"2018-03-07T13:24:40+00:00\" \/>\n<meta property=\"og:image\" content=\"https:\/\/volcanes.net\/wp-content\/uploads\/2018\/03\/FOTO-2-La-Estrategia-Nacional-de-Inclusi\u00f3n-visi\u00f3n-de-cambio-de-la-presente-administraci\u00f3n-Eviel-P\u00e9rez-Maga\u00f1a.jpg\" \/>\n\t<meta property=\"og:image:width\" content=\"448\" \/>\n\t<meta property=\"og:image:height\" content=\"299\" \/>\n\t<meta property=\"og:image:type\" content=\"image\/jpeg\" \/>\n<meta name=\"author\" content=\"admin\" \/>\n<meta name=\"twitter:card\" content=\"summary_large_image\" \/>\n<meta name=\"twitter:label1\" content=\"Escrito por\" \/>\n\t<meta name=\"twitter:data1\" content=\"admin\" \/>\n\t<meta name=\"twitter:label2\" content=\"Tiempo de lectura\" \/>\n\t<meta name=\"twitter:data2\" content=\"3 minutos\" \/>\n<script type=\"application\/ld+json\" class=\"yoast-schema-graph\">{\"@context\":\"https:\/\/schema.org\",\"@graph\":[{\"@type\":\"Article\",\"@id\":\"https:\/\/volcanes.net\/?p=1765#article\",\"isPartOf\":{\"@id\":\"https:\/\/volcanes.net\/?p=1765\"},\"author\":{\"name\":\"admin\",\"@id\":\"https:\/\/volcanes.net\/#\/schema\/person\/4bf0f383940966a4abd53f5048c0e6b9\"},\"headline\":\"La Estrategia Nacional de Inclusi\u00f3n, visi\u00f3n de cambio de la presente administraci\u00f3n: Eviel P\u00e9rez Maga\u00f1a\",\"datePublished\":\"2018-03-07T13:24:40+00:00\",\"mainEntityOfPage\":{\"@id\":\"https:\/\/volcanes.net\/?p=1765\"},\"wordCount\":670,\"commentCount\":0,\"publisher\":{\"@id\":\"https:\/\/volcanes.net\/#organization\"},\"image\":{\"@id\":\"https:\/\/volcanes.net\/?p=1765#primaryimage\"},\"thumbnailUrl\":\"https:\/\/volcanes.net\/wp-content\/uploads\/2018\/03\/FOTO-2-La-Estrategia-Nacional-de-Inclusi\u00f3n-visi\u00f3n-de-cambio-de-la-presente-administraci\u00f3n-Eviel-P\u00e9rez-Maga\u00f1a.jpg\",\"keywords\":[\"Gobierno de la Rep\u00fablica\",\"SEDESOL\"],\"articleSection\":[\"Municipales\"],\"inLanguage\":\"es\",\"potentialAction\":[{\"@type\":\"CommentAction\",\"name\":\"Comment\",\"target\":[\"https:\/\/volcanes.net\/?p=1765#respond\"]}]},{\"@type\":\"WebPage\",\"@id\":\"https:\/\/volcanes.net\/?p=1765\",\"url\":\"https:\/\/volcanes.net\/?p=1765\",\"name\":\"La Estrategia Nacional de Inclusi\u00f3n, visi\u00f3n de cambio de la presente administraci\u00f3n: Eviel P\u00e9rez Maga\u00f1a - Volcanes\",\"isPartOf\":{\"@id\":\"https:\/\/volcanes.net\/#website\"},\"primaryImageOfPage\":{\"@id\":\"https:\/\/volcanes.net\/?p=1765#primaryimage\"},\"image\":{\"@id\":\"https:\/\/volcanes.net\/?p=1765#primaryimage\"},\"thumbnailUrl\":\"https:\/\/volcanes.net\/wp-content\/uploads\/2018\/03\/FOTO-2-La-Estrategia-Nacional-de-Inclusi\u00f3n-visi\u00f3n-de-cambio-de-la-presente-administraci\u00f3n-Eviel-P\u00e9rez-Maga\u00f1a.jpg\",\"datePublished\":\"2018-03-07T13:24:40+00:00\",\"breadcrumb\":{\"@id\":\"https:\/\/volcanes.net\/?p=1765#breadcrumb\"},\"inLanguage\":\"es\",\"potentialAction\":[{\"@type\":\"ReadAction\",\"target\":[\"https:\/\/volcanes.net\/?p=1765\"]}]},{\"@type\":\"ImageObject\",\"inLanguage\":\"es\",\"@id\":\"https:\/\/volcanes.net\/?p=1765#primaryimage\",\"url\":\"https:\/\/volcanes.net\/wp-content\/uploads\/2018\/03\/FOTO-2-La-Estrategia-Nacional-de-Inclusi\u00f3n-visi\u00f3n-de-cambio-de-la-presente-administraci\u00f3n-Eviel-P\u00e9rez-Maga\u00f1a.jpg\",\"contentUrl\":\"https:\/\/volcanes.net\/wp-content\/uploads\/2018\/03\/FOTO-2-La-Estrategia-Nacional-de-Inclusi\u00f3n-visi\u00f3n-de-cambio-de-la-presente-administraci\u00f3n-Eviel-P\u00e9rez-Maga\u00f1a.jpg\",\"width\":448,\"height\":299},{\"@type\":\"BreadcrumbList\",\"@id\":\"https:\/\/volcanes.net\/?p=1765#breadcrumb\",\"itemListElement\":[{\"@type\":\"ListItem\",\"position\":1,\"name\":\"Portada\",\"item\":\"https:\/\/volcanes.net\/\"},{\"@type\":\"ListItem\",\"position\":2,\"name\":\"La Estrategia Nacional de Inclusi\u00f3n, visi\u00f3n de cambio de la presente administraci\u00f3n: Eviel P\u00e9rez Maga\u00f1a\"}]},{\"@type\":\"WebSite\",\"@id\":\"https:\/\/volcanes.net\/#website\",\"url\":\"https:\/\/volcanes.net\/\",\"name\":\"Volcanes.Net\",\"description\":\"Periodismo Profesional\",\"publisher\":{\"@id\":\"https:\/\/volcanes.net\/#organization\"},\"potentialAction\":[{\"@type\":\"SearchAction\",\"target\":{\"@type\":\"EntryPoint\",\"urlTemplate\":\"https:\/\/volcanes.net\/?s={search_term_string}\"},\"query-input\":{\"@type\":\"PropertyValueSpecification\",\"valueRequired\":true,\"valueName\":\"search_term_string\"}}],\"inLanguage\":\"es\"},{\"@type\":\"Organization\",\"@id\":\"https:\/\/volcanes.net\/#organization\",\"name\":\"Grupo Volcanes\",\"url\":\"https:\/\/volcanes.net\/\",\"logo\":{\"@type\":\"ImageObject\",\"inLanguage\":\"es\",\"@id\":\"https:\/\/volcanes.net\/#\/schema\/logo\/image\/\",\"url\":\"http:\/\/volcanes.net\/wp-content\/uploads\/2017\/12\/Avatar2.jpg\",\"contentUrl\":\"http:\/\/volcanes.net\/wp-content\/uploads\/2017\/12\/Avatar2.jpg\",\"width\":378,\"height\":378,\"caption\":\"Grupo Volcanes\"},\"image\":{\"@id\":\"https:\/\/volcanes.net\/#\/schema\/logo\/image\/\"},\"sameAs\":[\"https:\/\/www.facebook.com\/volcanes.net\/\"]},{\"@type\":\"Person\",\"@id\":\"https:\/\/volcanes.net\/#\/schema\/person\/4bf0f383940966a4abd53f5048c0e6b9\",\"name\":\"admin\",\"image\":{\"@type\":\"ImageObject\",\"inLanguage\":\"es\",\"@id\":\"https:\/\/volcanes.net\/#\/schema\/person\/image\/\",\"url\":\"https:\/\/secure.gravatar.com\/avatar\/ca004e6cba8462b8cb7abc86e382930c?s=96&d=mm&r=g\",\"contentUrl\":\"https:\/\/secure.gravatar.com\/avatar\/ca004e6cba8462b8cb7abc86e382930c?s=96&d=mm&r=g\",\"caption\":\"admin\"}}]}<\/script>\n<!-- \/ Yoast SEO plugin. -->","yoast_head_json":{"title":"La Estrategia Nacional de Inclusi\u00f3n, visi\u00f3n de cambio de la presente administraci\u00f3n: Eviel P\u00e9rez Maga\u00f1a - Volcanes","robots":{"index":"index","follow":"follow","max-snippet":"max-snippet:-1","max-image-preview":"max-image-preview:large","max-video-preview":"max-video-preview:-1"},"canonical":"https:\/\/volcanes.net\/?p=1765","og_locale":"es_MX","og_type":"article","og_title":"La Estrategia Nacional de Inclusi\u00f3n, visi\u00f3n de cambio de la presente administraci\u00f3n: Eviel P\u00e9rez Maga\u00f1a - Volcanes","og_description":"Encabeza en el estado Sesi\u00f3n Ordinaria de la ENI y se re\u00fane con beneficiarios y","og_url":"https:\/\/volcanes.net\/?p=1765","og_site_name":"Volcanes","article_publisher":"https:\/\/www.facebook.com\/volcanes.net\/","article_published_time":"2018-03-07T13:24:40+00:00","og_image":[{"width":448,"height":299,"url":"https:\/\/volcanes.net\/wp-content\/uploads\/2018\/03\/FOTO-2-La-Estrategia-Nacional-de-Inclusi\u00f3n-visi\u00f3n-de-cambio-de-la-presente-administraci\u00f3n-Eviel-P\u00e9rez-Maga\u00f1a.jpg","type":"image\/jpeg"}],"author":"admin","twitter_card":"summary_large_image","twitter_misc":{"Escrito por":"admin","Tiempo de lectura":"3 minutos"},"schema":{"@context":"https:\/\/schema.org","@graph":[{"@type":"Article","@id":"https:\/\/volcanes.net\/?p=1765#article","isPartOf":{"@id":"https:\/\/volcanes.net\/?p=1765"},"author":{"name":"admin","@id":"https:\/\/volcanes.net\/#\/schema\/person\/4bf0f383940966a4abd53f5048c0e6b9"},"headline":"La Estrategia Nacional de Inclusi\u00f3n, visi\u00f3n de cambio de la presente administraci\u00f3n: Eviel P\u00e9rez Maga\u00f1a","datePublished":"2018-03-07T13:24:40+00:00","mainEntityOfPage":{"@id":"https:\/\/volcanes.net\/?p=1765"},"wordCount":670,"commentCount":0,"publisher":{"@id":"https:\/\/volcanes.net\/#organization"},"image":{"@id":"https:\/\/volcanes.net\/?p=1765#primaryimage"},"thumbnailUrl":"https:\/\/volcanes.net\/wp-content\/uploads\/2018\/03\/FOTO-2-La-Estrategia-Nacional-de-Inclusi\u00f3n-visi\u00f3n-de-cambio-de-la-presente-administraci\u00f3n-Eviel-P\u00e9rez-Maga\u00f1a.jpg","keywords":["Gobierno de la Rep\u00fablica","SEDESOL"],"articleSection":["Municipales"],"inLanguage":"es","potentialAction":[{"@type":"CommentAction","name":"Comment","target":["https:\/\/volcanes.net\/?p=1765#respond"]}]},{"@type":"WebPage","@id":"https:\/\/volcanes.net\/?p=1765","url":"https:\/\/volcanes.net\/?p=1765","name":"La Estrategia Nacional de Inclusi\u00f3n, visi\u00f3n de cambio de la presente administraci\u00f3n: Eviel P\u00e9rez Maga\u00f1a - Volcanes","isPartOf":{"@id":"https:\/\/volcanes.net\/#website"},"primaryImageOfPage":{"@id":"https:\/\/volcanes.net\/?p=1765#primaryimage"},"image":{"@id":"https:\/\/volcanes.net\/?p=1765#primaryimage"},"thumbnailUrl":"https:\/\/volcanes.net\/wp-content\/uploads\/2018\/03\/FOTO-2-La-Estrategia-Nacional-de-Inclusi\u00f3n-visi\u00f3n-de-cambio-de-la-presente-administraci\u00f3n-Eviel-P\u00e9rez-Maga\u00f1a.jpg","datePublished":"2018-03-07T13:24:40+00:00","breadcrumb":{"@id":"https:\/\/volcanes.net\/?p=1765#breadcrumb"},"inLanguage":"es","potentialAction":[{"@type":"ReadAction","target":["https:\/\/volcanes.net\/?p=1765"]}]},{"@type":"ImageObject","inLanguage":"es","@id":"https:\/\/volcanes.net\/?p=1765#primaryimage","url":"https:\/\/volcanes.net\/wp-content\/uploads\/2018\/03\/FOTO-2-La-Estrategia-Nacional-de-Inclusi\u00f3n-visi\u00f3n-de-cambio-de-la-presente-administraci\u00f3n-Eviel-P\u00e9rez-Maga\u00f1a.jpg","contentUrl":"https:\/\/volcanes.net\/wp-content\/uploads\/2018\/03\/FOTO-2-La-Estrategia-Nacional-de-Inclusi\u00f3n-visi\u00f3n-de-cambio-de-la-presente-administraci\u00f3n-Eviel-P\u00e9rez-Maga\u00f1a.jpg","width":448,"height":299},{"@type":"BreadcrumbList","@id":"https:\/\/volcanes.net\/?p=1765#breadcrumb","itemListElement":[{"@type":"ListItem","position":1,"name":"Portada","item":"https:\/\/volcanes.net\/"},{"@type":"ListItem","position":2,"name":"La Estrategia Nacional de Inclusi\u00f3n, visi\u00f3n de cambio de la presente administraci\u00f3n: Eviel P\u00e9rez Maga\u00f1a"}]},{"@type":"WebSite","@id":"https:\/\/volcanes.net\/#website","url":"https:\/\/volcanes.net\/","name":"Volcanes.Net","description":"Periodismo Profesional","publisher":{"@id":"https:\/\/volcanes.net\/#organization"},"potentialAction":[{"@type":"SearchAction","target":{"@type":"EntryPoint","urlTemplate":"https:\/\/volcanes.net\/?s={search_term_string}"},"query-input":{"@type":"PropertyValueSpecification","valueRequired":true,"valueName":"search_term_string"}}],"inLanguage":"es"},{"@type":"Organization","@id":"https:\/\/volcanes.net\/#organization","name":"Grupo Volcanes","url":"https:\/\/volcanes.net\/","logo":{"@type":"ImageObject","inLanguage":"es","@id":"https:\/\/volcanes.net\/#\/schema\/logo\/image\/","url":"http:\/\/volcanes.net\/wp-content\/uploads\/2017\/12\/Avatar2.jpg","contentUrl":"http:\/\/volcanes.net\/wp-content\/uploads\/2017\/12\/Avatar2.jpg","width":378,"height":378,"caption":"Grupo Volcanes"},"image":{"@id":"https:\/\/volcanes.net\/#\/schema\/logo\/image\/"},"sameAs":["https:\/\/www.facebook.com\/volcanes.net\/"]},{"@type":"Person","@id":"https:\/\/volcanes.net\/#\/schema\/person\/4bf0f383940966a4abd53f5048c0e6b9","name":"admin","image":{"@type":"ImageObject","inLanguage":"es","@id":"https:\/\/volcanes.net\/#\/schema\/person\/image\/","url":"https:\/\/secure.gravatar.com\/avatar\/ca004e6cba8462b8cb7abc86e382930c?s=96&d=mm&r=g","contentUrl":"https:\/\/secure.gravatar.com\/avatar\/ca004e6cba8462b8cb7abc86e382930c?s=96&d=mm&r=g","caption":"admin"}}]}},"_links":{"self":[{"href":"https:\/\/volcanes.net\/index.php?rest_route=\/wp\/v2\/posts\/1765"}],"collection":[{"href":"https:\/\/volcanes.net\/index.php?rest_route=\/wp\/v2\/posts"}],"about":[{"href":"https:\/\/volcanes.net\/index.php?rest_route=\/wp\/v2\/types\/post"}],"author":[{"embeddable":true,"href":"https:\/\/volcanes.net\/index.php?rest_route=\/wp\/v2\/users\/1"}],"replies":[{"embeddable":true,"href":"https:\/\/volcanes.net\/index.php?rest_route=%2Fwp%2Fv2%2Fcomments&post=1765"}],"version-history":[{"count":1,"href":"https:\/\/volcanes.net\/index.php?rest_route=\/wp\/v2\/posts\/1765\/revisions"}],"predecessor-version":[{"id":1767,"href":"https:\/\/volcanes.net\/index.php?rest_route=\/wp\/v2\/posts\/1765\/revisions\/1767"}],"wp:featuredmedia":[{"embeddable":true,"href":"https:\/\/volcanes.net\/index.php?rest_route=\/wp\/v2\/media\/1766"}],"wp:attachment":[{"href":"https:\/\/volcanes.net\/index.php?rest_route=%2Fwp%2Fv2%2Fmedia&parent=1765"}],"wp:term":[{"taxonomy":"category","embeddable":true,"href":"https:\/\/volcanes.net\/index.php?rest_route=%2Fwp%2Fv2%2Fcategories&post=1765"},{"taxonomy":"post_tag","embeddable":true,"href":"https:\/\/volcanes.net\/index.php?rest_route=%2Fwp%2Fv2%2Ftags&post=1765"}],"curies":[{"name":"wp","href":"https:\/\/api.w.org\/{rel}","templated":true}]}}