{"id":177,"date":"2017-12-07T22:41:40","date_gmt":"2017-12-07T22:41:40","guid":{"rendered":"http:\/\/volcanes.net\/?p=177"},"modified":"2017-12-07T22:41:40","modified_gmt":"2017-12-07T22:41:40","slug":"inauguran-cruz-roa-y-norberto-diaz-primer-festival-cultural-luna-de-plata-de-zacualpan","status":"publish","type":"post","link":"https:\/\/volcanes.net\/?p=177","title":{"rendered":"Inauguran Cruz Roa y Norberto D\u00edaz primer festival cultural luna de plata de Zacualpan"},"content":{"rendered":"<div style=\"margin-top: 0px; margin-bottom: 0px;\" class=\"sharethis-inline-share-buttons\" ><\/div><p>El diputado Cruz Roa S\u00e1nchez y el presidente municipal de Zacualpan, Pedro Norberto D\u00edaz Ocampo, inauguraron la primera edici\u00f3n del festival \u201cLuna de Plata\u201d, con el prop\u00f3sito de que se convierta en un referente cultural de la regi\u00f3n sur del Estado de M\u00e9xico.<\/p>\n<p>\u201cAs\u00ed nos comprometimos a trabajar: de manera conjunta para consolidar el progreso de Zacualpan y para dar a conocer toda su riqueza cultural y tradici\u00f3n minera a\u00fan presente en la vida cotidiana de M\u00e9xico\u201d, indic\u00f3 Cruz Roa.<\/p>\n<p>En presencia de Jorge G\u00f3mez Bravo Topete, representante del gobernador Alfredo del Mazo Maza; de Ayasandra Nallely S\u00e1mano Vences, representante de la Secretar\u00eda de Cultura, y de Sandra Gabriela Pedroza Araujo, presidenta del Sistema DIF municipal, el tambi\u00e9n coordinador parlamentario del PRI en la 59 Legislatura mexiquense destac\u00f3 la tradici\u00f3n cultural y art\u00edstica de este pueblo minero.<\/p>\n<p>El alcalde Pedro Norberto D\u00edaz, quien reconoci\u00f3 el trabajo de Cruz Roa en este municipio, y en especial por el apoyo que brind\u00f3 a este festival, as\u00ed como su labor en toda la entidad como presidente de la Junta de Coordinaci\u00f3n Pol\u00edtica, tambi\u00e9n resalt\u00f3 el apoyo del cabildo para organizar este encuentro cultural.<\/p>\n<p>En el primer d\u00eda de actividades, cientos de asistentes disfrutaron una velada al ritmo de la \u00a0m\u00fasica andina y ecuatoriana interpretada por el grupo Inti Runas, as\u00ed como de la banda 466.<\/p>\n<p>Las actividades del festival, que concluir\u00e1n el pr\u00f3ximo domingo 10 de diciembre, incluyen presentaciones del grupo Caf\u00e9 de Luna, de las casas de Cultura de Taxco Guerrero (Casa Borda) y la de Zacualpan \u201cJoaqu\u00edn Vel\u00e1zquez C\u00e1rdenas y de Le\u00f3n\u201d, la voz de Cristian Sant\u00edn y del grupo Tzacualli, as\u00ed como de los grupos Liberaci\u00f3n, Legado y la Internacional Dinamita y del cantante Jos\u00e9 Joel, entre otros.<\/p>\n","protected":false},"excerpt":{"rendered":"<p>El diputado Cruz Roa S\u00e1nchez y el presidente municipal de Zacualpan, Pedro Norberto D\u00edaz Ocampo,<\/p>\n","protected":false},"author":1,"featured_media":178,"comment_status":"open","ping_status":"open","sticky":false,"template":"","format":"standard","meta":{"footnotes":""},"categories":[3],"tags":[23],"class_list":["post-177","post","type-post","status-publish","format-standard","has-post-thumbnail","hentry","category-estatales","tag-lix-legislatura-edomex"],"yoast_head":"<!-- This site is optimized with the Yoast SEO plugin v25.3 - https:\/\/yoast.com\/wordpress\/plugins\/seo\/ -->\n<title>Inauguran Cruz Roa y Norberto D\u00edaz primer festival cultural luna de plata de Zacualpan - Volcanes<\/title>\n<meta name=\"robots\" content=\"index, follow, max-snippet:-1, max-image-preview:large, max-video-preview:-1\" \/>\n<link rel=\"canonical\" href=\"https:\/\/volcanes.net\/?p=177\" \/>\n<meta property=\"og:locale\" content=\"es_MX\" \/>\n<meta property=\"og:type\" content=\"article\" \/>\n<meta property=\"og:title\" content=\"Inauguran Cruz Roa y Norberto D\u00edaz primer festival cultural luna de plata de Zacualpan - Volcanes\" \/>\n<meta property=\"og:description\" content=\"El diputado Cruz Roa S\u00e1nchez y el presidente municipal de Zacualpan, Pedro Norberto D\u00edaz Ocampo,\" \/>\n<meta property=\"og:url\" content=\"https:\/\/volcanes.net\/?p=177\" \/>\n<meta property=\"og:site_name\" content=\"Volcanes\" \/>\n<meta property=\"article:publisher\" content=\"https:\/\/www.facebook.com\/volcanes.net\/\" \/>\n<meta property=\"article:published_time\" content=\"2017-12-07T22:41:40+00:00\" \/>\n<meta property=\"og:image\" content=\"https:\/\/volcanes.net\/wp-content\/uploads\/2017\/12\/1194b.jpg\" \/>\n\t<meta property=\"og:image:width\" content=\"448\" \/>\n\t<meta property=\"og:image:height\" content=\"299\" \/>\n\t<meta property=\"og:image:type\" content=\"image\/jpeg\" \/>\n<meta name=\"author\" content=\"admin\" \/>\n<meta name=\"twitter:card\" content=\"summary_large_image\" \/>\n<meta name=\"twitter:label1\" content=\"Escrito por\" \/>\n\t<meta name=\"twitter:data1\" content=\"admin\" \/>\n\t<meta name=\"twitter:label2\" content=\"Tiempo de lectura\" \/>\n\t<meta name=\"twitter:data2\" content=\"2 minutos\" \/>\n<script type=\"application\/ld+json\" class=\"yoast-schema-graph\">{\"@context\":\"https:\/\/schema.org\",\"@graph\":[{\"@type\":\"Article\",\"@id\":\"https:\/\/volcanes.net\/?p=177#article\",\"isPartOf\":{\"@id\":\"https:\/\/volcanes.net\/?p=177\"},\"author\":{\"name\":\"admin\",\"@id\":\"https:\/\/volcanes.net\/#\/schema\/person\/4bf0f383940966a4abd53f5048c0e6b9\"},\"headline\":\"Inauguran Cruz Roa y Norberto D\u00edaz primer festival cultural luna de plata de Zacualpan\",\"datePublished\":\"2017-12-07T22:41:40+00:00\",\"mainEntityOfPage\":{\"@id\":\"https:\/\/volcanes.net\/?p=177\"},\"wordCount\":329,\"commentCount\":0,\"publisher\":{\"@id\":\"https:\/\/volcanes.net\/#organization\"},\"image\":{\"@id\":\"https:\/\/volcanes.net\/?p=177#primaryimage\"},\"thumbnailUrl\":\"https:\/\/volcanes.net\/wp-content\/uploads\/2017\/12\/1194b.jpg\",\"keywords\":[\"LIX Legislatura Edomex\"],\"articleSection\":[\"Estatales\"],\"inLanguage\":\"es\",\"potentialAction\":[{\"@type\":\"CommentAction\",\"name\":\"Comment\",\"target\":[\"https:\/\/volcanes.net\/?p=177#respond\"]}]},{\"@type\":\"WebPage\",\"@id\":\"https:\/\/volcanes.net\/?p=177\",\"url\":\"https:\/\/volcanes.net\/?p=177\",\"name\":\"Inauguran Cruz Roa y Norberto D\u00edaz primer festival cultural luna de plata de Zacualpan - Volcanes\",\"isPartOf\":{\"@id\":\"https:\/\/volcanes.net\/#website\"},\"primaryImageOfPage\":{\"@id\":\"https:\/\/volcanes.net\/?p=177#primaryimage\"},\"image\":{\"@id\":\"https:\/\/volcanes.net\/?p=177#primaryimage\"},\"thumbnailUrl\":\"https:\/\/volcanes.net\/wp-content\/uploads\/2017\/12\/1194b.jpg\",\"datePublished\":\"2017-12-07T22:41:40+00:00\",\"breadcrumb\":{\"@id\":\"https:\/\/volcanes.net\/?p=177#breadcrumb\"},\"inLanguage\":\"es\",\"potentialAction\":[{\"@type\":\"ReadAction\",\"target\":[\"https:\/\/volcanes.net\/?p=177\"]}]},{\"@type\":\"ImageObject\",\"inLanguage\":\"es\",\"@id\":\"https:\/\/volcanes.net\/?p=177#primaryimage\",\"url\":\"https:\/\/volcanes.net\/wp-content\/uploads\/2017\/12\/1194b.jpg\",\"contentUrl\":\"https:\/\/volcanes.net\/wp-content\/uploads\/2017\/12\/1194b.jpg\",\"width\":448,\"height\":299},{\"@type\":\"BreadcrumbList\",\"@id\":\"https:\/\/volcanes.net\/?p=177#breadcrumb\",\"itemListElement\":[{\"@type\":\"ListItem\",\"position\":1,\"name\":\"Portada\",\"item\":\"https:\/\/volcanes.net\/\"},{\"@type\":\"ListItem\",\"position\":2,\"name\":\"Inauguran Cruz Roa y Norberto D\u00edaz primer festival cultural luna de plata de Zacualpan\"}]},{\"@type\":\"WebSite\",\"@id\":\"https:\/\/volcanes.net\/#website\",\"url\":\"https:\/\/volcanes.net\/\",\"name\":\"Volcanes.Net\",\"description\":\"Periodismo Profesional\",\"publisher\":{\"@id\":\"https:\/\/volcanes.net\/#organization\"},\"potentialAction\":[{\"@type\":\"SearchAction\",\"target\":{\"@type\":\"EntryPoint\",\"urlTemplate\":\"https:\/\/volcanes.net\/?s={search_term_string}\"},\"query-input\":{\"@type\":\"PropertyValueSpecification\",\"valueRequired\":true,\"valueName\":\"search_term_string\"}}],\"inLanguage\":\"es\"},{\"@type\":\"Organization\",\"@id\":\"https:\/\/volcanes.net\/#organization\",\"name\":\"Grupo Volcanes\",\"url\":\"https:\/\/volcanes.net\/\",\"logo\":{\"@type\":\"ImageObject\",\"inLanguage\":\"es\",\"@id\":\"https:\/\/volcanes.net\/#\/schema\/logo\/image\/\",\"url\":\"http:\/\/volcanes.net\/wp-content\/uploads\/2017\/12\/Avatar2.jpg\",\"contentUrl\":\"http:\/\/volcanes.net\/wp-content\/uploads\/2017\/12\/Avatar2.jpg\",\"width\":378,\"height\":378,\"caption\":\"Grupo Volcanes\"},\"image\":{\"@id\":\"https:\/\/volcanes.net\/#\/schema\/logo\/image\/\"},\"sameAs\":[\"https:\/\/www.facebook.com\/volcanes.net\/\"]},{\"@type\":\"Person\",\"@id\":\"https:\/\/volcanes.net\/#\/schema\/person\/4bf0f383940966a4abd53f5048c0e6b9\",\"name\":\"admin\",\"image\":{\"@type\":\"ImageObject\",\"inLanguage\":\"es\",\"@id\":\"https:\/\/volcanes.net\/#\/schema\/person\/image\/\",\"url\":\"https:\/\/secure.gravatar.com\/avatar\/ca004e6cba8462b8cb7abc86e382930c?s=96&d=mm&r=g\",\"contentUrl\":\"https:\/\/secure.gravatar.com\/avatar\/ca004e6cba8462b8cb7abc86e382930c?s=96&d=mm&r=g\",\"caption\":\"admin\"}}]}<\/script>\n<!-- \/ Yoast SEO plugin. -->","yoast_head_json":{"title":"Inauguran Cruz Roa y Norberto D\u00edaz primer festival cultural luna de plata de Zacualpan - Volcanes","robots":{"index":"index","follow":"follow","max-snippet":"max-snippet:-1","max-image-preview":"max-image-preview:large","max-video-preview":"max-video-preview:-1"},"canonical":"https:\/\/volcanes.net\/?p=177","og_locale":"es_MX","og_type":"article","og_title":"Inauguran Cruz Roa y Norberto D\u00edaz primer festival cultural luna de plata de Zacualpan - Volcanes","og_description":"El diputado Cruz Roa S\u00e1nchez y el presidente municipal de Zacualpan, Pedro Norberto D\u00edaz Ocampo,","og_url":"https:\/\/volcanes.net\/?p=177","og_site_name":"Volcanes","article_publisher":"https:\/\/www.facebook.com\/volcanes.net\/","article_published_time":"2017-12-07T22:41:40+00:00","og_image":[{"width":448,"height":299,"url":"https:\/\/volcanes.net\/wp-content\/uploads\/2017\/12\/1194b.jpg","type":"image\/jpeg"}],"author":"admin","twitter_card":"summary_large_image","twitter_misc":{"Escrito por":"admin","Tiempo de lectura":"2 minutos"},"schema":{"@context":"https:\/\/schema.org","@graph":[{"@type":"Article","@id":"https:\/\/volcanes.net\/?p=177#article","isPartOf":{"@id":"https:\/\/volcanes.net\/?p=177"},"author":{"name":"admin","@id":"https:\/\/volcanes.net\/#\/schema\/person\/4bf0f383940966a4abd53f5048c0e6b9"},"headline":"Inauguran Cruz Roa y Norberto D\u00edaz primer festival cultural luna de plata de Zacualpan","datePublished":"2017-12-07T22:41:40+00:00","mainEntityOfPage":{"@id":"https:\/\/volcanes.net\/?p=177"},"wordCount":329,"commentCount":0,"publisher":{"@id":"https:\/\/volcanes.net\/#organization"},"image":{"@id":"https:\/\/volcanes.net\/?p=177#primaryimage"},"thumbnailUrl":"https:\/\/volcanes.net\/wp-content\/uploads\/2017\/12\/1194b.jpg","keywords":["LIX Legislatura Edomex"],"articleSection":["Estatales"],"inLanguage":"es","potentialAction":[{"@type":"CommentAction","name":"Comment","target":["https:\/\/volcanes.net\/?p=177#respond"]}]},{"@type":"WebPage","@id":"https:\/\/volcanes.net\/?p=177","url":"https:\/\/volcanes.net\/?p=177","name":"Inauguran Cruz Roa y Norberto D\u00edaz primer festival cultural luna de plata de Zacualpan - Volcanes","isPartOf":{"@id":"https:\/\/volcanes.net\/#website"},"primaryImageOfPage":{"@id":"https:\/\/volcanes.net\/?p=177#primaryimage"},"image":{"@id":"https:\/\/volcanes.net\/?p=177#primaryimage"},"thumbnailUrl":"https:\/\/volcanes.net\/wp-content\/uploads\/2017\/12\/1194b.jpg","datePublished":"2017-12-07T22:41:40+00:00","breadcrumb":{"@id":"https:\/\/volcanes.net\/?p=177#breadcrumb"},"inLanguage":"es","potentialAction":[{"@type":"ReadAction","target":["https:\/\/volcanes.net\/?p=177"]}]},{"@type":"ImageObject","inLanguage":"es","@id":"https:\/\/volcanes.net\/?p=177#primaryimage","url":"https:\/\/volcanes.net\/wp-content\/uploads\/2017\/12\/1194b.jpg","contentUrl":"https:\/\/volcanes.net\/wp-content\/uploads\/2017\/12\/1194b.jpg","width":448,"height":299},{"@type":"BreadcrumbList","@id":"https:\/\/volcanes.net\/?p=177#breadcrumb","itemListElement":[{"@type":"ListItem","position":1,"name":"Portada","item":"https:\/\/volcanes.net\/"},{"@type":"ListItem","position":2,"name":"Inauguran Cruz Roa y Norberto D\u00edaz primer festival cultural luna de plata de Zacualpan"}]},{"@type":"WebSite","@id":"https:\/\/volcanes.net\/#website","url":"https:\/\/volcanes.net\/","name":"Volcanes.Net","description":"Periodismo Profesional","publisher":{"@id":"https:\/\/volcanes.net\/#organization"},"potentialAction":[{"@type":"SearchAction","target":{"@type":"EntryPoint","urlTemplate":"https:\/\/volcanes.net\/?s={search_term_string}"},"query-input":{"@type":"PropertyValueSpecification","valueRequired":true,"valueName":"search_term_string"}}],"inLanguage":"es"},{"@type":"Organization","@id":"https:\/\/volcanes.net\/#organization","name":"Grupo Volcanes","url":"https:\/\/volcanes.net\/","logo":{"@type":"ImageObject","inLanguage":"es","@id":"https:\/\/volcanes.net\/#\/schema\/logo\/image\/","url":"http:\/\/volcanes.net\/wp-content\/uploads\/2017\/12\/Avatar2.jpg","contentUrl":"http:\/\/volcanes.net\/wp-content\/uploads\/2017\/12\/Avatar2.jpg","width":378,"height":378,"caption":"Grupo Volcanes"},"image":{"@id":"https:\/\/volcanes.net\/#\/schema\/logo\/image\/"},"sameAs":["https:\/\/www.facebook.com\/volcanes.net\/"]},{"@type":"Person","@id":"https:\/\/volcanes.net\/#\/schema\/person\/4bf0f383940966a4abd53f5048c0e6b9","name":"admin","image":{"@type":"ImageObject","inLanguage":"es","@id":"https:\/\/volcanes.net\/#\/schema\/person\/image\/","url":"https:\/\/secure.gravatar.com\/avatar\/ca004e6cba8462b8cb7abc86e382930c?s=96&d=mm&r=g","contentUrl":"https:\/\/secure.gravatar.com\/avatar\/ca004e6cba8462b8cb7abc86e382930c?s=96&d=mm&r=g","caption":"admin"}}]}},"_links":{"self":[{"href":"https:\/\/volcanes.net\/index.php?rest_route=\/wp\/v2\/posts\/177"}],"collection":[{"href":"https:\/\/volcanes.net\/index.php?rest_route=\/wp\/v2\/posts"}],"about":[{"href":"https:\/\/volcanes.net\/index.php?rest_route=\/wp\/v2\/types\/post"}],"author":[{"embeddable":true,"href":"https:\/\/volcanes.net\/index.php?rest_route=\/wp\/v2\/users\/1"}],"replies":[{"embeddable":true,"href":"https:\/\/volcanes.net\/index.php?rest_route=%2Fwp%2Fv2%2Fcomments&post=177"}],"version-history":[{"count":1,"href":"https:\/\/volcanes.net\/index.php?rest_route=\/wp\/v2\/posts\/177\/revisions"}],"predecessor-version":[{"id":179,"href":"https:\/\/volcanes.net\/index.php?rest_route=\/wp\/v2\/posts\/177\/revisions\/179"}],"wp:featuredmedia":[{"embeddable":true,"href":"https:\/\/volcanes.net\/index.php?rest_route=\/wp\/v2\/media\/178"}],"wp:attachment":[{"href":"https:\/\/volcanes.net\/index.php?rest_route=%2Fwp%2Fv2%2Fmedia&parent=177"}],"wp:term":[{"taxonomy":"category","embeddable":true,"href":"https:\/\/volcanes.net\/index.php?rest_route=%2Fwp%2Fv2%2Fcategories&post=177"},{"taxonomy":"post_tag","embeddable":true,"href":"https:\/\/volcanes.net\/index.php?rest_route=%2Fwp%2Fv2%2Ftags&post=177"}],"curies":[{"name":"wp","href":"https:\/\/api.w.org\/{rel}","templated":true}]}}