{"id":1775,"date":"2018-03-07T13:32:16","date_gmt":"2018-03-07T13:32:16","guid":{"rendered":"http:\/\/volcanes.net\/?p=1775"},"modified":"2018-03-07T13:32:16","modified_gmt":"2018-03-07T13:32:16","slug":"anuncian-en-nezahualcoyotl-carrera-femenil-contra-la-violencia-de-genero-unidas-hasta-la-meta","status":"publish","type":"post","link":"https:\/\/volcanes.net\/?p=1775","title":{"rendered":"Anuncian en Nezahualc\u00f3yotl carrera femenil contra la violencia de genero: &#8220;Unidas hasta la meta&#8221;"},"content":{"rendered":"<div style=\"margin-top: 0px; margin-bottom: 0px;\" class=\"sharethis-inline-share-buttons\" ><\/div><p style=\"font-weight: 400\">Con el objetivo de promover la igualdad de g\u00e9nero, el presidente municipal de Nezahualc\u00f3yotl, Juan Hugo de la Rosa Garc\u00eda anunci\u00f3 que, en el marco de la conmemoraci\u00f3n del D\u00eda Internacional de la Mujer, por tercer a\u00f1o consecutivo se realizar\u00e1 la carrera atl\u00e9tica femenil de 5 kil\u00f3metros \u201cUnidas Hasta la Meta\u201d, la cual se llevar\u00e1 a cabo en punto de las 8:30 de la ma\u00f1ana el pr\u00f3ximo 25 de marzo frente a la unidad administrativa de zona norte.<\/p>\n<p style=\"font-weight: 400\">El alcalde, indic\u00f3 que las interesadas pueden inscribirse sin costo alguno en cualquiera de las categor\u00edas Juvenil, Libre, Master, Veteranas y Veteranas Plus hasta el pr\u00f3ximo viernes 22 de marzo, en un horario de 10:00 de la ma\u00f1ana a 5:00 de la tarde en el Instituto Municipal de Cultura F\u00edsica y Deporte, ubicado en calle alameda central, sin n\u00famero, esquina Palacio Nacional, colonia Metropolitana Segunda Secci\u00f3n.<\/p>\n<p style=\"font-weight: 400\">Detall\u00f3 que para registrarse \u00fanicamente es necesario ser residente del municipio de Nezahualc\u00f3yotl y acudir al punto de inscripci\u00f3n referido; o bien a la Direcci\u00f3n de Desarrollo Social en la pir\u00e1mide oriente del Palacio Municipal, al Instituto de la Mujer, en avenida Riva Palacio esquina con S\u00e9ptima Avenida en la colonia Estado de M\u00e9xico, o a la Unidad Administrativa de zona norte \u201cLa bola\u201d casi junto al metro Impulsora, a llenar la c\u00e9dula de inscripci\u00f3n\u00a0\u00a0y presentar fotocopia de la credencial INE, o en caso de ser menor de edad la participante la del padre o tutor.<\/p>\n<p style=\"font-weight: 400\">De la Rosa Garc\u00eda destac\u00f3 que este a\u00f1o se decidi\u00f3 acercar el evento deportivo a los habitantes de la zona norte del municipio, a fin de facilitar su participaci\u00f3n y aprovechar los nuevos espacios p\u00fablicos que se han construido y recuperado en sus colonias, por lo que afirm\u00f3 la carrera ser\u00e1 muy distinta y especial, al brindar a las mujeres un encuentro deportivo pensado especialmente para ellas.<\/p>\n<p style=\"font-weight: 400\">Agreg\u00f3 que en ese sentido el municipio se esta transformando en una ciudad moderna e incluyente, en el que las mujeres pueden disfrutar de espacios deportivos seguros, acondicionados y dispuestos especialmente para ellas gracias al programa Neza Ciudad Segura para Mujeres y Ni\u00f1as, como sucedi\u00f3 en el parque Atitl\u00e1n, Heberto Castillo, Francisco Villa y la nueva trotapista de la avenida Nezahualc\u00f3yotl.<\/p>\n<p style=\"font-weight: 400\">Exhort\u00f3 a las corredoras a inscribirse de inmediato, toda vez que la carrera tiene un l\u00edmite de inscripci\u00f3n para mil deportistas, ello con el fin de contar con todas las medidas de seguridad pertinentes y lograr un recorrido organizado, arm\u00f3nico y c\u00f3modo para todas las participantes y espectadores.<\/p>\n<p style=\"font-weight: 400\">Finalmente, Juan Hugo de la Rosa, dijo que habr\u00e1 premiaciones en efectivo y m\u00faltiples sorpresas para quienes obtengan los primeros lugares, pero sobre todo un ambiente festivo, donde unidos, hombres y mujeres, rechazar\u00e1n por medio del deporte cualquier tipo de violencia o trato desigual.<\/p>\n","protected":false},"excerpt":{"rendered":"<p>Con el objetivo de promover la igualdad de g\u00e9nero, el presidente municipal de Nezahualc\u00f3yotl, Juan<\/p>\n","protected":false},"author":1,"featured_media":1776,"comment_status":"open","ping_status":"open","sticky":false,"template":"","format":"standard","meta":{"footnotes":""},"categories":[1],"tags":[21],"class_list":["post-1775","post","type-post","status-publish","format-standard","has-post-thumbnail","hentry","category-municipales","tag-nezahualcoyotl"],"yoast_head":"<!-- This site is optimized with the Yoast SEO plugin v25.3 - https:\/\/yoast.com\/wordpress\/plugins\/seo\/ -->\n<title>Anuncian en Nezahualc\u00f3yotl carrera femenil contra la violencia de genero: &quot;Unidas hasta la meta&quot; - Volcanes<\/title>\n<meta name=\"robots\" content=\"index, follow, max-snippet:-1, max-image-preview:large, max-video-preview:-1\" \/>\n<link rel=\"canonical\" href=\"https:\/\/volcanes.net\/?p=1775\" \/>\n<meta property=\"og:locale\" content=\"es_MX\" \/>\n<meta property=\"og:type\" content=\"article\" \/>\n<meta property=\"og:title\" content=\"Anuncian en Nezahualc\u00f3yotl carrera femenil contra la violencia de genero: &quot;Unidas hasta la meta&quot; - Volcanes\" \/>\n<meta property=\"og:description\" content=\"Con el objetivo de promover la igualdad de g\u00e9nero, el presidente municipal de Nezahualc\u00f3yotl, Juan\" \/>\n<meta property=\"og:url\" content=\"https:\/\/volcanes.net\/?p=1775\" \/>\n<meta property=\"og:site_name\" content=\"Volcanes\" \/>\n<meta property=\"article:publisher\" content=\"https:\/\/www.facebook.com\/volcanes.net\/\" \/>\n<meta property=\"article:published_time\" content=\"2018-03-07T13:32:16+00:00\" \/>\n<meta property=\"og:image\" content=\"https:\/\/volcanes.net\/wp-content\/uploads\/2018\/03\/MG_6553.jpg\" \/>\n\t<meta property=\"og:image:width\" content=\"448\" \/>\n\t<meta property=\"og:image:height\" content=\"252\" \/>\n\t<meta property=\"og:image:type\" content=\"image\/jpeg\" \/>\n<meta name=\"author\" content=\"admin\" \/>\n<meta name=\"twitter:card\" content=\"summary_large_image\" \/>\n<meta name=\"twitter:label1\" content=\"Escrito por\" \/>\n\t<meta name=\"twitter:data1\" content=\"admin\" \/>\n\t<meta name=\"twitter:label2\" content=\"Tiempo de lectura\" \/>\n\t<meta name=\"twitter:data2\" content=\"2 minutos\" \/>\n<script type=\"application\/ld+json\" class=\"yoast-schema-graph\">{\"@context\":\"https:\/\/schema.org\",\"@graph\":[{\"@type\":\"Article\",\"@id\":\"https:\/\/volcanes.net\/?p=1775#article\",\"isPartOf\":{\"@id\":\"https:\/\/volcanes.net\/?p=1775\"},\"author\":{\"name\":\"admin\",\"@id\":\"https:\/\/volcanes.net\/#\/schema\/person\/4bf0f383940966a4abd53f5048c0e6b9\"},\"headline\":\"Anuncian en Nezahualc\u00f3yotl carrera femenil contra la violencia de genero: &#8220;Unidas hasta la meta&#8221;\",\"datePublished\":\"2018-03-07T13:32:16+00:00\",\"mainEntityOfPage\":{\"@id\":\"https:\/\/volcanes.net\/?p=1775\"},\"wordCount\":507,\"commentCount\":0,\"publisher\":{\"@id\":\"https:\/\/volcanes.net\/#organization\"},\"image\":{\"@id\":\"https:\/\/volcanes.net\/?p=1775#primaryimage\"},\"thumbnailUrl\":\"https:\/\/volcanes.net\/wp-content\/uploads\/2018\/03\/MG_6553.jpg\",\"keywords\":[\"Nezahualc\u00f3yotl\"],\"articleSection\":[\"Municipales\"],\"inLanguage\":\"es\",\"potentialAction\":[{\"@type\":\"CommentAction\",\"name\":\"Comment\",\"target\":[\"https:\/\/volcanes.net\/?p=1775#respond\"]}]},{\"@type\":\"WebPage\",\"@id\":\"https:\/\/volcanes.net\/?p=1775\",\"url\":\"https:\/\/volcanes.net\/?p=1775\",\"name\":\"Anuncian en Nezahualc\u00f3yotl carrera femenil contra la violencia de genero: \\\"Unidas hasta la meta\\\" - Volcanes\",\"isPartOf\":{\"@id\":\"https:\/\/volcanes.net\/#website\"},\"primaryImageOfPage\":{\"@id\":\"https:\/\/volcanes.net\/?p=1775#primaryimage\"},\"image\":{\"@id\":\"https:\/\/volcanes.net\/?p=1775#primaryimage\"},\"thumbnailUrl\":\"https:\/\/volcanes.net\/wp-content\/uploads\/2018\/03\/MG_6553.jpg\",\"datePublished\":\"2018-03-07T13:32:16+00:00\",\"breadcrumb\":{\"@id\":\"https:\/\/volcanes.net\/?p=1775#breadcrumb\"},\"inLanguage\":\"es\",\"potentialAction\":[{\"@type\":\"ReadAction\",\"target\":[\"https:\/\/volcanes.net\/?p=1775\"]}]},{\"@type\":\"ImageObject\",\"inLanguage\":\"es\",\"@id\":\"https:\/\/volcanes.net\/?p=1775#primaryimage\",\"url\":\"https:\/\/volcanes.net\/wp-content\/uploads\/2018\/03\/MG_6553.jpg\",\"contentUrl\":\"https:\/\/volcanes.net\/wp-content\/uploads\/2018\/03\/MG_6553.jpg\",\"width\":448,\"height\":252},{\"@type\":\"BreadcrumbList\",\"@id\":\"https:\/\/volcanes.net\/?p=1775#breadcrumb\",\"itemListElement\":[{\"@type\":\"ListItem\",\"position\":1,\"name\":\"Portada\",\"item\":\"https:\/\/volcanes.net\/\"},{\"@type\":\"ListItem\",\"position\":2,\"name\":\"Anuncian en Nezahualc\u00f3yotl carrera femenil contra la violencia de genero: &#8220;Unidas hasta la meta&#8221;\"}]},{\"@type\":\"WebSite\",\"@id\":\"https:\/\/volcanes.net\/#website\",\"url\":\"https:\/\/volcanes.net\/\",\"name\":\"Volcanes.Net\",\"description\":\"Periodismo Profesional\",\"publisher\":{\"@id\":\"https:\/\/volcanes.net\/#organization\"},\"potentialAction\":[{\"@type\":\"SearchAction\",\"target\":{\"@type\":\"EntryPoint\",\"urlTemplate\":\"https:\/\/volcanes.net\/?s={search_term_string}\"},\"query-input\":{\"@type\":\"PropertyValueSpecification\",\"valueRequired\":true,\"valueName\":\"search_term_string\"}}],\"inLanguage\":\"es\"},{\"@type\":\"Organization\",\"@id\":\"https:\/\/volcanes.net\/#organization\",\"name\":\"Grupo Volcanes\",\"url\":\"https:\/\/volcanes.net\/\",\"logo\":{\"@type\":\"ImageObject\",\"inLanguage\":\"es\",\"@id\":\"https:\/\/volcanes.net\/#\/schema\/logo\/image\/\",\"url\":\"http:\/\/volcanes.net\/wp-content\/uploads\/2017\/12\/Avatar2.jpg\",\"contentUrl\":\"http:\/\/volcanes.net\/wp-content\/uploads\/2017\/12\/Avatar2.jpg\",\"width\":378,\"height\":378,\"caption\":\"Grupo Volcanes\"},\"image\":{\"@id\":\"https:\/\/volcanes.net\/#\/schema\/logo\/image\/\"},\"sameAs\":[\"https:\/\/www.facebook.com\/volcanes.net\/\"]},{\"@type\":\"Person\",\"@id\":\"https:\/\/volcanes.net\/#\/schema\/person\/4bf0f383940966a4abd53f5048c0e6b9\",\"name\":\"admin\",\"image\":{\"@type\":\"ImageObject\",\"inLanguage\":\"es\",\"@id\":\"https:\/\/volcanes.net\/#\/schema\/person\/image\/\",\"url\":\"https:\/\/secure.gravatar.com\/avatar\/ca004e6cba8462b8cb7abc86e382930c?s=96&d=mm&r=g\",\"contentUrl\":\"https:\/\/secure.gravatar.com\/avatar\/ca004e6cba8462b8cb7abc86e382930c?s=96&d=mm&r=g\",\"caption\":\"admin\"}}]}<\/script>\n<!-- \/ Yoast SEO plugin. -->","yoast_head_json":{"title":"Anuncian en Nezahualc\u00f3yotl carrera femenil contra la violencia de genero: \"Unidas hasta la meta\" - Volcanes","robots":{"index":"index","follow":"follow","max-snippet":"max-snippet:-1","max-image-preview":"max-image-preview:large","max-video-preview":"max-video-preview:-1"},"canonical":"https:\/\/volcanes.net\/?p=1775","og_locale":"es_MX","og_type":"article","og_title":"Anuncian en Nezahualc\u00f3yotl carrera femenil contra la violencia de genero: \"Unidas hasta la meta\" - Volcanes","og_description":"Con el objetivo de promover la igualdad de g\u00e9nero, el presidente municipal de Nezahualc\u00f3yotl, Juan","og_url":"https:\/\/volcanes.net\/?p=1775","og_site_name":"Volcanes","article_publisher":"https:\/\/www.facebook.com\/volcanes.net\/","article_published_time":"2018-03-07T13:32:16+00:00","og_image":[{"width":448,"height":252,"url":"https:\/\/volcanes.net\/wp-content\/uploads\/2018\/03\/MG_6553.jpg","type":"image\/jpeg"}],"author":"admin","twitter_card":"summary_large_image","twitter_misc":{"Escrito por":"admin","Tiempo de lectura":"2 minutos"},"schema":{"@context":"https:\/\/schema.org","@graph":[{"@type":"Article","@id":"https:\/\/volcanes.net\/?p=1775#article","isPartOf":{"@id":"https:\/\/volcanes.net\/?p=1775"},"author":{"name":"admin","@id":"https:\/\/volcanes.net\/#\/schema\/person\/4bf0f383940966a4abd53f5048c0e6b9"},"headline":"Anuncian en Nezahualc\u00f3yotl carrera femenil contra la violencia de genero: &#8220;Unidas hasta la meta&#8221;","datePublished":"2018-03-07T13:32:16+00:00","mainEntityOfPage":{"@id":"https:\/\/volcanes.net\/?p=1775"},"wordCount":507,"commentCount":0,"publisher":{"@id":"https:\/\/volcanes.net\/#organization"},"image":{"@id":"https:\/\/volcanes.net\/?p=1775#primaryimage"},"thumbnailUrl":"https:\/\/volcanes.net\/wp-content\/uploads\/2018\/03\/MG_6553.jpg","keywords":["Nezahualc\u00f3yotl"],"articleSection":["Municipales"],"inLanguage":"es","potentialAction":[{"@type":"CommentAction","name":"Comment","target":["https:\/\/volcanes.net\/?p=1775#respond"]}]},{"@type":"WebPage","@id":"https:\/\/volcanes.net\/?p=1775","url":"https:\/\/volcanes.net\/?p=1775","name":"Anuncian en Nezahualc\u00f3yotl carrera femenil contra la violencia de genero: \"Unidas hasta la meta\" - Volcanes","isPartOf":{"@id":"https:\/\/volcanes.net\/#website"},"primaryImageOfPage":{"@id":"https:\/\/volcanes.net\/?p=1775#primaryimage"},"image":{"@id":"https:\/\/volcanes.net\/?p=1775#primaryimage"},"thumbnailUrl":"https:\/\/volcanes.net\/wp-content\/uploads\/2018\/03\/MG_6553.jpg","datePublished":"2018-03-07T13:32:16+00:00","breadcrumb":{"@id":"https:\/\/volcanes.net\/?p=1775#breadcrumb"},"inLanguage":"es","potentialAction":[{"@type":"ReadAction","target":["https:\/\/volcanes.net\/?p=1775"]}]},{"@type":"ImageObject","inLanguage":"es","@id":"https:\/\/volcanes.net\/?p=1775#primaryimage","url":"https:\/\/volcanes.net\/wp-content\/uploads\/2018\/03\/MG_6553.jpg","contentUrl":"https:\/\/volcanes.net\/wp-content\/uploads\/2018\/03\/MG_6553.jpg","width":448,"height":252},{"@type":"BreadcrumbList","@id":"https:\/\/volcanes.net\/?p=1775#breadcrumb","itemListElement":[{"@type":"ListItem","position":1,"name":"Portada","item":"https:\/\/volcanes.net\/"},{"@type":"ListItem","position":2,"name":"Anuncian en Nezahualc\u00f3yotl carrera femenil contra la violencia de genero: &#8220;Unidas hasta la meta&#8221;"}]},{"@type":"WebSite","@id":"https:\/\/volcanes.net\/#website","url":"https:\/\/volcanes.net\/","name":"Volcanes.Net","description":"Periodismo Profesional","publisher":{"@id":"https:\/\/volcanes.net\/#organization"},"potentialAction":[{"@type":"SearchAction","target":{"@type":"EntryPoint","urlTemplate":"https:\/\/volcanes.net\/?s={search_term_string}"},"query-input":{"@type":"PropertyValueSpecification","valueRequired":true,"valueName":"search_term_string"}}],"inLanguage":"es"},{"@type":"Organization","@id":"https:\/\/volcanes.net\/#organization","name":"Grupo Volcanes","url":"https:\/\/volcanes.net\/","logo":{"@type":"ImageObject","inLanguage":"es","@id":"https:\/\/volcanes.net\/#\/schema\/logo\/image\/","url":"http:\/\/volcanes.net\/wp-content\/uploads\/2017\/12\/Avatar2.jpg","contentUrl":"http:\/\/volcanes.net\/wp-content\/uploads\/2017\/12\/Avatar2.jpg","width":378,"height":378,"caption":"Grupo Volcanes"},"image":{"@id":"https:\/\/volcanes.net\/#\/schema\/logo\/image\/"},"sameAs":["https:\/\/www.facebook.com\/volcanes.net\/"]},{"@type":"Person","@id":"https:\/\/volcanes.net\/#\/schema\/person\/4bf0f383940966a4abd53f5048c0e6b9","name":"admin","image":{"@type":"ImageObject","inLanguage":"es","@id":"https:\/\/volcanes.net\/#\/schema\/person\/image\/","url":"https:\/\/secure.gravatar.com\/avatar\/ca004e6cba8462b8cb7abc86e382930c?s=96&d=mm&r=g","contentUrl":"https:\/\/secure.gravatar.com\/avatar\/ca004e6cba8462b8cb7abc86e382930c?s=96&d=mm&r=g","caption":"admin"}}]}},"_links":{"self":[{"href":"https:\/\/volcanes.net\/index.php?rest_route=\/wp\/v2\/posts\/1775"}],"collection":[{"href":"https:\/\/volcanes.net\/index.php?rest_route=\/wp\/v2\/posts"}],"about":[{"href":"https:\/\/volcanes.net\/index.php?rest_route=\/wp\/v2\/types\/post"}],"author":[{"embeddable":true,"href":"https:\/\/volcanes.net\/index.php?rest_route=\/wp\/v2\/users\/1"}],"replies":[{"embeddable":true,"href":"https:\/\/volcanes.net\/index.php?rest_route=%2Fwp%2Fv2%2Fcomments&post=1775"}],"version-history":[{"count":1,"href":"https:\/\/volcanes.net\/index.php?rest_route=\/wp\/v2\/posts\/1775\/revisions"}],"predecessor-version":[{"id":1777,"href":"https:\/\/volcanes.net\/index.php?rest_route=\/wp\/v2\/posts\/1775\/revisions\/1777"}],"wp:featuredmedia":[{"embeddable":true,"href":"https:\/\/volcanes.net\/index.php?rest_route=\/wp\/v2\/media\/1776"}],"wp:attachment":[{"href":"https:\/\/volcanes.net\/index.php?rest_route=%2Fwp%2Fv2%2Fmedia&parent=1775"}],"wp:term":[{"taxonomy":"category","embeddable":true,"href":"https:\/\/volcanes.net\/index.php?rest_route=%2Fwp%2Fv2%2Fcategories&post=1775"},{"taxonomy":"post_tag","embeddable":true,"href":"https:\/\/volcanes.net\/index.php?rest_route=%2Fwp%2Fv2%2Ftags&post=1775"}],"curies":[{"name":"wp","href":"https:\/\/api.w.org\/{rel}","templated":true}]}}