{"id":1778,"date":"2018-03-07T19:26:35","date_gmt":"2018-03-07T19:26:35","guid":{"rendered":"http:\/\/volcanes.net\/?p=1778"},"modified":"2018-03-07T19:26:35","modified_gmt":"2018-03-07T19:26:35","slug":"compromete-director-general-de-diconsa-infraestructura-y-logistica-para-generar-mayor-impacto-social","status":"publish","type":"post","link":"https:\/\/volcanes.net\/?p=1778","title":{"rendered":"Compromete director general de Diconsa infraestructura  y log\u00edstica para generar mayor impacto social"},"content":{"rendered":"<div style=\"margin-top: 0px; margin-bottom: 0px;\" class=\"sharethis-inline-share-buttons\" ><\/div><p class=\"m_9182289420604975993MsoNoSpacing\" style=\"text-align: justify\" align=\"center\">\u00b7\u00a0\u00a0\u00a0\u00a0\u00a0\u00a0\u00a0\u00a0\u00a0<b>El Consejo de Administraci\u00f3n de la paraestatal ratific\u00f3 a Orlando Olgu\u00edn Miranda como titular de la descentralizada<\/b><br \/>\n<b><\/b><\/p>\n<p class=\"m_9182289420604975993MsoNoSpacing\">\n<p class=\"m_9182289420604975993MsoNoSpacing\">El director general de Diconsa, Orlando Olgu\u00edn Miranda, comprometi\u00f3 la infraestructura y log\u00edstica de la paraestatal para generar un mayor impacto social a fin de llegar con surtimiento oportuno de la canasta b\u00e1sica y productos complementarios de primera necesidad, a zonas de alta y muy alta marginaci\u00f3n con un margen de ahorro superior al 15 por ciento, que coadyuve a mejorar la calidad de vida de sus pobladores.<\/p>\n<p class=\"m_9182289420604975993MsoNoSpacing\">\n<p class=\"m_9182289420604975993MsoNoSpacing\">Tras ser ratificado como titular de esta dependencia durante la Sesi\u00f3n Ordinaria 125 del Consejo de Administraci\u00f3n, encabezado en esta ocasi\u00f3n por el subsecretario dePlaneaci\u00f3n, Evaluaci\u00f3n y Desarrollo Regional de la Secretar\u00eda de Desarrollo Social (Sedesol), Francisco Javier Garc\u00eda Bejos, Olgu\u00edn Miranda destac\u00f3 la infraestructura y el apoyo del personal para cumplir los objetivos de abasto alimentario.<\/p>\n<p class=\"m_9182289420604975993MsoNoSpacing\">\n<p class=\"m_9182289420604975993MsoNoSpacing\">\u201cNuestra actividad diaria est\u00e1 encaminada a generar un importante impacto social y para ello nos apoyamos en la operaci\u00f3n de almacenes graneleros, tiendas comunitarias y organismos del sector p\u00fablico para establecer alianzas estrat\u00e9gicas dedicadas a garantizar el acceso a una alimentaci\u00f3n sana\u201d, dijo.<\/p>\n<p class=\"m_9182289420604975993MsoNoSpacing\">\n<p class=\"m_9182289420604975993MsoNoSpacing\">Acot\u00f3 que los m\u00e1s de 4 mil veh\u00edculos, 300 tiendas m\u00f3viles y m\u00e1s de 300 almacenes centrales y rurales hacen que Diconsa se afiance como la principal herramienta del Gobierno de la Rep\u00fablica para garantizar el derecho constitucional a una ingesta saludable y suficiente.<\/p>\n<p class=\"m_9182289420604975993MsoNoSpacing\">\n<p class=\"m_9182289420604975993MsoNoSpacing\">Otra de las grandes contribuciones de Diconsa para el desarrollo social es el apoyo a los comedores comunitarios de Sedesol, los cuales son equipados y abastecidos por la distribuidora. En estos se sirven dos alimentos diarios a ni\u00f1os, mujeres embarazadas y en lactancia, adultos mayores y personas con discapacidad, principalmente.<\/p>\n<p class=\"m_9182289420604975993MsoNoSpacing\">\n<p class=\"m_9182289420604975993MsoNoSpacing\">Orlando Olgu\u00edn asegur\u00f3 que la descentralizada seguir\u00e1 apoyando a la poblaci\u00f3n en situaci\u00f3n de contingencia por fen\u00f3menos naturales o de cualquier otra \u00edndole.<\/p>\n<p class=\"m_9182289420604975993MsoNoSpacing\">\n<p class=\"m_9182289420604975993MsoNoSpacing\">Por su parte, el subsecretario de\u00a0Planeaci\u00f3n, Evaluaci\u00f3n y Desarrollo Regional de la Sedesol<i>,\u00a0<\/i>Francisco Javier Garc\u00eda Bejos, enalteci\u00f3 la loable labor de Diconsa para llegar a los rincones m\u00e1s dif\u00edciles e incomunicados del pa\u00eds, \u201cporque como empresa del Estado tiene la capacidad de responder a las necesidades de la poblaci\u00f3n donde hay familias que necesitan alimento\u201d, subray\u00f3.<\/p>\n<p class=\"m_9182289420604975993MsoNoSpacing\">\n<p class=\"m_9182289420604975993MsoNoSpacing\">El funcionario de la Sedesol indic\u00f3 que fortalecer la operaci\u00f3n har\u00e1 que la sectorizada refrende su funci\u00f3n como una empresa socialmente \u00fatil para los mexicanos e hizo extensivo el reconocimiento del presidente Enrique Pe\u00f1a Nieto y del titular de la Sedesol, Eviel P\u00e9rez Maga\u00f1a, por el trabajo organizado y a tiempo realizado por Diconsa, en los momentos m\u00e1s cr\u00edticos derivado de contingencias naturales.<\/p>\n","protected":false},"excerpt":{"rendered":"<p>\u00b7\u00a0\u00a0\u00a0\u00a0\u00a0\u00a0\u00a0\u00a0\u00a0El Consejo de Administraci\u00f3n de la paraestatal ratific\u00f3 a Orlando Olgu\u00edn Miranda como titular de<\/p>\n","protected":false},"author":1,"featured_media":1779,"comment_status":"open","ping_status":"open","sticky":false,"template":"","format":"standard","meta":{"footnotes":""},"categories":[1],"tags":[44,33],"class_list":["post-1778","post","type-post","status-publish","format-standard","has-post-thumbnail","hentry","category-municipales","tag-gobierno-de-la-republica","tag-sedesol"],"yoast_head":"<!-- This site is optimized with the Yoast SEO plugin v25.3 - https:\/\/yoast.com\/wordpress\/plugins\/seo\/ -->\n<title>Compromete director general de Diconsa infraestructura y log\u00edstica para generar mayor impacto social - Volcanes<\/title>\n<meta name=\"robots\" content=\"index, follow, max-snippet:-1, max-image-preview:large, max-video-preview:-1\" \/>\n<link rel=\"canonical\" href=\"https:\/\/volcanes.net\/?p=1778\" \/>\n<meta property=\"og:locale\" content=\"es_MX\" \/>\n<meta property=\"og:type\" content=\"article\" \/>\n<meta property=\"og:title\" content=\"Compromete director general de Diconsa infraestructura y log\u00edstica para generar mayor impacto social - Volcanes\" \/>\n<meta property=\"og:description\" content=\"\u00b7\u00a0\u00a0\u00a0\u00a0\u00a0\u00a0\u00a0\u00a0\u00a0El Consejo de Administraci\u00f3n de la paraestatal ratific\u00f3 a Orlando Olgu\u00edn Miranda como titular de\" \/>\n<meta property=\"og:url\" content=\"https:\/\/volcanes.net\/?p=1778\" \/>\n<meta property=\"og:site_name\" content=\"Volcanes\" \/>\n<meta property=\"article:publisher\" content=\"https:\/\/www.facebook.com\/volcanes.net\/\" \/>\n<meta property=\"article:published_time\" content=\"2018-03-07T19:26:35+00:00\" \/>\n<meta property=\"og:image\" content=\"https:\/\/volcanes.net\/wp-content\/uploads\/2018\/03\/FOTO-3-Compromete-director-genera-de-Diconsa-Infraestructura-y-log\u00edstica-para-generar-mayor-impacto-social.jpg\" \/>\n\t<meta property=\"og:image:width\" content=\"448\" \/>\n\t<meta property=\"og:image:height\" content=\"299\" \/>\n\t<meta property=\"og:image:type\" content=\"image\/jpeg\" \/>\n<meta name=\"author\" content=\"admin\" \/>\n<meta name=\"twitter:card\" content=\"summary_large_image\" \/>\n<meta name=\"twitter:label1\" content=\"Escrito por\" \/>\n\t<meta name=\"twitter:data1\" content=\"admin\" \/>\n\t<meta name=\"twitter:label2\" content=\"Tiempo de lectura\" \/>\n\t<meta name=\"twitter:data2\" content=\"2 minutos\" \/>\n<script type=\"application\/ld+json\" class=\"yoast-schema-graph\">{\"@context\":\"https:\/\/schema.org\",\"@graph\":[{\"@type\":\"Article\",\"@id\":\"https:\/\/volcanes.net\/?p=1778#article\",\"isPartOf\":{\"@id\":\"https:\/\/volcanes.net\/?p=1778\"},\"author\":{\"name\":\"admin\",\"@id\":\"https:\/\/volcanes.net\/#\/schema\/person\/4bf0f383940966a4abd53f5048c0e6b9\"},\"headline\":\"Compromete director general de Diconsa infraestructura y log\u00edstica para generar mayor impacto social\",\"datePublished\":\"2018-03-07T19:26:35+00:00\",\"mainEntityOfPage\":{\"@id\":\"https:\/\/volcanes.net\/?p=1778\"},\"wordCount\":474,\"commentCount\":0,\"publisher\":{\"@id\":\"https:\/\/volcanes.net\/#organization\"},\"image\":{\"@id\":\"https:\/\/volcanes.net\/?p=1778#primaryimage\"},\"thumbnailUrl\":\"https:\/\/volcanes.net\/wp-content\/uploads\/2018\/03\/FOTO-3-Compromete-director-genera-de-Diconsa-Infraestructura-y-log\u00edstica-para-generar-mayor-impacto-social.jpg\",\"keywords\":[\"Gobierno de la Rep\u00fablica\",\"SEDESOL\"],\"articleSection\":[\"Municipales\"],\"inLanguage\":\"es\",\"potentialAction\":[{\"@type\":\"CommentAction\",\"name\":\"Comment\",\"target\":[\"https:\/\/volcanes.net\/?p=1778#respond\"]}]},{\"@type\":\"WebPage\",\"@id\":\"https:\/\/volcanes.net\/?p=1778\",\"url\":\"https:\/\/volcanes.net\/?p=1778\",\"name\":\"Compromete director general de Diconsa infraestructura y log\u00edstica para generar mayor impacto social - Volcanes\",\"isPartOf\":{\"@id\":\"https:\/\/volcanes.net\/#website\"},\"primaryImageOfPage\":{\"@id\":\"https:\/\/volcanes.net\/?p=1778#primaryimage\"},\"image\":{\"@id\":\"https:\/\/volcanes.net\/?p=1778#primaryimage\"},\"thumbnailUrl\":\"https:\/\/volcanes.net\/wp-content\/uploads\/2018\/03\/FOTO-3-Compromete-director-genera-de-Diconsa-Infraestructura-y-log\u00edstica-para-generar-mayor-impacto-social.jpg\",\"datePublished\":\"2018-03-07T19:26:35+00:00\",\"breadcrumb\":{\"@id\":\"https:\/\/volcanes.net\/?p=1778#breadcrumb\"},\"inLanguage\":\"es\",\"potentialAction\":[{\"@type\":\"ReadAction\",\"target\":[\"https:\/\/volcanes.net\/?p=1778\"]}]},{\"@type\":\"ImageObject\",\"inLanguage\":\"es\",\"@id\":\"https:\/\/volcanes.net\/?p=1778#primaryimage\",\"url\":\"https:\/\/volcanes.net\/wp-content\/uploads\/2018\/03\/FOTO-3-Compromete-director-genera-de-Diconsa-Infraestructura-y-log\u00edstica-para-generar-mayor-impacto-social.jpg\",\"contentUrl\":\"https:\/\/volcanes.net\/wp-content\/uploads\/2018\/03\/FOTO-3-Compromete-director-genera-de-Diconsa-Infraestructura-y-log\u00edstica-para-generar-mayor-impacto-social.jpg\",\"width\":448,\"height\":299},{\"@type\":\"BreadcrumbList\",\"@id\":\"https:\/\/volcanes.net\/?p=1778#breadcrumb\",\"itemListElement\":[{\"@type\":\"ListItem\",\"position\":1,\"name\":\"Portada\",\"item\":\"https:\/\/volcanes.net\/\"},{\"@type\":\"ListItem\",\"position\":2,\"name\":\"Compromete director general de Diconsa infraestructura y log\u00edstica para generar mayor impacto social\"}]},{\"@type\":\"WebSite\",\"@id\":\"https:\/\/volcanes.net\/#website\",\"url\":\"https:\/\/volcanes.net\/\",\"name\":\"Volcanes.Net\",\"description\":\"Periodismo Profesional\",\"publisher\":{\"@id\":\"https:\/\/volcanes.net\/#organization\"},\"potentialAction\":[{\"@type\":\"SearchAction\",\"target\":{\"@type\":\"EntryPoint\",\"urlTemplate\":\"https:\/\/volcanes.net\/?s={search_term_string}\"},\"query-input\":{\"@type\":\"PropertyValueSpecification\",\"valueRequired\":true,\"valueName\":\"search_term_string\"}}],\"inLanguage\":\"es\"},{\"@type\":\"Organization\",\"@id\":\"https:\/\/volcanes.net\/#organization\",\"name\":\"Grupo Volcanes\",\"url\":\"https:\/\/volcanes.net\/\",\"logo\":{\"@type\":\"ImageObject\",\"inLanguage\":\"es\",\"@id\":\"https:\/\/volcanes.net\/#\/schema\/logo\/image\/\",\"url\":\"http:\/\/volcanes.net\/wp-content\/uploads\/2017\/12\/Avatar2.jpg\",\"contentUrl\":\"http:\/\/volcanes.net\/wp-content\/uploads\/2017\/12\/Avatar2.jpg\",\"width\":378,\"height\":378,\"caption\":\"Grupo Volcanes\"},\"image\":{\"@id\":\"https:\/\/volcanes.net\/#\/schema\/logo\/image\/\"},\"sameAs\":[\"https:\/\/www.facebook.com\/volcanes.net\/\"]},{\"@type\":\"Person\",\"@id\":\"https:\/\/volcanes.net\/#\/schema\/person\/4bf0f383940966a4abd53f5048c0e6b9\",\"name\":\"admin\",\"image\":{\"@type\":\"ImageObject\",\"inLanguage\":\"es\",\"@id\":\"https:\/\/volcanes.net\/#\/schema\/person\/image\/\",\"url\":\"https:\/\/secure.gravatar.com\/avatar\/ca004e6cba8462b8cb7abc86e382930c?s=96&d=mm&r=g\",\"contentUrl\":\"https:\/\/secure.gravatar.com\/avatar\/ca004e6cba8462b8cb7abc86e382930c?s=96&d=mm&r=g\",\"caption\":\"admin\"}}]}<\/script>\n<!-- \/ Yoast SEO plugin. -->","yoast_head_json":{"title":"Compromete director general de Diconsa infraestructura y log\u00edstica para generar mayor impacto social - Volcanes","robots":{"index":"index","follow":"follow","max-snippet":"max-snippet:-1","max-image-preview":"max-image-preview:large","max-video-preview":"max-video-preview:-1"},"canonical":"https:\/\/volcanes.net\/?p=1778","og_locale":"es_MX","og_type":"article","og_title":"Compromete director general de Diconsa infraestructura y log\u00edstica para generar mayor impacto social - Volcanes","og_description":"\u00b7\u00a0\u00a0\u00a0\u00a0\u00a0\u00a0\u00a0\u00a0\u00a0El Consejo de Administraci\u00f3n de la paraestatal ratific\u00f3 a Orlando Olgu\u00edn Miranda como titular de","og_url":"https:\/\/volcanes.net\/?p=1778","og_site_name":"Volcanes","article_publisher":"https:\/\/www.facebook.com\/volcanes.net\/","article_published_time":"2018-03-07T19:26:35+00:00","og_image":[{"width":448,"height":299,"url":"https:\/\/volcanes.net\/wp-content\/uploads\/2018\/03\/FOTO-3-Compromete-director-genera-de-Diconsa-Infraestructura-y-log\u00edstica-para-generar-mayor-impacto-social.jpg","type":"image\/jpeg"}],"author":"admin","twitter_card":"summary_large_image","twitter_misc":{"Escrito por":"admin","Tiempo de lectura":"2 minutos"},"schema":{"@context":"https:\/\/schema.org","@graph":[{"@type":"Article","@id":"https:\/\/volcanes.net\/?p=1778#article","isPartOf":{"@id":"https:\/\/volcanes.net\/?p=1778"},"author":{"name":"admin","@id":"https:\/\/volcanes.net\/#\/schema\/person\/4bf0f383940966a4abd53f5048c0e6b9"},"headline":"Compromete director general de Diconsa infraestructura y log\u00edstica para generar mayor impacto social","datePublished":"2018-03-07T19:26:35+00:00","mainEntityOfPage":{"@id":"https:\/\/volcanes.net\/?p=1778"},"wordCount":474,"commentCount":0,"publisher":{"@id":"https:\/\/volcanes.net\/#organization"},"image":{"@id":"https:\/\/volcanes.net\/?p=1778#primaryimage"},"thumbnailUrl":"https:\/\/volcanes.net\/wp-content\/uploads\/2018\/03\/FOTO-3-Compromete-director-genera-de-Diconsa-Infraestructura-y-log\u00edstica-para-generar-mayor-impacto-social.jpg","keywords":["Gobierno de la Rep\u00fablica","SEDESOL"],"articleSection":["Municipales"],"inLanguage":"es","potentialAction":[{"@type":"CommentAction","name":"Comment","target":["https:\/\/volcanes.net\/?p=1778#respond"]}]},{"@type":"WebPage","@id":"https:\/\/volcanes.net\/?p=1778","url":"https:\/\/volcanes.net\/?p=1778","name":"Compromete director general de Diconsa infraestructura y log\u00edstica para generar mayor impacto social - Volcanes","isPartOf":{"@id":"https:\/\/volcanes.net\/#website"},"primaryImageOfPage":{"@id":"https:\/\/volcanes.net\/?p=1778#primaryimage"},"image":{"@id":"https:\/\/volcanes.net\/?p=1778#primaryimage"},"thumbnailUrl":"https:\/\/volcanes.net\/wp-content\/uploads\/2018\/03\/FOTO-3-Compromete-director-genera-de-Diconsa-Infraestructura-y-log\u00edstica-para-generar-mayor-impacto-social.jpg","datePublished":"2018-03-07T19:26:35+00:00","breadcrumb":{"@id":"https:\/\/volcanes.net\/?p=1778#breadcrumb"},"inLanguage":"es","potentialAction":[{"@type":"ReadAction","target":["https:\/\/volcanes.net\/?p=1778"]}]},{"@type":"ImageObject","inLanguage":"es","@id":"https:\/\/volcanes.net\/?p=1778#primaryimage","url":"https:\/\/volcanes.net\/wp-content\/uploads\/2018\/03\/FOTO-3-Compromete-director-genera-de-Diconsa-Infraestructura-y-log\u00edstica-para-generar-mayor-impacto-social.jpg","contentUrl":"https:\/\/volcanes.net\/wp-content\/uploads\/2018\/03\/FOTO-3-Compromete-director-genera-de-Diconsa-Infraestructura-y-log\u00edstica-para-generar-mayor-impacto-social.jpg","width":448,"height":299},{"@type":"BreadcrumbList","@id":"https:\/\/volcanes.net\/?p=1778#breadcrumb","itemListElement":[{"@type":"ListItem","position":1,"name":"Portada","item":"https:\/\/volcanes.net\/"},{"@type":"ListItem","position":2,"name":"Compromete director general de Diconsa infraestructura y log\u00edstica para generar mayor impacto social"}]},{"@type":"WebSite","@id":"https:\/\/volcanes.net\/#website","url":"https:\/\/volcanes.net\/","name":"Volcanes.Net","description":"Periodismo Profesional","publisher":{"@id":"https:\/\/volcanes.net\/#organization"},"potentialAction":[{"@type":"SearchAction","target":{"@type":"EntryPoint","urlTemplate":"https:\/\/volcanes.net\/?s={search_term_string}"},"query-input":{"@type":"PropertyValueSpecification","valueRequired":true,"valueName":"search_term_string"}}],"inLanguage":"es"},{"@type":"Organization","@id":"https:\/\/volcanes.net\/#organization","name":"Grupo Volcanes","url":"https:\/\/volcanes.net\/","logo":{"@type":"ImageObject","inLanguage":"es","@id":"https:\/\/volcanes.net\/#\/schema\/logo\/image\/","url":"http:\/\/volcanes.net\/wp-content\/uploads\/2017\/12\/Avatar2.jpg","contentUrl":"http:\/\/volcanes.net\/wp-content\/uploads\/2017\/12\/Avatar2.jpg","width":378,"height":378,"caption":"Grupo Volcanes"},"image":{"@id":"https:\/\/volcanes.net\/#\/schema\/logo\/image\/"},"sameAs":["https:\/\/www.facebook.com\/volcanes.net\/"]},{"@type":"Person","@id":"https:\/\/volcanes.net\/#\/schema\/person\/4bf0f383940966a4abd53f5048c0e6b9","name":"admin","image":{"@type":"ImageObject","inLanguage":"es","@id":"https:\/\/volcanes.net\/#\/schema\/person\/image\/","url":"https:\/\/secure.gravatar.com\/avatar\/ca004e6cba8462b8cb7abc86e382930c?s=96&d=mm&r=g","contentUrl":"https:\/\/secure.gravatar.com\/avatar\/ca004e6cba8462b8cb7abc86e382930c?s=96&d=mm&r=g","caption":"admin"}}]}},"_links":{"self":[{"href":"https:\/\/volcanes.net\/index.php?rest_route=\/wp\/v2\/posts\/1778"}],"collection":[{"href":"https:\/\/volcanes.net\/index.php?rest_route=\/wp\/v2\/posts"}],"about":[{"href":"https:\/\/volcanes.net\/index.php?rest_route=\/wp\/v2\/types\/post"}],"author":[{"embeddable":true,"href":"https:\/\/volcanes.net\/index.php?rest_route=\/wp\/v2\/users\/1"}],"replies":[{"embeddable":true,"href":"https:\/\/volcanes.net\/index.php?rest_route=%2Fwp%2Fv2%2Fcomments&post=1778"}],"version-history":[{"count":1,"href":"https:\/\/volcanes.net\/index.php?rest_route=\/wp\/v2\/posts\/1778\/revisions"}],"predecessor-version":[{"id":1780,"href":"https:\/\/volcanes.net\/index.php?rest_route=\/wp\/v2\/posts\/1778\/revisions\/1780"}],"wp:featuredmedia":[{"embeddable":true,"href":"https:\/\/volcanes.net\/index.php?rest_route=\/wp\/v2\/media\/1779"}],"wp:attachment":[{"href":"https:\/\/volcanes.net\/index.php?rest_route=%2Fwp%2Fv2%2Fmedia&parent=1778"}],"wp:term":[{"taxonomy":"category","embeddable":true,"href":"https:\/\/volcanes.net\/index.php?rest_route=%2Fwp%2Fv2%2Fcategories&post=1778"},{"taxonomy":"post_tag","embeddable":true,"href":"https:\/\/volcanes.net\/index.php?rest_route=%2Fwp%2Fv2%2Ftags&post=1778"}],"curies":[{"name":"wp","href":"https:\/\/api.w.org\/{rel}","templated":true}]}}