{"id":1789,"date":"2018-03-11T02:35:54","date_gmt":"2018-03-11T02:35:54","guid":{"rendered":"http:\/\/volcanes.net\/?p=1789"},"modified":"2018-03-11T02:35:55","modified_gmt":"2018-03-11T02:35:55","slug":"la-secretaria-de-cultura-presento-la-noche-de-museos","status":"publish","type":"post","link":"https:\/\/volcanes.net\/?p=1789","title":{"rendered":"La Secretar\u00eda de Cultura present\u00f3 la Noche de Museos"},"content":{"rendered":"<div style=\"margin-top: 0px; margin-bottom: 0px;\" class=\"sharethis-inline-share-buttons\" ><\/div><div dir=\"auto\">Como cada mes, la Secretar\u00eda de Cultura present\u00f3 la Noche de Museos, que tuvo lugar en el Centro Cultural Mexiquense y en esta ocasi\u00f3n, las actividades estuvieron relacionadas con la conmemoraci\u00f3n del D\u00eda Internacional de la Mujer.<\/div>\n<div dir=\"auto\"><\/div>\n<div dir=\"auto\">A partir de las 17:00 horas, las instalaciones del Museo de Antropolog\u00eda e Historia recibieron a las familias, que participaron en los talleres de elaboraci\u00f3n de calendarios prehisp\u00e1nicos y de tapetes hechos en papel.<\/div>\n<div dir=\"auto\"><\/div>\n<div dir=\"auto\">Paralelamente. las exposiciones \u201cLos grupos originarios vistos por los ni\u00f1os\u201d y \u201cLenguaje en la indumentaria femenina. Arte textil mazahua\u201d, abrieron sus puertas al p\u00fablico, que disfrut\u00f3 este homenaje a los grupos \u00e9tnicos.<\/div>\n<div dir=\"auto\"><\/div>\n<div dir=\"auto\">M\u00e1s tarde, en el \u00e1gora del mismo museo, se present\u00f3 el grupo de danza otom\u00ed ChimareKu, con un espect\u00e1culo pensado especialmente para destacar la figura de la mujer.<\/div>\n<div dir=\"auto\"><\/div>\n<div dir=\"auto\">\u201cEl alma de los muertos, entre luces y sombras\u201d es la exposici\u00f3n fotogr\u00e1fica que ocupa los pasillos del Museo de Antropolog\u00eda, cuyo recorrido fue encabezado por Gabriela Goldsmith, Presidenta de la Fundaci\u00f3n C\u00f3digo Ayuda, A.C. y en la cual los visitantes pueden apreciar el trabajo de j\u00f3venes beneficiados por esta fundaci\u00f3n.<\/div>\n<div dir=\"auto\"><\/div>\n<div dir=\"auto\">Adem\u00e1s, en el Archivo Hist\u00f3rico del Estado de M\u00e9xico y en la Biblioteca P\u00fablica Central Estatal, se impartieron talleres de manualidades para ni\u00f1as y ni\u00f1os, al tiempo de fomentar el h\u00e1bito de la lectura a trav\u00e9s de los cuentacuentos.<\/div>\n<div dir=\"auto\"><\/div>\n<div dir=\"auto\">Y en el Museo de Culturas Populares tuvo lugar una convivencia con grupos de rock, conformados en los a\u00f1os 60s y 70s.<\/div>\n<div dir=\"auto\"><\/div>\n<div dir=\"auto\">Para conocer la programaci\u00f3n de las Noches de Museos se puede consultar la cartelera en el sitio oficial de la\u00a0 Secretar\u00eda de Cultura: cultura.edomex,<a href=\"http:\/\/gob.mx\/\" target=\"_blank\" rel=\"noopener\">gob.mx<\/a>.<\/div>\n","protected":false},"excerpt":{"rendered":"<p>Como cada mes, la Secretar\u00eda de Cultura present\u00f3 la Noche de Museos, que tuvo lugar<\/p>\n","protected":false},"author":1,"featured_media":1790,"comment_status":"open","ping_status":"open","sticky":false,"template":"","format":"standard","meta":{"footnotes":""},"categories":[1],"tags":[4],"class_list":["post-1789","post","type-post","status-publish","format-standard","has-post-thumbnail","hentry","category-municipales","tag-gobierno-del-estado-de-mexico"],"yoast_head":"<!-- This site is optimized with the Yoast SEO plugin v25.3 - https:\/\/yoast.com\/wordpress\/plugins\/seo\/ -->\n<title>La Secretar\u00eda de Cultura present\u00f3 la Noche de Museos - Volcanes<\/title>\n<meta name=\"robots\" content=\"index, follow, max-snippet:-1, max-image-preview:large, max-video-preview:-1\" \/>\n<link rel=\"canonical\" href=\"https:\/\/volcanes.net\/?p=1789\" \/>\n<meta property=\"og:locale\" content=\"es_MX\" \/>\n<meta property=\"og:type\" content=\"article\" \/>\n<meta property=\"og:title\" content=\"La Secretar\u00eda de Cultura present\u00f3 la Noche de Museos - Volcanes\" \/>\n<meta property=\"og:description\" content=\"Como cada mes, la Secretar\u00eda de Cultura present\u00f3 la Noche de Museos, que tuvo lugar\" \/>\n<meta property=\"og:url\" content=\"https:\/\/volcanes.net\/?p=1789\" \/>\n<meta property=\"og:site_name\" content=\"Volcanes\" \/>\n<meta property=\"article:publisher\" content=\"https:\/\/www.facebook.com\/volcanes.net\/\" \/>\n<meta property=\"article:published_time\" content=\"2018-03-11T02:35:54+00:00\" \/>\n<meta property=\"article:modified_time\" content=\"2018-03-11T02:35:55+00:00\" \/>\n<meta property=\"og:image\" content=\"https:\/\/volcanes.net\/wp-content\/uploads\/2018\/03\/13701158_611677045666995_7066872872577392351_o.jpg\" \/>\n\t<meta property=\"og:image:width\" content=\"325\" \/>\n\t<meta property=\"og:image:height\" content=\"244\" \/>\n\t<meta property=\"og:image:type\" content=\"image\/jpeg\" \/>\n<meta name=\"author\" content=\"admin\" \/>\n<meta name=\"twitter:card\" content=\"summary_large_image\" \/>\n<meta name=\"twitter:label1\" content=\"Escrito por\" \/>\n\t<meta name=\"twitter:data1\" content=\"admin\" \/>\n\t<meta name=\"twitter:label2\" content=\"Tiempo de lectura\" \/>\n\t<meta name=\"twitter:data2\" content=\"1 minuto\" \/>\n<script type=\"application\/ld+json\" class=\"yoast-schema-graph\">{\"@context\":\"https:\/\/schema.org\",\"@graph\":[{\"@type\":\"Article\",\"@id\":\"https:\/\/volcanes.net\/?p=1789#article\",\"isPartOf\":{\"@id\":\"https:\/\/volcanes.net\/?p=1789\"},\"author\":{\"name\":\"admin\",\"@id\":\"https:\/\/volcanes.net\/#\/schema\/person\/4bf0f383940966a4abd53f5048c0e6b9\"},\"headline\":\"La Secretar\u00eda de Cultura present\u00f3 la Noche de Museos\",\"datePublished\":\"2018-03-11T02:35:54+00:00\",\"dateModified\":\"2018-03-11T02:35:55+00:00\",\"mainEntityOfPage\":{\"@id\":\"https:\/\/volcanes.net\/?p=1789\"},\"wordCount\":309,\"commentCount\":0,\"publisher\":{\"@id\":\"https:\/\/volcanes.net\/#organization\"},\"image\":{\"@id\":\"https:\/\/volcanes.net\/?p=1789#primaryimage\"},\"thumbnailUrl\":\"https:\/\/volcanes.net\/wp-content\/uploads\/2018\/03\/13701158_611677045666995_7066872872577392351_o.jpg\",\"keywords\":[\"Gobierno del Estado de M\u00e9xico\"],\"articleSection\":[\"Municipales\"],\"inLanguage\":\"es\",\"potentialAction\":[{\"@type\":\"CommentAction\",\"name\":\"Comment\",\"target\":[\"https:\/\/volcanes.net\/?p=1789#respond\"]}]},{\"@type\":\"WebPage\",\"@id\":\"https:\/\/volcanes.net\/?p=1789\",\"url\":\"https:\/\/volcanes.net\/?p=1789\",\"name\":\"La Secretar\u00eda de Cultura present\u00f3 la Noche de Museos - Volcanes\",\"isPartOf\":{\"@id\":\"https:\/\/volcanes.net\/#website\"},\"primaryImageOfPage\":{\"@id\":\"https:\/\/volcanes.net\/?p=1789#primaryimage\"},\"image\":{\"@id\":\"https:\/\/volcanes.net\/?p=1789#primaryimage\"},\"thumbnailUrl\":\"https:\/\/volcanes.net\/wp-content\/uploads\/2018\/03\/13701158_611677045666995_7066872872577392351_o.jpg\",\"datePublished\":\"2018-03-11T02:35:54+00:00\",\"dateModified\":\"2018-03-11T02:35:55+00:00\",\"breadcrumb\":{\"@id\":\"https:\/\/volcanes.net\/?p=1789#breadcrumb\"},\"inLanguage\":\"es\",\"potentialAction\":[{\"@type\":\"ReadAction\",\"target\":[\"https:\/\/volcanes.net\/?p=1789\"]}]},{\"@type\":\"ImageObject\",\"inLanguage\":\"es\",\"@id\":\"https:\/\/volcanes.net\/?p=1789#primaryimage\",\"url\":\"https:\/\/volcanes.net\/wp-content\/uploads\/2018\/03\/13701158_611677045666995_7066872872577392351_o.jpg\",\"contentUrl\":\"https:\/\/volcanes.net\/wp-content\/uploads\/2018\/03\/13701158_611677045666995_7066872872577392351_o.jpg\",\"width\":325,\"height\":244},{\"@type\":\"BreadcrumbList\",\"@id\":\"https:\/\/volcanes.net\/?p=1789#breadcrumb\",\"itemListElement\":[{\"@type\":\"ListItem\",\"position\":1,\"name\":\"Portada\",\"item\":\"https:\/\/volcanes.net\/\"},{\"@type\":\"ListItem\",\"position\":2,\"name\":\"La Secretar\u00eda de Cultura present\u00f3 la Noche de Museos\"}]},{\"@type\":\"WebSite\",\"@id\":\"https:\/\/volcanes.net\/#website\",\"url\":\"https:\/\/volcanes.net\/\",\"name\":\"Volcanes.Net\",\"description\":\"Periodismo Profesional\",\"publisher\":{\"@id\":\"https:\/\/volcanes.net\/#organization\"},\"potentialAction\":[{\"@type\":\"SearchAction\",\"target\":{\"@type\":\"EntryPoint\",\"urlTemplate\":\"https:\/\/volcanes.net\/?s={search_term_string}\"},\"query-input\":{\"@type\":\"PropertyValueSpecification\",\"valueRequired\":true,\"valueName\":\"search_term_string\"}}],\"inLanguage\":\"es\"},{\"@type\":\"Organization\",\"@id\":\"https:\/\/volcanes.net\/#organization\",\"name\":\"Grupo Volcanes\",\"url\":\"https:\/\/volcanes.net\/\",\"logo\":{\"@type\":\"ImageObject\",\"inLanguage\":\"es\",\"@id\":\"https:\/\/volcanes.net\/#\/schema\/logo\/image\/\",\"url\":\"http:\/\/volcanes.net\/wp-content\/uploads\/2017\/12\/Avatar2.jpg\",\"contentUrl\":\"http:\/\/volcanes.net\/wp-content\/uploads\/2017\/12\/Avatar2.jpg\",\"width\":378,\"height\":378,\"caption\":\"Grupo Volcanes\"},\"image\":{\"@id\":\"https:\/\/volcanes.net\/#\/schema\/logo\/image\/\"},\"sameAs\":[\"https:\/\/www.facebook.com\/volcanes.net\/\"]},{\"@type\":\"Person\",\"@id\":\"https:\/\/volcanes.net\/#\/schema\/person\/4bf0f383940966a4abd53f5048c0e6b9\",\"name\":\"admin\",\"image\":{\"@type\":\"ImageObject\",\"inLanguage\":\"es\",\"@id\":\"https:\/\/volcanes.net\/#\/schema\/person\/image\/\",\"url\":\"https:\/\/secure.gravatar.com\/avatar\/ca004e6cba8462b8cb7abc86e382930c?s=96&d=mm&r=g\",\"contentUrl\":\"https:\/\/secure.gravatar.com\/avatar\/ca004e6cba8462b8cb7abc86e382930c?s=96&d=mm&r=g\",\"caption\":\"admin\"}}]}<\/script>\n<!-- \/ Yoast SEO plugin. -->","yoast_head_json":{"title":"La Secretar\u00eda de Cultura present\u00f3 la Noche de Museos - Volcanes","robots":{"index":"index","follow":"follow","max-snippet":"max-snippet:-1","max-image-preview":"max-image-preview:large","max-video-preview":"max-video-preview:-1"},"canonical":"https:\/\/volcanes.net\/?p=1789","og_locale":"es_MX","og_type":"article","og_title":"La Secretar\u00eda de Cultura present\u00f3 la Noche de Museos - Volcanes","og_description":"Como cada mes, la Secretar\u00eda de Cultura present\u00f3 la Noche de Museos, que tuvo lugar","og_url":"https:\/\/volcanes.net\/?p=1789","og_site_name":"Volcanes","article_publisher":"https:\/\/www.facebook.com\/volcanes.net\/","article_published_time":"2018-03-11T02:35:54+00:00","article_modified_time":"2018-03-11T02:35:55+00:00","og_image":[{"width":325,"height":244,"url":"https:\/\/volcanes.net\/wp-content\/uploads\/2018\/03\/13701158_611677045666995_7066872872577392351_o.jpg","type":"image\/jpeg"}],"author":"admin","twitter_card":"summary_large_image","twitter_misc":{"Escrito por":"admin","Tiempo de lectura":"1 minuto"},"schema":{"@context":"https:\/\/schema.org","@graph":[{"@type":"Article","@id":"https:\/\/volcanes.net\/?p=1789#article","isPartOf":{"@id":"https:\/\/volcanes.net\/?p=1789"},"author":{"name":"admin","@id":"https:\/\/volcanes.net\/#\/schema\/person\/4bf0f383940966a4abd53f5048c0e6b9"},"headline":"La Secretar\u00eda de Cultura present\u00f3 la Noche de Museos","datePublished":"2018-03-11T02:35:54+00:00","dateModified":"2018-03-11T02:35:55+00:00","mainEntityOfPage":{"@id":"https:\/\/volcanes.net\/?p=1789"},"wordCount":309,"commentCount":0,"publisher":{"@id":"https:\/\/volcanes.net\/#organization"},"image":{"@id":"https:\/\/volcanes.net\/?p=1789#primaryimage"},"thumbnailUrl":"https:\/\/volcanes.net\/wp-content\/uploads\/2018\/03\/13701158_611677045666995_7066872872577392351_o.jpg","keywords":["Gobierno del Estado de M\u00e9xico"],"articleSection":["Municipales"],"inLanguage":"es","potentialAction":[{"@type":"CommentAction","name":"Comment","target":["https:\/\/volcanes.net\/?p=1789#respond"]}]},{"@type":"WebPage","@id":"https:\/\/volcanes.net\/?p=1789","url":"https:\/\/volcanes.net\/?p=1789","name":"La Secretar\u00eda de Cultura present\u00f3 la Noche de Museos - Volcanes","isPartOf":{"@id":"https:\/\/volcanes.net\/#website"},"primaryImageOfPage":{"@id":"https:\/\/volcanes.net\/?p=1789#primaryimage"},"image":{"@id":"https:\/\/volcanes.net\/?p=1789#primaryimage"},"thumbnailUrl":"https:\/\/volcanes.net\/wp-content\/uploads\/2018\/03\/13701158_611677045666995_7066872872577392351_o.jpg","datePublished":"2018-03-11T02:35:54+00:00","dateModified":"2018-03-11T02:35:55+00:00","breadcrumb":{"@id":"https:\/\/volcanes.net\/?p=1789#breadcrumb"},"inLanguage":"es","potentialAction":[{"@type":"ReadAction","target":["https:\/\/volcanes.net\/?p=1789"]}]},{"@type":"ImageObject","inLanguage":"es","@id":"https:\/\/volcanes.net\/?p=1789#primaryimage","url":"https:\/\/volcanes.net\/wp-content\/uploads\/2018\/03\/13701158_611677045666995_7066872872577392351_o.jpg","contentUrl":"https:\/\/volcanes.net\/wp-content\/uploads\/2018\/03\/13701158_611677045666995_7066872872577392351_o.jpg","width":325,"height":244},{"@type":"BreadcrumbList","@id":"https:\/\/volcanes.net\/?p=1789#breadcrumb","itemListElement":[{"@type":"ListItem","position":1,"name":"Portada","item":"https:\/\/volcanes.net\/"},{"@type":"ListItem","position":2,"name":"La Secretar\u00eda de Cultura present\u00f3 la Noche de Museos"}]},{"@type":"WebSite","@id":"https:\/\/volcanes.net\/#website","url":"https:\/\/volcanes.net\/","name":"Volcanes.Net","description":"Periodismo Profesional","publisher":{"@id":"https:\/\/volcanes.net\/#organization"},"potentialAction":[{"@type":"SearchAction","target":{"@type":"EntryPoint","urlTemplate":"https:\/\/volcanes.net\/?s={search_term_string}"},"query-input":{"@type":"PropertyValueSpecification","valueRequired":true,"valueName":"search_term_string"}}],"inLanguage":"es"},{"@type":"Organization","@id":"https:\/\/volcanes.net\/#organization","name":"Grupo Volcanes","url":"https:\/\/volcanes.net\/","logo":{"@type":"ImageObject","inLanguage":"es","@id":"https:\/\/volcanes.net\/#\/schema\/logo\/image\/","url":"http:\/\/volcanes.net\/wp-content\/uploads\/2017\/12\/Avatar2.jpg","contentUrl":"http:\/\/volcanes.net\/wp-content\/uploads\/2017\/12\/Avatar2.jpg","width":378,"height":378,"caption":"Grupo Volcanes"},"image":{"@id":"https:\/\/volcanes.net\/#\/schema\/logo\/image\/"},"sameAs":["https:\/\/www.facebook.com\/volcanes.net\/"]},{"@type":"Person","@id":"https:\/\/volcanes.net\/#\/schema\/person\/4bf0f383940966a4abd53f5048c0e6b9","name":"admin","image":{"@type":"ImageObject","inLanguage":"es","@id":"https:\/\/volcanes.net\/#\/schema\/person\/image\/","url":"https:\/\/secure.gravatar.com\/avatar\/ca004e6cba8462b8cb7abc86e382930c?s=96&d=mm&r=g","contentUrl":"https:\/\/secure.gravatar.com\/avatar\/ca004e6cba8462b8cb7abc86e382930c?s=96&d=mm&r=g","caption":"admin"}}]}},"_links":{"self":[{"href":"https:\/\/volcanes.net\/index.php?rest_route=\/wp\/v2\/posts\/1789"}],"collection":[{"href":"https:\/\/volcanes.net\/index.php?rest_route=\/wp\/v2\/posts"}],"about":[{"href":"https:\/\/volcanes.net\/index.php?rest_route=\/wp\/v2\/types\/post"}],"author":[{"embeddable":true,"href":"https:\/\/volcanes.net\/index.php?rest_route=\/wp\/v2\/users\/1"}],"replies":[{"embeddable":true,"href":"https:\/\/volcanes.net\/index.php?rest_route=%2Fwp%2Fv2%2Fcomments&post=1789"}],"version-history":[{"count":1,"href":"https:\/\/volcanes.net\/index.php?rest_route=\/wp\/v2\/posts\/1789\/revisions"}],"predecessor-version":[{"id":1791,"href":"https:\/\/volcanes.net\/index.php?rest_route=\/wp\/v2\/posts\/1789\/revisions\/1791"}],"wp:featuredmedia":[{"embeddable":true,"href":"https:\/\/volcanes.net\/index.php?rest_route=\/wp\/v2\/media\/1790"}],"wp:attachment":[{"href":"https:\/\/volcanes.net\/index.php?rest_route=%2Fwp%2Fv2%2Fmedia&parent=1789"}],"wp:term":[{"taxonomy":"category","embeddable":true,"href":"https:\/\/volcanes.net\/index.php?rest_route=%2Fwp%2Fv2%2Fcategories&post=1789"},{"taxonomy":"post_tag","embeddable":true,"href":"https:\/\/volcanes.net\/index.php?rest_route=%2Fwp%2Fv2%2Ftags&post=1789"}],"curies":[{"name":"wp","href":"https:\/\/api.w.org\/{rel}","templated":true}]}}