{"id":1795,"date":"2018-03-11T02:40:11","date_gmt":"2018-03-11T02:40:11","guid":{"rendered":"http:\/\/volcanes.net\/?p=1795"},"modified":"2018-03-11T02:40:11","modified_gmt":"2018-03-11T02:40:11","slug":"estrategia-nacional-de-inclusion-la-mejor-herramienta-para-abatir-carencias-sociales-en-el-pais-eviel-perez-magana","status":"publish","type":"post","link":"https:\/\/volcanes.net\/?p=1795","title":{"rendered":"Estrategia Nacional de Inclusi\u00f3n, la mejor herramienta para abatir carencias sociales en el pa\u00eds: Eviel P\u00e9rez Maga\u00f1a"},"content":{"rendered":"<div style=\"margin-top: 0px; margin-bottom: 0px;\" class=\"sharethis-inline-share-buttons\" ><\/div><p style=\"font-weight: 400\">\n<ul>\n<li style=\"font-weight: 400\"><em>El titular de la Sedesol inform\u00f3 que se destinar\u00e1n 4 mil 700 millones de pesos en Tabasco para impulsar el desarrollo social<\/em><\/li>\n<\/ul>\n<p style=\"font-weight: 400\"><strong>\u00a0<\/strong><\/p>\n<p style=\"font-weight: 400\">El secretario de Desarrollo Social, Eviel P\u00e9rez Maga\u00f1a, asegur\u00f3 que los tres \u00f3rdenes de gobierno suman esfuerzos y capacidades institucionales con el prop\u00f3sito de ampliar las condiciones de bienestar en cada rinc\u00f3n del pa\u00eds.<\/p>\n<p style=\"font-weight: 400\">\n<p style=\"font-weight: 400\">Al realizar una gira de trabajo por Tabasco, el titular de la Secretar\u00eda de Desarrollo Social (Sedesol) precis\u00f3 que la coordinaci\u00f3n de esfuerzos de cada \u00e1mbito gubernamental\u00a0\u00a0tiene un s\u00f3lo objetivo: que las familias y comunidades del pa\u00eds les vaya bien; que elevemos su calidad de vida y podamos forjar un futuro promisorio.<\/p>\n<p style=\"font-weight: 400\">\n<p style=\"font-weight: 400\">De ah\u00ed, dijo, la gran importancia de la Estrategia Nacional de Inclusi\u00f3n (ENI), que se ha convertido en el espacio para afianzar la coordinaci\u00f3n y el trabajo corresponsable entre las autoridades encargadas de implementar los diversos programas en beneficio de las personas en condici\u00f3n de vulnerabilidad.<\/p>\n<p style=\"font-weight: 400\">\n<p style=\"font-weight: 400\">\u201cSe trata de que tengamos siempre claridad en los objetivos, realicemos un seguimiento puntual de los avances, y evaluemos de manera permanente en d\u00f3nde estamos y qu\u00e9 falta por hacer para seguir cerrando brechas y reduciendo la desigualdad\u201d, puntualiz\u00f3.<\/p>\n<p style=\"font-weight: 400\">\n<p style=\"font-weight: 400\">P\u00e9rez Maga\u00f1a indic\u00f3 que este a\u00f1o se han invertido, a nivel federal, 4 mil 700 millones de pesos en Tabasco; adem\u00e1s, el Fondo de Aportaciones para la Infraestructura Social (FAIS), que ha destinado mil 500 millones de pesos.<\/p>\n<p style=\"font-weight: 400\">\n<p style=\"font-weight: 400\">Record\u00f3 que 4 de cada 10 personas son beneficiarias de alg\u00fan programa de la Sedesol; 3 de cada 10 son beneficiarias de Prospera; 2 de cada 10 est\u00e1n afiliadas al Seguro de Vida para Jefas de Familia y 8 de cada 10 personas reciben el Programa de Pensi\u00f3n para Adultos Mayores.<\/p>\n<p style=\"font-weight: 400\">\n<p style=\"font-weight: 400\">Ante nuevos vocales de Prospera en la entidad, el secretario de Desarrollo Social, asegur\u00f3 que no son s\u00f3lo aliados, sino protagonistas indispensables en la tarea de ponerle punto final a la desigualdad y consolidar un pa\u00eds m\u00e1s justo.<\/p>\n<p style=\"font-weight: 400\">\n<p style=\"font-weight: 400\">\u201cNo existen f\u00f3rmulas m\u00e1gicas, la prosperidad es producto del esfuerzo. No con discursos, sino con acciones concretas seguiremos construyendo un mejor pa\u00eds\u201d, dijo.<\/p>\n<p style=\"font-weight: 400\">\n<p style=\"font-weight: 400\">Por su parte, el gobernador del estado, Arturo N\u00fa\u00f1ez Jim\u00e9nez, reconoci\u00f3 el apoyo que el gobierno de la Rep\u00fablica brinda a las familias tabasque\u00f1as que m\u00e1s lo necesitan a trav\u00e9s de varios programas que han contribuido a reducir carencias en los \u00e1mbitos de alimentaci\u00f3n, salud y educaci\u00f3n.<\/p>\n<p style=\"font-weight: 400\">\n<p style=\"font-weight: 400\">Afirm\u00f3 que el esfuerzo que realizan las personas por mejorar su condici\u00f3n de vida, sumado al trabajo coordinado de las autoridades, se podr\u00e1 combatir de manera eficaz a la pobreza en nuestro pa\u00eds.<\/p>\n","protected":false},"excerpt":{"rendered":"<p>El titular de la Sedesol inform\u00f3 que se destinar\u00e1n 4 mil 700 millones de pesos<\/p>\n","protected":false},"author":1,"featured_media":1796,"comment_status":"open","ping_status":"open","sticky":false,"template":"","format":"standard","meta":{"footnotes":""},"categories":[1],"tags":[33],"class_list":["post-1795","post","type-post","status-publish","format-standard","has-post-thumbnail","hentry","category-municipales","tag-sedesol"],"yoast_head":"<!-- This site is optimized with the Yoast SEO plugin v25.3 - https:\/\/yoast.com\/wordpress\/plugins\/seo\/ -->\n<title>Estrategia Nacional de Inclusi\u00f3n, la mejor herramienta para abatir carencias sociales en el pa\u00eds: Eviel P\u00e9rez Maga\u00f1a - Volcanes<\/title>\n<meta name=\"robots\" content=\"index, follow, max-snippet:-1, max-image-preview:large, max-video-preview:-1\" \/>\n<link rel=\"canonical\" href=\"https:\/\/volcanes.net\/?p=1795\" \/>\n<meta property=\"og:locale\" content=\"es_MX\" \/>\n<meta property=\"og:type\" content=\"article\" \/>\n<meta property=\"og:title\" content=\"Estrategia Nacional de Inclusi\u00f3n, la mejor herramienta para abatir carencias sociales en el pa\u00eds: Eviel P\u00e9rez Maga\u00f1a - Volcanes\" \/>\n<meta property=\"og:description\" content=\"El titular de la Sedesol inform\u00f3 que se destinar\u00e1n 4 mil 700 millones de pesos\" \/>\n<meta property=\"og:url\" content=\"https:\/\/volcanes.net\/?p=1795\" \/>\n<meta property=\"og:site_name\" content=\"Volcanes\" \/>\n<meta property=\"article:publisher\" content=\"https:\/\/www.facebook.com\/volcanes.net\/\" \/>\n<meta property=\"article:published_time\" content=\"2018-03-11T02:40:11+00:00\" \/>\n<meta property=\"og:image\" content=\"https:\/\/volcanes.net\/wp-content\/uploads\/2018\/03\/FOTO-4-Estrategia-Nacional-de-Inclusi\u00f3n-la-mejor-herramienta-para-abatir-carencias-sociales-en-el-pa\u00eds-Eviel-P\u00e9rez-Maga\u00f1a.jpg\" \/>\n\t<meta property=\"og:image:width\" content=\"448\" \/>\n\t<meta property=\"og:image:height\" content=\"299\" \/>\n\t<meta property=\"og:image:type\" content=\"image\/jpeg\" \/>\n<meta name=\"author\" content=\"admin\" \/>\n<meta name=\"twitter:card\" content=\"summary_large_image\" \/>\n<meta name=\"twitter:label1\" content=\"Escrito por\" \/>\n\t<meta name=\"twitter:data1\" content=\"admin\" \/>\n\t<meta name=\"twitter:label2\" content=\"Tiempo de lectura\" \/>\n\t<meta name=\"twitter:data2\" content=\"2 minutos\" \/>\n<script type=\"application\/ld+json\" class=\"yoast-schema-graph\">{\"@context\":\"https:\/\/schema.org\",\"@graph\":[{\"@type\":\"Article\",\"@id\":\"https:\/\/volcanes.net\/?p=1795#article\",\"isPartOf\":{\"@id\":\"https:\/\/volcanes.net\/?p=1795\"},\"author\":{\"name\":\"admin\",\"@id\":\"https:\/\/volcanes.net\/#\/schema\/person\/4bf0f383940966a4abd53f5048c0e6b9\"},\"headline\":\"Estrategia Nacional de Inclusi\u00f3n, la mejor herramienta para abatir carencias sociales en el pa\u00eds: Eviel P\u00e9rez Maga\u00f1a\",\"datePublished\":\"2018-03-11T02:40:11+00:00\",\"mainEntityOfPage\":{\"@id\":\"https:\/\/volcanes.net\/?p=1795\"},\"wordCount\":469,\"commentCount\":0,\"publisher\":{\"@id\":\"https:\/\/volcanes.net\/#organization\"},\"image\":{\"@id\":\"https:\/\/volcanes.net\/?p=1795#primaryimage\"},\"thumbnailUrl\":\"https:\/\/volcanes.net\/wp-content\/uploads\/2018\/03\/FOTO-4-Estrategia-Nacional-de-Inclusi\u00f3n-la-mejor-herramienta-para-abatir-carencias-sociales-en-el-pa\u00eds-Eviel-P\u00e9rez-Maga\u00f1a.jpg\",\"keywords\":[\"SEDESOL\"],\"articleSection\":[\"Municipales\"],\"inLanguage\":\"es\",\"potentialAction\":[{\"@type\":\"CommentAction\",\"name\":\"Comment\",\"target\":[\"https:\/\/volcanes.net\/?p=1795#respond\"]}]},{\"@type\":\"WebPage\",\"@id\":\"https:\/\/volcanes.net\/?p=1795\",\"url\":\"https:\/\/volcanes.net\/?p=1795\",\"name\":\"Estrategia Nacional de Inclusi\u00f3n, la mejor herramienta para abatir carencias sociales en el pa\u00eds: Eviel P\u00e9rez Maga\u00f1a - Volcanes\",\"isPartOf\":{\"@id\":\"https:\/\/volcanes.net\/#website\"},\"primaryImageOfPage\":{\"@id\":\"https:\/\/volcanes.net\/?p=1795#primaryimage\"},\"image\":{\"@id\":\"https:\/\/volcanes.net\/?p=1795#primaryimage\"},\"thumbnailUrl\":\"https:\/\/volcanes.net\/wp-content\/uploads\/2018\/03\/FOTO-4-Estrategia-Nacional-de-Inclusi\u00f3n-la-mejor-herramienta-para-abatir-carencias-sociales-en-el-pa\u00eds-Eviel-P\u00e9rez-Maga\u00f1a.jpg\",\"datePublished\":\"2018-03-11T02:40:11+00:00\",\"breadcrumb\":{\"@id\":\"https:\/\/volcanes.net\/?p=1795#breadcrumb\"},\"inLanguage\":\"es\",\"potentialAction\":[{\"@type\":\"ReadAction\",\"target\":[\"https:\/\/volcanes.net\/?p=1795\"]}]},{\"@type\":\"ImageObject\",\"inLanguage\":\"es\",\"@id\":\"https:\/\/volcanes.net\/?p=1795#primaryimage\",\"url\":\"https:\/\/volcanes.net\/wp-content\/uploads\/2018\/03\/FOTO-4-Estrategia-Nacional-de-Inclusi\u00f3n-la-mejor-herramienta-para-abatir-carencias-sociales-en-el-pa\u00eds-Eviel-P\u00e9rez-Maga\u00f1a.jpg\",\"contentUrl\":\"https:\/\/volcanes.net\/wp-content\/uploads\/2018\/03\/FOTO-4-Estrategia-Nacional-de-Inclusi\u00f3n-la-mejor-herramienta-para-abatir-carencias-sociales-en-el-pa\u00eds-Eviel-P\u00e9rez-Maga\u00f1a.jpg\",\"width\":448,\"height\":299},{\"@type\":\"BreadcrumbList\",\"@id\":\"https:\/\/volcanes.net\/?p=1795#breadcrumb\",\"itemListElement\":[{\"@type\":\"ListItem\",\"position\":1,\"name\":\"Portada\",\"item\":\"https:\/\/volcanes.net\/\"},{\"@type\":\"ListItem\",\"position\":2,\"name\":\"Estrategia Nacional de Inclusi\u00f3n, la mejor herramienta para abatir carencias sociales en el pa\u00eds: Eviel P\u00e9rez Maga\u00f1a\"}]},{\"@type\":\"WebSite\",\"@id\":\"https:\/\/volcanes.net\/#website\",\"url\":\"https:\/\/volcanes.net\/\",\"name\":\"Volcanes.Net\",\"description\":\"Periodismo Profesional\",\"publisher\":{\"@id\":\"https:\/\/volcanes.net\/#organization\"},\"potentialAction\":[{\"@type\":\"SearchAction\",\"target\":{\"@type\":\"EntryPoint\",\"urlTemplate\":\"https:\/\/volcanes.net\/?s={search_term_string}\"},\"query-input\":{\"@type\":\"PropertyValueSpecification\",\"valueRequired\":true,\"valueName\":\"search_term_string\"}}],\"inLanguage\":\"es\"},{\"@type\":\"Organization\",\"@id\":\"https:\/\/volcanes.net\/#organization\",\"name\":\"Grupo Volcanes\",\"url\":\"https:\/\/volcanes.net\/\",\"logo\":{\"@type\":\"ImageObject\",\"inLanguage\":\"es\",\"@id\":\"https:\/\/volcanes.net\/#\/schema\/logo\/image\/\",\"url\":\"http:\/\/volcanes.net\/wp-content\/uploads\/2017\/12\/Avatar2.jpg\",\"contentUrl\":\"http:\/\/volcanes.net\/wp-content\/uploads\/2017\/12\/Avatar2.jpg\",\"width\":378,\"height\":378,\"caption\":\"Grupo Volcanes\"},\"image\":{\"@id\":\"https:\/\/volcanes.net\/#\/schema\/logo\/image\/\"},\"sameAs\":[\"https:\/\/www.facebook.com\/volcanes.net\/\"]},{\"@type\":\"Person\",\"@id\":\"https:\/\/volcanes.net\/#\/schema\/person\/4bf0f383940966a4abd53f5048c0e6b9\",\"name\":\"admin\",\"image\":{\"@type\":\"ImageObject\",\"inLanguage\":\"es\",\"@id\":\"https:\/\/volcanes.net\/#\/schema\/person\/image\/\",\"url\":\"https:\/\/secure.gravatar.com\/avatar\/ca004e6cba8462b8cb7abc86e382930c?s=96&d=mm&r=g\",\"contentUrl\":\"https:\/\/secure.gravatar.com\/avatar\/ca004e6cba8462b8cb7abc86e382930c?s=96&d=mm&r=g\",\"caption\":\"admin\"}}]}<\/script>\n<!-- \/ Yoast SEO plugin. -->","yoast_head_json":{"title":"Estrategia Nacional de Inclusi\u00f3n, la mejor herramienta para abatir carencias sociales en el pa\u00eds: Eviel P\u00e9rez Maga\u00f1a - Volcanes","robots":{"index":"index","follow":"follow","max-snippet":"max-snippet:-1","max-image-preview":"max-image-preview:large","max-video-preview":"max-video-preview:-1"},"canonical":"https:\/\/volcanes.net\/?p=1795","og_locale":"es_MX","og_type":"article","og_title":"Estrategia Nacional de Inclusi\u00f3n, la mejor herramienta para abatir carencias sociales en el pa\u00eds: Eviel P\u00e9rez Maga\u00f1a - Volcanes","og_description":"El titular de la Sedesol inform\u00f3 que se destinar\u00e1n 4 mil 700 millones de pesos","og_url":"https:\/\/volcanes.net\/?p=1795","og_site_name":"Volcanes","article_publisher":"https:\/\/www.facebook.com\/volcanes.net\/","article_published_time":"2018-03-11T02:40:11+00:00","og_image":[{"width":448,"height":299,"url":"https:\/\/volcanes.net\/wp-content\/uploads\/2018\/03\/FOTO-4-Estrategia-Nacional-de-Inclusi\u00f3n-la-mejor-herramienta-para-abatir-carencias-sociales-en-el-pa\u00eds-Eviel-P\u00e9rez-Maga\u00f1a.jpg","type":"image\/jpeg"}],"author":"admin","twitter_card":"summary_large_image","twitter_misc":{"Escrito por":"admin","Tiempo de lectura":"2 minutos"},"schema":{"@context":"https:\/\/schema.org","@graph":[{"@type":"Article","@id":"https:\/\/volcanes.net\/?p=1795#article","isPartOf":{"@id":"https:\/\/volcanes.net\/?p=1795"},"author":{"name":"admin","@id":"https:\/\/volcanes.net\/#\/schema\/person\/4bf0f383940966a4abd53f5048c0e6b9"},"headline":"Estrategia Nacional de Inclusi\u00f3n, la mejor herramienta para abatir carencias sociales en el pa\u00eds: Eviel P\u00e9rez Maga\u00f1a","datePublished":"2018-03-11T02:40:11+00:00","mainEntityOfPage":{"@id":"https:\/\/volcanes.net\/?p=1795"},"wordCount":469,"commentCount":0,"publisher":{"@id":"https:\/\/volcanes.net\/#organization"},"image":{"@id":"https:\/\/volcanes.net\/?p=1795#primaryimage"},"thumbnailUrl":"https:\/\/volcanes.net\/wp-content\/uploads\/2018\/03\/FOTO-4-Estrategia-Nacional-de-Inclusi\u00f3n-la-mejor-herramienta-para-abatir-carencias-sociales-en-el-pa\u00eds-Eviel-P\u00e9rez-Maga\u00f1a.jpg","keywords":["SEDESOL"],"articleSection":["Municipales"],"inLanguage":"es","potentialAction":[{"@type":"CommentAction","name":"Comment","target":["https:\/\/volcanes.net\/?p=1795#respond"]}]},{"@type":"WebPage","@id":"https:\/\/volcanes.net\/?p=1795","url":"https:\/\/volcanes.net\/?p=1795","name":"Estrategia Nacional de Inclusi\u00f3n, la mejor herramienta para abatir carencias sociales en el pa\u00eds: Eviel P\u00e9rez Maga\u00f1a - Volcanes","isPartOf":{"@id":"https:\/\/volcanes.net\/#website"},"primaryImageOfPage":{"@id":"https:\/\/volcanes.net\/?p=1795#primaryimage"},"image":{"@id":"https:\/\/volcanes.net\/?p=1795#primaryimage"},"thumbnailUrl":"https:\/\/volcanes.net\/wp-content\/uploads\/2018\/03\/FOTO-4-Estrategia-Nacional-de-Inclusi\u00f3n-la-mejor-herramienta-para-abatir-carencias-sociales-en-el-pa\u00eds-Eviel-P\u00e9rez-Maga\u00f1a.jpg","datePublished":"2018-03-11T02:40:11+00:00","breadcrumb":{"@id":"https:\/\/volcanes.net\/?p=1795#breadcrumb"},"inLanguage":"es","potentialAction":[{"@type":"ReadAction","target":["https:\/\/volcanes.net\/?p=1795"]}]},{"@type":"ImageObject","inLanguage":"es","@id":"https:\/\/volcanes.net\/?p=1795#primaryimage","url":"https:\/\/volcanes.net\/wp-content\/uploads\/2018\/03\/FOTO-4-Estrategia-Nacional-de-Inclusi\u00f3n-la-mejor-herramienta-para-abatir-carencias-sociales-en-el-pa\u00eds-Eviel-P\u00e9rez-Maga\u00f1a.jpg","contentUrl":"https:\/\/volcanes.net\/wp-content\/uploads\/2018\/03\/FOTO-4-Estrategia-Nacional-de-Inclusi\u00f3n-la-mejor-herramienta-para-abatir-carencias-sociales-en-el-pa\u00eds-Eviel-P\u00e9rez-Maga\u00f1a.jpg","width":448,"height":299},{"@type":"BreadcrumbList","@id":"https:\/\/volcanes.net\/?p=1795#breadcrumb","itemListElement":[{"@type":"ListItem","position":1,"name":"Portada","item":"https:\/\/volcanes.net\/"},{"@type":"ListItem","position":2,"name":"Estrategia Nacional de Inclusi\u00f3n, la mejor herramienta para abatir carencias sociales en el pa\u00eds: Eviel P\u00e9rez Maga\u00f1a"}]},{"@type":"WebSite","@id":"https:\/\/volcanes.net\/#website","url":"https:\/\/volcanes.net\/","name":"Volcanes.Net","description":"Periodismo Profesional","publisher":{"@id":"https:\/\/volcanes.net\/#organization"},"potentialAction":[{"@type":"SearchAction","target":{"@type":"EntryPoint","urlTemplate":"https:\/\/volcanes.net\/?s={search_term_string}"},"query-input":{"@type":"PropertyValueSpecification","valueRequired":true,"valueName":"search_term_string"}}],"inLanguage":"es"},{"@type":"Organization","@id":"https:\/\/volcanes.net\/#organization","name":"Grupo Volcanes","url":"https:\/\/volcanes.net\/","logo":{"@type":"ImageObject","inLanguage":"es","@id":"https:\/\/volcanes.net\/#\/schema\/logo\/image\/","url":"http:\/\/volcanes.net\/wp-content\/uploads\/2017\/12\/Avatar2.jpg","contentUrl":"http:\/\/volcanes.net\/wp-content\/uploads\/2017\/12\/Avatar2.jpg","width":378,"height":378,"caption":"Grupo Volcanes"},"image":{"@id":"https:\/\/volcanes.net\/#\/schema\/logo\/image\/"},"sameAs":["https:\/\/www.facebook.com\/volcanes.net\/"]},{"@type":"Person","@id":"https:\/\/volcanes.net\/#\/schema\/person\/4bf0f383940966a4abd53f5048c0e6b9","name":"admin","image":{"@type":"ImageObject","inLanguage":"es","@id":"https:\/\/volcanes.net\/#\/schema\/person\/image\/","url":"https:\/\/secure.gravatar.com\/avatar\/ca004e6cba8462b8cb7abc86e382930c?s=96&d=mm&r=g","contentUrl":"https:\/\/secure.gravatar.com\/avatar\/ca004e6cba8462b8cb7abc86e382930c?s=96&d=mm&r=g","caption":"admin"}}]}},"_links":{"self":[{"href":"https:\/\/volcanes.net\/index.php?rest_route=\/wp\/v2\/posts\/1795"}],"collection":[{"href":"https:\/\/volcanes.net\/index.php?rest_route=\/wp\/v2\/posts"}],"about":[{"href":"https:\/\/volcanes.net\/index.php?rest_route=\/wp\/v2\/types\/post"}],"author":[{"embeddable":true,"href":"https:\/\/volcanes.net\/index.php?rest_route=\/wp\/v2\/users\/1"}],"replies":[{"embeddable":true,"href":"https:\/\/volcanes.net\/index.php?rest_route=%2Fwp%2Fv2%2Fcomments&post=1795"}],"version-history":[{"count":1,"href":"https:\/\/volcanes.net\/index.php?rest_route=\/wp\/v2\/posts\/1795\/revisions"}],"predecessor-version":[{"id":1797,"href":"https:\/\/volcanes.net\/index.php?rest_route=\/wp\/v2\/posts\/1795\/revisions\/1797"}],"wp:featuredmedia":[{"embeddable":true,"href":"https:\/\/volcanes.net\/index.php?rest_route=\/wp\/v2\/media\/1796"}],"wp:attachment":[{"href":"https:\/\/volcanes.net\/index.php?rest_route=%2Fwp%2Fv2%2Fmedia&parent=1795"}],"wp:term":[{"taxonomy":"category","embeddable":true,"href":"https:\/\/volcanes.net\/index.php?rest_route=%2Fwp%2Fv2%2Fcategories&post=1795"},{"taxonomy":"post_tag","embeddable":true,"href":"https:\/\/volcanes.net\/index.php?rest_route=%2Fwp%2Fv2%2Ftags&post=1795"}],"curies":[{"name":"wp","href":"https:\/\/api.w.org\/{rel}","templated":true}]}}