{"id":1798,"date":"2018-03-11T02:44:13","date_gmt":"2018-03-11T02:44:13","guid":{"rendered":"http:\/\/volcanes.net\/?p=1798"},"modified":"2018-03-11T02:44:13","modified_gmt":"2018-03-11T02:44:13","slug":"principe-bantu-de-camerun-dicto-conferencia-en-uaem","status":"publish","type":"post","link":"https:\/\/volcanes.net\/?p=1798","title":{"rendered":"Pr\u00edncipe Bant\u00fa de Camer\u00fan dict\u00f3 conferencia en UAEM"},"content":{"rendered":"<div style=\"margin-top: 0px; margin-bottom: 0px;\" class=\"sharethis-inline-share-buttons\" ><\/div><ul>\n<li style=\"font-weight: 400\"><em>Jean Louis Bingna invit\u00f3 a estudiantes y acad\u00e9micos mexicanos y extranjeros a reflexionar sobre el reto que en la actualidad tiene la humanidad, en cuanto a tomar consciencia de que todos somos iguales, independientemente de nacionalidad, color de piel o lengua.<\/em><\/li>\n<\/ul>\n<p style=\"font-weight: 400\"><strong>\u00a0<\/strong><\/p>\n<p style=\"font-weight: 400\"><strong>Toluca, M\u00e9x. \u2013 10 de marzo de 2018.<\/strong>\u00a0Democracia, l\u00edderes sociales y valores familiares fueron algunos de los temas sobre los que habl\u00f3 el Pr\u00edncipe Bant\u00fa de Camer\u00fan, Jean Louis Bingna, durante la conferencia magistral que dict\u00f3 en la Facultad de Econom\u00eda de la Universidad Aut\u00f3noma del Estado de M\u00e9xico.<\/p>\n<p style=\"font-weight: 400\">En el marco del Modelo de Naciones Unidas (MONUFE), organizado por la Facultad de Econom\u00eda de la m\u00e1xima casa de estudios mexiquense, invit\u00f3 a estudiantes y acad\u00e9micos mexicanos y extranjeros a reflexionar sobre el reto que en la actualidad tiene la humanidad, en cuanto a tomar consciencia de que todos somos iguales, independientemente de nacionalidad, color de piel o lengua.<\/p>\n<p style=\"font-weight: 400\">Como parte de la gira que realiza para promocionar el libro de su autor\u00eda,\u00a0<em>La esencia de un Pr\u00edncipe Bant\u00fa<\/em>, en el cual expone su historia familiar, su cercan\u00eda con l\u00edderes sociales y la importancia que tiene la familia en la sociedad y la cultura, Jean Louis Bingna cuestion\u00f3 la desigualdad econ\u00f3mica que vive \u00c1frica, pese a la riqueza de recursos que la distingue.<\/p>\n<p style=\"font-weight: 400\">Esta situaci\u00f3n, lament\u00f3, origina que cinco mil africanos busquen emigrar diariamente hacia Europa. Consider\u00f3 que el sistema pol\u00edtico que prevalece en la regi\u00f3n impide un desarrollo econ\u00f3mico y social de todas las naciones que la conforman.<\/p>\n<p style=\"font-weight: 400\">\u201cLos pol\u00edticos van a la ONU a hablar de derechos humanos, pero saquean los bienes del continente, provocando hambre entre la poblaci\u00f3n que adem\u00e1s no cuenta con oportunidades para acceder a la educaci\u00f3n o a servicios b\u00e1sicos como el agua\u201d.<\/p>\n<p style=\"font-weight: 400\">\n<p style=\"font-weight: 400\">Los derechos humanos, puntualiz\u00f3 el Pr\u00edncipe Bant\u00fa, no deben quedarse en el discurso pol\u00edtico, deben pasar a la acci\u00f3n y romper, principalmente, los muros de la discriminaci\u00f3n.<\/p>\n","protected":false},"excerpt":{"rendered":"<p>Jean Louis Bingna invit\u00f3 a estudiantes y acad\u00e9micos mexicanos y extranjeros a reflexionar sobre el<\/p>\n","protected":false},"author":1,"featured_media":1799,"comment_status":"open","ping_status":"open","sticky":false,"template":"","format":"standard","meta":{"footnotes":""},"categories":[1],"tags":[25,24],"class_list":["post-1798","post","type-post","status-publish","format-standard","has-post-thumbnail","hentry","category-municipales","tag-uaem","tag-uaemex"],"yoast_head":"<!-- This site is optimized with the Yoast SEO plugin v25.3 - https:\/\/yoast.com\/wordpress\/plugins\/seo\/ -->\n<title>Pr\u00edncipe Bant\u00fa de Camer\u00fan dict\u00f3 conferencia en UAEM - Volcanes<\/title>\n<meta name=\"robots\" content=\"index, follow, max-snippet:-1, max-image-preview:large, max-video-preview:-1\" \/>\n<link rel=\"canonical\" href=\"https:\/\/volcanes.net\/?p=1798\" \/>\n<meta property=\"og:locale\" content=\"es_MX\" \/>\n<meta property=\"og:type\" content=\"article\" \/>\n<meta property=\"og:title\" content=\"Pr\u00edncipe Bant\u00fa de Camer\u00fan dict\u00f3 conferencia en UAEM - Volcanes\" \/>\n<meta property=\"og:description\" content=\"Jean Louis Bingna invit\u00f3 a estudiantes y acad\u00e9micos mexicanos y extranjeros a reflexionar sobre el\" \/>\n<meta property=\"og:url\" content=\"https:\/\/volcanes.net\/?p=1798\" \/>\n<meta property=\"og:site_name\" content=\"Volcanes\" \/>\n<meta property=\"article:publisher\" content=\"https:\/\/www.facebook.com\/volcanes.net\/\" \/>\n<meta property=\"article:published_time\" content=\"2018-03-11T02:44:13+00:00\" \/>\n<meta property=\"og:image\" content=\"https:\/\/volcanes.net\/wp-content\/uploads\/2018\/03\/comun-0195-12.jpg\" \/>\n\t<meta property=\"og:image:width\" content=\"448\" \/>\n\t<meta property=\"og:image:height\" content=\"299\" \/>\n\t<meta property=\"og:image:type\" content=\"image\/jpeg\" \/>\n<meta name=\"author\" content=\"admin\" \/>\n<meta name=\"twitter:card\" content=\"summary_large_image\" \/>\n<meta name=\"twitter:label1\" content=\"Escrito por\" \/>\n\t<meta name=\"twitter:data1\" content=\"admin\" \/>\n\t<meta name=\"twitter:label2\" content=\"Tiempo de lectura\" \/>\n\t<meta name=\"twitter:data2\" content=\"2 minutos\" \/>\n<script type=\"application\/ld+json\" class=\"yoast-schema-graph\">{\"@context\":\"https:\/\/schema.org\",\"@graph\":[{\"@type\":\"Article\",\"@id\":\"https:\/\/volcanes.net\/?p=1798#article\",\"isPartOf\":{\"@id\":\"https:\/\/volcanes.net\/?p=1798\"},\"author\":{\"name\":\"admin\",\"@id\":\"https:\/\/volcanes.net\/#\/schema\/person\/4bf0f383940966a4abd53f5048c0e6b9\"},\"headline\":\"Pr\u00edncipe Bant\u00fa de Camer\u00fan dict\u00f3 conferencia en UAEM\",\"datePublished\":\"2018-03-11T02:44:13+00:00\",\"mainEntityOfPage\":{\"@id\":\"https:\/\/volcanes.net\/?p=1798\"},\"wordCount\":354,\"commentCount\":0,\"publisher\":{\"@id\":\"https:\/\/volcanes.net\/#organization\"},\"image\":{\"@id\":\"https:\/\/volcanes.net\/?p=1798#primaryimage\"},\"thumbnailUrl\":\"https:\/\/volcanes.net\/wp-content\/uploads\/2018\/03\/comun-0195-12.jpg\",\"keywords\":[\"UAEM\",\"UAEMEX\"],\"articleSection\":[\"Municipales\"],\"inLanguage\":\"es\",\"potentialAction\":[{\"@type\":\"CommentAction\",\"name\":\"Comment\",\"target\":[\"https:\/\/volcanes.net\/?p=1798#respond\"]}]},{\"@type\":\"WebPage\",\"@id\":\"https:\/\/volcanes.net\/?p=1798\",\"url\":\"https:\/\/volcanes.net\/?p=1798\",\"name\":\"Pr\u00edncipe Bant\u00fa de Camer\u00fan dict\u00f3 conferencia en UAEM - Volcanes\",\"isPartOf\":{\"@id\":\"https:\/\/volcanes.net\/#website\"},\"primaryImageOfPage\":{\"@id\":\"https:\/\/volcanes.net\/?p=1798#primaryimage\"},\"image\":{\"@id\":\"https:\/\/volcanes.net\/?p=1798#primaryimage\"},\"thumbnailUrl\":\"https:\/\/volcanes.net\/wp-content\/uploads\/2018\/03\/comun-0195-12.jpg\",\"datePublished\":\"2018-03-11T02:44:13+00:00\",\"breadcrumb\":{\"@id\":\"https:\/\/volcanes.net\/?p=1798#breadcrumb\"},\"inLanguage\":\"es\",\"potentialAction\":[{\"@type\":\"ReadAction\",\"target\":[\"https:\/\/volcanes.net\/?p=1798\"]}]},{\"@type\":\"ImageObject\",\"inLanguage\":\"es\",\"@id\":\"https:\/\/volcanes.net\/?p=1798#primaryimage\",\"url\":\"https:\/\/volcanes.net\/wp-content\/uploads\/2018\/03\/comun-0195-12.jpg\",\"contentUrl\":\"https:\/\/volcanes.net\/wp-content\/uploads\/2018\/03\/comun-0195-12.jpg\",\"width\":448,\"height\":299},{\"@type\":\"BreadcrumbList\",\"@id\":\"https:\/\/volcanes.net\/?p=1798#breadcrumb\",\"itemListElement\":[{\"@type\":\"ListItem\",\"position\":1,\"name\":\"Portada\",\"item\":\"https:\/\/volcanes.net\/\"},{\"@type\":\"ListItem\",\"position\":2,\"name\":\"Pr\u00edncipe Bant\u00fa de Camer\u00fan dict\u00f3 conferencia en UAEM\"}]},{\"@type\":\"WebSite\",\"@id\":\"https:\/\/volcanes.net\/#website\",\"url\":\"https:\/\/volcanes.net\/\",\"name\":\"Volcanes.Net\",\"description\":\"Periodismo Profesional\",\"publisher\":{\"@id\":\"https:\/\/volcanes.net\/#organization\"},\"potentialAction\":[{\"@type\":\"SearchAction\",\"target\":{\"@type\":\"EntryPoint\",\"urlTemplate\":\"https:\/\/volcanes.net\/?s={search_term_string}\"},\"query-input\":{\"@type\":\"PropertyValueSpecification\",\"valueRequired\":true,\"valueName\":\"search_term_string\"}}],\"inLanguage\":\"es\"},{\"@type\":\"Organization\",\"@id\":\"https:\/\/volcanes.net\/#organization\",\"name\":\"Grupo Volcanes\",\"url\":\"https:\/\/volcanes.net\/\",\"logo\":{\"@type\":\"ImageObject\",\"inLanguage\":\"es\",\"@id\":\"https:\/\/volcanes.net\/#\/schema\/logo\/image\/\",\"url\":\"http:\/\/volcanes.net\/wp-content\/uploads\/2017\/12\/Avatar2.jpg\",\"contentUrl\":\"http:\/\/volcanes.net\/wp-content\/uploads\/2017\/12\/Avatar2.jpg\",\"width\":378,\"height\":378,\"caption\":\"Grupo Volcanes\"},\"image\":{\"@id\":\"https:\/\/volcanes.net\/#\/schema\/logo\/image\/\"},\"sameAs\":[\"https:\/\/www.facebook.com\/volcanes.net\/\"]},{\"@type\":\"Person\",\"@id\":\"https:\/\/volcanes.net\/#\/schema\/person\/4bf0f383940966a4abd53f5048c0e6b9\",\"name\":\"admin\",\"image\":{\"@type\":\"ImageObject\",\"inLanguage\":\"es\",\"@id\":\"https:\/\/volcanes.net\/#\/schema\/person\/image\/\",\"url\":\"https:\/\/secure.gravatar.com\/avatar\/ca004e6cba8462b8cb7abc86e382930c?s=96&d=mm&r=g\",\"contentUrl\":\"https:\/\/secure.gravatar.com\/avatar\/ca004e6cba8462b8cb7abc86e382930c?s=96&d=mm&r=g\",\"caption\":\"admin\"}}]}<\/script>\n<!-- \/ Yoast SEO plugin. -->","yoast_head_json":{"title":"Pr\u00edncipe Bant\u00fa de Camer\u00fan dict\u00f3 conferencia en UAEM - Volcanes","robots":{"index":"index","follow":"follow","max-snippet":"max-snippet:-1","max-image-preview":"max-image-preview:large","max-video-preview":"max-video-preview:-1"},"canonical":"https:\/\/volcanes.net\/?p=1798","og_locale":"es_MX","og_type":"article","og_title":"Pr\u00edncipe Bant\u00fa de Camer\u00fan dict\u00f3 conferencia en UAEM - Volcanes","og_description":"Jean Louis Bingna invit\u00f3 a estudiantes y acad\u00e9micos mexicanos y extranjeros a reflexionar sobre el","og_url":"https:\/\/volcanes.net\/?p=1798","og_site_name":"Volcanes","article_publisher":"https:\/\/www.facebook.com\/volcanes.net\/","article_published_time":"2018-03-11T02:44:13+00:00","og_image":[{"width":448,"height":299,"url":"https:\/\/volcanes.net\/wp-content\/uploads\/2018\/03\/comun-0195-12.jpg","type":"image\/jpeg"}],"author":"admin","twitter_card":"summary_large_image","twitter_misc":{"Escrito por":"admin","Tiempo de lectura":"2 minutos"},"schema":{"@context":"https:\/\/schema.org","@graph":[{"@type":"Article","@id":"https:\/\/volcanes.net\/?p=1798#article","isPartOf":{"@id":"https:\/\/volcanes.net\/?p=1798"},"author":{"name":"admin","@id":"https:\/\/volcanes.net\/#\/schema\/person\/4bf0f383940966a4abd53f5048c0e6b9"},"headline":"Pr\u00edncipe Bant\u00fa de Camer\u00fan dict\u00f3 conferencia en UAEM","datePublished":"2018-03-11T02:44:13+00:00","mainEntityOfPage":{"@id":"https:\/\/volcanes.net\/?p=1798"},"wordCount":354,"commentCount":0,"publisher":{"@id":"https:\/\/volcanes.net\/#organization"},"image":{"@id":"https:\/\/volcanes.net\/?p=1798#primaryimage"},"thumbnailUrl":"https:\/\/volcanes.net\/wp-content\/uploads\/2018\/03\/comun-0195-12.jpg","keywords":["UAEM","UAEMEX"],"articleSection":["Municipales"],"inLanguage":"es","potentialAction":[{"@type":"CommentAction","name":"Comment","target":["https:\/\/volcanes.net\/?p=1798#respond"]}]},{"@type":"WebPage","@id":"https:\/\/volcanes.net\/?p=1798","url":"https:\/\/volcanes.net\/?p=1798","name":"Pr\u00edncipe Bant\u00fa de Camer\u00fan dict\u00f3 conferencia en UAEM - Volcanes","isPartOf":{"@id":"https:\/\/volcanes.net\/#website"},"primaryImageOfPage":{"@id":"https:\/\/volcanes.net\/?p=1798#primaryimage"},"image":{"@id":"https:\/\/volcanes.net\/?p=1798#primaryimage"},"thumbnailUrl":"https:\/\/volcanes.net\/wp-content\/uploads\/2018\/03\/comun-0195-12.jpg","datePublished":"2018-03-11T02:44:13+00:00","breadcrumb":{"@id":"https:\/\/volcanes.net\/?p=1798#breadcrumb"},"inLanguage":"es","potentialAction":[{"@type":"ReadAction","target":["https:\/\/volcanes.net\/?p=1798"]}]},{"@type":"ImageObject","inLanguage":"es","@id":"https:\/\/volcanes.net\/?p=1798#primaryimage","url":"https:\/\/volcanes.net\/wp-content\/uploads\/2018\/03\/comun-0195-12.jpg","contentUrl":"https:\/\/volcanes.net\/wp-content\/uploads\/2018\/03\/comun-0195-12.jpg","width":448,"height":299},{"@type":"BreadcrumbList","@id":"https:\/\/volcanes.net\/?p=1798#breadcrumb","itemListElement":[{"@type":"ListItem","position":1,"name":"Portada","item":"https:\/\/volcanes.net\/"},{"@type":"ListItem","position":2,"name":"Pr\u00edncipe Bant\u00fa de Camer\u00fan dict\u00f3 conferencia en UAEM"}]},{"@type":"WebSite","@id":"https:\/\/volcanes.net\/#website","url":"https:\/\/volcanes.net\/","name":"Volcanes.Net","description":"Periodismo Profesional","publisher":{"@id":"https:\/\/volcanes.net\/#organization"},"potentialAction":[{"@type":"SearchAction","target":{"@type":"EntryPoint","urlTemplate":"https:\/\/volcanes.net\/?s={search_term_string}"},"query-input":{"@type":"PropertyValueSpecification","valueRequired":true,"valueName":"search_term_string"}}],"inLanguage":"es"},{"@type":"Organization","@id":"https:\/\/volcanes.net\/#organization","name":"Grupo Volcanes","url":"https:\/\/volcanes.net\/","logo":{"@type":"ImageObject","inLanguage":"es","@id":"https:\/\/volcanes.net\/#\/schema\/logo\/image\/","url":"http:\/\/volcanes.net\/wp-content\/uploads\/2017\/12\/Avatar2.jpg","contentUrl":"http:\/\/volcanes.net\/wp-content\/uploads\/2017\/12\/Avatar2.jpg","width":378,"height":378,"caption":"Grupo Volcanes"},"image":{"@id":"https:\/\/volcanes.net\/#\/schema\/logo\/image\/"},"sameAs":["https:\/\/www.facebook.com\/volcanes.net\/"]},{"@type":"Person","@id":"https:\/\/volcanes.net\/#\/schema\/person\/4bf0f383940966a4abd53f5048c0e6b9","name":"admin","image":{"@type":"ImageObject","inLanguage":"es","@id":"https:\/\/volcanes.net\/#\/schema\/person\/image\/","url":"https:\/\/secure.gravatar.com\/avatar\/ca004e6cba8462b8cb7abc86e382930c?s=96&d=mm&r=g","contentUrl":"https:\/\/secure.gravatar.com\/avatar\/ca004e6cba8462b8cb7abc86e382930c?s=96&d=mm&r=g","caption":"admin"}}]}},"_links":{"self":[{"href":"https:\/\/volcanes.net\/index.php?rest_route=\/wp\/v2\/posts\/1798"}],"collection":[{"href":"https:\/\/volcanes.net\/index.php?rest_route=\/wp\/v2\/posts"}],"about":[{"href":"https:\/\/volcanes.net\/index.php?rest_route=\/wp\/v2\/types\/post"}],"author":[{"embeddable":true,"href":"https:\/\/volcanes.net\/index.php?rest_route=\/wp\/v2\/users\/1"}],"replies":[{"embeddable":true,"href":"https:\/\/volcanes.net\/index.php?rest_route=%2Fwp%2Fv2%2Fcomments&post=1798"}],"version-history":[{"count":1,"href":"https:\/\/volcanes.net\/index.php?rest_route=\/wp\/v2\/posts\/1798\/revisions"}],"predecessor-version":[{"id":1800,"href":"https:\/\/volcanes.net\/index.php?rest_route=\/wp\/v2\/posts\/1798\/revisions\/1800"}],"wp:featuredmedia":[{"embeddable":true,"href":"https:\/\/volcanes.net\/index.php?rest_route=\/wp\/v2\/media\/1799"}],"wp:attachment":[{"href":"https:\/\/volcanes.net\/index.php?rest_route=%2Fwp%2Fv2%2Fmedia&parent=1798"}],"wp:term":[{"taxonomy":"category","embeddable":true,"href":"https:\/\/volcanes.net\/index.php?rest_route=%2Fwp%2Fv2%2Fcategories&post=1798"},{"taxonomy":"post_tag","embeddable":true,"href":"https:\/\/volcanes.net\/index.php?rest_route=%2Fwp%2Fv2%2Ftags&post=1798"}],"curies":[{"name":"wp","href":"https:\/\/api.w.org\/{rel}","templated":true}]}}