{"id":1808,"date":"2018-03-12T15:46:32","date_gmt":"2018-03-12T15:46:32","guid":{"rendered":"http:\/\/volcanes.net\/?p=1808"},"modified":"2018-03-12T15:46:32","modified_gmt":"2018-03-12T15:46:32","slug":"piden-a-la-poblacion-reportar-incendios-forestales","status":"publish","type":"post","link":"https:\/\/volcanes.net\/?p=1808","title":{"rendered":"Piden a la poblaci\u00f3n reportar incendios forestales"},"content":{"rendered":"<div style=\"margin-top: 0px; margin-bottom: 0px;\" class=\"sharethis-inline-share-buttons\" ><\/div><div dir=\"auto\">\n<div dir=\"auto\">El Estado de M\u00e9xico se encuentra entre las cinco entidades con menor tiempo en la detecci\u00f3n, llegada y duraci\u00f3n de incendios forestales.<\/div>\n<\/div>\n<div dir=\"auto\"><\/div>\n<div dir=\"auto\">\n<div dir=\"auto\">En 2017 se registraron mil 450 incendios en la entidad con 11 mil 743 hect\u00e1reas afectadas.<\/div>\n<div dir=\"auto\">Durante la temporada pasada, el promedio de detecci\u00f3n de incendios forestales del Estado de M\u00e9xico fue de siete minutos, al igual que Morelos y Tlaxcala, s\u00f3lo superados por la Ciudad de M\u00e9xico e Hidalgo, con una media de detecci\u00f3n de cinco minutos.<\/div>\n<div dir=\"auto\">Luego de la detecci\u00f3n, el promedio de llegada de los combatientes al lugar del incendio en la entidad fue de 41 minutos, lo que lo coloca en quinto lugar despu\u00e9s de Baja California Sur, Tlaxcala, Ciudad de M\u00e9xico y Tamaulipas.<\/div>\n<div dir=\"auto\">Las acciones de combate de incendios forestales est\u00e1n coordinadas mediante el mando \u00fanico, dirigido por la Protectora de Bosques del Estado de M\u00e9xico (Probosque), lo que ha permitido que la duraci\u00f3n de los incendios sea menor a la media nacional que es de 20 horas 46 minutos, mientras que para el Estado de M\u00e9xico es de tres horas con 22 minutos.<\/div>\n<div dir=\"auto\">En el combate de incendios participan 192 brigadas integradas por ejidatarios y comuneros, as\u00ed como autoridades municipales y estatales, mediante Probosque, la Coordinaci\u00f3n General de Conservaci\u00f3n Ecol\u00f3gica y la Comisi\u00f3n Estatal de Parques Naturales y de la Fauna; adem\u00e1s participan la Comisi\u00f3n Nacional Forestal y la Comisi\u00f3n Nacional de \u00c1reas Naturales Protegidas.<\/div>\n<div dir=\"auto\">Probosque cuenta con equipo especializado como veh\u00edculos equipados con bombas de alta presi\u00f3n; y, en siniestros de relevancia, el Gobierno del Estado de M\u00e9xico brinda apoyo con un helic\u00f3ptero equipado con un helitanque con capacidad de mil 200 litros de agua.<\/div>\n<div dir=\"auto\">Durante esta temporada de estiaje se pide a la poblaci\u00f3n reportar incendios forestales al 01800-590-1700 o al n\u00famero de emergencias nacional 911.<\/div>\n<\/div>\n","protected":false},"excerpt":{"rendered":"<p>El Estado de M\u00e9xico se encuentra entre las cinco entidades con menor tiempo en la<\/p>\n","protected":false},"author":1,"featured_media":1803,"comment_status":"open","ping_status":"open","sticky":false,"template":"","format":"standard","meta":{"footnotes":""},"categories":[1],"tags":[4,147],"class_list":["post-1808","post","type-post","status-publish","format-standard","has-post-thumbnail","hentry","category-municipales","tag-gobierno-del-estado-de-mexico","tag-probosque"],"yoast_head":"<!-- This site is optimized with the Yoast SEO plugin v25.3 - https:\/\/yoast.com\/wordpress\/plugins\/seo\/ -->\n<title>Piden a la poblaci\u00f3n reportar incendios forestales - Volcanes<\/title>\n<meta name=\"robots\" content=\"index, follow, max-snippet:-1, max-image-preview:large, max-video-preview:-1\" \/>\n<link rel=\"canonical\" href=\"https:\/\/volcanes.net\/?p=1808\" \/>\n<meta property=\"og:locale\" content=\"es_MX\" \/>\n<meta property=\"og:type\" content=\"article\" \/>\n<meta property=\"og:title\" content=\"Piden a la poblaci\u00f3n reportar incendios forestales - Volcanes\" \/>\n<meta property=\"og:description\" content=\"El Estado de M\u00e9xico se encuentra entre las cinco entidades con menor tiempo en la\" \/>\n<meta property=\"og:url\" content=\"https:\/\/volcanes.net\/?p=1808\" \/>\n<meta property=\"og:site_name\" content=\"Volcanes\" \/>\n<meta property=\"article:publisher\" content=\"https:\/\/www.facebook.com\/volcanes.net\/\" \/>\n<meta property=\"article:published_time\" content=\"2018-03-12T15:46:32+00:00\" \/>\n<meta property=\"og:image\" content=\"https:\/\/volcanes.net\/wp-content\/uploads\/2018\/03\/IMG-20180311-WA0010-325x217.jpg\" \/>\n\t<meta property=\"og:image:width\" content=\"325\" \/>\n\t<meta property=\"og:image:height\" content=\"217\" \/>\n\t<meta property=\"og:image:type\" content=\"image\/jpeg\" \/>\n<meta name=\"author\" content=\"admin\" \/>\n<meta name=\"twitter:card\" content=\"summary_large_image\" \/>\n<meta name=\"twitter:label1\" content=\"Escrito por\" \/>\n\t<meta name=\"twitter:data1\" content=\"admin\" \/>\n\t<meta name=\"twitter:label2\" content=\"Tiempo de lectura\" \/>\n\t<meta name=\"twitter:data2\" content=\"2 minutos\" \/>\n<script type=\"application\/ld+json\" class=\"yoast-schema-graph\">{\"@context\":\"https:\/\/schema.org\",\"@graph\":[{\"@type\":\"Article\",\"@id\":\"https:\/\/volcanes.net\/?p=1808#article\",\"isPartOf\":{\"@id\":\"https:\/\/volcanes.net\/?p=1808\"},\"author\":{\"name\":\"admin\",\"@id\":\"https:\/\/volcanes.net\/#\/schema\/person\/4bf0f383940966a4abd53f5048c0e6b9\"},\"headline\":\"Piden a la poblaci\u00f3n reportar incendios forestales\",\"datePublished\":\"2018-03-12T15:46:32+00:00\",\"mainEntityOfPage\":{\"@id\":\"https:\/\/volcanes.net\/?p=1808\"},\"wordCount\":323,\"commentCount\":0,\"publisher\":{\"@id\":\"https:\/\/volcanes.net\/#organization\"},\"image\":{\"@id\":\"https:\/\/volcanes.net\/?p=1808#primaryimage\"},\"thumbnailUrl\":\"https:\/\/volcanes.net\/wp-content\/uploads\/2018\/03\/IMG-20180311-WA0010-325x217.jpg\",\"keywords\":[\"Gobierno del Estado de M\u00e9xico\",\"Probosque\"],\"articleSection\":[\"Municipales\"],\"inLanguage\":\"es\",\"potentialAction\":[{\"@type\":\"CommentAction\",\"name\":\"Comment\",\"target\":[\"https:\/\/volcanes.net\/?p=1808#respond\"]}]},{\"@type\":\"WebPage\",\"@id\":\"https:\/\/volcanes.net\/?p=1808\",\"url\":\"https:\/\/volcanes.net\/?p=1808\",\"name\":\"Piden a la poblaci\u00f3n reportar incendios forestales - Volcanes\",\"isPartOf\":{\"@id\":\"https:\/\/volcanes.net\/#website\"},\"primaryImageOfPage\":{\"@id\":\"https:\/\/volcanes.net\/?p=1808#primaryimage\"},\"image\":{\"@id\":\"https:\/\/volcanes.net\/?p=1808#primaryimage\"},\"thumbnailUrl\":\"https:\/\/volcanes.net\/wp-content\/uploads\/2018\/03\/IMG-20180311-WA0010-325x217.jpg\",\"datePublished\":\"2018-03-12T15:46:32+00:00\",\"breadcrumb\":{\"@id\":\"https:\/\/volcanes.net\/?p=1808#breadcrumb\"},\"inLanguage\":\"es\",\"potentialAction\":[{\"@type\":\"ReadAction\",\"target\":[\"https:\/\/volcanes.net\/?p=1808\"]}]},{\"@type\":\"ImageObject\",\"inLanguage\":\"es\",\"@id\":\"https:\/\/volcanes.net\/?p=1808#primaryimage\",\"url\":\"https:\/\/volcanes.net\/wp-content\/uploads\/2018\/03\/IMG-20180311-WA0010-325x217.jpg\",\"contentUrl\":\"https:\/\/volcanes.net\/wp-content\/uploads\/2018\/03\/IMG-20180311-WA0010-325x217.jpg\",\"width\":325,\"height\":217},{\"@type\":\"BreadcrumbList\",\"@id\":\"https:\/\/volcanes.net\/?p=1808#breadcrumb\",\"itemListElement\":[{\"@type\":\"ListItem\",\"position\":1,\"name\":\"Portada\",\"item\":\"https:\/\/volcanes.net\/\"},{\"@type\":\"ListItem\",\"position\":2,\"name\":\"Piden a la poblaci\u00f3n reportar incendios forestales\"}]},{\"@type\":\"WebSite\",\"@id\":\"https:\/\/volcanes.net\/#website\",\"url\":\"https:\/\/volcanes.net\/\",\"name\":\"Volcanes.Net\",\"description\":\"Periodismo Profesional\",\"publisher\":{\"@id\":\"https:\/\/volcanes.net\/#organization\"},\"potentialAction\":[{\"@type\":\"SearchAction\",\"target\":{\"@type\":\"EntryPoint\",\"urlTemplate\":\"https:\/\/volcanes.net\/?s={search_term_string}\"},\"query-input\":{\"@type\":\"PropertyValueSpecification\",\"valueRequired\":true,\"valueName\":\"search_term_string\"}}],\"inLanguage\":\"es\"},{\"@type\":\"Organization\",\"@id\":\"https:\/\/volcanes.net\/#organization\",\"name\":\"Grupo Volcanes\",\"url\":\"https:\/\/volcanes.net\/\",\"logo\":{\"@type\":\"ImageObject\",\"inLanguage\":\"es\",\"@id\":\"https:\/\/volcanes.net\/#\/schema\/logo\/image\/\",\"url\":\"http:\/\/volcanes.net\/wp-content\/uploads\/2017\/12\/Avatar2.jpg\",\"contentUrl\":\"http:\/\/volcanes.net\/wp-content\/uploads\/2017\/12\/Avatar2.jpg\",\"width\":378,\"height\":378,\"caption\":\"Grupo Volcanes\"},\"image\":{\"@id\":\"https:\/\/volcanes.net\/#\/schema\/logo\/image\/\"},\"sameAs\":[\"https:\/\/www.facebook.com\/volcanes.net\/\"]},{\"@type\":\"Person\",\"@id\":\"https:\/\/volcanes.net\/#\/schema\/person\/4bf0f383940966a4abd53f5048c0e6b9\",\"name\":\"admin\",\"image\":{\"@type\":\"ImageObject\",\"inLanguage\":\"es\",\"@id\":\"https:\/\/volcanes.net\/#\/schema\/person\/image\/\",\"url\":\"https:\/\/secure.gravatar.com\/avatar\/ca004e6cba8462b8cb7abc86e382930c?s=96&d=mm&r=g\",\"contentUrl\":\"https:\/\/secure.gravatar.com\/avatar\/ca004e6cba8462b8cb7abc86e382930c?s=96&d=mm&r=g\",\"caption\":\"admin\"}}]}<\/script>\n<!-- \/ Yoast SEO plugin. -->","yoast_head_json":{"title":"Piden a la poblaci\u00f3n reportar incendios forestales - Volcanes","robots":{"index":"index","follow":"follow","max-snippet":"max-snippet:-1","max-image-preview":"max-image-preview:large","max-video-preview":"max-video-preview:-1"},"canonical":"https:\/\/volcanes.net\/?p=1808","og_locale":"es_MX","og_type":"article","og_title":"Piden a la poblaci\u00f3n reportar incendios forestales - Volcanes","og_description":"El Estado de M\u00e9xico se encuentra entre las cinco entidades con menor tiempo en la","og_url":"https:\/\/volcanes.net\/?p=1808","og_site_name":"Volcanes","article_publisher":"https:\/\/www.facebook.com\/volcanes.net\/","article_published_time":"2018-03-12T15:46:32+00:00","og_image":[{"width":325,"height":217,"url":"https:\/\/volcanes.net\/wp-content\/uploads\/2018\/03\/IMG-20180311-WA0010-325x217.jpg","type":"image\/jpeg"}],"author":"admin","twitter_card":"summary_large_image","twitter_misc":{"Escrito por":"admin","Tiempo de lectura":"2 minutos"},"schema":{"@context":"https:\/\/schema.org","@graph":[{"@type":"Article","@id":"https:\/\/volcanes.net\/?p=1808#article","isPartOf":{"@id":"https:\/\/volcanes.net\/?p=1808"},"author":{"name":"admin","@id":"https:\/\/volcanes.net\/#\/schema\/person\/4bf0f383940966a4abd53f5048c0e6b9"},"headline":"Piden a la poblaci\u00f3n reportar incendios forestales","datePublished":"2018-03-12T15:46:32+00:00","mainEntityOfPage":{"@id":"https:\/\/volcanes.net\/?p=1808"},"wordCount":323,"commentCount":0,"publisher":{"@id":"https:\/\/volcanes.net\/#organization"},"image":{"@id":"https:\/\/volcanes.net\/?p=1808#primaryimage"},"thumbnailUrl":"https:\/\/volcanes.net\/wp-content\/uploads\/2018\/03\/IMG-20180311-WA0010-325x217.jpg","keywords":["Gobierno del Estado de M\u00e9xico","Probosque"],"articleSection":["Municipales"],"inLanguage":"es","potentialAction":[{"@type":"CommentAction","name":"Comment","target":["https:\/\/volcanes.net\/?p=1808#respond"]}]},{"@type":"WebPage","@id":"https:\/\/volcanes.net\/?p=1808","url":"https:\/\/volcanes.net\/?p=1808","name":"Piden a la poblaci\u00f3n reportar incendios forestales - Volcanes","isPartOf":{"@id":"https:\/\/volcanes.net\/#website"},"primaryImageOfPage":{"@id":"https:\/\/volcanes.net\/?p=1808#primaryimage"},"image":{"@id":"https:\/\/volcanes.net\/?p=1808#primaryimage"},"thumbnailUrl":"https:\/\/volcanes.net\/wp-content\/uploads\/2018\/03\/IMG-20180311-WA0010-325x217.jpg","datePublished":"2018-03-12T15:46:32+00:00","breadcrumb":{"@id":"https:\/\/volcanes.net\/?p=1808#breadcrumb"},"inLanguage":"es","potentialAction":[{"@type":"ReadAction","target":["https:\/\/volcanes.net\/?p=1808"]}]},{"@type":"ImageObject","inLanguage":"es","@id":"https:\/\/volcanes.net\/?p=1808#primaryimage","url":"https:\/\/volcanes.net\/wp-content\/uploads\/2018\/03\/IMG-20180311-WA0010-325x217.jpg","contentUrl":"https:\/\/volcanes.net\/wp-content\/uploads\/2018\/03\/IMG-20180311-WA0010-325x217.jpg","width":325,"height":217},{"@type":"BreadcrumbList","@id":"https:\/\/volcanes.net\/?p=1808#breadcrumb","itemListElement":[{"@type":"ListItem","position":1,"name":"Portada","item":"https:\/\/volcanes.net\/"},{"@type":"ListItem","position":2,"name":"Piden a la poblaci\u00f3n reportar incendios forestales"}]},{"@type":"WebSite","@id":"https:\/\/volcanes.net\/#website","url":"https:\/\/volcanes.net\/","name":"Volcanes.Net","description":"Periodismo Profesional","publisher":{"@id":"https:\/\/volcanes.net\/#organization"},"potentialAction":[{"@type":"SearchAction","target":{"@type":"EntryPoint","urlTemplate":"https:\/\/volcanes.net\/?s={search_term_string}"},"query-input":{"@type":"PropertyValueSpecification","valueRequired":true,"valueName":"search_term_string"}}],"inLanguage":"es"},{"@type":"Organization","@id":"https:\/\/volcanes.net\/#organization","name":"Grupo Volcanes","url":"https:\/\/volcanes.net\/","logo":{"@type":"ImageObject","inLanguage":"es","@id":"https:\/\/volcanes.net\/#\/schema\/logo\/image\/","url":"http:\/\/volcanes.net\/wp-content\/uploads\/2017\/12\/Avatar2.jpg","contentUrl":"http:\/\/volcanes.net\/wp-content\/uploads\/2017\/12\/Avatar2.jpg","width":378,"height":378,"caption":"Grupo Volcanes"},"image":{"@id":"https:\/\/volcanes.net\/#\/schema\/logo\/image\/"},"sameAs":["https:\/\/www.facebook.com\/volcanes.net\/"]},{"@type":"Person","@id":"https:\/\/volcanes.net\/#\/schema\/person\/4bf0f383940966a4abd53f5048c0e6b9","name":"admin","image":{"@type":"ImageObject","inLanguage":"es","@id":"https:\/\/volcanes.net\/#\/schema\/person\/image\/","url":"https:\/\/secure.gravatar.com\/avatar\/ca004e6cba8462b8cb7abc86e382930c?s=96&d=mm&r=g","contentUrl":"https:\/\/secure.gravatar.com\/avatar\/ca004e6cba8462b8cb7abc86e382930c?s=96&d=mm&r=g","caption":"admin"}}]}},"_links":{"self":[{"href":"https:\/\/volcanes.net\/index.php?rest_route=\/wp\/v2\/posts\/1808"}],"collection":[{"href":"https:\/\/volcanes.net\/index.php?rest_route=\/wp\/v2\/posts"}],"about":[{"href":"https:\/\/volcanes.net\/index.php?rest_route=\/wp\/v2\/types\/post"}],"author":[{"embeddable":true,"href":"https:\/\/volcanes.net\/index.php?rest_route=\/wp\/v2\/users\/1"}],"replies":[{"embeddable":true,"href":"https:\/\/volcanes.net\/index.php?rest_route=%2Fwp%2Fv2%2Fcomments&post=1808"}],"version-history":[{"count":1,"href":"https:\/\/volcanes.net\/index.php?rest_route=\/wp\/v2\/posts\/1808\/revisions"}],"predecessor-version":[{"id":1809,"href":"https:\/\/volcanes.net\/index.php?rest_route=\/wp\/v2\/posts\/1808\/revisions\/1809"}],"wp:featuredmedia":[{"embeddable":true,"href":"https:\/\/volcanes.net\/index.php?rest_route=\/wp\/v2\/media\/1803"}],"wp:attachment":[{"href":"https:\/\/volcanes.net\/index.php?rest_route=%2Fwp%2Fv2%2Fmedia&parent=1808"}],"wp:term":[{"taxonomy":"category","embeddable":true,"href":"https:\/\/volcanes.net\/index.php?rest_route=%2Fwp%2Fv2%2Fcategories&post=1808"},{"taxonomy":"post_tag","embeddable":true,"href":"https:\/\/volcanes.net\/index.php?rest_route=%2Fwp%2Fv2%2Ftags&post=1808"}],"curies":[{"name":"wp","href":"https:\/\/api.w.org\/{rel}","templated":true}]}}