{"id":1814,"date":"2018-03-12T15:51:12","date_gmt":"2018-03-12T15:51:12","guid":{"rendered":"http:\/\/volcanes.net\/?p=1814"},"modified":"2018-03-12T15:51:12","modified_gmt":"2018-03-12T15:51:12","slug":"el-difem-y-la-uaem-firman-acuerdo-para-fortalecer-atencion-a-grupos-vulnerables","status":"publish","type":"post","link":"https:\/\/volcanes.net\/?p=1814","title":{"rendered":"El DIFEM Y la UAEM firman acuerdo para fortalecer atenci\u00f3n a grupos vulnerables"},"content":{"rendered":"<div style=\"margin-top: 0px; margin-bottom: 0px;\" class=\"sharethis-inline-share-buttons\" ><\/div><div dir=\"auto\"><strong>Toluca, Estado de M\u00e9xico, 11 de marzo de 2018.<\/strong>\u00a0Para fortalecer el trabajo en materia de asistencia social, a trav\u00e9s de la participaci\u00f3n y los conocimientos aportados por estudiantes universitarios, Fernanda Castillo de Del Mazo, Presidenta Honoraria del Sistema para el Desarrollo Integral de la Familia del Estado de M\u00e9xico (DIFEM), y Alfredo Barrera Baca, Rector de la Universidad Aut\u00f3noma estatal, firmaron un convenio que permitir\u00e1 impulsar el trabajo coordinado y consolidar acciones que propicien el desarrollo de los grupos vulnerables de la entidad, como mujeres, menores de edad o adultos mayores.<\/div>\n<div dir=\"auto\"><\/div>\n<div dir=\"auto\">Castillo de Del Mazo se\u00f1al\u00f3 que, derivado de esta alianza, se realizar\u00e1n proyectos orientados a la investigaci\u00f3n en salud, recreaci\u00f3n, as\u00ed como atenci\u00f3n psicol\u00f3gica y m\u00e9dica, dentro de las \u00e1reas que conforman el DIFEM, a trav\u00e9s del servicio social y pr\u00e1cticas profesionales de los universitarios.<\/div>\n<div dir=\"auto\"><\/div>\n<div dir=\"auto\">Sumado a esta acci\u00f3n, la m\u00e1xima casa de estudios estatal brindar\u00e1 capacitaci\u00f3n acad\u00e9mica a servidores p\u00fablicos y otorgar\u00e1 sistemas de investigaci\u00f3n y avance tecnol\u00f3gico en asistencia social, que beneficien a quienes viven con m\u00e1s carencias.<\/div>\n<div dir=\"auto\"><\/div>\n<div dir=\"auto\">\u201cCon esta alianza los j\u00f3venes podr\u00e1n adquirir experiencia profesional que servir\u00e1 para su futuro, mientras que en el DIFEM nos beneficiaremos de sus conocimientos y de su gran voluntad para ayudar a la comunidad\u201d, expres\u00f3 Fernanda Castillo.<\/div>\n<div dir=\"auto\"><\/div>\n<div dir=\"auto\">Acompa\u00f1ada por Miguel \u00c1ngel Torres Cabello, Director General del DIF mexiquense, as\u00ed como de Janeth Valero Vilchis, Secretaria de Extensi\u00f3n y Vinculaci\u00f3n de la Universidad Aut\u00f3noma del Estado de M\u00e9xico (UAEM), Castillo de Del Mazo invit\u00f3 a quienes participan en este convenio, a cumplir y superar las expectativas en beneficio de la comunidad.<\/div>\n<div dir=\"auto\"><\/div>\n<div dir=\"auto\">Tambi\u00e9n reconoci\u00f3 el compromiso de esta universidad con la formaci\u00f3n de los j\u00f3venes, para trabajar de manera solidaria en favor de las personas m\u00e1s necesitadas, y la consider\u00f3 la mejor aliada para velar por las familias de la entidad.<\/div>\n<div dir=\"auto\"><\/div>\n<div dir=\"auto\">\u201cLa UAEM siempre se ha caracterizado por formar a los mejores profesionales, mientras que en el DIFEM buscamos siempre servir y ayudar a nuestras familias mexiquenses\u201d, enfatiz\u00f3.<\/div>\n<div dir=\"auto\"><\/div>\n<div dir=\"auto\">El Rector Alfredo Barrera Baca reiter\u00f3 que firmar este convenio es sin\u00f3nimo de unir talentos, voluntades y recursos, adem\u00e1s que representa un mensaje para la sociedad, que demanda respuestas concretas de parte de sus instituciones.<\/div>\n<div dir=\"auto\"><\/div>\n<div dir=\"auto\">\u201cCada convenio reafirma la creciente confianza de grandes instituciones como lo es el DIF Estado de M\u00e9xico, que sabe de nuestras capacidades cient\u00edficas, humanas, de imaginaci\u00f3n e infraestructura, para compartir desaf\u00edos sociales\u201d, se\u00f1al\u00f3 el Rector.<\/div>\n<div dir=\"auto\"><\/div>\n<div dir=\"auto\">A\u00f1adi\u00f3 que la comunidad universitaria es sensible a esta realidad y ratific\u00f3 el compromiso con el porvenir de la infancia.<\/div>\n","protected":false},"excerpt":{"rendered":"<p>Toluca, Estado de M\u00e9xico, 11 de marzo de 2018.\u00a0Para fortalecer el trabajo en materia de<\/p>\n","protected":false},"author":1,"featured_media":1806,"comment_status":"open","ping_status":"open","sticky":false,"template":"","format":"standard","meta":{"footnotes":""},"categories":[3],"tags":[120,4,25,24],"class_list":["post-1814","post","type-post","status-publish","format-standard","has-post-thumbnail","hentry","category-estatales","tag-difem","tag-gobierno-del-estado-de-mexico","tag-uaem","tag-uaemex"],"yoast_head":"<!-- This site is optimized with the Yoast SEO plugin v25.3 - https:\/\/yoast.com\/wordpress\/plugins\/seo\/ -->\n<title>El DIFEM Y la UAEM firman acuerdo para fortalecer atenci\u00f3n a grupos vulnerables - Volcanes<\/title>\n<meta name=\"robots\" content=\"index, follow, max-snippet:-1, max-image-preview:large, max-video-preview:-1\" \/>\n<link rel=\"canonical\" href=\"https:\/\/volcanes.net\/?p=1814\" \/>\n<meta property=\"og:locale\" content=\"es_MX\" \/>\n<meta property=\"og:type\" content=\"article\" \/>\n<meta property=\"og:title\" content=\"El DIFEM Y la UAEM firman acuerdo para fortalecer atenci\u00f3n a grupos vulnerables - Volcanes\" \/>\n<meta property=\"og:description\" content=\"Toluca, Estado de M\u00e9xico, 11 de marzo de 2018.\u00a0Para fortalecer el trabajo en materia de\" \/>\n<meta property=\"og:url\" content=\"https:\/\/volcanes.net\/?p=1814\" \/>\n<meta property=\"og:site_name\" content=\"Volcanes\" \/>\n<meta property=\"article:publisher\" content=\"https:\/\/www.facebook.com\/volcanes.net\/\" \/>\n<meta property=\"article:published_time\" content=\"2018-03-12T15:51:12+00:00\" \/>\n<meta property=\"og:image\" content=\"https:\/\/volcanes.net\/wp-content\/uploads\/2018\/03\/IMG-20180311-WA0013-680x429.jpg\" \/>\n\t<meta property=\"og:image:width\" content=\"680\" \/>\n\t<meta property=\"og:image:height\" content=\"429\" \/>\n\t<meta property=\"og:image:type\" content=\"image\/jpeg\" \/>\n<meta name=\"author\" content=\"admin\" \/>\n<meta name=\"twitter:card\" content=\"summary_large_image\" \/>\n<meta name=\"twitter:label1\" content=\"Escrito por\" \/>\n\t<meta name=\"twitter:data1\" content=\"admin\" \/>\n\t<meta name=\"twitter:label2\" content=\"Tiempo de lectura\" \/>\n\t<meta name=\"twitter:data2\" content=\"2 minutos\" \/>\n<script type=\"application\/ld+json\" class=\"yoast-schema-graph\">{\"@context\":\"https:\/\/schema.org\",\"@graph\":[{\"@type\":\"Article\",\"@id\":\"https:\/\/volcanes.net\/?p=1814#article\",\"isPartOf\":{\"@id\":\"https:\/\/volcanes.net\/?p=1814\"},\"author\":{\"name\":\"admin\",\"@id\":\"https:\/\/volcanes.net\/#\/schema\/person\/4bf0f383940966a4abd53f5048c0e6b9\"},\"headline\":\"El DIFEM Y la UAEM firman acuerdo para fortalecer atenci\u00f3n a grupos vulnerables\",\"datePublished\":\"2018-03-12T15:51:12+00:00\",\"mainEntityOfPage\":{\"@id\":\"https:\/\/volcanes.net\/?p=1814\"},\"wordCount\":471,\"commentCount\":0,\"publisher\":{\"@id\":\"https:\/\/volcanes.net\/#organization\"},\"image\":{\"@id\":\"https:\/\/volcanes.net\/?p=1814#primaryimage\"},\"thumbnailUrl\":\"https:\/\/volcanes.net\/wp-content\/uploads\/2018\/03\/IMG-20180311-WA0013-680x429.jpg\",\"keywords\":[\"DIFEM\",\"Gobierno del Estado de M\u00e9xico\",\"UAEM\",\"UAEMEX\"],\"articleSection\":[\"Estatales\"],\"inLanguage\":\"es\",\"potentialAction\":[{\"@type\":\"CommentAction\",\"name\":\"Comment\",\"target\":[\"https:\/\/volcanes.net\/?p=1814#respond\"]}]},{\"@type\":\"WebPage\",\"@id\":\"https:\/\/volcanes.net\/?p=1814\",\"url\":\"https:\/\/volcanes.net\/?p=1814\",\"name\":\"El DIFEM Y la UAEM firman acuerdo para fortalecer atenci\u00f3n a grupos vulnerables - Volcanes\",\"isPartOf\":{\"@id\":\"https:\/\/volcanes.net\/#website\"},\"primaryImageOfPage\":{\"@id\":\"https:\/\/volcanes.net\/?p=1814#primaryimage\"},\"image\":{\"@id\":\"https:\/\/volcanes.net\/?p=1814#primaryimage\"},\"thumbnailUrl\":\"https:\/\/volcanes.net\/wp-content\/uploads\/2018\/03\/IMG-20180311-WA0013-680x429.jpg\",\"datePublished\":\"2018-03-12T15:51:12+00:00\",\"breadcrumb\":{\"@id\":\"https:\/\/volcanes.net\/?p=1814#breadcrumb\"},\"inLanguage\":\"es\",\"potentialAction\":[{\"@type\":\"ReadAction\",\"target\":[\"https:\/\/volcanes.net\/?p=1814\"]}]},{\"@type\":\"ImageObject\",\"inLanguage\":\"es\",\"@id\":\"https:\/\/volcanes.net\/?p=1814#primaryimage\",\"url\":\"https:\/\/volcanes.net\/wp-content\/uploads\/2018\/03\/IMG-20180311-WA0013-680x429.jpg\",\"contentUrl\":\"https:\/\/volcanes.net\/wp-content\/uploads\/2018\/03\/IMG-20180311-WA0013-680x429.jpg\",\"width\":680,\"height\":429},{\"@type\":\"BreadcrumbList\",\"@id\":\"https:\/\/volcanes.net\/?p=1814#breadcrumb\",\"itemListElement\":[{\"@type\":\"ListItem\",\"position\":1,\"name\":\"Portada\",\"item\":\"https:\/\/volcanes.net\/\"},{\"@type\":\"ListItem\",\"position\":2,\"name\":\"El DIFEM Y la UAEM firman acuerdo para fortalecer atenci\u00f3n a grupos vulnerables\"}]},{\"@type\":\"WebSite\",\"@id\":\"https:\/\/volcanes.net\/#website\",\"url\":\"https:\/\/volcanes.net\/\",\"name\":\"Volcanes.Net\",\"description\":\"Periodismo Profesional\",\"publisher\":{\"@id\":\"https:\/\/volcanes.net\/#organization\"},\"potentialAction\":[{\"@type\":\"SearchAction\",\"target\":{\"@type\":\"EntryPoint\",\"urlTemplate\":\"https:\/\/volcanes.net\/?s={search_term_string}\"},\"query-input\":{\"@type\":\"PropertyValueSpecification\",\"valueRequired\":true,\"valueName\":\"search_term_string\"}}],\"inLanguage\":\"es\"},{\"@type\":\"Organization\",\"@id\":\"https:\/\/volcanes.net\/#organization\",\"name\":\"Grupo Volcanes\",\"url\":\"https:\/\/volcanes.net\/\",\"logo\":{\"@type\":\"ImageObject\",\"inLanguage\":\"es\",\"@id\":\"https:\/\/volcanes.net\/#\/schema\/logo\/image\/\",\"url\":\"http:\/\/volcanes.net\/wp-content\/uploads\/2017\/12\/Avatar2.jpg\",\"contentUrl\":\"http:\/\/volcanes.net\/wp-content\/uploads\/2017\/12\/Avatar2.jpg\",\"width\":378,\"height\":378,\"caption\":\"Grupo Volcanes\"},\"image\":{\"@id\":\"https:\/\/volcanes.net\/#\/schema\/logo\/image\/\"},\"sameAs\":[\"https:\/\/www.facebook.com\/volcanes.net\/\"]},{\"@type\":\"Person\",\"@id\":\"https:\/\/volcanes.net\/#\/schema\/person\/4bf0f383940966a4abd53f5048c0e6b9\",\"name\":\"admin\",\"image\":{\"@type\":\"ImageObject\",\"inLanguage\":\"es\",\"@id\":\"https:\/\/volcanes.net\/#\/schema\/person\/image\/\",\"url\":\"https:\/\/secure.gravatar.com\/avatar\/ca004e6cba8462b8cb7abc86e382930c?s=96&d=mm&r=g\",\"contentUrl\":\"https:\/\/secure.gravatar.com\/avatar\/ca004e6cba8462b8cb7abc86e382930c?s=96&d=mm&r=g\",\"caption\":\"admin\"}}]}<\/script>\n<!-- \/ Yoast SEO plugin. -->","yoast_head_json":{"title":"El DIFEM Y la UAEM firman acuerdo para fortalecer atenci\u00f3n a grupos vulnerables - Volcanes","robots":{"index":"index","follow":"follow","max-snippet":"max-snippet:-1","max-image-preview":"max-image-preview:large","max-video-preview":"max-video-preview:-1"},"canonical":"https:\/\/volcanes.net\/?p=1814","og_locale":"es_MX","og_type":"article","og_title":"El DIFEM Y la UAEM firman acuerdo para fortalecer atenci\u00f3n a grupos vulnerables - Volcanes","og_description":"Toluca, Estado de M\u00e9xico, 11 de marzo de 2018.\u00a0Para fortalecer el trabajo en materia de","og_url":"https:\/\/volcanes.net\/?p=1814","og_site_name":"Volcanes","article_publisher":"https:\/\/www.facebook.com\/volcanes.net\/","article_published_time":"2018-03-12T15:51:12+00:00","og_image":[{"width":680,"height":429,"url":"https:\/\/volcanes.net\/wp-content\/uploads\/2018\/03\/IMG-20180311-WA0013-680x429.jpg","type":"image\/jpeg"}],"author":"admin","twitter_card":"summary_large_image","twitter_misc":{"Escrito por":"admin","Tiempo de lectura":"2 minutos"},"schema":{"@context":"https:\/\/schema.org","@graph":[{"@type":"Article","@id":"https:\/\/volcanes.net\/?p=1814#article","isPartOf":{"@id":"https:\/\/volcanes.net\/?p=1814"},"author":{"name":"admin","@id":"https:\/\/volcanes.net\/#\/schema\/person\/4bf0f383940966a4abd53f5048c0e6b9"},"headline":"El DIFEM Y la UAEM firman acuerdo para fortalecer atenci\u00f3n a grupos vulnerables","datePublished":"2018-03-12T15:51:12+00:00","mainEntityOfPage":{"@id":"https:\/\/volcanes.net\/?p=1814"},"wordCount":471,"commentCount":0,"publisher":{"@id":"https:\/\/volcanes.net\/#organization"},"image":{"@id":"https:\/\/volcanes.net\/?p=1814#primaryimage"},"thumbnailUrl":"https:\/\/volcanes.net\/wp-content\/uploads\/2018\/03\/IMG-20180311-WA0013-680x429.jpg","keywords":["DIFEM","Gobierno del Estado de M\u00e9xico","UAEM","UAEMEX"],"articleSection":["Estatales"],"inLanguage":"es","potentialAction":[{"@type":"CommentAction","name":"Comment","target":["https:\/\/volcanes.net\/?p=1814#respond"]}]},{"@type":"WebPage","@id":"https:\/\/volcanes.net\/?p=1814","url":"https:\/\/volcanes.net\/?p=1814","name":"El DIFEM Y la UAEM firman acuerdo para fortalecer atenci\u00f3n a grupos vulnerables - Volcanes","isPartOf":{"@id":"https:\/\/volcanes.net\/#website"},"primaryImageOfPage":{"@id":"https:\/\/volcanes.net\/?p=1814#primaryimage"},"image":{"@id":"https:\/\/volcanes.net\/?p=1814#primaryimage"},"thumbnailUrl":"https:\/\/volcanes.net\/wp-content\/uploads\/2018\/03\/IMG-20180311-WA0013-680x429.jpg","datePublished":"2018-03-12T15:51:12+00:00","breadcrumb":{"@id":"https:\/\/volcanes.net\/?p=1814#breadcrumb"},"inLanguage":"es","potentialAction":[{"@type":"ReadAction","target":["https:\/\/volcanes.net\/?p=1814"]}]},{"@type":"ImageObject","inLanguage":"es","@id":"https:\/\/volcanes.net\/?p=1814#primaryimage","url":"https:\/\/volcanes.net\/wp-content\/uploads\/2018\/03\/IMG-20180311-WA0013-680x429.jpg","contentUrl":"https:\/\/volcanes.net\/wp-content\/uploads\/2018\/03\/IMG-20180311-WA0013-680x429.jpg","width":680,"height":429},{"@type":"BreadcrumbList","@id":"https:\/\/volcanes.net\/?p=1814#breadcrumb","itemListElement":[{"@type":"ListItem","position":1,"name":"Portada","item":"https:\/\/volcanes.net\/"},{"@type":"ListItem","position":2,"name":"El DIFEM Y la UAEM firman acuerdo para fortalecer atenci\u00f3n a grupos vulnerables"}]},{"@type":"WebSite","@id":"https:\/\/volcanes.net\/#website","url":"https:\/\/volcanes.net\/","name":"Volcanes.Net","description":"Periodismo Profesional","publisher":{"@id":"https:\/\/volcanes.net\/#organization"},"potentialAction":[{"@type":"SearchAction","target":{"@type":"EntryPoint","urlTemplate":"https:\/\/volcanes.net\/?s={search_term_string}"},"query-input":{"@type":"PropertyValueSpecification","valueRequired":true,"valueName":"search_term_string"}}],"inLanguage":"es"},{"@type":"Organization","@id":"https:\/\/volcanes.net\/#organization","name":"Grupo Volcanes","url":"https:\/\/volcanes.net\/","logo":{"@type":"ImageObject","inLanguage":"es","@id":"https:\/\/volcanes.net\/#\/schema\/logo\/image\/","url":"http:\/\/volcanes.net\/wp-content\/uploads\/2017\/12\/Avatar2.jpg","contentUrl":"http:\/\/volcanes.net\/wp-content\/uploads\/2017\/12\/Avatar2.jpg","width":378,"height":378,"caption":"Grupo Volcanes"},"image":{"@id":"https:\/\/volcanes.net\/#\/schema\/logo\/image\/"},"sameAs":["https:\/\/www.facebook.com\/volcanes.net\/"]},{"@type":"Person","@id":"https:\/\/volcanes.net\/#\/schema\/person\/4bf0f383940966a4abd53f5048c0e6b9","name":"admin","image":{"@type":"ImageObject","inLanguage":"es","@id":"https:\/\/volcanes.net\/#\/schema\/person\/image\/","url":"https:\/\/secure.gravatar.com\/avatar\/ca004e6cba8462b8cb7abc86e382930c?s=96&d=mm&r=g","contentUrl":"https:\/\/secure.gravatar.com\/avatar\/ca004e6cba8462b8cb7abc86e382930c?s=96&d=mm&r=g","caption":"admin"}}]}},"_links":{"self":[{"href":"https:\/\/volcanes.net\/index.php?rest_route=\/wp\/v2\/posts\/1814"}],"collection":[{"href":"https:\/\/volcanes.net\/index.php?rest_route=\/wp\/v2\/posts"}],"about":[{"href":"https:\/\/volcanes.net\/index.php?rest_route=\/wp\/v2\/types\/post"}],"author":[{"embeddable":true,"href":"https:\/\/volcanes.net\/index.php?rest_route=\/wp\/v2\/users\/1"}],"replies":[{"embeddable":true,"href":"https:\/\/volcanes.net\/index.php?rest_route=%2Fwp%2Fv2%2Fcomments&post=1814"}],"version-history":[{"count":1,"href":"https:\/\/volcanes.net\/index.php?rest_route=\/wp\/v2\/posts\/1814\/revisions"}],"predecessor-version":[{"id":1815,"href":"https:\/\/volcanes.net\/index.php?rest_route=\/wp\/v2\/posts\/1814\/revisions\/1815"}],"wp:featuredmedia":[{"embeddable":true,"href":"https:\/\/volcanes.net\/index.php?rest_route=\/wp\/v2\/media\/1806"}],"wp:attachment":[{"href":"https:\/\/volcanes.net\/index.php?rest_route=%2Fwp%2Fv2%2Fmedia&parent=1814"}],"wp:term":[{"taxonomy":"category","embeddable":true,"href":"https:\/\/volcanes.net\/index.php?rest_route=%2Fwp%2Fv2%2Fcategories&post=1814"},{"taxonomy":"post_tag","embeddable":true,"href":"https:\/\/volcanes.net\/index.php?rest_route=%2Fwp%2Fv2%2Ftags&post=1814"}],"curies":[{"name":"wp","href":"https:\/\/api.w.org\/{rel}","templated":true}]}}