{"id":1816,"date":"2018-03-12T15:53:59","date_gmt":"2018-03-12T15:53:59","guid":{"rendered":"http:\/\/volcanes.net\/?p=1816"},"modified":"2018-03-12T15:53:59","modified_gmt":"2018-03-12T15:53:59","slug":"exigen-familiares-de-victimas-se-declare-al-feminicidio-como-una-emergencia-nacional-y-se-active-la-alerta-de-genero","status":"publish","type":"post","link":"https:\/\/volcanes.net\/?p=1816","title":{"rendered":"Exigen familiares de v\u00edctimas se declare al feminicidio como una emergencia nacional y se active la Alerta de G\u00e9nero"},"content":{"rendered":"<div style=\"margin-top: 0px; margin-bottom: 0px;\" class=\"sharethis-inline-share-buttons\" ><\/div><p class=\"x_m_-5302395210471021128m_1484469879285848368gmail-CUERPO\">V\u00edctimas de feminicidios acusaron, en el Senado, a las autoridades de proteger m\u00e1s los derechos humanos de los homicidas que de las familias que perdieron a una madre, hija o hermana, esposa, por cr\u00edmenes de odio, que se han extendido en calles de las ciudades del pa\u00eds.<\/p>\n<p class=\"x_m_-5302395210471021128m_1484469879285848368gmail-CUERPO\">Durante el foro Violencia Contra La Mujer, que presidi\u00f3 la secretaria de la Mesa Directiva senadora Lorena Cu\u00e9llar Cisneros, los familiares solicitaron ser atendidos por la Comisi\u00f3n para la Igualdad de G\u00e9nero, a fin de que\u00a0\u00a0act\u00fae para revertir el aumento de feminicidios; incremento advertido\u00a0\u00a0por estudios internacionales, como La Violencia Feminicida en M\u00e9xico, aproximaciones y tendencias 1985-2016, realizado en coordinaci\u00f3n con la Secretar\u00eda de Gobernaci\u00f3n, Instituto Nacional de las Mujeres (Inmujeres) y la Organizaci\u00f3n de las Naciones Unidas (ONU).<\/p>\n<p class=\"x_m_-5302395210471021128m_1484469879285848368gmail-CUERPO\">En el estudio, se destaca la preocupaci\u00f3n de que los homicidios por g\u00e9nero se realizan con mayor frecuencia en las calles y alcanz\u00f3<span lang=\"ES-TRAD\">\u00a049 por ciento, en 2012; descendi\u00f3 a 35 por ciento, en 2014, y aumenta a 41 por ciento, en 2016.<\/span><\/p>\n<p class=\"x_m_-5302395210471021128m_1484469879285848368gmail-CUERPO\"><span lang=\"ES-TRAD\">\u00a0<\/span><\/p>\n<p class=\"x_m_-5302395210471021128m_1484469879285848368gmail-CUERPO\"><span lang=\"ES-TRAD\">Otro aspecto que destaca es la crueldad con que se agrede a las mujeres, factor para determinar feminicidio. \u201cEs m\u00e1s frecuente el uso de medios m\u00e1s brutales para asesinar a las mujeres: en los \u00faltimos cinco a\u00f1os los objetos cortantes se usaron 1.3 veces m\u00e1s en los homicidios de mujeres que de hombres. Se recurre tres veces m\u00e1s al ahorcamiento, estrangulamiento, sofocaci\u00f3n, ahogamiento e inmersi\u00f3n, el uso de sustancias y el fuego son el doble que en el caso de los hombres\u201d, se\u00f1ala el documento.<\/span><\/p>\n<p class=\"x_m_-5302395210471021128m_1484469879285848368gmail-CUERPO\"><span lang=\"ES-TRAD\">\u00a0<\/span><\/p>\n<p class=\"x_m_-5302395210471021128m_1484469879285848368gmail-CUERPO\"><span lang=\"ES-TRAD\">En el foro, Wendy Ver\u00f3nica V\u00e1zquez Ram\u00edrez; Sacrisanta Mosso Rend\u00f3n, Mar\u00eda de Lourdes Corona Santiago y Arturo Ibarra Serrano, entre otros familiares de mujeres asesinadas, entregaron a la senadora Cu\u00e9llar Cisneros una carta en la cual solicitan a la Comisi\u00f3n para la Igualdad de G\u00e9nero atiendan sus demandas, para que se hagan respetar sus derechos humanos.<\/span><\/p>\n<p class=\"x_m_-5302395210471021128m_1484469879285848368gmail-CUERPO\"><span lang=\"ES-TRAD\">\u00a0<\/span><\/p>\n<p class=\"x_m_-5302395210471021128m_1484469879285848368gmail-CUERPO\"><span lang=\"ES-TRAD\">Aseguran que los asesinos o imputados, \u201ctienen m\u00e1s derechos que las v\u00edctimas. Nuestras leyes los protegen para que nadie atente contra ellos y sus derechos humanos\u201d, por lo que no pueden decir sus nombres ni acusarlos p\u00fablicamente, mientras no se demuestre su culpabilidad, aun cuando existen pruebas de esta, o bien de que las investigaciones han sido alteradas\u201d.<\/span><\/p>\n<p class=\"x_m_-5302395210471021128m_1484469879285848368gmail-CUERPO\"><span lang=\"ES-TRAD\">\u00a0<\/span><\/p>\n<p class=\"x_m_-5302395210471021128m_1484469879285848368gmail-CUERPO\"><span lang=\"ES-TRAD\">Exigieron se declare al feminicidio como una emergencia nacional; la activaci\u00f3n de la \u201cAlerta de G\u00e9nero\u201d en todo el pa\u00eds; capacitaci\u00f3n de polic\u00edas, jueces y peritos en materia de g\u00e9nero; garantizar al 100 por ciento los derechos de las familias de las v\u00edctimas; cumplir con los protocolos y evitar la p\u00e9rdida de pruebas y contaminaci\u00f3n de las mismas.<\/span><\/p>\n","protected":false},"excerpt":{"rendered":"<p>V\u00edctimas de feminicidios acusaron, en el Senado, a las autoridades de proteger m\u00e1s los derechos<\/p>\n","protected":false},"author":1,"featured_media":1817,"comment_status":"open","ping_status":"open","sticky":false,"template":"","format":"standard","meta":{"footnotes":""},"categories":[1],"tags":[7,89,57,9,73,77,63,15,91,133,6,85,90,75,21,76,14,71,16,22,81,92,41,43,46],"class_list":["post-1816","post","type-post","status-publish","format-standard","has-post-thumbnail","hentry","category-municipales","tag-amecameca","tag-atizapan","tag-ayapango","tag-chalco","tag-chimalhuacan","tag-coacalco","tag-ecatepec","tag-ecatzingo","tag-huixquilucan","tag-interes","tag-ixtapaluca","tag-izcalli","tag-la-paz","tag-naucalpan","tag-nezahualcoyotl","tag-nicolas-romero","tag-ozumba","tag-tecamac","tag-tepetlixpa","tag-texcoco","tag-tlalmanalco","tag-tlalnepantla","tag-toluca","tag-tultitlan","tag-volcanes"],"yoast_head":"<!-- This site is optimized with the Yoast SEO plugin v25.3 - https:\/\/yoast.com\/wordpress\/plugins\/seo\/ -->\n<title>Exigen familiares de v\u00edctimas se declare al feminicidio como una emergencia nacional y se active la Alerta de G\u00e9nero - Volcanes<\/title>\n<meta name=\"robots\" content=\"index, follow, max-snippet:-1, max-image-preview:large, max-video-preview:-1\" \/>\n<link rel=\"canonical\" href=\"https:\/\/volcanes.net\/?p=1816\" \/>\n<meta property=\"og:locale\" content=\"es_MX\" \/>\n<meta property=\"og:type\" content=\"article\" \/>\n<meta property=\"og:title\" content=\"Exigen familiares de v\u00edctimas se declare al feminicidio como una emergencia nacional y se active la Alerta de G\u00e9nero - Volcanes\" \/>\n<meta property=\"og:description\" content=\"V\u00edctimas de feminicidios acusaron, en el Senado, a las autoridades de proteger m\u00e1s los derechos\" \/>\n<meta property=\"og:url\" content=\"https:\/\/volcanes.net\/?p=1816\" \/>\n<meta property=\"og:site_name\" content=\"Volcanes\" \/>\n<meta property=\"article:publisher\" content=\"https:\/\/www.facebook.com\/volcanes.net\/\" \/>\n<meta property=\"article:published_time\" content=\"2018-03-12T15:53:59+00:00\" \/>\n<meta property=\"og:image\" content=\"https:\/\/volcanes.net\/wp-content\/uploads\/2018\/03\/foro-senado.jpg\" \/>\n\t<meta property=\"og:image:width\" content=\"400\" \/>\n\t<meta property=\"og:image:height\" content=\"200\" \/>\n\t<meta property=\"og:image:type\" content=\"image\/jpeg\" \/>\n<meta name=\"author\" content=\"admin\" \/>\n<meta name=\"twitter:card\" content=\"summary_large_image\" \/>\n<meta name=\"twitter:label1\" content=\"Escrito por\" \/>\n\t<meta name=\"twitter:data1\" content=\"admin\" \/>\n\t<meta name=\"twitter:label2\" content=\"Tiempo de lectura\" \/>\n\t<meta name=\"twitter:data2\" content=\"2 minutos\" \/>\n<script type=\"application\/ld+json\" class=\"yoast-schema-graph\">{\"@context\":\"https:\/\/schema.org\",\"@graph\":[{\"@type\":\"Article\",\"@id\":\"https:\/\/volcanes.net\/?p=1816#article\",\"isPartOf\":{\"@id\":\"https:\/\/volcanes.net\/?p=1816\"},\"author\":{\"name\":\"admin\",\"@id\":\"https:\/\/volcanes.net\/#\/schema\/person\/4bf0f383940966a4abd53f5048c0e6b9\"},\"headline\":\"Exigen familiares de v\u00edctimas se declare al feminicidio como una emergencia nacional y se active la Alerta de G\u00e9nero\",\"datePublished\":\"2018-03-12T15:53:59+00:00\",\"mainEntityOfPage\":{\"@id\":\"https:\/\/volcanes.net\/?p=1816\"},\"wordCount\":483,\"commentCount\":0,\"publisher\":{\"@id\":\"https:\/\/volcanes.net\/#organization\"},\"image\":{\"@id\":\"https:\/\/volcanes.net\/?p=1816#primaryimage\"},\"thumbnailUrl\":\"https:\/\/volcanes.net\/wp-content\/uploads\/2018\/03\/foro-senado.jpg\",\"keywords\":[\"Amecameca\",\"Atizap\u00e1n\",\"Ayapango\",\"Chalco\",\"Chimalhuac\u00e1n\",\"Coacalco\",\"Ecatepec\",\"Ecatzingo\",\"Huixquilucan\",\"Inter\u00e9s\",\"Ixtapaluca\",\"Izcalli\",\"La Paz\",\"Naucalpan\",\"Nezahualc\u00f3yotl\",\"Nicol\u00e1s Romero\",\"Ozumba\",\"Tec\u00e1mac\",\"Tepetlixpa\",\"Texcoco\",\"Tlalmanalco\",\"Tlalnepantla\",\"Toluca\",\"Tultitl\u00e1n\",\"Volcanes\"],\"articleSection\":[\"Municipales\"],\"inLanguage\":\"es\",\"potentialAction\":[{\"@type\":\"CommentAction\",\"name\":\"Comment\",\"target\":[\"https:\/\/volcanes.net\/?p=1816#respond\"]}]},{\"@type\":\"WebPage\",\"@id\":\"https:\/\/volcanes.net\/?p=1816\",\"url\":\"https:\/\/volcanes.net\/?p=1816\",\"name\":\"Exigen familiares de v\u00edctimas se declare al feminicidio como una emergencia nacional y se active la Alerta de G\u00e9nero - Volcanes\",\"isPartOf\":{\"@id\":\"https:\/\/volcanes.net\/#website\"},\"primaryImageOfPage\":{\"@id\":\"https:\/\/volcanes.net\/?p=1816#primaryimage\"},\"image\":{\"@id\":\"https:\/\/volcanes.net\/?p=1816#primaryimage\"},\"thumbnailUrl\":\"https:\/\/volcanes.net\/wp-content\/uploads\/2018\/03\/foro-senado.jpg\",\"datePublished\":\"2018-03-12T15:53:59+00:00\",\"breadcrumb\":{\"@id\":\"https:\/\/volcanes.net\/?p=1816#breadcrumb\"},\"inLanguage\":\"es\",\"potentialAction\":[{\"@type\":\"ReadAction\",\"target\":[\"https:\/\/volcanes.net\/?p=1816\"]}]},{\"@type\":\"ImageObject\",\"inLanguage\":\"es\",\"@id\":\"https:\/\/volcanes.net\/?p=1816#primaryimage\",\"url\":\"https:\/\/volcanes.net\/wp-content\/uploads\/2018\/03\/foro-senado.jpg\",\"contentUrl\":\"https:\/\/volcanes.net\/wp-content\/uploads\/2018\/03\/foro-senado.jpg\",\"width\":400,\"height\":200},{\"@type\":\"BreadcrumbList\",\"@id\":\"https:\/\/volcanes.net\/?p=1816#breadcrumb\",\"itemListElement\":[{\"@type\":\"ListItem\",\"position\":1,\"name\":\"Portada\",\"item\":\"https:\/\/volcanes.net\/\"},{\"@type\":\"ListItem\",\"position\":2,\"name\":\"Exigen familiares de v\u00edctimas se declare al feminicidio como una emergencia nacional y se active la Alerta de G\u00e9nero\"}]},{\"@type\":\"WebSite\",\"@id\":\"https:\/\/volcanes.net\/#website\",\"url\":\"https:\/\/volcanes.net\/\",\"name\":\"Volcanes.Net\",\"description\":\"Periodismo Profesional\",\"publisher\":{\"@id\":\"https:\/\/volcanes.net\/#organization\"},\"potentialAction\":[{\"@type\":\"SearchAction\",\"target\":{\"@type\":\"EntryPoint\",\"urlTemplate\":\"https:\/\/volcanes.net\/?s={search_term_string}\"},\"query-input\":{\"@type\":\"PropertyValueSpecification\",\"valueRequired\":true,\"valueName\":\"search_term_string\"}}],\"inLanguage\":\"es\"},{\"@type\":\"Organization\",\"@id\":\"https:\/\/volcanes.net\/#organization\",\"name\":\"Grupo Volcanes\",\"url\":\"https:\/\/volcanes.net\/\",\"logo\":{\"@type\":\"ImageObject\",\"inLanguage\":\"es\",\"@id\":\"https:\/\/volcanes.net\/#\/schema\/logo\/image\/\",\"url\":\"http:\/\/volcanes.net\/wp-content\/uploads\/2017\/12\/Avatar2.jpg\",\"contentUrl\":\"http:\/\/volcanes.net\/wp-content\/uploads\/2017\/12\/Avatar2.jpg\",\"width\":378,\"height\":378,\"caption\":\"Grupo Volcanes\"},\"image\":{\"@id\":\"https:\/\/volcanes.net\/#\/schema\/logo\/image\/\"},\"sameAs\":[\"https:\/\/www.facebook.com\/volcanes.net\/\"]},{\"@type\":\"Person\",\"@id\":\"https:\/\/volcanes.net\/#\/schema\/person\/4bf0f383940966a4abd53f5048c0e6b9\",\"name\":\"admin\",\"image\":{\"@type\":\"ImageObject\",\"inLanguage\":\"es\",\"@id\":\"https:\/\/volcanes.net\/#\/schema\/person\/image\/\",\"url\":\"https:\/\/secure.gravatar.com\/avatar\/ca004e6cba8462b8cb7abc86e382930c?s=96&d=mm&r=g\",\"contentUrl\":\"https:\/\/secure.gravatar.com\/avatar\/ca004e6cba8462b8cb7abc86e382930c?s=96&d=mm&r=g\",\"caption\":\"admin\"}}]}<\/script>\n<!-- \/ Yoast SEO plugin. -->","yoast_head_json":{"title":"Exigen familiares de v\u00edctimas se declare al feminicidio como una emergencia nacional y se active la Alerta de G\u00e9nero - Volcanes","robots":{"index":"index","follow":"follow","max-snippet":"max-snippet:-1","max-image-preview":"max-image-preview:large","max-video-preview":"max-video-preview:-1"},"canonical":"https:\/\/volcanes.net\/?p=1816","og_locale":"es_MX","og_type":"article","og_title":"Exigen familiares de v\u00edctimas se declare al feminicidio como una emergencia nacional y se active la Alerta de G\u00e9nero - Volcanes","og_description":"V\u00edctimas de feminicidios acusaron, en el Senado, a las autoridades de proteger m\u00e1s los derechos","og_url":"https:\/\/volcanes.net\/?p=1816","og_site_name":"Volcanes","article_publisher":"https:\/\/www.facebook.com\/volcanes.net\/","article_published_time":"2018-03-12T15:53:59+00:00","og_image":[{"width":400,"height":200,"url":"https:\/\/volcanes.net\/wp-content\/uploads\/2018\/03\/foro-senado.jpg","type":"image\/jpeg"}],"author":"admin","twitter_card":"summary_large_image","twitter_misc":{"Escrito por":"admin","Tiempo de lectura":"2 minutos"},"schema":{"@context":"https:\/\/schema.org","@graph":[{"@type":"Article","@id":"https:\/\/volcanes.net\/?p=1816#article","isPartOf":{"@id":"https:\/\/volcanes.net\/?p=1816"},"author":{"name":"admin","@id":"https:\/\/volcanes.net\/#\/schema\/person\/4bf0f383940966a4abd53f5048c0e6b9"},"headline":"Exigen familiares de v\u00edctimas se declare al feminicidio como una emergencia nacional y se active la Alerta de G\u00e9nero","datePublished":"2018-03-12T15:53:59+00:00","mainEntityOfPage":{"@id":"https:\/\/volcanes.net\/?p=1816"},"wordCount":483,"commentCount":0,"publisher":{"@id":"https:\/\/volcanes.net\/#organization"},"image":{"@id":"https:\/\/volcanes.net\/?p=1816#primaryimage"},"thumbnailUrl":"https:\/\/volcanes.net\/wp-content\/uploads\/2018\/03\/foro-senado.jpg","keywords":["Amecameca","Atizap\u00e1n","Ayapango","Chalco","Chimalhuac\u00e1n","Coacalco","Ecatepec","Ecatzingo","Huixquilucan","Inter\u00e9s","Ixtapaluca","Izcalli","La Paz","Naucalpan","Nezahualc\u00f3yotl","Nicol\u00e1s Romero","Ozumba","Tec\u00e1mac","Tepetlixpa","Texcoco","Tlalmanalco","Tlalnepantla","Toluca","Tultitl\u00e1n","Volcanes"],"articleSection":["Municipales"],"inLanguage":"es","potentialAction":[{"@type":"CommentAction","name":"Comment","target":["https:\/\/volcanes.net\/?p=1816#respond"]}]},{"@type":"WebPage","@id":"https:\/\/volcanes.net\/?p=1816","url":"https:\/\/volcanes.net\/?p=1816","name":"Exigen familiares de v\u00edctimas se declare al feminicidio como una emergencia nacional y se active la Alerta de G\u00e9nero - Volcanes","isPartOf":{"@id":"https:\/\/volcanes.net\/#website"},"primaryImageOfPage":{"@id":"https:\/\/volcanes.net\/?p=1816#primaryimage"},"image":{"@id":"https:\/\/volcanes.net\/?p=1816#primaryimage"},"thumbnailUrl":"https:\/\/volcanes.net\/wp-content\/uploads\/2018\/03\/foro-senado.jpg","datePublished":"2018-03-12T15:53:59+00:00","breadcrumb":{"@id":"https:\/\/volcanes.net\/?p=1816#breadcrumb"},"inLanguage":"es","potentialAction":[{"@type":"ReadAction","target":["https:\/\/volcanes.net\/?p=1816"]}]},{"@type":"ImageObject","inLanguage":"es","@id":"https:\/\/volcanes.net\/?p=1816#primaryimage","url":"https:\/\/volcanes.net\/wp-content\/uploads\/2018\/03\/foro-senado.jpg","contentUrl":"https:\/\/volcanes.net\/wp-content\/uploads\/2018\/03\/foro-senado.jpg","width":400,"height":200},{"@type":"BreadcrumbList","@id":"https:\/\/volcanes.net\/?p=1816#breadcrumb","itemListElement":[{"@type":"ListItem","position":1,"name":"Portada","item":"https:\/\/volcanes.net\/"},{"@type":"ListItem","position":2,"name":"Exigen familiares de v\u00edctimas se declare al feminicidio como una emergencia nacional y se active la Alerta de G\u00e9nero"}]},{"@type":"WebSite","@id":"https:\/\/volcanes.net\/#website","url":"https:\/\/volcanes.net\/","name":"Volcanes.Net","description":"Periodismo Profesional","publisher":{"@id":"https:\/\/volcanes.net\/#organization"},"potentialAction":[{"@type":"SearchAction","target":{"@type":"EntryPoint","urlTemplate":"https:\/\/volcanes.net\/?s={search_term_string}"},"query-input":{"@type":"PropertyValueSpecification","valueRequired":true,"valueName":"search_term_string"}}],"inLanguage":"es"},{"@type":"Organization","@id":"https:\/\/volcanes.net\/#organization","name":"Grupo Volcanes","url":"https:\/\/volcanes.net\/","logo":{"@type":"ImageObject","inLanguage":"es","@id":"https:\/\/volcanes.net\/#\/schema\/logo\/image\/","url":"http:\/\/volcanes.net\/wp-content\/uploads\/2017\/12\/Avatar2.jpg","contentUrl":"http:\/\/volcanes.net\/wp-content\/uploads\/2017\/12\/Avatar2.jpg","width":378,"height":378,"caption":"Grupo Volcanes"},"image":{"@id":"https:\/\/volcanes.net\/#\/schema\/logo\/image\/"},"sameAs":["https:\/\/www.facebook.com\/volcanes.net\/"]},{"@type":"Person","@id":"https:\/\/volcanes.net\/#\/schema\/person\/4bf0f383940966a4abd53f5048c0e6b9","name":"admin","image":{"@type":"ImageObject","inLanguage":"es","@id":"https:\/\/volcanes.net\/#\/schema\/person\/image\/","url":"https:\/\/secure.gravatar.com\/avatar\/ca004e6cba8462b8cb7abc86e382930c?s=96&d=mm&r=g","contentUrl":"https:\/\/secure.gravatar.com\/avatar\/ca004e6cba8462b8cb7abc86e382930c?s=96&d=mm&r=g","caption":"admin"}}]}},"_links":{"self":[{"href":"https:\/\/volcanes.net\/index.php?rest_route=\/wp\/v2\/posts\/1816"}],"collection":[{"href":"https:\/\/volcanes.net\/index.php?rest_route=\/wp\/v2\/posts"}],"about":[{"href":"https:\/\/volcanes.net\/index.php?rest_route=\/wp\/v2\/types\/post"}],"author":[{"embeddable":true,"href":"https:\/\/volcanes.net\/index.php?rest_route=\/wp\/v2\/users\/1"}],"replies":[{"embeddable":true,"href":"https:\/\/volcanes.net\/index.php?rest_route=%2Fwp%2Fv2%2Fcomments&post=1816"}],"version-history":[{"count":1,"href":"https:\/\/volcanes.net\/index.php?rest_route=\/wp\/v2\/posts\/1816\/revisions"}],"predecessor-version":[{"id":1822,"href":"https:\/\/volcanes.net\/index.php?rest_route=\/wp\/v2\/posts\/1816\/revisions\/1822"}],"wp:featuredmedia":[{"embeddable":true,"href":"https:\/\/volcanes.net\/index.php?rest_route=\/wp\/v2\/media\/1817"}],"wp:attachment":[{"href":"https:\/\/volcanes.net\/index.php?rest_route=%2Fwp%2Fv2%2Fmedia&parent=1816"}],"wp:term":[{"taxonomy":"category","embeddable":true,"href":"https:\/\/volcanes.net\/index.php?rest_route=%2Fwp%2Fv2%2Fcategories&post=1816"},{"taxonomy":"post_tag","embeddable":true,"href":"https:\/\/volcanes.net\/index.php?rest_route=%2Fwp%2Fv2%2Ftags&post=1816"}],"curies":[{"name":"wp","href":"https:\/\/api.w.org\/{rel}","templated":true}]}}