{"id":1847,"date":"2018-03-13T14:00:08","date_gmt":"2018-03-13T14:00:08","guid":{"rendered":"http:\/\/volcanes.net\/?p=1847"},"modified":"2018-03-13T14:00:08","modified_gmt":"2018-03-13T14:00:08","slug":"destaca-alfredo-del-mazo-inversion-por-475-millones-de-pesos-para-el-campo-durante-el-ciclo-agricola-2018-video","status":"publish","type":"post","link":"https:\/\/volcanes.net\/?p=1847","title":{"rendered":"Destaca Alfredo del Mazo inversi\u00f3n por 475 millones de pesos para el campo durante el ciclo agr\u00edcola 2018 (VIDEO)"},"content":{"rendered":"<div style=\"margin-top: 0px; margin-bottom: 0px;\" class=\"sharethis-inline-share-buttons\" ><\/div><p>Al entregar incentivos agropecuarios como parte del inicio del Ciclo Agr\u00edcola 2018, el Gobernador Alfredo Del Mazo Maza inform\u00f3 que se destinar\u00e1n en esta temporada 475 millones de pesos, para otorgar apoyos al campo mexiquense, con la finalidad de incrementar la productividad y se vea reflejado en mayores ingresos para las familias de este sector de la poblaci\u00f3n.<\/p>\n<p>&nbsp;<\/p>\n<p>\u201cCon este inicio estamos d\u00e1ndole un apoyo muy importante al campo; hemos incrementado el presupuesto de apoyo al campo del a\u00f1o pasado a este a\u00f1o.<\/p>\n<p>&nbsp;<\/p>\n<p>\u201cTan s\u00f3lo en este inicio del Ciclo Agr\u00edcola, vamos a estar\u00a0\u00a0entregando m\u00e1s de 475 millones de pesos en apoyos al campo mexiquense,\u00a0que estoy seguro que van a rendir frutos y que van a ayudar a muchas de las familias, como ustedes que est\u00e1n aqu\u00ed presentes, para que puedan tener la posibilidad de generar mejores ingresos\u00a0\u00a0en la parte productiva y en el campo mexiquense\u201d, se\u00f1al\u00f3.<\/p>\n<p>&nbsp;<\/p>\n<p>Acompa\u00f1ado por el Secretario de Desarrollo Agropecuario, Ignacio Beltr\u00e1n Garc\u00eda, el Gobernador del Estado de M\u00e9xico entreg\u00f3 apoyos agropecuarios a productores de 25 municipios del Valle de Toluca y del norte de la entidad.<\/p>\n<p>&nbsp;<\/p>\n<p>Entre ellos, destacan el de Alta productividad, para m\u00e1s de 5 mil 850 productores, quienes podr\u00e1n acceder a semillas mejoradas, fertilizantes, mejorador para el suelo y asistencia t\u00e9cnica, entre otros.<\/p>\n<p>&nbsp;<\/p>\n<p>Tambi\u00e9n el de Insumos agr\u00edcolas, a trav\u00e9s del cual, m\u00e1s de 98 mil campesinos podr\u00e1n adquirir semilla, fertilizante y di\u00e9sel, acci\u00f3n coordinada entre la administraci\u00f3n federal y estatal.<\/p>\n<p>&nbsp;<\/p>\n<p>El de Seguro agr\u00edcola catastr\u00f3fico, para proteger la producci\u00f3n del campo de fen\u00f3menos meteorol\u00f3gicos, programa que por primera ocasi\u00f3n asegurar\u00e1 a quienes producen aguacate.<\/p>\n<p>&nbsp;<\/p>\n<p>As\u00ed como Familias fuertes: paquetes av\u00edcolas, para la producci\u00f3n de huevo, donde se entregan ocho gallinas y dos gallos. Este programa tiene como objetivo el autoconsumo o la venta de este producto, para generar ingresos adicionales a las familias mexiquenses.<\/p>\n<p>&nbsp;<\/p>\n<p>\u201cGracias por el apoyo que nos dan, gracias por trabajar de la mano del Gobierno del Estado tambi\u00e9n para poder impulsar esos apoyos y, lo m\u00e1s importante, gracias\u00a0\u00a0a las mujeres y hombres que hacen todos los d\u00edas del campo mexiquense un gran orgullo,\u00a0\u00a0a quienes se entregan todos los d\u00edas por completo para que muchos mexiquenses\u00a0\u00a0y muchos mexicanos podamos tener alimentos en nuestra casas.<\/p>\n<p>&nbsp;<\/p>\n<p>\u201cEl Gobierno del Estado\u00a0\u00a0de M\u00e9xico, trabaja y trabajar\u00e1 de la mano de ustedes para\u00a0\u00a0seguir apoyando esta importante actividad en nuestro estado\u201d, expres\u00f3.<\/p>\n<p>&nbsp;<\/p>\n<p>Del Mazo Maza indic\u00f3 que se impulsar\u00e1 la alta productividad, esquema mediante el cual, se puede duplicar o triplicar la capacidad de producci\u00f3n por hect\u00e1rea.<\/p>\n<p>&nbsp;<\/p>\n<p>En este sentido, puso como ejemplo una hect\u00e1rea donde se logra obtener una producci\u00f3n de cuatro toneladas, bajo el esquema de alta productividad, se consiguen de 8 hasta 14 toneladas por hect\u00e1rea.<\/p>\n<p>&nbsp;<\/p>\n<p>En esta gira de trabajo, el Gobernador mexiquense y\u00a0\u00a0el Director General de la Comisi\u00f3n Nacional del Agua (Conagua), Roberto Ram\u00edrez de la Parra, entregaron la rehabilitaci\u00f3n de m\u00e1s de 28 kil\u00f3metros\u00a0\u00a0y tres kil\u00f3metros de revestimiento de la red de Distrito de Riego que abastece m\u00e1s de 6 mil 500 hect\u00e1reas de esta regi\u00f3n de la entidad.<\/p>\n<p>&nbsp;<\/p>\n<p>Roberto Ram\u00edrez explic\u00f3 que esta obra es resultado de las peticiones que hicieron hace un a\u00f1o habitantes de esta regi\u00f3n, lo que permitir\u00e1 aprovechar mejor el uso del agua en materia agropecuaria.<\/p>\n<p>&nbsp;<\/p>\n<p>Recibieron incentivos agropecuarios, productores de los municipios de Temascalcingo, Acambay, Atlacomulco, Ixtlahuaca, Jocotitl\u00e1n, El Oro, Morelos, San Jos\u00e9 del Rinc\u00f3n, San Felipe del Progreso y Aculco.<\/p>\n<p>&nbsp;<\/p>\n<p>Adem\u00e1s de Villa Victoria, Tenango del Valle, Timilpan, Polotitl\u00e1n, Metepec, Almoloya de Ju\u00e1rez, Soyaniquilpan, Jilotepec, Chapa de Mota, Jiquipilco, Amanalco, Temoaya, Toluca, Villa de Allende y Zinacantepec.<\/p>\n<p>&nbsp;<\/p>\n<div class=\"jetpack-video-wrapper\"><span class=\"embed-youtube\"><\/span><\/div>\n","protected":false},"excerpt":{"rendered":"<p>Al entregar incentivos agropecuarios como parte del inicio del Ciclo Agr\u00edcola 2018, el Gobernador Alfredo<\/p>\n","protected":false},"author":1,"featured_media":1836,"comment_status":"open","ping_status":"open","sticky":false,"template":"","format":"standard","meta":{"footnotes":""},"categories":[3],"tags":[4],"class_list":["post-1847","post","type-post","status-publish","format-standard","has-post-thumbnail","hentry","category-estatales","tag-gobierno-del-estado-de-mexico"],"yoast_head":"<!-- This site is optimized with the Yoast SEO plugin v25.3 - https:\/\/yoast.com\/wordpress\/plugins\/seo\/ -->\n<title>Destaca Alfredo del Mazo inversi\u00f3n por 475 millones de pesos para el campo durante el ciclo agr\u00edcola 2018 (VIDEO) - Volcanes<\/title>\n<meta name=\"robots\" content=\"index, follow, max-snippet:-1, max-image-preview:large, max-video-preview:-1\" \/>\n<link rel=\"canonical\" href=\"https:\/\/volcanes.net\/?p=1847\" \/>\n<meta property=\"og:locale\" content=\"es_MX\" \/>\n<meta property=\"og:type\" content=\"article\" \/>\n<meta property=\"og:title\" content=\"Destaca Alfredo del Mazo inversi\u00f3n por 475 millones de pesos para el campo durante el ciclo agr\u00edcola 2018 (VIDEO) - Volcanes\" \/>\n<meta property=\"og:description\" content=\"Al entregar incentivos agropecuarios como parte del inicio del Ciclo Agr\u00edcola 2018, el Gobernador Alfredo\" \/>\n<meta property=\"og:url\" content=\"https:\/\/volcanes.net\/?p=1847\" \/>\n<meta property=\"og:site_name\" content=\"Volcanes\" \/>\n<meta property=\"article:publisher\" content=\"https:\/\/www.facebook.com\/volcanes.net\/\" \/>\n<meta property=\"article:published_time\" content=\"2018-03-13T14:00:08+00:00\" \/>\n<meta property=\"og:image\" content=\"https:\/\/volcanes.net\/wp-content\/uploads\/2018\/03\/del-mazo7.jpg\" \/>\n\t<meta property=\"og:image:width\" content=\"400\" \/>\n\t<meta property=\"og:image:height\" content=\"200\" \/>\n\t<meta property=\"og:image:type\" content=\"image\/jpeg\" \/>\n<meta name=\"author\" content=\"admin\" \/>\n<meta name=\"twitter:card\" content=\"summary_large_image\" \/>\n<meta name=\"twitter:label1\" content=\"Escrito por\" \/>\n\t<meta name=\"twitter:data1\" content=\"admin\" \/>\n\t<meta name=\"twitter:label2\" content=\"Tiempo de lectura\" \/>\n\t<meta name=\"twitter:data2\" content=\"3 minutos\" \/>\n<script type=\"application\/ld+json\" class=\"yoast-schema-graph\">{\"@context\":\"https:\/\/schema.org\",\"@graph\":[{\"@type\":\"Article\",\"@id\":\"https:\/\/volcanes.net\/?p=1847#article\",\"isPartOf\":{\"@id\":\"https:\/\/volcanes.net\/?p=1847\"},\"author\":{\"name\":\"admin\",\"@id\":\"https:\/\/volcanes.net\/#\/schema\/person\/4bf0f383940966a4abd53f5048c0e6b9\"},\"headline\":\"Destaca Alfredo del Mazo inversi\u00f3n por 475 millones de pesos para el campo durante el ciclo agr\u00edcola 2018 (VIDEO)\",\"datePublished\":\"2018-03-13T14:00:08+00:00\",\"mainEntityOfPage\":{\"@id\":\"https:\/\/volcanes.net\/?p=1847\"},\"wordCount\":680,\"commentCount\":0,\"publisher\":{\"@id\":\"https:\/\/volcanes.net\/#organization\"},\"image\":{\"@id\":\"https:\/\/volcanes.net\/?p=1847#primaryimage\"},\"thumbnailUrl\":\"https:\/\/volcanes.net\/wp-content\/uploads\/2018\/03\/del-mazo7.jpg\",\"keywords\":[\"Gobierno del Estado de M\u00e9xico\"],\"articleSection\":[\"Estatales\"],\"inLanguage\":\"es\",\"potentialAction\":[{\"@type\":\"CommentAction\",\"name\":\"Comment\",\"target\":[\"https:\/\/volcanes.net\/?p=1847#respond\"]}]},{\"@type\":\"WebPage\",\"@id\":\"https:\/\/volcanes.net\/?p=1847\",\"url\":\"https:\/\/volcanes.net\/?p=1847\",\"name\":\"Destaca Alfredo del Mazo inversi\u00f3n por 475 millones de pesos para el campo durante el ciclo agr\u00edcola 2018 (VIDEO) - Volcanes\",\"isPartOf\":{\"@id\":\"https:\/\/volcanes.net\/#website\"},\"primaryImageOfPage\":{\"@id\":\"https:\/\/volcanes.net\/?p=1847#primaryimage\"},\"image\":{\"@id\":\"https:\/\/volcanes.net\/?p=1847#primaryimage\"},\"thumbnailUrl\":\"https:\/\/volcanes.net\/wp-content\/uploads\/2018\/03\/del-mazo7.jpg\",\"datePublished\":\"2018-03-13T14:00:08+00:00\",\"breadcrumb\":{\"@id\":\"https:\/\/volcanes.net\/?p=1847#breadcrumb\"},\"inLanguage\":\"es\",\"potentialAction\":[{\"@type\":\"ReadAction\",\"target\":[\"https:\/\/volcanes.net\/?p=1847\"]}]},{\"@type\":\"ImageObject\",\"inLanguage\":\"es\",\"@id\":\"https:\/\/volcanes.net\/?p=1847#primaryimage\",\"url\":\"https:\/\/volcanes.net\/wp-content\/uploads\/2018\/03\/del-mazo7.jpg\",\"contentUrl\":\"https:\/\/volcanes.net\/wp-content\/uploads\/2018\/03\/del-mazo7.jpg\",\"width\":400,\"height\":200},{\"@type\":\"BreadcrumbList\",\"@id\":\"https:\/\/volcanes.net\/?p=1847#breadcrumb\",\"itemListElement\":[{\"@type\":\"ListItem\",\"position\":1,\"name\":\"Portada\",\"item\":\"https:\/\/volcanes.net\/\"},{\"@type\":\"ListItem\",\"position\":2,\"name\":\"Destaca Alfredo del Mazo inversi\u00f3n por 475 millones de pesos para el campo durante el ciclo agr\u00edcola 2018 (VIDEO)\"}]},{\"@type\":\"WebSite\",\"@id\":\"https:\/\/volcanes.net\/#website\",\"url\":\"https:\/\/volcanes.net\/\",\"name\":\"Volcanes.Net\",\"description\":\"Periodismo Profesional\",\"publisher\":{\"@id\":\"https:\/\/volcanes.net\/#organization\"},\"potentialAction\":[{\"@type\":\"SearchAction\",\"target\":{\"@type\":\"EntryPoint\",\"urlTemplate\":\"https:\/\/volcanes.net\/?s={search_term_string}\"},\"query-input\":{\"@type\":\"PropertyValueSpecification\",\"valueRequired\":true,\"valueName\":\"search_term_string\"}}],\"inLanguage\":\"es\"},{\"@type\":\"Organization\",\"@id\":\"https:\/\/volcanes.net\/#organization\",\"name\":\"Grupo Volcanes\",\"url\":\"https:\/\/volcanes.net\/\",\"logo\":{\"@type\":\"ImageObject\",\"inLanguage\":\"es\",\"@id\":\"https:\/\/volcanes.net\/#\/schema\/logo\/image\/\",\"url\":\"http:\/\/volcanes.net\/wp-content\/uploads\/2017\/12\/Avatar2.jpg\",\"contentUrl\":\"http:\/\/volcanes.net\/wp-content\/uploads\/2017\/12\/Avatar2.jpg\",\"width\":378,\"height\":378,\"caption\":\"Grupo Volcanes\"},\"image\":{\"@id\":\"https:\/\/volcanes.net\/#\/schema\/logo\/image\/\"},\"sameAs\":[\"https:\/\/www.facebook.com\/volcanes.net\/\"]},{\"@type\":\"Person\",\"@id\":\"https:\/\/volcanes.net\/#\/schema\/person\/4bf0f383940966a4abd53f5048c0e6b9\",\"name\":\"admin\",\"image\":{\"@type\":\"ImageObject\",\"inLanguage\":\"es\",\"@id\":\"https:\/\/volcanes.net\/#\/schema\/person\/image\/\",\"url\":\"https:\/\/secure.gravatar.com\/avatar\/ca004e6cba8462b8cb7abc86e382930c?s=96&d=mm&r=g\",\"contentUrl\":\"https:\/\/secure.gravatar.com\/avatar\/ca004e6cba8462b8cb7abc86e382930c?s=96&d=mm&r=g\",\"caption\":\"admin\"}}]}<\/script>\n<!-- \/ Yoast SEO plugin. -->","yoast_head_json":{"title":"Destaca Alfredo del Mazo inversi\u00f3n por 475 millones de pesos para el campo durante el ciclo agr\u00edcola 2018 (VIDEO) - Volcanes","robots":{"index":"index","follow":"follow","max-snippet":"max-snippet:-1","max-image-preview":"max-image-preview:large","max-video-preview":"max-video-preview:-1"},"canonical":"https:\/\/volcanes.net\/?p=1847","og_locale":"es_MX","og_type":"article","og_title":"Destaca Alfredo del Mazo inversi\u00f3n por 475 millones de pesos para el campo durante el ciclo agr\u00edcola 2018 (VIDEO) - Volcanes","og_description":"Al entregar incentivos agropecuarios como parte del inicio del Ciclo Agr\u00edcola 2018, el Gobernador Alfredo","og_url":"https:\/\/volcanes.net\/?p=1847","og_site_name":"Volcanes","article_publisher":"https:\/\/www.facebook.com\/volcanes.net\/","article_published_time":"2018-03-13T14:00:08+00:00","og_image":[{"width":400,"height":200,"url":"https:\/\/volcanes.net\/wp-content\/uploads\/2018\/03\/del-mazo7.jpg","type":"image\/jpeg"}],"author":"admin","twitter_card":"summary_large_image","twitter_misc":{"Escrito por":"admin","Tiempo de lectura":"3 minutos"},"schema":{"@context":"https:\/\/schema.org","@graph":[{"@type":"Article","@id":"https:\/\/volcanes.net\/?p=1847#article","isPartOf":{"@id":"https:\/\/volcanes.net\/?p=1847"},"author":{"name":"admin","@id":"https:\/\/volcanes.net\/#\/schema\/person\/4bf0f383940966a4abd53f5048c0e6b9"},"headline":"Destaca Alfredo del Mazo inversi\u00f3n por 475 millones de pesos para el campo durante el ciclo agr\u00edcola 2018 (VIDEO)","datePublished":"2018-03-13T14:00:08+00:00","mainEntityOfPage":{"@id":"https:\/\/volcanes.net\/?p=1847"},"wordCount":680,"commentCount":0,"publisher":{"@id":"https:\/\/volcanes.net\/#organization"},"image":{"@id":"https:\/\/volcanes.net\/?p=1847#primaryimage"},"thumbnailUrl":"https:\/\/volcanes.net\/wp-content\/uploads\/2018\/03\/del-mazo7.jpg","keywords":["Gobierno del Estado de M\u00e9xico"],"articleSection":["Estatales"],"inLanguage":"es","potentialAction":[{"@type":"CommentAction","name":"Comment","target":["https:\/\/volcanes.net\/?p=1847#respond"]}]},{"@type":"WebPage","@id":"https:\/\/volcanes.net\/?p=1847","url":"https:\/\/volcanes.net\/?p=1847","name":"Destaca Alfredo del Mazo inversi\u00f3n por 475 millones de pesos para el campo durante el ciclo agr\u00edcola 2018 (VIDEO) - Volcanes","isPartOf":{"@id":"https:\/\/volcanes.net\/#website"},"primaryImageOfPage":{"@id":"https:\/\/volcanes.net\/?p=1847#primaryimage"},"image":{"@id":"https:\/\/volcanes.net\/?p=1847#primaryimage"},"thumbnailUrl":"https:\/\/volcanes.net\/wp-content\/uploads\/2018\/03\/del-mazo7.jpg","datePublished":"2018-03-13T14:00:08+00:00","breadcrumb":{"@id":"https:\/\/volcanes.net\/?p=1847#breadcrumb"},"inLanguage":"es","potentialAction":[{"@type":"ReadAction","target":["https:\/\/volcanes.net\/?p=1847"]}]},{"@type":"ImageObject","inLanguage":"es","@id":"https:\/\/volcanes.net\/?p=1847#primaryimage","url":"https:\/\/volcanes.net\/wp-content\/uploads\/2018\/03\/del-mazo7.jpg","contentUrl":"https:\/\/volcanes.net\/wp-content\/uploads\/2018\/03\/del-mazo7.jpg","width":400,"height":200},{"@type":"BreadcrumbList","@id":"https:\/\/volcanes.net\/?p=1847#breadcrumb","itemListElement":[{"@type":"ListItem","position":1,"name":"Portada","item":"https:\/\/volcanes.net\/"},{"@type":"ListItem","position":2,"name":"Destaca Alfredo del Mazo inversi\u00f3n por 475 millones de pesos para el campo durante el ciclo agr\u00edcola 2018 (VIDEO)"}]},{"@type":"WebSite","@id":"https:\/\/volcanes.net\/#website","url":"https:\/\/volcanes.net\/","name":"Volcanes.Net","description":"Periodismo Profesional","publisher":{"@id":"https:\/\/volcanes.net\/#organization"},"potentialAction":[{"@type":"SearchAction","target":{"@type":"EntryPoint","urlTemplate":"https:\/\/volcanes.net\/?s={search_term_string}"},"query-input":{"@type":"PropertyValueSpecification","valueRequired":true,"valueName":"search_term_string"}}],"inLanguage":"es"},{"@type":"Organization","@id":"https:\/\/volcanes.net\/#organization","name":"Grupo Volcanes","url":"https:\/\/volcanes.net\/","logo":{"@type":"ImageObject","inLanguage":"es","@id":"https:\/\/volcanes.net\/#\/schema\/logo\/image\/","url":"http:\/\/volcanes.net\/wp-content\/uploads\/2017\/12\/Avatar2.jpg","contentUrl":"http:\/\/volcanes.net\/wp-content\/uploads\/2017\/12\/Avatar2.jpg","width":378,"height":378,"caption":"Grupo Volcanes"},"image":{"@id":"https:\/\/volcanes.net\/#\/schema\/logo\/image\/"},"sameAs":["https:\/\/www.facebook.com\/volcanes.net\/"]},{"@type":"Person","@id":"https:\/\/volcanes.net\/#\/schema\/person\/4bf0f383940966a4abd53f5048c0e6b9","name":"admin","image":{"@type":"ImageObject","inLanguage":"es","@id":"https:\/\/volcanes.net\/#\/schema\/person\/image\/","url":"https:\/\/secure.gravatar.com\/avatar\/ca004e6cba8462b8cb7abc86e382930c?s=96&d=mm&r=g","contentUrl":"https:\/\/secure.gravatar.com\/avatar\/ca004e6cba8462b8cb7abc86e382930c?s=96&d=mm&r=g","caption":"admin"}}]}},"_links":{"self":[{"href":"https:\/\/volcanes.net\/index.php?rest_route=\/wp\/v2\/posts\/1847"}],"collection":[{"href":"https:\/\/volcanes.net\/index.php?rest_route=\/wp\/v2\/posts"}],"about":[{"href":"https:\/\/volcanes.net\/index.php?rest_route=\/wp\/v2\/types\/post"}],"author":[{"embeddable":true,"href":"https:\/\/volcanes.net\/index.php?rest_route=\/wp\/v2\/users\/1"}],"replies":[{"embeddable":true,"href":"https:\/\/volcanes.net\/index.php?rest_route=%2Fwp%2Fv2%2Fcomments&post=1847"}],"version-history":[{"count":1,"href":"https:\/\/volcanes.net\/index.php?rest_route=\/wp\/v2\/posts\/1847\/revisions"}],"predecessor-version":[{"id":1848,"href":"https:\/\/volcanes.net\/index.php?rest_route=\/wp\/v2\/posts\/1847\/revisions\/1848"}],"wp:featuredmedia":[{"embeddable":true,"href":"https:\/\/volcanes.net\/index.php?rest_route=\/wp\/v2\/media\/1836"}],"wp:attachment":[{"href":"https:\/\/volcanes.net\/index.php?rest_route=%2Fwp%2Fv2%2Fmedia&parent=1847"}],"wp:term":[{"taxonomy":"category","embeddable":true,"href":"https:\/\/volcanes.net\/index.php?rest_route=%2Fwp%2Fv2%2Fcategories&post=1847"},{"taxonomy":"post_tag","embeddable":true,"href":"https:\/\/volcanes.net\/index.php?rest_route=%2Fwp%2Fv2%2Ftags&post=1847"}],"curies":[{"name":"wp","href":"https:\/\/api.w.org\/{rel}","templated":true}]}}