{"id":1852,"date":"2018-03-13T14:06:35","date_gmt":"2018-03-13T14:06:35","guid":{"rendered":"http:\/\/volcanes.net\/?p=1852"},"modified":"2018-03-13T14:06:35","modified_gmt":"2018-03-13T14:06:35","slug":"edomex-ocupa-primer-lugar-nacional-en-cantidad-de-comercios-de-frutas-y-verduras","status":"publish","type":"post","link":"https:\/\/volcanes.net\/?p=1852","title":{"rendered":"Edom\u00e9x ocupa primer lugar nacional en cantidad de comercios de frutas y verduras"},"content":{"rendered":"<div style=\"margin-top: 0px; margin-bottom: 0px;\" class=\"sharethis-inline-share-buttons\" ><\/div><p>La Secretar\u00eda de Desarrollo Econ\u00f3mico (Sedeco) inform\u00f3 que el Estado de M\u00e9xico encabeza la lista de las 10 entidades del pa\u00eds con mayor dinamismo en el comercio de frutas y verduras, de acuerdo con informaci\u00f3n del Directorio Estad\u00edstico Nacional de Unidades Econ\u00f3micas.<\/p>\n<p>De acuerdo con datos de Sedeco, en el a\u00f1o 2017 operaron 87 mil 318 negocios de este tipo en M\u00e9xico, que incluyen verduler\u00edas, recauder\u00edas, bodegas, tiendas de abarrotes y fruter\u00edas, entre otros, donde la mayor participaci\u00f3n la tuvo el Estado de M\u00e9xico, con 13 mil 809 establecimientos, que representan el 15.8 por ciento del total nacional.<\/p>\n<p>En el balance, la Ciudad de M\u00e9xico ocupa el segundo lugar, con 13 mil 095 negocios, es decir, un 15 por ciento, y Puebla en el tercero, con 8 mil 143, el 9.3 por ciento nacional; mientras que Veracruz, Jalisco, Chiapas, Guanajuato, Michoac\u00e1n, Oaxaca y Guerrero, ocupan los otros siete lugares.<\/p>\n<p>Adem\u00e1s, en este informe destaca que la cantidad de personal ocupado por las unidades econ\u00f3micas de este ramo en el pa\u00eds, es de 152 mil 20. A nivel estatal, los municipios que tienen mayor cantidad de este tipo de unidades econ\u00f3micas son: Ecatepec, con mil 591; Toluca, con mil 257 y Nezahualc\u00f3yotl, con mil 163.<\/p>\n","protected":false},"excerpt":{"rendered":"<p>La Secretar\u00eda de Desarrollo Econ\u00f3mico (Sedeco) inform\u00f3 que el Estado de M\u00e9xico encabeza la lista<\/p>\n","protected":false},"author":1,"featured_media":1854,"comment_status":"open","ping_status":"open","sticky":false,"template":"","format":"standard","meta":{"footnotes":""},"categories":[3],"tags":[4],"class_list":["post-1852","post","type-post","status-publish","format-standard","has-post-thumbnail","hentry","category-estatales","tag-gobierno-del-estado-de-mexico"],"yoast_head":"<!-- This site is optimized with the Yoast SEO plugin v25.3 - https:\/\/yoast.com\/wordpress\/plugins\/seo\/ -->\n<title>Edom\u00e9x ocupa primer lugar nacional en cantidad de comercios de frutas y verduras - Volcanes<\/title>\n<meta name=\"robots\" content=\"index, follow, max-snippet:-1, max-image-preview:large, max-video-preview:-1\" \/>\n<link rel=\"canonical\" href=\"https:\/\/volcanes.net\/?p=1852\" \/>\n<meta property=\"og:locale\" content=\"es_MX\" \/>\n<meta property=\"og:type\" content=\"article\" \/>\n<meta property=\"og:title\" content=\"Edom\u00e9x ocupa primer lugar nacional en cantidad de comercios de frutas y verduras - Volcanes\" \/>\n<meta property=\"og:description\" content=\"La Secretar\u00eda de Desarrollo Econ\u00f3mico (Sedeco) inform\u00f3 que el Estado de M\u00e9xico encabeza la lista\" \/>\n<meta property=\"og:url\" content=\"https:\/\/volcanes.net\/?p=1852\" \/>\n<meta property=\"og:site_name\" content=\"Volcanes\" \/>\n<meta property=\"article:publisher\" content=\"https:\/\/www.facebook.com\/volcanes.net\/\" \/>\n<meta property=\"article:published_time\" content=\"2018-03-13T14:06:35+00:00\" \/>\n<meta property=\"og:image\" content=\"https:\/\/volcanes.net\/wp-content\/uploads\/2018\/03\/Comercio-de-frutas-y-verduras-2-500x332.jpeg\" \/>\n\t<meta property=\"og:image:width\" content=\"500\" \/>\n\t<meta property=\"og:image:height\" content=\"332\" \/>\n\t<meta property=\"og:image:type\" content=\"image\/jpeg\" \/>\n<meta name=\"author\" content=\"admin\" \/>\n<meta name=\"twitter:card\" content=\"summary_large_image\" \/>\n<meta name=\"twitter:label1\" content=\"Escrito por\" \/>\n\t<meta name=\"twitter:data1\" content=\"admin\" \/>\n\t<meta name=\"twitter:label2\" content=\"Tiempo de lectura\" \/>\n\t<meta name=\"twitter:data2\" content=\"1 minuto\" \/>\n<script type=\"application\/ld+json\" class=\"yoast-schema-graph\">{\"@context\":\"https:\/\/schema.org\",\"@graph\":[{\"@type\":\"Article\",\"@id\":\"https:\/\/volcanes.net\/?p=1852#article\",\"isPartOf\":{\"@id\":\"https:\/\/volcanes.net\/?p=1852\"},\"author\":{\"name\":\"admin\",\"@id\":\"https:\/\/volcanes.net\/#\/schema\/person\/4bf0f383940966a4abd53f5048c0e6b9\"},\"headline\":\"Edom\u00e9x ocupa primer lugar nacional en cantidad de comercios de frutas y verduras\",\"datePublished\":\"2018-03-13T14:06:35+00:00\",\"mainEntityOfPage\":{\"@id\":\"https:\/\/volcanes.net\/?p=1852\"},\"wordCount\":221,\"commentCount\":0,\"publisher\":{\"@id\":\"https:\/\/volcanes.net\/#organization\"},\"image\":{\"@id\":\"https:\/\/volcanes.net\/?p=1852#primaryimage\"},\"thumbnailUrl\":\"https:\/\/volcanes.net\/wp-content\/uploads\/2018\/03\/Comercio-de-frutas-y-verduras-2-500x332.jpeg\",\"keywords\":[\"Gobierno del Estado de M\u00e9xico\"],\"articleSection\":[\"Estatales\"],\"inLanguage\":\"es\",\"potentialAction\":[{\"@type\":\"CommentAction\",\"name\":\"Comment\",\"target\":[\"https:\/\/volcanes.net\/?p=1852#respond\"]}]},{\"@type\":\"WebPage\",\"@id\":\"https:\/\/volcanes.net\/?p=1852\",\"url\":\"https:\/\/volcanes.net\/?p=1852\",\"name\":\"Edom\u00e9x ocupa primer lugar nacional en cantidad de comercios de frutas y verduras - Volcanes\",\"isPartOf\":{\"@id\":\"https:\/\/volcanes.net\/#website\"},\"primaryImageOfPage\":{\"@id\":\"https:\/\/volcanes.net\/?p=1852#primaryimage\"},\"image\":{\"@id\":\"https:\/\/volcanes.net\/?p=1852#primaryimage\"},\"thumbnailUrl\":\"https:\/\/volcanes.net\/wp-content\/uploads\/2018\/03\/Comercio-de-frutas-y-verduras-2-500x332.jpeg\",\"datePublished\":\"2018-03-13T14:06:35+00:00\",\"breadcrumb\":{\"@id\":\"https:\/\/volcanes.net\/?p=1852#breadcrumb\"},\"inLanguage\":\"es\",\"potentialAction\":[{\"@type\":\"ReadAction\",\"target\":[\"https:\/\/volcanes.net\/?p=1852\"]}]},{\"@type\":\"ImageObject\",\"inLanguage\":\"es\",\"@id\":\"https:\/\/volcanes.net\/?p=1852#primaryimage\",\"url\":\"https:\/\/volcanes.net\/wp-content\/uploads\/2018\/03\/Comercio-de-frutas-y-verduras-2-500x332.jpeg\",\"contentUrl\":\"https:\/\/volcanes.net\/wp-content\/uploads\/2018\/03\/Comercio-de-frutas-y-verduras-2-500x332.jpeg\",\"width\":500,\"height\":332},{\"@type\":\"BreadcrumbList\",\"@id\":\"https:\/\/volcanes.net\/?p=1852#breadcrumb\",\"itemListElement\":[{\"@type\":\"ListItem\",\"position\":1,\"name\":\"Portada\",\"item\":\"https:\/\/volcanes.net\/\"},{\"@type\":\"ListItem\",\"position\":2,\"name\":\"Edom\u00e9x ocupa primer lugar nacional en cantidad de comercios de frutas y verduras\"}]},{\"@type\":\"WebSite\",\"@id\":\"https:\/\/volcanes.net\/#website\",\"url\":\"https:\/\/volcanes.net\/\",\"name\":\"Volcanes.Net\",\"description\":\"Periodismo Profesional\",\"publisher\":{\"@id\":\"https:\/\/volcanes.net\/#organization\"},\"potentialAction\":[{\"@type\":\"SearchAction\",\"target\":{\"@type\":\"EntryPoint\",\"urlTemplate\":\"https:\/\/volcanes.net\/?s={search_term_string}\"},\"query-input\":{\"@type\":\"PropertyValueSpecification\",\"valueRequired\":true,\"valueName\":\"search_term_string\"}}],\"inLanguage\":\"es\"},{\"@type\":\"Organization\",\"@id\":\"https:\/\/volcanes.net\/#organization\",\"name\":\"Grupo Volcanes\",\"url\":\"https:\/\/volcanes.net\/\",\"logo\":{\"@type\":\"ImageObject\",\"inLanguage\":\"es\",\"@id\":\"https:\/\/volcanes.net\/#\/schema\/logo\/image\/\",\"url\":\"http:\/\/volcanes.net\/wp-content\/uploads\/2017\/12\/Avatar2.jpg\",\"contentUrl\":\"http:\/\/volcanes.net\/wp-content\/uploads\/2017\/12\/Avatar2.jpg\",\"width\":378,\"height\":378,\"caption\":\"Grupo Volcanes\"},\"image\":{\"@id\":\"https:\/\/volcanes.net\/#\/schema\/logo\/image\/\"},\"sameAs\":[\"https:\/\/www.facebook.com\/volcanes.net\/\"]},{\"@type\":\"Person\",\"@id\":\"https:\/\/volcanes.net\/#\/schema\/person\/4bf0f383940966a4abd53f5048c0e6b9\",\"name\":\"admin\",\"image\":{\"@type\":\"ImageObject\",\"inLanguage\":\"es\",\"@id\":\"https:\/\/volcanes.net\/#\/schema\/person\/image\/\",\"url\":\"https:\/\/secure.gravatar.com\/avatar\/ca004e6cba8462b8cb7abc86e382930c?s=96&d=mm&r=g\",\"contentUrl\":\"https:\/\/secure.gravatar.com\/avatar\/ca004e6cba8462b8cb7abc86e382930c?s=96&d=mm&r=g\",\"caption\":\"admin\"}}]}<\/script>\n<!-- \/ Yoast SEO plugin. -->","yoast_head_json":{"title":"Edom\u00e9x ocupa primer lugar nacional en cantidad de comercios de frutas y verduras - Volcanes","robots":{"index":"index","follow":"follow","max-snippet":"max-snippet:-1","max-image-preview":"max-image-preview:large","max-video-preview":"max-video-preview:-1"},"canonical":"https:\/\/volcanes.net\/?p=1852","og_locale":"es_MX","og_type":"article","og_title":"Edom\u00e9x ocupa primer lugar nacional en cantidad de comercios de frutas y verduras - Volcanes","og_description":"La Secretar\u00eda de Desarrollo Econ\u00f3mico (Sedeco) inform\u00f3 que el Estado de M\u00e9xico encabeza la lista","og_url":"https:\/\/volcanes.net\/?p=1852","og_site_name":"Volcanes","article_publisher":"https:\/\/www.facebook.com\/volcanes.net\/","article_published_time":"2018-03-13T14:06:35+00:00","og_image":[{"width":500,"height":332,"url":"https:\/\/volcanes.net\/wp-content\/uploads\/2018\/03\/Comercio-de-frutas-y-verduras-2-500x332.jpeg","type":"image\/jpeg"}],"author":"admin","twitter_card":"summary_large_image","twitter_misc":{"Escrito por":"admin","Tiempo de lectura":"1 minuto"},"schema":{"@context":"https:\/\/schema.org","@graph":[{"@type":"Article","@id":"https:\/\/volcanes.net\/?p=1852#article","isPartOf":{"@id":"https:\/\/volcanes.net\/?p=1852"},"author":{"name":"admin","@id":"https:\/\/volcanes.net\/#\/schema\/person\/4bf0f383940966a4abd53f5048c0e6b9"},"headline":"Edom\u00e9x ocupa primer lugar nacional en cantidad de comercios de frutas y verduras","datePublished":"2018-03-13T14:06:35+00:00","mainEntityOfPage":{"@id":"https:\/\/volcanes.net\/?p=1852"},"wordCount":221,"commentCount":0,"publisher":{"@id":"https:\/\/volcanes.net\/#organization"},"image":{"@id":"https:\/\/volcanes.net\/?p=1852#primaryimage"},"thumbnailUrl":"https:\/\/volcanes.net\/wp-content\/uploads\/2018\/03\/Comercio-de-frutas-y-verduras-2-500x332.jpeg","keywords":["Gobierno del Estado de M\u00e9xico"],"articleSection":["Estatales"],"inLanguage":"es","potentialAction":[{"@type":"CommentAction","name":"Comment","target":["https:\/\/volcanes.net\/?p=1852#respond"]}]},{"@type":"WebPage","@id":"https:\/\/volcanes.net\/?p=1852","url":"https:\/\/volcanes.net\/?p=1852","name":"Edom\u00e9x ocupa primer lugar nacional en cantidad de comercios de frutas y verduras - Volcanes","isPartOf":{"@id":"https:\/\/volcanes.net\/#website"},"primaryImageOfPage":{"@id":"https:\/\/volcanes.net\/?p=1852#primaryimage"},"image":{"@id":"https:\/\/volcanes.net\/?p=1852#primaryimage"},"thumbnailUrl":"https:\/\/volcanes.net\/wp-content\/uploads\/2018\/03\/Comercio-de-frutas-y-verduras-2-500x332.jpeg","datePublished":"2018-03-13T14:06:35+00:00","breadcrumb":{"@id":"https:\/\/volcanes.net\/?p=1852#breadcrumb"},"inLanguage":"es","potentialAction":[{"@type":"ReadAction","target":["https:\/\/volcanes.net\/?p=1852"]}]},{"@type":"ImageObject","inLanguage":"es","@id":"https:\/\/volcanes.net\/?p=1852#primaryimage","url":"https:\/\/volcanes.net\/wp-content\/uploads\/2018\/03\/Comercio-de-frutas-y-verduras-2-500x332.jpeg","contentUrl":"https:\/\/volcanes.net\/wp-content\/uploads\/2018\/03\/Comercio-de-frutas-y-verduras-2-500x332.jpeg","width":500,"height":332},{"@type":"BreadcrumbList","@id":"https:\/\/volcanes.net\/?p=1852#breadcrumb","itemListElement":[{"@type":"ListItem","position":1,"name":"Portada","item":"https:\/\/volcanes.net\/"},{"@type":"ListItem","position":2,"name":"Edom\u00e9x ocupa primer lugar nacional en cantidad de comercios de frutas y verduras"}]},{"@type":"WebSite","@id":"https:\/\/volcanes.net\/#website","url":"https:\/\/volcanes.net\/","name":"Volcanes.Net","description":"Periodismo Profesional","publisher":{"@id":"https:\/\/volcanes.net\/#organization"},"potentialAction":[{"@type":"SearchAction","target":{"@type":"EntryPoint","urlTemplate":"https:\/\/volcanes.net\/?s={search_term_string}"},"query-input":{"@type":"PropertyValueSpecification","valueRequired":true,"valueName":"search_term_string"}}],"inLanguage":"es"},{"@type":"Organization","@id":"https:\/\/volcanes.net\/#organization","name":"Grupo Volcanes","url":"https:\/\/volcanes.net\/","logo":{"@type":"ImageObject","inLanguage":"es","@id":"https:\/\/volcanes.net\/#\/schema\/logo\/image\/","url":"http:\/\/volcanes.net\/wp-content\/uploads\/2017\/12\/Avatar2.jpg","contentUrl":"http:\/\/volcanes.net\/wp-content\/uploads\/2017\/12\/Avatar2.jpg","width":378,"height":378,"caption":"Grupo Volcanes"},"image":{"@id":"https:\/\/volcanes.net\/#\/schema\/logo\/image\/"},"sameAs":["https:\/\/www.facebook.com\/volcanes.net\/"]},{"@type":"Person","@id":"https:\/\/volcanes.net\/#\/schema\/person\/4bf0f383940966a4abd53f5048c0e6b9","name":"admin","image":{"@type":"ImageObject","inLanguage":"es","@id":"https:\/\/volcanes.net\/#\/schema\/person\/image\/","url":"https:\/\/secure.gravatar.com\/avatar\/ca004e6cba8462b8cb7abc86e382930c?s=96&d=mm&r=g","contentUrl":"https:\/\/secure.gravatar.com\/avatar\/ca004e6cba8462b8cb7abc86e382930c?s=96&d=mm&r=g","caption":"admin"}}]}},"_links":{"self":[{"href":"https:\/\/volcanes.net\/index.php?rest_route=\/wp\/v2\/posts\/1852"}],"collection":[{"href":"https:\/\/volcanes.net\/index.php?rest_route=\/wp\/v2\/posts"}],"about":[{"href":"https:\/\/volcanes.net\/index.php?rest_route=\/wp\/v2\/types\/post"}],"author":[{"embeddable":true,"href":"https:\/\/volcanes.net\/index.php?rest_route=\/wp\/v2\/users\/1"}],"replies":[{"embeddable":true,"href":"https:\/\/volcanes.net\/index.php?rest_route=%2Fwp%2Fv2%2Fcomments&post=1852"}],"version-history":[{"count":1,"href":"https:\/\/volcanes.net\/index.php?rest_route=\/wp\/v2\/posts\/1852\/revisions"}],"predecessor-version":[{"id":1855,"href":"https:\/\/volcanes.net\/index.php?rest_route=\/wp\/v2\/posts\/1852\/revisions\/1855"}],"wp:featuredmedia":[{"embeddable":true,"href":"https:\/\/volcanes.net\/index.php?rest_route=\/wp\/v2\/media\/1854"}],"wp:attachment":[{"href":"https:\/\/volcanes.net\/index.php?rest_route=%2Fwp%2Fv2%2Fmedia&parent=1852"}],"wp:term":[{"taxonomy":"category","embeddable":true,"href":"https:\/\/volcanes.net\/index.php?rest_route=%2Fwp%2Fv2%2Fcategories&post=1852"},{"taxonomy":"post_tag","embeddable":true,"href":"https:\/\/volcanes.net\/index.php?rest_route=%2Fwp%2Fv2%2Ftags&post=1852"}],"curies":[{"name":"wp","href":"https:\/\/api.w.org\/{rel}","templated":true}]}}