{"id":1868,"date":"2018-03-13T14:14:13","date_gmt":"2018-03-13T14:14:13","guid":{"rendered":"http:\/\/volcanes.net\/?p=1868"},"modified":"2018-03-13T14:14:13","modified_gmt":"2018-03-13T14:14:13","slug":"vinculan-a-proceso-a-un-sujeto-que-habria-disparado-a-una-menor-de-edad-por-resistirse-a-un-asalto-en-el-paradero-del-metro-cuatro-caminos","status":"publish","type":"post","link":"https:\/\/volcanes.net\/?p=1868","title":{"rendered":"Vinculan a proceso a un sujeto que habr\u00eda disparado a una menor de edad por resistirse a un asalto en el paradero del metro Cuatro Caminos"},"content":{"rendered":"<div style=\"margin-top: 0px; margin-bottom: 0px;\" class=\"sharethis-inline-share-buttons\" ><\/div><p>El Representante Social de la Fiscal\u00eda General de Justicia del Estado de M\u00e9xico (FGJEM) acredit\u00f3 la probable participaci\u00f3n de un sujeto en el delito de robo con violencia en grado de tentativa, il\u00edcito por el que un Juez del Distrito Judicial de Tlalnepantla, determin\u00f3 vincularlo a proceso.<\/p>\n<p>Se trata de Marco Antonio \u201cN\u201d, quien habr\u00eda disparado en contra de una menor de 16 a\u00f1os\u00a0\u00a0de edad, que resisti\u00f3 a ser asaltada en la estaci\u00f3n del metro Cuatro Caminos, el pasado 12 de febrero. De acuerdo con las indagatorias realizadas por personal de la Fiscal\u00eda estatal, se pudo establecer que el d\u00eda de los hechos, el ahora detenido y dos sujetos m\u00e1s, habr\u00edan amagado a una adolescente para robar sus pertenencias; los hechos tuvieron lugar en las escaleras de acceso a la terminal del metro, en el and\u00e9n C.<\/p>\n<p>Cabe mencionar que, la v\u00edctima se opuso al asalto y pidi\u00f3 auxilio, por lo que Marco Antonio \u201cN\u201d le habr\u00eda disparado con un arma de fuego, ocasion\u00e1ndole una lesi\u00f3n en el hombro izquierdo, y luego, junto con sus c\u00f3mplices, huy\u00f3 del lugar.\u00a0Momentos despu\u00e9s la v\u00edctima fue atendida por param\u00e9dicos, y posteriormente fue trasladada a un hospital en donde recibi\u00f3 atenci\u00f3n m\u00e9dica.<\/p>\n<p>Derivado de este il\u00edcito fue iniciada la carpeta de investigaci\u00f3n respectiva, y Agentes de Investigaci\u00f3n de la FGJEM se encargaron de realizar diversas indagatorias que derivaron en la detenci\u00f3n de este individuo. El detenido fue ingresado al Centro Penitenciario y de Reinserci\u00f3n Social de Tlalnepantla, en donde qued\u00f3 a disposici\u00f3n de un juez, autoridad que lo vincul\u00f3 a proceso por el delito de robo con violencia en grado de tentativa, con un plazo de un mes para el cierre de investigaci\u00f3n.<\/p>\n<p>Adem\u00e1s, este individuo ha sido reconocido plenamente como quien lesion\u00f3 a la joven, y de igual manera se investiga su probable participaci\u00f3n en otro robos con violencia registrados en las inmediaciones de la terminal del metro Cuatro Caminos.<\/p>\n<p>&nbsp;<\/p>\n","protected":false},"excerpt":{"rendered":"<p>El Representante Social de la Fiscal\u00eda General de Justicia del Estado de M\u00e9xico (FGJEM) acredit\u00f3<\/p>\n","protected":false},"author":1,"featured_media":1860,"comment_status":"open","ping_status":"open","sticky":false,"template":"","format":"standard","meta":{"footnotes":""},"categories":[1],"tags":[75],"class_list":["post-1868","post","type-post","status-publish","format-standard","has-post-thumbnail","hentry","category-municipales","tag-naucalpan"],"yoast_head":"<!-- This site is optimized with the Yoast SEO plugin v25.3 - https:\/\/yoast.com\/wordpress\/plugins\/seo\/ -->\n<title>Vinculan a proceso a un sujeto que habr\u00eda disparado a una menor de edad por resistirse a un asalto en el paradero del metro Cuatro Caminos - Volcanes<\/title>\n<meta name=\"robots\" content=\"index, follow, max-snippet:-1, max-image-preview:large, max-video-preview:-1\" \/>\n<link rel=\"canonical\" href=\"https:\/\/volcanes.net\/?p=1868\" \/>\n<meta property=\"og:locale\" content=\"es_MX\" \/>\n<meta property=\"og:type\" content=\"article\" \/>\n<meta property=\"og:title\" content=\"Vinculan a proceso a un sujeto que habr\u00eda disparado a una menor de edad por resistirse a un asalto en el paradero del metro Cuatro Caminos - Volcanes\" \/>\n<meta property=\"og:description\" content=\"El Representante Social de la Fiscal\u00eda General de Justicia del Estado de M\u00e9xico (FGJEM) acredit\u00f3\" \/>\n<meta property=\"og:url\" content=\"https:\/\/volcanes.net\/?p=1868\" \/>\n<meta property=\"og:site_name\" content=\"Volcanes\" \/>\n<meta property=\"article:publisher\" content=\"https:\/\/www.facebook.com\/volcanes.net\/\" \/>\n<meta property=\"article:published_time\" content=\"2018-03-13T14:14:13+00:00\" \/>\n<meta property=\"og:image\" content=\"https:\/\/volcanes.net\/wp-content\/uploads\/2018\/03\/FOTO-C228-325x445.jpg\" \/>\n\t<meta property=\"og:image:width\" content=\"325\" \/>\n\t<meta property=\"og:image:height\" content=\"445\" \/>\n\t<meta property=\"og:image:type\" content=\"image\/jpeg\" \/>\n<meta name=\"author\" content=\"admin\" \/>\n<meta name=\"twitter:card\" content=\"summary_large_image\" \/>\n<meta name=\"twitter:label1\" content=\"Escrito por\" \/>\n\t<meta name=\"twitter:data1\" content=\"admin\" \/>\n\t<meta name=\"twitter:label2\" content=\"Tiempo de lectura\" \/>\n\t<meta name=\"twitter:data2\" content=\"2 minutos\" \/>\n<script type=\"application\/ld+json\" class=\"yoast-schema-graph\">{\"@context\":\"https:\/\/schema.org\",\"@graph\":[{\"@type\":\"Article\",\"@id\":\"https:\/\/volcanes.net\/?p=1868#article\",\"isPartOf\":{\"@id\":\"https:\/\/volcanes.net\/?p=1868\"},\"author\":{\"name\":\"admin\",\"@id\":\"https:\/\/volcanes.net\/#\/schema\/person\/4bf0f383940966a4abd53f5048c0e6b9\"},\"headline\":\"Vinculan a proceso a un sujeto que habr\u00eda disparado a una menor de edad por resistirse a un asalto en el paradero del metro Cuatro Caminos\",\"datePublished\":\"2018-03-13T14:14:13+00:00\",\"mainEntityOfPage\":{\"@id\":\"https:\/\/volcanes.net\/?p=1868\"},\"wordCount\":376,\"commentCount\":0,\"publisher\":{\"@id\":\"https:\/\/volcanes.net\/#organization\"},\"image\":{\"@id\":\"https:\/\/volcanes.net\/?p=1868#primaryimage\"},\"thumbnailUrl\":\"https:\/\/volcanes.net\/wp-content\/uploads\/2018\/03\/FOTO-C228-325x445.jpg\",\"keywords\":[\"Naucalpan\"],\"articleSection\":[\"Municipales\"],\"inLanguage\":\"es\",\"potentialAction\":[{\"@type\":\"CommentAction\",\"name\":\"Comment\",\"target\":[\"https:\/\/volcanes.net\/?p=1868#respond\"]}]},{\"@type\":\"WebPage\",\"@id\":\"https:\/\/volcanes.net\/?p=1868\",\"url\":\"https:\/\/volcanes.net\/?p=1868\",\"name\":\"Vinculan a proceso a un sujeto que habr\u00eda disparado a una menor de edad por resistirse a un asalto en el paradero del metro Cuatro Caminos - Volcanes\",\"isPartOf\":{\"@id\":\"https:\/\/volcanes.net\/#website\"},\"primaryImageOfPage\":{\"@id\":\"https:\/\/volcanes.net\/?p=1868#primaryimage\"},\"image\":{\"@id\":\"https:\/\/volcanes.net\/?p=1868#primaryimage\"},\"thumbnailUrl\":\"https:\/\/volcanes.net\/wp-content\/uploads\/2018\/03\/FOTO-C228-325x445.jpg\",\"datePublished\":\"2018-03-13T14:14:13+00:00\",\"breadcrumb\":{\"@id\":\"https:\/\/volcanes.net\/?p=1868#breadcrumb\"},\"inLanguage\":\"es\",\"potentialAction\":[{\"@type\":\"ReadAction\",\"target\":[\"https:\/\/volcanes.net\/?p=1868\"]}]},{\"@type\":\"ImageObject\",\"inLanguage\":\"es\",\"@id\":\"https:\/\/volcanes.net\/?p=1868#primaryimage\",\"url\":\"https:\/\/volcanes.net\/wp-content\/uploads\/2018\/03\/FOTO-C228-325x445.jpg\",\"contentUrl\":\"https:\/\/volcanes.net\/wp-content\/uploads\/2018\/03\/FOTO-C228-325x445.jpg\",\"width\":325,\"height\":445},{\"@type\":\"BreadcrumbList\",\"@id\":\"https:\/\/volcanes.net\/?p=1868#breadcrumb\",\"itemListElement\":[{\"@type\":\"ListItem\",\"position\":1,\"name\":\"Portada\",\"item\":\"https:\/\/volcanes.net\/\"},{\"@type\":\"ListItem\",\"position\":2,\"name\":\"Vinculan a proceso a un sujeto que habr\u00eda disparado a una menor de edad por resistirse a un asalto en el paradero del metro Cuatro Caminos\"}]},{\"@type\":\"WebSite\",\"@id\":\"https:\/\/volcanes.net\/#website\",\"url\":\"https:\/\/volcanes.net\/\",\"name\":\"Volcanes.Net\",\"description\":\"Periodismo Profesional\",\"publisher\":{\"@id\":\"https:\/\/volcanes.net\/#organization\"},\"potentialAction\":[{\"@type\":\"SearchAction\",\"target\":{\"@type\":\"EntryPoint\",\"urlTemplate\":\"https:\/\/volcanes.net\/?s={search_term_string}\"},\"query-input\":{\"@type\":\"PropertyValueSpecification\",\"valueRequired\":true,\"valueName\":\"search_term_string\"}}],\"inLanguage\":\"es\"},{\"@type\":\"Organization\",\"@id\":\"https:\/\/volcanes.net\/#organization\",\"name\":\"Grupo Volcanes\",\"url\":\"https:\/\/volcanes.net\/\",\"logo\":{\"@type\":\"ImageObject\",\"inLanguage\":\"es\",\"@id\":\"https:\/\/volcanes.net\/#\/schema\/logo\/image\/\",\"url\":\"http:\/\/volcanes.net\/wp-content\/uploads\/2017\/12\/Avatar2.jpg\",\"contentUrl\":\"http:\/\/volcanes.net\/wp-content\/uploads\/2017\/12\/Avatar2.jpg\",\"width\":378,\"height\":378,\"caption\":\"Grupo Volcanes\"},\"image\":{\"@id\":\"https:\/\/volcanes.net\/#\/schema\/logo\/image\/\"},\"sameAs\":[\"https:\/\/www.facebook.com\/volcanes.net\/\"]},{\"@type\":\"Person\",\"@id\":\"https:\/\/volcanes.net\/#\/schema\/person\/4bf0f383940966a4abd53f5048c0e6b9\",\"name\":\"admin\",\"image\":{\"@type\":\"ImageObject\",\"inLanguage\":\"es\",\"@id\":\"https:\/\/volcanes.net\/#\/schema\/person\/image\/\",\"url\":\"https:\/\/secure.gravatar.com\/avatar\/ca004e6cba8462b8cb7abc86e382930c?s=96&d=mm&r=g\",\"contentUrl\":\"https:\/\/secure.gravatar.com\/avatar\/ca004e6cba8462b8cb7abc86e382930c?s=96&d=mm&r=g\",\"caption\":\"admin\"}}]}<\/script>\n<!-- \/ Yoast SEO plugin. -->","yoast_head_json":{"title":"Vinculan a proceso a un sujeto que habr\u00eda disparado a una menor de edad por resistirse a un asalto en el paradero del metro Cuatro Caminos - Volcanes","robots":{"index":"index","follow":"follow","max-snippet":"max-snippet:-1","max-image-preview":"max-image-preview:large","max-video-preview":"max-video-preview:-1"},"canonical":"https:\/\/volcanes.net\/?p=1868","og_locale":"es_MX","og_type":"article","og_title":"Vinculan a proceso a un sujeto que habr\u00eda disparado a una menor de edad por resistirse a un asalto en el paradero del metro Cuatro Caminos - Volcanes","og_description":"El Representante Social de la Fiscal\u00eda General de Justicia del Estado de M\u00e9xico (FGJEM) acredit\u00f3","og_url":"https:\/\/volcanes.net\/?p=1868","og_site_name":"Volcanes","article_publisher":"https:\/\/www.facebook.com\/volcanes.net\/","article_published_time":"2018-03-13T14:14:13+00:00","og_image":[{"width":325,"height":445,"url":"https:\/\/volcanes.net\/wp-content\/uploads\/2018\/03\/FOTO-C228-325x445.jpg","type":"image\/jpeg"}],"author":"admin","twitter_card":"summary_large_image","twitter_misc":{"Escrito por":"admin","Tiempo de lectura":"2 minutos"},"schema":{"@context":"https:\/\/schema.org","@graph":[{"@type":"Article","@id":"https:\/\/volcanes.net\/?p=1868#article","isPartOf":{"@id":"https:\/\/volcanes.net\/?p=1868"},"author":{"name":"admin","@id":"https:\/\/volcanes.net\/#\/schema\/person\/4bf0f383940966a4abd53f5048c0e6b9"},"headline":"Vinculan a proceso a un sujeto que habr\u00eda disparado a una menor de edad por resistirse a un asalto en el paradero del metro Cuatro Caminos","datePublished":"2018-03-13T14:14:13+00:00","mainEntityOfPage":{"@id":"https:\/\/volcanes.net\/?p=1868"},"wordCount":376,"commentCount":0,"publisher":{"@id":"https:\/\/volcanes.net\/#organization"},"image":{"@id":"https:\/\/volcanes.net\/?p=1868#primaryimage"},"thumbnailUrl":"https:\/\/volcanes.net\/wp-content\/uploads\/2018\/03\/FOTO-C228-325x445.jpg","keywords":["Naucalpan"],"articleSection":["Municipales"],"inLanguage":"es","potentialAction":[{"@type":"CommentAction","name":"Comment","target":["https:\/\/volcanes.net\/?p=1868#respond"]}]},{"@type":"WebPage","@id":"https:\/\/volcanes.net\/?p=1868","url":"https:\/\/volcanes.net\/?p=1868","name":"Vinculan a proceso a un sujeto que habr\u00eda disparado a una menor de edad por resistirse a un asalto en el paradero del metro Cuatro Caminos - Volcanes","isPartOf":{"@id":"https:\/\/volcanes.net\/#website"},"primaryImageOfPage":{"@id":"https:\/\/volcanes.net\/?p=1868#primaryimage"},"image":{"@id":"https:\/\/volcanes.net\/?p=1868#primaryimage"},"thumbnailUrl":"https:\/\/volcanes.net\/wp-content\/uploads\/2018\/03\/FOTO-C228-325x445.jpg","datePublished":"2018-03-13T14:14:13+00:00","breadcrumb":{"@id":"https:\/\/volcanes.net\/?p=1868#breadcrumb"},"inLanguage":"es","potentialAction":[{"@type":"ReadAction","target":["https:\/\/volcanes.net\/?p=1868"]}]},{"@type":"ImageObject","inLanguage":"es","@id":"https:\/\/volcanes.net\/?p=1868#primaryimage","url":"https:\/\/volcanes.net\/wp-content\/uploads\/2018\/03\/FOTO-C228-325x445.jpg","contentUrl":"https:\/\/volcanes.net\/wp-content\/uploads\/2018\/03\/FOTO-C228-325x445.jpg","width":325,"height":445},{"@type":"BreadcrumbList","@id":"https:\/\/volcanes.net\/?p=1868#breadcrumb","itemListElement":[{"@type":"ListItem","position":1,"name":"Portada","item":"https:\/\/volcanes.net\/"},{"@type":"ListItem","position":2,"name":"Vinculan a proceso a un sujeto que habr\u00eda disparado a una menor de edad por resistirse a un asalto en el paradero del metro Cuatro Caminos"}]},{"@type":"WebSite","@id":"https:\/\/volcanes.net\/#website","url":"https:\/\/volcanes.net\/","name":"Volcanes.Net","description":"Periodismo Profesional","publisher":{"@id":"https:\/\/volcanes.net\/#organization"},"potentialAction":[{"@type":"SearchAction","target":{"@type":"EntryPoint","urlTemplate":"https:\/\/volcanes.net\/?s={search_term_string}"},"query-input":{"@type":"PropertyValueSpecification","valueRequired":true,"valueName":"search_term_string"}}],"inLanguage":"es"},{"@type":"Organization","@id":"https:\/\/volcanes.net\/#organization","name":"Grupo Volcanes","url":"https:\/\/volcanes.net\/","logo":{"@type":"ImageObject","inLanguage":"es","@id":"https:\/\/volcanes.net\/#\/schema\/logo\/image\/","url":"http:\/\/volcanes.net\/wp-content\/uploads\/2017\/12\/Avatar2.jpg","contentUrl":"http:\/\/volcanes.net\/wp-content\/uploads\/2017\/12\/Avatar2.jpg","width":378,"height":378,"caption":"Grupo Volcanes"},"image":{"@id":"https:\/\/volcanes.net\/#\/schema\/logo\/image\/"},"sameAs":["https:\/\/www.facebook.com\/volcanes.net\/"]},{"@type":"Person","@id":"https:\/\/volcanes.net\/#\/schema\/person\/4bf0f383940966a4abd53f5048c0e6b9","name":"admin","image":{"@type":"ImageObject","inLanguage":"es","@id":"https:\/\/volcanes.net\/#\/schema\/person\/image\/","url":"https:\/\/secure.gravatar.com\/avatar\/ca004e6cba8462b8cb7abc86e382930c?s=96&d=mm&r=g","contentUrl":"https:\/\/secure.gravatar.com\/avatar\/ca004e6cba8462b8cb7abc86e382930c?s=96&d=mm&r=g","caption":"admin"}}]}},"_links":{"self":[{"href":"https:\/\/volcanes.net\/index.php?rest_route=\/wp\/v2\/posts\/1868"}],"collection":[{"href":"https:\/\/volcanes.net\/index.php?rest_route=\/wp\/v2\/posts"}],"about":[{"href":"https:\/\/volcanes.net\/index.php?rest_route=\/wp\/v2\/types\/post"}],"author":[{"embeddable":true,"href":"https:\/\/volcanes.net\/index.php?rest_route=\/wp\/v2\/users\/1"}],"replies":[{"embeddable":true,"href":"https:\/\/volcanes.net\/index.php?rest_route=%2Fwp%2Fv2%2Fcomments&post=1868"}],"version-history":[{"count":1,"href":"https:\/\/volcanes.net\/index.php?rest_route=\/wp\/v2\/posts\/1868\/revisions"}],"predecessor-version":[{"id":1869,"href":"https:\/\/volcanes.net\/index.php?rest_route=\/wp\/v2\/posts\/1868\/revisions\/1869"}],"wp:featuredmedia":[{"embeddable":true,"href":"https:\/\/volcanes.net\/index.php?rest_route=\/wp\/v2\/media\/1860"}],"wp:attachment":[{"href":"https:\/\/volcanes.net\/index.php?rest_route=%2Fwp%2Fv2%2Fmedia&parent=1868"}],"wp:term":[{"taxonomy":"category","embeddable":true,"href":"https:\/\/volcanes.net\/index.php?rest_route=%2Fwp%2Fv2%2Fcategories&post=1868"},{"taxonomy":"post_tag","embeddable":true,"href":"https:\/\/volcanes.net\/index.php?rest_route=%2Fwp%2Fv2%2Ftags&post=1868"}],"curies":[{"name":"wp","href":"https:\/\/api.w.org\/{rel}","templated":true}]}}