{"id":1872,"date":"2018-03-13T14:17:11","date_gmt":"2018-03-13T14:17:11","guid":{"rendered":"http:\/\/volcanes.net\/?p=1872"},"modified":"2018-03-13T14:17:11","modified_gmt":"2018-03-13T14:17:11","slug":"sentencian-a-32-anos-y-seis-meses-de-carcel-a-un-sujeto-que-privo-de-la-libertad-a-una-menor-de-edad","status":"publish","type":"post","link":"https:\/\/volcanes.net\/?p=1872","title":{"rendered":"Sentencian a 32 a\u00f1os y seis meses de c\u00e1rcel a un sujeto que priv\u00f3 de la libertad a una menor de edad"},"content":{"rendered":"<div style=\"margin-top: 0px; margin-bottom: 0px;\" class=\"sharethis-inline-share-buttons\" ><\/div><p>El Ministerio P\u00fablico de la Fiscal\u00eda General de Justicia del Estado de M\u00e9xico (FGJEM) acredit\u00f3 la participaci\u00f3n de Emmanuel Tarrios Olivar, en el delito de privaci\u00f3n ilegal de la libertad, il\u00edcito por el que la Autoridad Judicial con sede en Texcoco le dict\u00f3 una sentencia condenatoria de 32 a\u00f1os y seis meses de prisi\u00f3n.<\/p>\n<p>De acuerdo con las indagatorias realizadas por personal de esta Instituci\u00f3n, se pudo establecer que en el mes de mayo del a\u00f1o 2014, este sujeto priv\u00f3 de la libertad a una menor de 9 a\u00f1os de edad, en la Avenida 5 de Mayo, de la colonia Ejidos de Tequisistl\u00e1n, en el municipio de Tezoyuca.<\/p>\n<p>Derivado de la denuncia por la desaparici\u00f3n de la menor, fue activada una Alerta Amber, adem\u00e1s esta Instituci\u00f3n ofreci\u00f3 una recompensa de hasta 500 mil pesos a quien aportara datos que llevaran a su localizaci\u00f3n. Como parte de las investigaciones, en el mes de febrero del a\u00f1o 2015 fue detenido este sujeto, por elementos de la entonces Procuradur\u00eda General de Justicia del Estado de M\u00e9xico.<\/p>\n<p>Tarrios Olivar fue ingresado al Centro Penitenciario y de Reinserci\u00f3n Social de Texcoco, en donde qued\u00f3 a disposici\u00f3n de un Juez, autoridad que previo proceso legal lo conden\u00f3 a 32 a\u00f1os y seis meses de prisi\u00f3n. Adem\u00e1s de esta pena privativa de libertad, este sujeto deber\u00e1 pagar una multa de 55 mil 798 pesos, y 63 mil 777 como reparaci\u00f3n del da\u00f1o, aunado a que sus derechos civiles y pol\u00edticos quedaron suspendidos.<\/p>\n","protected":false},"excerpt":{"rendered":"<p>El Ministerio P\u00fablico de la Fiscal\u00eda General de Justicia del Estado de M\u00e9xico (FGJEM) acredit\u00f3<\/p>\n","protected":false},"author":1,"featured_media":1862,"comment_status":"open","ping_status":"open","sticky":false,"template":"","format":"standard","meta":{"footnotes":""},"categories":[1],"tags":[],"class_list":["post-1872","post","type-post","status-publish","format-standard","has-post-thumbnail","hentry","category-municipales"],"yoast_head":"<!-- This site is optimized with the Yoast SEO plugin v25.3 - https:\/\/yoast.com\/wordpress\/plugins\/seo\/ -->\n<title>Sentencian a 32 a\u00f1os y seis meses de c\u00e1rcel a un sujeto que priv\u00f3 de la libertad a una menor de edad - Volcanes<\/title>\n<meta name=\"robots\" content=\"index, follow, max-snippet:-1, max-image-preview:large, max-video-preview:-1\" \/>\n<link rel=\"canonical\" href=\"https:\/\/volcanes.net\/?p=1872\" \/>\n<meta property=\"og:locale\" content=\"es_MX\" \/>\n<meta property=\"og:type\" content=\"article\" \/>\n<meta property=\"og:title\" content=\"Sentencian a 32 a\u00f1os y seis meses de c\u00e1rcel a un sujeto que priv\u00f3 de la libertad a una menor de edad - Volcanes\" \/>\n<meta property=\"og:description\" content=\"El Ministerio P\u00fablico de la Fiscal\u00eda General de Justicia del Estado de M\u00e9xico (FGJEM) acredit\u00f3\" \/>\n<meta property=\"og:url\" content=\"https:\/\/volcanes.net\/?p=1872\" \/>\n<meta property=\"og:site_name\" content=\"Volcanes\" \/>\n<meta property=\"article:publisher\" content=\"https:\/\/www.facebook.com\/volcanes.net\/\" \/>\n<meta property=\"article:published_time\" content=\"2018-03-13T14:17:11+00:00\" \/>\n<meta property=\"og:image\" content=\"https:\/\/volcanes.net\/wp-content\/uploads\/2018\/03\/FOTO-C230-325x445.jpg\" \/>\n\t<meta property=\"og:image:width\" content=\"325\" \/>\n\t<meta property=\"og:image:height\" content=\"445\" \/>\n\t<meta property=\"og:image:type\" content=\"image\/jpeg\" \/>\n<meta name=\"author\" content=\"admin\" \/>\n<meta name=\"twitter:card\" content=\"summary_large_image\" \/>\n<meta name=\"twitter:label1\" content=\"Escrito por\" \/>\n\t<meta name=\"twitter:data1\" content=\"admin\" \/>\n\t<meta name=\"twitter:label2\" content=\"Tiempo de lectura\" \/>\n\t<meta name=\"twitter:data2\" content=\"1 minuto\" \/>\n<script type=\"application\/ld+json\" class=\"yoast-schema-graph\">{\"@context\":\"https:\/\/schema.org\",\"@graph\":[{\"@type\":\"Article\",\"@id\":\"https:\/\/volcanes.net\/?p=1872#article\",\"isPartOf\":{\"@id\":\"https:\/\/volcanes.net\/?p=1872\"},\"author\":{\"name\":\"admin\",\"@id\":\"https:\/\/volcanes.net\/#\/schema\/person\/4bf0f383940966a4abd53f5048c0e6b9\"},\"headline\":\"Sentencian a 32 a\u00f1os y seis meses de c\u00e1rcel a un sujeto que priv\u00f3 de la libertad a una menor de edad\",\"datePublished\":\"2018-03-13T14:17:11+00:00\",\"mainEntityOfPage\":{\"@id\":\"https:\/\/volcanes.net\/?p=1872\"},\"wordCount\":284,\"commentCount\":0,\"publisher\":{\"@id\":\"https:\/\/volcanes.net\/#organization\"},\"image\":{\"@id\":\"https:\/\/volcanes.net\/?p=1872#primaryimage\"},\"thumbnailUrl\":\"https:\/\/volcanes.net\/wp-content\/uploads\/2018\/03\/FOTO-C230-325x445.jpg\",\"articleSection\":[\"Municipales\"],\"inLanguage\":\"es\",\"potentialAction\":[{\"@type\":\"CommentAction\",\"name\":\"Comment\",\"target\":[\"https:\/\/volcanes.net\/?p=1872#respond\"]}]},{\"@type\":\"WebPage\",\"@id\":\"https:\/\/volcanes.net\/?p=1872\",\"url\":\"https:\/\/volcanes.net\/?p=1872\",\"name\":\"Sentencian a 32 a\u00f1os y seis meses de c\u00e1rcel a un sujeto que priv\u00f3 de la libertad a una menor de edad - Volcanes\",\"isPartOf\":{\"@id\":\"https:\/\/volcanes.net\/#website\"},\"primaryImageOfPage\":{\"@id\":\"https:\/\/volcanes.net\/?p=1872#primaryimage\"},\"image\":{\"@id\":\"https:\/\/volcanes.net\/?p=1872#primaryimage\"},\"thumbnailUrl\":\"https:\/\/volcanes.net\/wp-content\/uploads\/2018\/03\/FOTO-C230-325x445.jpg\",\"datePublished\":\"2018-03-13T14:17:11+00:00\",\"breadcrumb\":{\"@id\":\"https:\/\/volcanes.net\/?p=1872#breadcrumb\"},\"inLanguage\":\"es\",\"potentialAction\":[{\"@type\":\"ReadAction\",\"target\":[\"https:\/\/volcanes.net\/?p=1872\"]}]},{\"@type\":\"ImageObject\",\"inLanguage\":\"es\",\"@id\":\"https:\/\/volcanes.net\/?p=1872#primaryimage\",\"url\":\"https:\/\/volcanes.net\/wp-content\/uploads\/2018\/03\/FOTO-C230-325x445.jpg\",\"contentUrl\":\"https:\/\/volcanes.net\/wp-content\/uploads\/2018\/03\/FOTO-C230-325x445.jpg\",\"width\":325,\"height\":445},{\"@type\":\"BreadcrumbList\",\"@id\":\"https:\/\/volcanes.net\/?p=1872#breadcrumb\",\"itemListElement\":[{\"@type\":\"ListItem\",\"position\":1,\"name\":\"Portada\",\"item\":\"https:\/\/volcanes.net\/\"},{\"@type\":\"ListItem\",\"position\":2,\"name\":\"Sentencian a 32 a\u00f1os y seis meses de c\u00e1rcel a un sujeto que priv\u00f3 de la libertad a una menor de edad\"}]},{\"@type\":\"WebSite\",\"@id\":\"https:\/\/volcanes.net\/#website\",\"url\":\"https:\/\/volcanes.net\/\",\"name\":\"Volcanes.Net\",\"description\":\"Periodismo Profesional\",\"publisher\":{\"@id\":\"https:\/\/volcanes.net\/#organization\"},\"potentialAction\":[{\"@type\":\"SearchAction\",\"target\":{\"@type\":\"EntryPoint\",\"urlTemplate\":\"https:\/\/volcanes.net\/?s={search_term_string}\"},\"query-input\":{\"@type\":\"PropertyValueSpecification\",\"valueRequired\":true,\"valueName\":\"search_term_string\"}}],\"inLanguage\":\"es\"},{\"@type\":\"Organization\",\"@id\":\"https:\/\/volcanes.net\/#organization\",\"name\":\"Grupo Volcanes\",\"url\":\"https:\/\/volcanes.net\/\",\"logo\":{\"@type\":\"ImageObject\",\"inLanguage\":\"es\",\"@id\":\"https:\/\/volcanes.net\/#\/schema\/logo\/image\/\",\"url\":\"http:\/\/volcanes.net\/wp-content\/uploads\/2017\/12\/Avatar2.jpg\",\"contentUrl\":\"http:\/\/volcanes.net\/wp-content\/uploads\/2017\/12\/Avatar2.jpg\",\"width\":378,\"height\":378,\"caption\":\"Grupo Volcanes\"},\"image\":{\"@id\":\"https:\/\/volcanes.net\/#\/schema\/logo\/image\/\"},\"sameAs\":[\"https:\/\/www.facebook.com\/volcanes.net\/\"]},{\"@type\":\"Person\",\"@id\":\"https:\/\/volcanes.net\/#\/schema\/person\/4bf0f383940966a4abd53f5048c0e6b9\",\"name\":\"admin\",\"image\":{\"@type\":\"ImageObject\",\"inLanguage\":\"es\",\"@id\":\"https:\/\/volcanes.net\/#\/schema\/person\/image\/\",\"url\":\"https:\/\/secure.gravatar.com\/avatar\/ca004e6cba8462b8cb7abc86e382930c?s=96&d=mm&r=g\",\"contentUrl\":\"https:\/\/secure.gravatar.com\/avatar\/ca004e6cba8462b8cb7abc86e382930c?s=96&d=mm&r=g\",\"caption\":\"admin\"}}]}<\/script>\n<!-- \/ Yoast SEO plugin. -->","yoast_head_json":{"title":"Sentencian a 32 a\u00f1os y seis meses de c\u00e1rcel a un sujeto que priv\u00f3 de la libertad a una menor de edad - Volcanes","robots":{"index":"index","follow":"follow","max-snippet":"max-snippet:-1","max-image-preview":"max-image-preview:large","max-video-preview":"max-video-preview:-1"},"canonical":"https:\/\/volcanes.net\/?p=1872","og_locale":"es_MX","og_type":"article","og_title":"Sentencian a 32 a\u00f1os y seis meses de c\u00e1rcel a un sujeto que priv\u00f3 de la libertad a una menor de edad - Volcanes","og_description":"El Ministerio P\u00fablico de la Fiscal\u00eda General de Justicia del Estado de M\u00e9xico (FGJEM) acredit\u00f3","og_url":"https:\/\/volcanes.net\/?p=1872","og_site_name":"Volcanes","article_publisher":"https:\/\/www.facebook.com\/volcanes.net\/","article_published_time":"2018-03-13T14:17:11+00:00","og_image":[{"width":325,"height":445,"url":"https:\/\/volcanes.net\/wp-content\/uploads\/2018\/03\/FOTO-C230-325x445.jpg","type":"image\/jpeg"}],"author":"admin","twitter_card":"summary_large_image","twitter_misc":{"Escrito por":"admin","Tiempo de lectura":"1 minuto"},"schema":{"@context":"https:\/\/schema.org","@graph":[{"@type":"Article","@id":"https:\/\/volcanes.net\/?p=1872#article","isPartOf":{"@id":"https:\/\/volcanes.net\/?p=1872"},"author":{"name":"admin","@id":"https:\/\/volcanes.net\/#\/schema\/person\/4bf0f383940966a4abd53f5048c0e6b9"},"headline":"Sentencian a 32 a\u00f1os y seis meses de c\u00e1rcel a un sujeto que priv\u00f3 de la libertad a una menor de edad","datePublished":"2018-03-13T14:17:11+00:00","mainEntityOfPage":{"@id":"https:\/\/volcanes.net\/?p=1872"},"wordCount":284,"commentCount":0,"publisher":{"@id":"https:\/\/volcanes.net\/#organization"},"image":{"@id":"https:\/\/volcanes.net\/?p=1872#primaryimage"},"thumbnailUrl":"https:\/\/volcanes.net\/wp-content\/uploads\/2018\/03\/FOTO-C230-325x445.jpg","articleSection":["Municipales"],"inLanguage":"es","potentialAction":[{"@type":"CommentAction","name":"Comment","target":["https:\/\/volcanes.net\/?p=1872#respond"]}]},{"@type":"WebPage","@id":"https:\/\/volcanes.net\/?p=1872","url":"https:\/\/volcanes.net\/?p=1872","name":"Sentencian a 32 a\u00f1os y seis meses de c\u00e1rcel a un sujeto que priv\u00f3 de la libertad a una menor de edad - Volcanes","isPartOf":{"@id":"https:\/\/volcanes.net\/#website"},"primaryImageOfPage":{"@id":"https:\/\/volcanes.net\/?p=1872#primaryimage"},"image":{"@id":"https:\/\/volcanes.net\/?p=1872#primaryimage"},"thumbnailUrl":"https:\/\/volcanes.net\/wp-content\/uploads\/2018\/03\/FOTO-C230-325x445.jpg","datePublished":"2018-03-13T14:17:11+00:00","breadcrumb":{"@id":"https:\/\/volcanes.net\/?p=1872#breadcrumb"},"inLanguage":"es","potentialAction":[{"@type":"ReadAction","target":["https:\/\/volcanes.net\/?p=1872"]}]},{"@type":"ImageObject","inLanguage":"es","@id":"https:\/\/volcanes.net\/?p=1872#primaryimage","url":"https:\/\/volcanes.net\/wp-content\/uploads\/2018\/03\/FOTO-C230-325x445.jpg","contentUrl":"https:\/\/volcanes.net\/wp-content\/uploads\/2018\/03\/FOTO-C230-325x445.jpg","width":325,"height":445},{"@type":"BreadcrumbList","@id":"https:\/\/volcanes.net\/?p=1872#breadcrumb","itemListElement":[{"@type":"ListItem","position":1,"name":"Portada","item":"https:\/\/volcanes.net\/"},{"@type":"ListItem","position":2,"name":"Sentencian a 32 a\u00f1os y seis meses de c\u00e1rcel a un sujeto que priv\u00f3 de la libertad a una menor de edad"}]},{"@type":"WebSite","@id":"https:\/\/volcanes.net\/#website","url":"https:\/\/volcanes.net\/","name":"Volcanes.Net","description":"Periodismo Profesional","publisher":{"@id":"https:\/\/volcanes.net\/#organization"},"potentialAction":[{"@type":"SearchAction","target":{"@type":"EntryPoint","urlTemplate":"https:\/\/volcanes.net\/?s={search_term_string}"},"query-input":{"@type":"PropertyValueSpecification","valueRequired":true,"valueName":"search_term_string"}}],"inLanguage":"es"},{"@type":"Organization","@id":"https:\/\/volcanes.net\/#organization","name":"Grupo Volcanes","url":"https:\/\/volcanes.net\/","logo":{"@type":"ImageObject","inLanguage":"es","@id":"https:\/\/volcanes.net\/#\/schema\/logo\/image\/","url":"http:\/\/volcanes.net\/wp-content\/uploads\/2017\/12\/Avatar2.jpg","contentUrl":"http:\/\/volcanes.net\/wp-content\/uploads\/2017\/12\/Avatar2.jpg","width":378,"height":378,"caption":"Grupo Volcanes"},"image":{"@id":"https:\/\/volcanes.net\/#\/schema\/logo\/image\/"},"sameAs":["https:\/\/www.facebook.com\/volcanes.net\/"]},{"@type":"Person","@id":"https:\/\/volcanes.net\/#\/schema\/person\/4bf0f383940966a4abd53f5048c0e6b9","name":"admin","image":{"@type":"ImageObject","inLanguage":"es","@id":"https:\/\/volcanes.net\/#\/schema\/person\/image\/","url":"https:\/\/secure.gravatar.com\/avatar\/ca004e6cba8462b8cb7abc86e382930c?s=96&d=mm&r=g","contentUrl":"https:\/\/secure.gravatar.com\/avatar\/ca004e6cba8462b8cb7abc86e382930c?s=96&d=mm&r=g","caption":"admin"}}]}},"_links":{"self":[{"href":"https:\/\/volcanes.net\/index.php?rest_route=\/wp\/v2\/posts\/1872"}],"collection":[{"href":"https:\/\/volcanes.net\/index.php?rest_route=\/wp\/v2\/posts"}],"about":[{"href":"https:\/\/volcanes.net\/index.php?rest_route=\/wp\/v2\/types\/post"}],"author":[{"embeddable":true,"href":"https:\/\/volcanes.net\/index.php?rest_route=\/wp\/v2\/users\/1"}],"replies":[{"embeddable":true,"href":"https:\/\/volcanes.net\/index.php?rest_route=%2Fwp%2Fv2%2Fcomments&post=1872"}],"version-history":[{"count":1,"href":"https:\/\/volcanes.net\/index.php?rest_route=\/wp\/v2\/posts\/1872\/revisions"}],"predecessor-version":[{"id":1873,"href":"https:\/\/volcanes.net\/index.php?rest_route=\/wp\/v2\/posts\/1872\/revisions\/1873"}],"wp:featuredmedia":[{"embeddable":true,"href":"https:\/\/volcanes.net\/index.php?rest_route=\/wp\/v2\/media\/1862"}],"wp:attachment":[{"href":"https:\/\/volcanes.net\/index.php?rest_route=%2Fwp%2Fv2%2Fmedia&parent=1872"}],"wp:term":[{"taxonomy":"category","embeddable":true,"href":"https:\/\/volcanes.net\/index.php?rest_route=%2Fwp%2Fv2%2Fcategories&post=1872"},{"taxonomy":"post_tag","embeddable":true,"href":"https:\/\/volcanes.net\/index.php?rest_route=%2Fwp%2Fv2%2Ftags&post=1872"}],"curies":[{"name":"wp","href":"https:\/\/api.w.org\/{rel}","templated":true}]}}