{"id":1874,"date":"2018-03-13T14:18:56","date_gmt":"2018-03-13T14:18:56","guid":{"rendered":"http:\/\/volcanes.net\/?p=1874"},"modified":"2018-03-13T14:18:56","modified_gmt":"2018-03-13T14:18:56","slug":"fortalecer-el-estado-de-derecho-e-instituciones-solidas-son-vitales-para-enfrentar-los-retos-de-mexico-jose-antonio-meade","status":"publish","type":"post","link":"https:\/\/volcanes.net\/?p=1874","title":{"rendered":"Fortalecer el Estado de Derecho e instituciones s\u00f3lidas, son vitales para enfrentar los retos de M\u00e9xico: Jos\u00e9 Antonio Meade"},"content":{"rendered":"<div style=\"margin-top: 0px; margin-bottom: 0px;\" class=\"sharethis-inline-share-buttons\" ><\/div><p class=\"m_4090675150076837706gmail-m_-6410040643619783036gmail-MsoNormalCxSpMiddle\"><span lang=\"es\">El candidato de los partidos Revolucionario Institucional (PRI), Verde Ecologista de M\u00e9xico (PVEM) y Nueva Alianza a la Presidencia de la Rep\u00fablica, Jos\u00e9 Antonio Meade Kuribre\u00f1a, afirm\u00f3 esta tarde en el Centro Liban\u00e9s que, para enfrentar los retos que tiene nuestro pa\u00eds, es vital fortalecer el Estado de Derecho y contar con instituciones s\u00f3lidas para generar certidumbre entre la ciudadan\u00eda.<\/span><\/p>\n<p class=\"m_4090675150076837706gmail-m_-6410040643619783036gmail-MsoNormalCxSpMiddle\"><span lang=\"es\">\u00a0<\/span><\/p>\n<p class=\"m_4090675150076837706gmail-m_-6410040643619783036gmail-MsoNormalCxSpMiddle\"><span lang=\"es\">Arropado por la comunidad libanesa, Meade anunci\u00f3 que el pr\u00f3ximo domingo presentar\u00e1 su registro como candidato de la coalici\u00f3n Todos por M\u00e9xico a la Presidencia de la Rep\u00fablica ante el Instituto Nacional Electoral (INE). Resalt\u00f3 que ser\u00e1 en la campa\u00f1a donde se defina qui\u00e9n dirigir\u00e1 el destino de nuestro pa\u00eds y asever\u00f3 que la elecci\u00f3n a\u00fan no est\u00e1 definida, ya que la poblaci\u00f3n contrastar\u00e1 propuestas y perfiles.<\/span><\/p>\n<p class=\"m_4090675150076837706gmail-m_-6410040643619783036gmail-MsoNormalCxSpMiddle\"><span lang=\"es\">\u00a0<\/span><\/p>\n<p class=\"m_4090675150076837706gmail-m_-6410040643619783036gmail-MsoNormalCxSpMiddle\"><span lang=\"es\">El presidente del Consejo Directivo del Centro Liban\u00e9s, Ayub Safar Boueri, inform\u00f3 que Jos\u00e9 Antonio Meade Kuribre\u00f1a fue el primero de los aspirantes presidenciales en aceptar la invitaci\u00f3n del Centro Liban\u00e9s. En este sentido, agradeci\u00f3 su pronta respuesta y disposici\u00f3n para dialogar.<\/span><\/p>\n<p class=\"m_4090675150076837706gmail-m_-6410040643619783036gmail-MsoNormalCxSpMiddle\"><span lang=\"es\">\u00a0<\/span><\/p>\n<p class=\"m_4090675150076837706gmail-m_-6410040643619783036gmail-MsoNormalCxSpMiddle\"><span lang=\"es\">Integrantes de esta comunidad destacaron que el candidato de la coalici\u00f3n Todos por M\u00e9xico es un ciudadano que puede llevar a nuestro pa\u00eds por el rumbo correcto, y no le temblar\u00e1 la mano para castigar a quien se maneje al margen o por encima de la ley.<\/span><\/p>\n","protected":false},"excerpt":{"rendered":"<p>El candidato de los partidos Revolucionario Institucional (PRI), Verde Ecologista de M\u00e9xico (PVEM) y Nueva<\/p>\n","protected":false},"author":1,"featured_media":1875,"comment_status":"open","ping_status":"open","sticky":false,"template":"","format":"standard","meta":{"footnotes":""},"categories":[1],"tags":[36],"class_list":["post-1874","post","type-post","status-publish","format-standard","has-post-thumbnail","hentry","category-municipales","tag-meade"],"yoast_head":"<!-- This site is optimized with the Yoast SEO plugin v25.3 - https:\/\/yoast.com\/wordpress\/plugins\/seo\/ -->\n<title>Fortalecer el Estado de Derecho e instituciones s\u00f3lidas, son vitales para enfrentar los retos de M\u00e9xico: Jos\u00e9 Antonio Meade - Volcanes<\/title>\n<meta name=\"robots\" content=\"index, follow, max-snippet:-1, max-image-preview:large, max-video-preview:-1\" \/>\n<link rel=\"canonical\" href=\"https:\/\/volcanes.net\/?p=1874\" \/>\n<meta property=\"og:locale\" content=\"es_MX\" \/>\n<meta property=\"og:type\" content=\"article\" \/>\n<meta property=\"og:title\" content=\"Fortalecer el Estado de Derecho e instituciones s\u00f3lidas, son vitales para enfrentar los retos de M\u00e9xico: Jos\u00e9 Antonio Meade - Volcanes\" \/>\n<meta property=\"og:description\" content=\"El candidato de los partidos Revolucionario Institucional (PRI), Verde Ecologista de M\u00e9xico (PVEM) y Nueva\" \/>\n<meta property=\"og:url\" content=\"https:\/\/volcanes.net\/?p=1874\" \/>\n<meta property=\"og:site_name\" content=\"Volcanes\" \/>\n<meta property=\"article:publisher\" content=\"https:\/\/www.facebook.com\/volcanes.net\/\" \/>\n<meta property=\"article:published_time\" content=\"2018-03-13T14:18:56+00:00\" \/>\n<meta property=\"og:image\" content=\"https:\/\/volcanes.net\/wp-content\/uploads\/2018\/03\/Comunicado-101-2.jpeg\" \/>\n\t<meta property=\"og:image:width\" content=\"448\" \/>\n\t<meta property=\"og:image:height\" content=\"299\" \/>\n\t<meta property=\"og:image:type\" content=\"image\/jpeg\" \/>\n<meta name=\"author\" content=\"admin\" \/>\n<meta name=\"twitter:card\" content=\"summary_large_image\" \/>\n<meta name=\"twitter:label1\" content=\"Escrito por\" \/>\n\t<meta name=\"twitter:data1\" content=\"admin\" \/>\n\t<meta name=\"twitter:label2\" content=\"Tiempo de lectura\" \/>\n\t<meta name=\"twitter:data2\" content=\"1 minuto\" \/>\n<script type=\"application\/ld+json\" class=\"yoast-schema-graph\">{\"@context\":\"https:\/\/schema.org\",\"@graph\":[{\"@type\":\"Article\",\"@id\":\"https:\/\/volcanes.net\/?p=1874#article\",\"isPartOf\":{\"@id\":\"https:\/\/volcanes.net\/?p=1874\"},\"author\":{\"name\":\"admin\",\"@id\":\"https:\/\/volcanes.net\/#\/schema\/person\/4bf0f383940966a4abd53f5048c0e6b9\"},\"headline\":\"Fortalecer el Estado de Derecho e instituciones s\u00f3lidas, son vitales para enfrentar los retos de M\u00e9xico: Jos\u00e9 Antonio Meade\",\"datePublished\":\"2018-03-13T14:18:56+00:00\",\"mainEntityOfPage\":{\"@id\":\"https:\/\/volcanes.net\/?p=1874\"},\"wordCount\":262,\"commentCount\":0,\"publisher\":{\"@id\":\"https:\/\/volcanes.net\/#organization\"},\"image\":{\"@id\":\"https:\/\/volcanes.net\/?p=1874#primaryimage\"},\"thumbnailUrl\":\"https:\/\/volcanes.net\/wp-content\/uploads\/2018\/03\/Comunicado-101-2.jpeg\",\"keywords\":[\"Meade\"],\"articleSection\":[\"Municipales\"],\"inLanguage\":\"es\",\"potentialAction\":[{\"@type\":\"CommentAction\",\"name\":\"Comment\",\"target\":[\"https:\/\/volcanes.net\/?p=1874#respond\"]}]},{\"@type\":\"WebPage\",\"@id\":\"https:\/\/volcanes.net\/?p=1874\",\"url\":\"https:\/\/volcanes.net\/?p=1874\",\"name\":\"Fortalecer el Estado de Derecho e instituciones s\u00f3lidas, son vitales para enfrentar los retos de M\u00e9xico: Jos\u00e9 Antonio Meade - Volcanes\",\"isPartOf\":{\"@id\":\"https:\/\/volcanes.net\/#website\"},\"primaryImageOfPage\":{\"@id\":\"https:\/\/volcanes.net\/?p=1874#primaryimage\"},\"image\":{\"@id\":\"https:\/\/volcanes.net\/?p=1874#primaryimage\"},\"thumbnailUrl\":\"https:\/\/volcanes.net\/wp-content\/uploads\/2018\/03\/Comunicado-101-2.jpeg\",\"datePublished\":\"2018-03-13T14:18:56+00:00\",\"breadcrumb\":{\"@id\":\"https:\/\/volcanes.net\/?p=1874#breadcrumb\"},\"inLanguage\":\"es\",\"potentialAction\":[{\"@type\":\"ReadAction\",\"target\":[\"https:\/\/volcanes.net\/?p=1874\"]}]},{\"@type\":\"ImageObject\",\"inLanguage\":\"es\",\"@id\":\"https:\/\/volcanes.net\/?p=1874#primaryimage\",\"url\":\"https:\/\/volcanes.net\/wp-content\/uploads\/2018\/03\/Comunicado-101-2.jpeg\",\"contentUrl\":\"https:\/\/volcanes.net\/wp-content\/uploads\/2018\/03\/Comunicado-101-2.jpeg\",\"width\":448,\"height\":299},{\"@type\":\"BreadcrumbList\",\"@id\":\"https:\/\/volcanes.net\/?p=1874#breadcrumb\",\"itemListElement\":[{\"@type\":\"ListItem\",\"position\":1,\"name\":\"Portada\",\"item\":\"https:\/\/volcanes.net\/\"},{\"@type\":\"ListItem\",\"position\":2,\"name\":\"Fortalecer el Estado de Derecho e instituciones s\u00f3lidas, son vitales para enfrentar los retos de M\u00e9xico: Jos\u00e9 Antonio Meade\"}]},{\"@type\":\"WebSite\",\"@id\":\"https:\/\/volcanes.net\/#website\",\"url\":\"https:\/\/volcanes.net\/\",\"name\":\"Volcanes.Net\",\"description\":\"Periodismo Profesional\",\"publisher\":{\"@id\":\"https:\/\/volcanes.net\/#organization\"},\"potentialAction\":[{\"@type\":\"SearchAction\",\"target\":{\"@type\":\"EntryPoint\",\"urlTemplate\":\"https:\/\/volcanes.net\/?s={search_term_string}\"},\"query-input\":{\"@type\":\"PropertyValueSpecification\",\"valueRequired\":true,\"valueName\":\"search_term_string\"}}],\"inLanguage\":\"es\"},{\"@type\":\"Organization\",\"@id\":\"https:\/\/volcanes.net\/#organization\",\"name\":\"Grupo Volcanes\",\"url\":\"https:\/\/volcanes.net\/\",\"logo\":{\"@type\":\"ImageObject\",\"inLanguage\":\"es\",\"@id\":\"https:\/\/volcanes.net\/#\/schema\/logo\/image\/\",\"url\":\"http:\/\/volcanes.net\/wp-content\/uploads\/2017\/12\/Avatar2.jpg\",\"contentUrl\":\"http:\/\/volcanes.net\/wp-content\/uploads\/2017\/12\/Avatar2.jpg\",\"width\":378,\"height\":378,\"caption\":\"Grupo Volcanes\"},\"image\":{\"@id\":\"https:\/\/volcanes.net\/#\/schema\/logo\/image\/\"},\"sameAs\":[\"https:\/\/www.facebook.com\/volcanes.net\/\"]},{\"@type\":\"Person\",\"@id\":\"https:\/\/volcanes.net\/#\/schema\/person\/4bf0f383940966a4abd53f5048c0e6b9\",\"name\":\"admin\",\"image\":{\"@type\":\"ImageObject\",\"inLanguage\":\"es\",\"@id\":\"https:\/\/volcanes.net\/#\/schema\/person\/image\/\",\"url\":\"https:\/\/secure.gravatar.com\/avatar\/ca004e6cba8462b8cb7abc86e382930c?s=96&d=mm&r=g\",\"contentUrl\":\"https:\/\/secure.gravatar.com\/avatar\/ca004e6cba8462b8cb7abc86e382930c?s=96&d=mm&r=g\",\"caption\":\"admin\"}}]}<\/script>\n<!-- \/ Yoast SEO plugin. -->","yoast_head_json":{"title":"Fortalecer el Estado de Derecho e instituciones s\u00f3lidas, son vitales para enfrentar los retos de M\u00e9xico: Jos\u00e9 Antonio Meade - Volcanes","robots":{"index":"index","follow":"follow","max-snippet":"max-snippet:-1","max-image-preview":"max-image-preview:large","max-video-preview":"max-video-preview:-1"},"canonical":"https:\/\/volcanes.net\/?p=1874","og_locale":"es_MX","og_type":"article","og_title":"Fortalecer el Estado de Derecho e instituciones s\u00f3lidas, son vitales para enfrentar los retos de M\u00e9xico: Jos\u00e9 Antonio Meade - Volcanes","og_description":"El candidato de los partidos Revolucionario Institucional (PRI), Verde Ecologista de M\u00e9xico (PVEM) y Nueva","og_url":"https:\/\/volcanes.net\/?p=1874","og_site_name":"Volcanes","article_publisher":"https:\/\/www.facebook.com\/volcanes.net\/","article_published_time":"2018-03-13T14:18:56+00:00","og_image":[{"width":448,"height":299,"url":"https:\/\/volcanes.net\/wp-content\/uploads\/2018\/03\/Comunicado-101-2.jpeg","type":"image\/jpeg"}],"author":"admin","twitter_card":"summary_large_image","twitter_misc":{"Escrito por":"admin","Tiempo de lectura":"1 minuto"},"schema":{"@context":"https:\/\/schema.org","@graph":[{"@type":"Article","@id":"https:\/\/volcanes.net\/?p=1874#article","isPartOf":{"@id":"https:\/\/volcanes.net\/?p=1874"},"author":{"name":"admin","@id":"https:\/\/volcanes.net\/#\/schema\/person\/4bf0f383940966a4abd53f5048c0e6b9"},"headline":"Fortalecer el Estado de Derecho e instituciones s\u00f3lidas, son vitales para enfrentar los retos de M\u00e9xico: Jos\u00e9 Antonio Meade","datePublished":"2018-03-13T14:18:56+00:00","mainEntityOfPage":{"@id":"https:\/\/volcanes.net\/?p=1874"},"wordCount":262,"commentCount":0,"publisher":{"@id":"https:\/\/volcanes.net\/#organization"},"image":{"@id":"https:\/\/volcanes.net\/?p=1874#primaryimage"},"thumbnailUrl":"https:\/\/volcanes.net\/wp-content\/uploads\/2018\/03\/Comunicado-101-2.jpeg","keywords":["Meade"],"articleSection":["Municipales"],"inLanguage":"es","potentialAction":[{"@type":"CommentAction","name":"Comment","target":["https:\/\/volcanes.net\/?p=1874#respond"]}]},{"@type":"WebPage","@id":"https:\/\/volcanes.net\/?p=1874","url":"https:\/\/volcanes.net\/?p=1874","name":"Fortalecer el Estado de Derecho e instituciones s\u00f3lidas, son vitales para enfrentar los retos de M\u00e9xico: Jos\u00e9 Antonio Meade - Volcanes","isPartOf":{"@id":"https:\/\/volcanes.net\/#website"},"primaryImageOfPage":{"@id":"https:\/\/volcanes.net\/?p=1874#primaryimage"},"image":{"@id":"https:\/\/volcanes.net\/?p=1874#primaryimage"},"thumbnailUrl":"https:\/\/volcanes.net\/wp-content\/uploads\/2018\/03\/Comunicado-101-2.jpeg","datePublished":"2018-03-13T14:18:56+00:00","breadcrumb":{"@id":"https:\/\/volcanes.net\/?p=1874#breadcrumb"},"inLanguage":"es","potentialAction":[{"@type":"ReadAction","target":["https:\/\/volcanes.net\/?p=1874"]}]},{"@type":"ImageObject","inLanguage":"es","@id":"https:\/\/volcanes.net\/?p=1874#primaryimage","url":"https:\/\/volcanes.net\/wp-content\/uploads\/2018\/03\/Comunicado-101-2.jpeg","contentUrl":"https:\/\/volcanes.net\/wp-content\/uploads\/2018\/03\/Comunicado-101-2.jpeg","width":448,"height":299},{"@type":"BreadcrumbList","@id":"https:\/\/volcanes.net\/?p=1874#breadcrumb","itemListElement":[{"@type":"ListItem","position":1,"name":"Portada","item":"https:\/\/volcanes.net\/"},{"@type":"ListItem","position":2,"name":"Fortalecer el Estado de Derecho e instituciones s\u00f3lidas, son vitales para enfrentar los retos de M\u00e9xico: Jos\u00e9 Antonio Meade"}]},{"@type":"WebSite","@id":"https:\/\/volcanes.net\/#website","url":"https:\/\/volcanes.net\/","name":"Volcanes.Net","description":"Periodismo Profesional","publisher":{"@id":"https:\/\/volcanes.net\/#organization"},"potentialAction":[{"@type":"SearchAction","target":{"@type":"EntryPoint","urlTemplate":"https:\/\/volcanes.net\/?s={search_term_string}"},"query-input":{"@type":"PropertyValueSpecification","valueRequired":true,"valueName":"search_term_string"}}],"inLanguage":"es"},{"@type":"Organization","@id":"https:\/\/volcanes.net\/#organization","name":"Grupo Volcanes","url":"https:\/\/volcanes.net\/","logo":{"@type":"ImageObject","inLanguage":"es","@id":"https:\/\/volcanes.net\/#\/schema\/logo\/image\/","url":"http:\/\/volcanes.net\/wp-content\/uploads\/2017\/12\/Avatar2.jpg","contentUrl":"http:\/\/volcanes.net\/wp-content\/uploads\/2017\/12\/Avatar2.jpg","width":378,"height":378,"caption":"Grupo Volcanes"},"image":{"@id":"https:\/\/volcanes.net\/#\/schema\/logo\/image\/"},"sameAs":["https:\/\/www.facebook.com\/volcanes.net\/"]},{"@type":"Person","@id":"https:\/\/volcanes.net\/#\/schema\/person\/4bf0f383940966a4abd53f5048c0e6b9","name":"admin","image":{"@type":"ImageObject","inLanguage":"es","@id":"https:\/\/volcanes.net\/#\/schema\/person\/image\/","url":"https:\/\/secure.gravatar.com\/avatar\/ca004e6cba8462b8cb7abc86e382930c?s=96&d=mm&r=g","contentUrl":"https:\/\/secure.gravatar.com\/avatar\/ca004e6cba8462b8cb7abc86e382930c?s=96&d=mm&r=g","caption":"admin"}}]}},"_links":{"self":[{"href":"https:\/\/volcanes.net\/index.php?rest_route=\/wp\/v2\/posts\/1874"}],"collection":[{"href":"https:\/\/volcanes.net\/index.php?rest_route=\/wp\/v2\/posts"}],"about":[{"href":"https:\/\/volcanes.net\/index.php?rest_route=\/wp\/v2\/types\/post"}],"author":[{"embeddable":true,"href":"https:\/\/volcanes.net\/index.php?rest_route=\/wp\/v2\/users\/1"}],"replies":[{"embeddable":true,"href":"https:\/\/volcanes.net\/index.php?rest_route=%2Fwp%2Fv2%2Fcomments&post=1874"}],"version-history":[{"count":1,"href":"https:\/\/volcanes.net\/index.php?rest_route=\/wp\/v2\/posts\/1874\/revisions"}],"predecessor-version":[{"id":1876,"href":"https:\/\/volcanes.net\/index.php?rest_route=\/wp\/v2\/posts\/1874\/revisions\/1876"}],"wp:featuredmedia":[{"embeddable":true,"href":"https:\/\/volcanes.net\/index.php?rest_route=\/wp\/v2\/media\/1875"}],"wp:attachment":[{"href":"https:\/\/volcanes.net\/index.php?rest_route=%2Fwp%2Fv2%2Fmedia&parent=1874"}],"wp:term":[{"taxonomy":"category","embeddable":true,"href":"https:\/\/volcanes.net\/index.php?rest_route=%2Fwp%2Fv2%2Fcategories&post=1874"},{"taxonomy":"post_tag","embeddable":true,"href":"https:\/\/volcanes.net\/index.php?rest_route=%2Fwp%2Fv2%2Ftags&post=1874"}],"curies":[{"name":"wp","href":"https:\/\/api.w.org\/{rel}","templated":true}]}}