{"id":1880,"date":"2018-03-13T14:28:02","date_gmt":"2018-03-13T14:28:02","guid":{"rendered":"http:\/\/volcanes.net\/?p=1880"},"modified":"2018-03-13T14:28:02","modified_gmt":"2018-03-13T14:28:02","slug":"uaem-y-difem-suman-esfuerzos-a-favor-de-mexiquenses","status":"publish","type":"post","link":"https:\/\/volcanes.net\/?p=1880","title":{"rendered":"UAEM y DIFEM suman esfuerzos a favor de mexiquenses"},"content":{"rendered":"<div style=\"margin-top: 0px; margin-bottom: 0px;\" class=\"sharethis-inline-share-buttons\" ><\/div><ul>\n<li style=\"font-weight: 400\"><em>El rector Alfredo Barrera Baca y la presidenta honoraria del DIFEM, Fernanda Castillo Cuevas, firmaron un convenio general de colaboraci\u00f3n.<\/em><\/li>\n<\/ul>\n<p style=\"font-weight: 400\"><strong>\u00a0<\/strong><\/p>\n<p style=\"font-weight: 400\"><strong>Toluca, M\u00e9x. \u2013 12 de marzo de 2018.<\/strong>\u00a0La m\u00e1xima casa de estudios mexiquense y el Sistema para el Desarrollo Integral de la Familia del Estado de M\u00e9xico suman esfuerzos, experiencia e infraestructura a favor de la infancia y los sectores m\u00e1s vulnerables, coincidieron el rector Alfredo Barrera Baca y la presidenta honoraria del DIFEM, Fernanda Castillo Cuevas, durante la firma de un convenio general de colaboraci\u00f3n entra ambas instituciones.<\/p>\n<p style=\"font-weight: 400\">Barrera Baca destac\u00f3 que esta alianza permitir\u00e1, entre otras actividades, desarrollar proyectos para la remodelaci\u00f3n y acondicionamiento de los espacios que ocupa el albergue temporal del DIFEM, realizar una evaluaci\u00f3n nutrimental de los desayunos escolares, as\u00ed como desarrollar investigaci\u00f3n en las \u00e1reas de atenci\u00f3n m\u00e9dica y psicol\u00f3gica.<\/p>\n<p style=\"font-weight: 400\">Indic\u00f3 que en coordinaci\u00f3n con la instancia estatal, desde hace dos d\u00e9cadas, la aut\u00f3noma mexiquense lleva a cabo programas de asistencia a ni\u00f1os en situaci\u00f3n de calle y atenci\u00f3n bucodental a infantes y ancianos, mediante los cuales los universitarios aportan su conocimiento y retribuyen a la sociedad.<\/p>\n<p style=\"font-weight: 400\">\u00a0\u00a0\u00a0\u00a0\u00a0\u00a0\u00a0\u00a0\u00a0\u00a0\u00a0\u00a0En la Sala \u201cDr. Gustavo Baz Prada\u201d del Edificio de Rector\u00eda, Alfredo Barrera Baca asever\u00f3 que cada convenio suscrito reafirma la creciente confianza de instituciones que avalan las capacidades cient\u00edficas, humanas y de infraestructura de la UAEM para compartir desaf\u00edos sociales.<\/p>\n<p style=\"font-weight: 400\">En presencia del titular de la direcci\u00f3n general del DIFEM, Miguel \u00c1ngel Torres Cabello, Alfredo Barrera Baca detall\u00f3 que \u201cformar alianzas es un mensaje claro para la sociedad, que demanda respuestas a las problem\u00e1ticas cotidianas\u201d, pues los integrantes de la Aut\u00f3noma mexiquense son sensibles a la realidad social y est\u00e1n comprometidos con su porvenir.<\/p>\n<p style=\"font-weight: 400\">\u00a0\u00a0\u00a0\u00a0\u00a0\u00a0\u00a0\u00a0\u00a0\u00a0\u00a0\u00a0Por su parte, Fernanda Castillo Cuevas sostuvo que la signa del instrumento de colaboraci\u00f3n fortalecer\u00e1 \u00e1reas como estancias infantiles y casas del adulto mayor, a trav\u00e9s de servicio social y pr\u00e1cticas profesionales, lo cual permitir\u00e1 a los universitarios adquirir experiencia profesional.<\/p>\n<p style=\"font-weight: 400\">\u00a0\u00a0\u00a0\u00a0\u00a0\u00a0\u00a0\u00a0\u00a0\u00a0\u00a0\u00a0\u00a0Reconoci\u00f3 a esta casa de estudios como una de las mejores instituciones de educaci\u00f3n superior del pa\u00eds y la m\u00e1s comprometida con la juventud, as\u00ed como el mejor aliado para trabajar a favor de las familias mexiquenses.<\/p>\n<p style=\"font-weight: 400\">La Secretar\u00eda de Extensi\u00f3n y Vinculaci\u00f3n de la UAEM, Jannet Valero Vilchis, explic\u00f3 que el convenio permitir\u00e1 optimizar los recursos para la atenci\u00f3n de los mexiquenses y mejorar condiciones de vida de ni\u00f1os, adolescentes y adultos mayores que viven en condiciones de vulnerabilidad.<\/p>\n<p style=\"font-weight: 400\">\n","protected":false},"excerpt":{"rendered":"<p>El rector Alfredo Barrera Baca y la presidenta honoraria del DIFEM, Fernanda Castillo Cuevas, firmaron<\/p>\n","protected":false},"author":1,"featured_media":1881,"comment_status":"open","ping_status":"open","sticky":false,"template":"","format":"standard","meta":{"footnotes":""},"categories":[3],"tags":[120,25,24],"class_list":["post-1880","post","type-post","status-publish","format-standard","has-post-thumbnail","hentry","category-estatales","tag-difem","tag-uaem","tag-uaemex"],"yoast_head":"<!-- This site is optimized with the Yoast SEO plugin v25.3 - https:\/\/yoast.com\/wordpress\/plugins\/seo\/ -->\n<title>UAEM y DIFEM suman esfuerzos a favor de mexiquenses - Volcanes<\/title>\n<meta name=\"robots\" content=\"index, follow, max-snippet:-1, max-image-preview:large, max-video-preview:-1\" \/>\n<link rel=\"canonical\" href=\"https:\/\/volcanes.net\/?p=1880\" \/>\n<meta property=\"og:locale\" content=\"es_MX\" \/>\n<meta property=\"og:type\" content=\"article\" \/>\n<meta property=\"og:title\" content=\"UAEM y DIFEM suman esfuerzos a favor de mexiquenses - Volcanes\" \/>\n<meta property=\"og:description\" content=\"El rector Alfredo Barrera Baca y la presidenta honoraria del DIFEM, Fernanda Castillo Cuevas, firmaron\" \/>\n<meta property=\"og:url\" content=\"https:\/\/volcanes.net\/?p=1880\" \/>\n<meta property=\"og:site_name\" content=\"Volcanes\" \/>\n<meta property=\"article:publisher\" content=\"https:\/\/www.facebook.com\/volcanes.net\/\" \/>\n<meta property=\"article:published_time\" content=\"2018-03-13T14:28:02+00:00\" \/>\n<meta property=\"og:image\" content=\"https:\/\/volcanes.net\/wp-content\/uploads\/2018\/03\/Comun-201-12.jpg\" \/>\n\t<meta property=\"og:image:width\" content=\"448\" \/>\n\t<meta property=\"og:image:height\" content=\"299\" \/>\n\t<meta property=\"og:image:type\" content=\"image\/jpeg\" \/>\n<meta name=\"author\" content=\"admin\" \/>\n<meta name=\"twitter:card\" content=\"summary_large_image\" \/>\n<meta name=\"twitter:label1\" content=\"Escrito por\" \/>\n\t<meta name=\"twitter:data1\" content=\"admin\" \/>\n\t<meta name=\"twitter:label2\" content=\"Tiempo de lectura\" \/>\n\t<meta name=\"twitter:data2\" content=\"2 minutos\" \/>\n<script type=\"application\/ld+json\" class=\"yoast-schema-graph\">{\"@context\":\"https:\/\/schema.org\",\"@graph\":[{\"@type\":\"Article\",\"@id\":\"https:\/\/volcanes.net\/?p=1880#article\",\"isPartOf\":{\"@id\":\"https:\/\/volcanes.net\/?p=1880\"},\"author\":{\"name\":\"admin\",\"@id\":\"https:\/\/volcanes.net\/#\/schema\/person\/4bf0f383940966a4abd53f5048c0e6b9\"},\"headline\":\"UAEM y DIFEM suman esfuerzos a favor de mexiquenses\",\"datePublished\":\"2018-03-13T14:28:02+00:00\",\"mainEntityOfPage\":{\"@id\":\"https:\/\/volcanes.net\/?p=1880\"},\"wordCount\":442,\"commentCount\":0,\"publisher\":{\"@id\":\"https:\/\/volcanes.net\/#organization\"},\"image\":{\"@id\":\"https:\/\/volcanes.net\/?p=1880#primaryimage\"},\"thumbnailUrl\":\"https:\/\/volcanes.net\/wp-content\/uploads\/2018\/03\/Comun-201-12.jpg\",\"keywords\":[\"DIFEM\",\"UAEM\",\"UAEMEX\"],\"articleSection\":[\"Estatales\"],\"inLanguage\":\"es\",\"potentialAction\":[{\"@type\":\"CommentAction\",\"name\":\"Comment\",\"target\":[\"https:\/\/volcanes.net\/?p=1880#respond\"]}]},{\"@type\":\"WebPage\",\"@id\":\"https:\/\/volcanes.net\/?p=1880\",\"url\":\"https:\/\/volcanes.net\/?p=1880\",\"name\":\"UAEM y DIFEM suman esfuerzos a favor de mexiquenses - Volcanes\",\"isPartOf\":{\"@id\":\"https:\/\/volcanes.net\/#website\"},\"primaryImageOfPage\":{\"@id\":\"https:\/\/volcanes.net\/?p=1880#primaryimage\"},\"image\":{\"@id\":\"https:\/\/volcanes.net\/?p=1880#primaryimage\"},\"thumbnailUrl\":\"https:\/\/volcanes.net\/wp-content\/uploads\/2018\/03\/Comun-201-12.jpg\",\"datePublished\":\"2018-03-13T14:28:02+00:00\",\"breadcrumb\":{\"@id\":\"https:\/\/volcanes.net\/?p=1880#breadcrumb\"},\"inLanguage\":\"es\",\"potentialAction\":[{\"@type\":\"ReadAction\",\"target\":[\"https:\/\/volcanes.net\/?p=1880\"]}]},{\"@type\":\"ImageObject\",\"inLanguage\":\"es\",\"@id\":\"https:\/\/volcanes.net\/?p=1880#primaryimage\",\"url\":\"https:\/\/volcanes.net\/wp-content\/uploads\/2018\/03\/Comun-201-12.jpg\",\"contentUrl\":\"https:\/\/volcanes.net\/wp-content\/uploads\/2018\/03\/Comun-201-12.jpg\",\"width\":448,\"height\":299},{\"@type\":\"BreadcrumbList\",\"@id\":\"https:\/\/volcanes.net\/?p=1880#breadcrumb\",\"itemListElement\":[{\"@type\":\"ListItem\",\"position\":1,\"name\":\"Portada\",\"item\":\"https:\/\/volcanes.net\/\"},{\"@type\":\"ListItem\",\"position\":2,\"name\":\"UAEM y DIFEM suman esfuerzos a favor de mexiquenses\"}]},{\"@type\":\"WebSite\",\"@id\":\"https:\/\/volcanes.net\/#website\",\"url\":\"https:\/\/volcanes.net\/\",\"name\":\"Volcanes.Net\",\"description\":\"Periodismo Profesional\",\"publisher\":{\"@id\":\"https:\/\/volcanes.net\/#organization\"},\"potentialAction\":[{\"@type\":\"SearchAction\",\"target\":{\"@type\":\"EntryPoint\",\"urlTemplate\":\"https:\/\/volcanes.net\/?s={search_term_string}\"},\"query-input\":{\"@type\":\"PropertyValueSpecification\",\"valueRequired\":true,\"valueName\":\"search_term_string\"}}],\"inLanguage\":\"es\"},{\"@type\":\"Organization\",\"@id\":\"https:\/\/volcanes.net\/#organization\",\"name\":\"Grupo Volcanes\",\"url\":\"https:\/\/volcanes.net\/\",\"logo\":{\"@type\":\"ImageObject\",\"inLanguage\":\"es\",\"@id\":\"https:\/\/volcanes.net\/#\/schema\/logo\/image\/\",\"url\":\"http:\/\/volcanes.net\/wp-content\/uploads\/2017\/12\/Avatar2.jpg\",\"contentUrl\":\"http:\/\/volcanes.net\/wp-content\/uploads\/2017\/12\/Avatar2.jpg\",\"width\":378,\"height\":378,\"caption\":\"Grupo Volcanes\"},\"image\":{\"@id\":\"https:\/\/volcanes.net\/#\/schema\/logo\/image\/\"},\"sameAs\":[\"https:\/\/www.facebook.com\/volcanes.net\/\"]},{\"@type\":\"Person\",\"@id\":\"https:\/\/volcanes.net\/#\/schema\/person\/4bf0f383940966a4abd53f5048c0e6b9\",\"name\":\"admin\",\"image\":{\"@type\":\"ImageObject\",\"inLanguage\":\"es\",\"@id\":\"https:\/\/volcanes.net\/#\/schema\/person\/image\/\",\"url\":\"https:\/\/secure.gravatar.com\/avatar\/ca004e6cba8462b8cb7abc86e382930c?s=96&d=mm&r=g\",\"contentUrl\":\"https:\/\/secure.gravatar.com\/avatar\/ca004e6cba8462b8cb7abc86e382930c?s=96&d=mm&r=g\",\"caption\":\"admin\"}}]}<\/script>\n<!-- \/ Yoast SEO plugin. -->","yoast_head_json":{"title":"UAEM y DIFEM suman esfuerzos a favor de mexiquenses - Volcanes","robots":{"index":"index","follow":"follow","max-snippet":"max-snippet:-1","max-image-preview":"max-image-preview:large","max-video-preview":"max-video-preview:-1"},"canonical":"https:\/\/volcanes.net\/?p=1880","og_locale":"es_MX","og_type":"article","og_title":"UAEM y DIFEM suman esfuerzos a favor de mexiquenses - Volcanes","og_description":"El rector Alfredo Barrera Baca y la presidenta honoraria del DIFEM, Fernanda Castillo Cuevas, firmaron","og_url":"https:\/\/volcanes.net\/?p=1880","og_site_name":"Volcanes","article_publisher":"https:\/\/www.facebook.com\/volcanes.net\/","article_published_time":"2018-03-13T14:28:02+00:00","og_image":[{"width":448,"height":299,"url":"https:\/\/volcanes.net\/wp-content\/uploads\/2018\/03\/Comun-201-12.jpg","type":"image\/jpeg"}],"author":"admin","twitter_card":"summary_large_image","twitter_misc":{"Escrito por":"admin","Tiempo de lectura":"2 minutos"},"schema":{"@context":"https:\/\/schema.org","@graph":[{"@type":"Article","@id":"https:\/\/volcanes.net\/?p=1880#article","isPartOf":{"@id":"https:\/\/volcanes.net\/?p=1880"},"author":{"name":"admin","@id":"https:\/\/volcanes.net\/#\/schema\/person\/4bf0f383940966a4abd53f5048c0e6b9"},"headline":"UAEM y DIFEM suman esfuerzos a favor de mexiquenses","datePublished":"2018-03-13T14:28:02+00:00","mainEntityOfPage":{"@id":"https:\/\/volcanes.net\/?p=1880"},"wordCount":442,"commentCount":0,"publisher":{"@id":"https:\/\/volcanes.net\/#organization"},"image":{"@id":"https:\/\/volcanes.net\/?p=1880#primaryimage"},"thumbnailUrl":"https:\/\/volcanes.net\/wp-content\/uploads\/2018\/03\/Comun-201-12.jpg","keywords":["DIFEM","UAEM","UAEMEX"],"articleSection":["Estatales"],"inLanguage":"es","potentialAction":[{"@type":"CommentAction","name":"Comment","target":["https:\/\/volcanes.net\/?p=1880#respond"]}]},{"@type":"WebPage","@id":"https:\/\/volcanes.net\/?p=1880","url":"https:\/\/volcanes.net\/?p=1880","name":"UAEM y DIFEM suman esfuerzos a favor de mexiquenses - Volcanes","isPartOf":{"@id":"https:\/\/volcanes.net\/#website"},"primaryImageOfPage":{"@id":"https:\/\/volcanes.net\/?p=1880#primaryimage"},"image":{"@id":"https:\/\/volcanes.net\/?p=1880#primaryimage"},"thumbnailUrl":"https:\/\/volcanes.net\/wp-content\/uploads\/2018\/03\/Comun-201-12.jpg","datePublished":"2018-03-13T14:28:02+00:00","breadcrumb":{"@id":"https:\/\/volcanes.net\/?p=1880#breadcrumb"},"inLanguage":"es","potentialAction":[{"@type":"ReadAction","target":["https:\/\/volcanes.net\/?p=1880"]}]},{"@type":"ImageObject","inLanguage":"es","@id":"https:\/\/volcanes.net\/?p=1880#primaryimage","url":"https:\/\/volcanes.net\/wp-content\/uploads\/2018\/03\/Comun-201-12.jpg","contentUrl":"https:\/\/volcanes.net\/wp-content\/uploads\/2018\/03\/Comun-201-12.jpg","width":448,"height":299},{"@type":"BreadcrumbList","@id":"https:\/\/volcanes.net\/?p=1880#breadcrumb","itemListElement":[{"@type":"ListItem","position":1,"name":"Portada","item":"https:\/\/volcanes.net\/"},{"@type":"ListItem","position":2,"name":"UAEM y DIFEM suman esfuerzos a favor de mexiquenses"}]},{"@type":"WebSite","@id":"https:\/\/volcanes.net\/#website","url":"https:\/\/volcanes.net\/","name":"Volcanes.Net","description":"Periodismo Profesional","publisher":{"@id":"https:\/\/volcanes.net\/#organization"},"potentialAction":[{"@type":"SearchAction","target":{"@type":"EntryPoint","urlTemplate":"https:\/\/volcanes.net\/?s={search_term_string}"},"query-input":{"@type":"PropertyValueSpecification","valueRequired":true,"valueName":"search_term_string"}}],"inLanguage":"es"},{"@type":"Organization","@id":"https:\/\/volcanes.net\/#organization","name":"Grupo Volcanes","url":"https:\/\/volcanes.net\/","logo":{"@type":"ImageObject","inLanguage":"es","@id":"https:\/\/volcanes.net\/#\/schema\/logo\/image\/","url":"http:\/\/volcanes.net\/wp-content\/uploads\/2017\/12\/Avatar2.jpg","contentUrl":"http:\/\/volcanes.net\/wp-content\/uploads\/2017\/12\/Avatar2.jpg","width":378,"height":378,"caption":"Grupo Volcanes"},"image":{"@id":"https:\/\/volcanes.net\/#\/schema\/logo\/image\/"},"sameAs":["https:\/\/www.facebook.com\/volcanes.net\/"]},{"@type":"Person","@id":"https:\/\/volcanes.net\/#\/schema\/person\/4bf0f383940966a4abd53f5048c0e6b9","name":"admin","image":{"@type":"ImageObject","inLanguage":"es","@id":"https:\/\/volcanes.net\/#\/schema\/person\/image\/","url":"https:\/\/secure.gravatar.com\/avatar\/ca004e6cba8462b8cb7abc86e382930c?s=96&d=mm&r=g","contentUrl":"https:\/\/secure.gravatar.com\/avatar\/ca004e6cba8462b8cb7abc86e382930c?s=96&d=mm&r=g","caption":"admin"}}]}},"_links":{"self":[{"href":"https:\/\/volcanes.net\/index.php?rest_route=\/wp\/v2\/posts\/1880"}],"collection":[{"href":"https:\/\/volcanes.net\/index.php?rest_route=\/wp\/v2\/posts"}],"about":[{"href":"https:\/\/volcanes.net\/index.php?rest_route=\/wp\/v2\/types\/post"}],"author":[{"embeddable":true,"href":"https:\/\/volcanes.net\/index.php?rest_route=\/wp\/v2\/users\/1"}],"replies":[{"embeddable":true,"href":"https:\/\/volcanes.net\/index.php?rest_route=%2Fwp%2Fv2%2Fcomments&post=1880"}],"version-history":[{"count":1,"href":"https:\/\/volcanes.net\/index.php?rest_route=\/wp\/v2\/posts\/1880\/revisions"}],"predecessor-version":[{"id":1882,"href":"https:\/\/volcanes.net\/index.php?rest_route=\/wp\/v2\/posts\/1880\/revisions\/1882"}],"wp:featuredmedia":[{"embeddable":true,"href":"https:\/\/volcanes.net\/index.php?rest_route=\/wp\/v2\/media\/1881"}],"wp:attachment":[{"href":"https:\/\/volcanes.net\/index.php?rest_route=%2Fwp%2Fv2%2Fmedia&parent=1880"}],"wp:term":[{"taxonomy":"category","embeddable":true,"href":"https:\/\/volcanes.net\/index.php?rest_route=%2Fwp%2Fv2%2Fcategories&post=1880"},{"taxonomy":"post_tag","embeddable":true,"href":"https:\/\/volcanes.net\/index.php?rest_route=%2Fwp%2Fv2%2Ftags&post=1880"}],"curies":[{"name":"wp","href":"https:\/\/api.w.org\/{rel}","templated":true}]}}