{"id":1886,"date":"2018-03-13T14:33:22","date_gmt":"2018-03-13T14:33:22","guid":{"rendered":"http:\/\/volcanes.net\/?p=1886"},"modified":"2018-03-13T14:33:22","modified_gmt":"2018-03-13T14:33:22","slug":"coronan-a-reina-de-la-feria-internacional-del-caballo-en-texcoco","status":"publish","type":"post","link":"https:\/\/volcanes.net\/?p=1886","title":{"rendered":"Coronan a Reina de la feria internacional del caballo en Texcoco"},"content":{"rendered":"<div style=\"margin-top: 0px; margin-bottom: 0px;\" class=\"sharethis-inline-share-buttons\" ><\/div><p style=\"font-weight: 400\">Adriana Primera, fue coronada como Reina de la Feria Internacional del Caballo Texcoco 2018, que en esta ocasi\u00f3n tendr\u00e1 como pa\u00eds invitado a Per\u00fa, que se realizar\u00e1 en un ambiente familiar y seguro.<\/p>\n<p style=\"font-weight: 400\">\n<p style=\"font-weight: 400\">El Presidente Municipal junto con Mayra Primera, Reina de la Feria Internacional del Caballo Texcoco 2017, fueron los encargados de la coronaci\u00f3n, de Adriana Primera, cuyo rostro habr\u00e1 de engalanar los festejos de la Feria que tendr\u00e1 lugar del 16 de marzo al 8 de abril.<\/p>\n<p style=\"font-weight: 400\">\n<p style=\"font-weight: 400\">Mayra, hizo entrega del sombrero de charro, s\u00edmbolo de esta coronaci\u00f3n, as\u00ed como de la cuarta que viene a sustituir el cetro, mientras que Jes\u00fas Ad\u00e1n Gordo, coloc\u00f3 al Adriana Primera la banda que la identifica como Reyna de la Feria Internacional del Caballo Texcoco 2018-<\/p>\n<p style=\"font-weight: 400\">\n<p style=\"font-weight: 400\">El alcalde reconoci\u00f3 los valores y belleza de la soberana, que representa a la mujer texcocana en esta Feria, a los padres de Adriana le dijo, \u201cdeber\u00e1n de sentirse orgullosos, de\u00a0haber tenido a una ni\u00f1a entre los brazos, verla crecer, y hoy su princesa est\u00e1 convertida en toda una Reina de La Feria Internacional del Caballo\u201d, expres\u00f3 el edil.<\/p>\n<p style=\"font-weight: 400\">\n<p style=\"font-weight: 400\">Quien agradeci\u00f3 a Jorge Luis Cort\u00e9s Presidente del Patronato de la Feria y a su familia por la dedicaci\u00f3n que tiene para hacer brillar a Texcoco a trav\u00e9s de la Feria m\u00e1s importante del pa\u00eds, que genera empleos para los texcocanos y deja una gran derrama econ\u00f3mica en materia tur\u00edstica.<\/p>\n<p style=\"font-weight: 400\">\n<p style=\"font-weight: 400\">\u201cEn esta 40 edici\u00f3n de la Feria Internacional del Caballo Texcoco 2018, la seguridad del p\u00fablico asistente es una de las prioridades, por ello el patronato de la feria construy\u00f3 nuevas rampas para discapacitados, as\u00ed como un sistema de c\u00e1maras de video vigilancia en el estacionamiento, respondiendo con ello a las observaciones hechas por el gobierno municipal\u201d, reconoci\u00f3 el alcalde.<\/p>\n<p style=\"font-weight: 400\">\n<p style=\"font-weight: 400\">Agreg\u00f3 que tambi\u00e9n se cuenta con el apoyo de elementos de la Marina Armada de M\u00e9xico, la Secretar\u00eda de Seguridad del Estado de M\u00e9xico y de Seguridad P\u00fablica, y Movilidad de Texcoco, para la seguridad de los visitantes tanto en Texcoco como en las carreteras aleda\u00f1as.<\/p>\n<p style=\"font-weight: 400\">\n<p style=\"font-weight: 400\">En la coronaci\u00f3n de Adriana Primera, estuvieron presentes quienes han representado a la mujer Texcocana en a\u00f1os anteriores como reinas de la Feria. De igual forma asistieron integrantes del cuerpo de gobierno de Texcoco.<\/p>\n","protected":false},"excerpt":{"rendered":"<p>Adriana Primera, fue coronada como Reina de la Feria Internacional del Caballo Texcoco 2018, que<\/p>\n","protected":false},"author":1,"featured_media":1887,"comment_status":"open","ping_status":"open","sticky":false,"template":"","format":"standard","meta":{"footnotes":""},"categories":[1],"tags":[22],"class_list":["post-1886","post","type-post","status-publish","format-standard","has-post-thumbnail","hentry","category-municipales","tag-texcoco"],"yoast_head":"<!-- This site is optimized with the Yoast SEO plugin v25.3 - https:\/\/yoast.com\/wordpress\/plugins\/seo\/ -->\n<title>Coronan a Reina de la feria internacional del caballo en Texcoco - Volcanes<\/title>\n<meta name=\"robots\" content=\"index, follow, max-snippet:-1, max-image-preview:large, max-video-preview:-1\" \/>\n<link rel=\"canonical\" href=\"https:\/\/volcanes.net\/?p=1886\" \/>\n<meta property=\"og:locale\" content=\"es_MX\" \/>\n<meta property=\"og:type\" content=\"article\" \/>\n<meta property=\"og:title\" content=\"Coronan a Reina de la feria internacional del caballo en Texcoco - Volcanes\" \/>\n<meta property=\"og:description\" content=\"Adriana Primera, fue coronada como Reina de la Feria Internacional del Caballo Texcoco 2018, que\" \/>\n<meta property=\"og:url\" content=\"https:\/\/volcanes.net\/?p=1886\" \/>\n<meta property=\"og:site_name\" content=\"Volcanes\" \/>\n<meta property=\"article:publisher\" content=\"https:\/\/www.facebook.com\/volcanes.net\/\" \/>\n<meta property=\"article:published_time\" content=\"2018-03-13T14:33:22+00:00\" \/>\n<meta property=\"og:image\" content=\"https:\/\/volcanes.net\/wp-content\/uploads\/2018\/03\/IMG_2560.jpg\" \/>\n\t<meta property=\"og:image:width\" content=\"448\" \/>\n\t<meta property=\"og:image:height\" content=\"299\" \/>\n\t<meta property=\"og:image:type\" content=\"image\/jpeg\" \/>\n<meta name=\"author\" content=\"admin\" \/>\n<meta name=\"twitter:card\" content=\"summary_large_image\" \/>\n<meta name=\"twitter:label1\" content=\"Escrito por\" \/>\n\t<meta name=\"twitter:data1\" content=\"admin\" \/>\n\t<meta name=\"twitter:label2\" content=\"Tiempo de lectura\" \/>\n\t<meta name=\"twitter:data2\" content=\"2 minutos\" \/>\n<script type=\"application\/ld+json\" class=\"yoast-schema-graph\">{\"@context\":\"https:\/\/schema.org\",\"@graph\":[{\"@type\":\"Article\",\"@id\":\"https:\/\/volcanes.net\/?p=1886#article\",\"isPartOf\":{\"@id\":\"https:\/\/volcanes.net\/?p=1886\"},\"author\":{\"name\":\"admin\",\"@id\":\"https:\/\/volcanes.net\/#\/schema\/person\/4bf0f383940966a4abd53f5048c0e6b9\"},\"headline\":\"Coronan a Reina de la feria internacional del caballo en Texcoco\",\"datePublished\":\"2018-03-13T14:33:22+00:00\",\"mainEntityOfPage\":{\"@id\":\"https:\/\/volcanes.net\/?p=1886\"},\"wordCount\":407,\"commentCount\":0,\"publisher\":{\"@id\":\"https:\/\/volcanes.net\/#organization\"},\"image\":{\"@id\":\"https:\/\/volcanes.net\/?p=1886#primaryimage\"},\"thumbnailUrl\":\"https:\/\/volcanes.net\/wp-content\/uploads\/2018\/03\/IMG_2560.jpg\",\"keywords\":[\"Texcoco\"],\"articleSection\":[\"Municipales\"],\"inLanguage\":\"es\",\"potentialAction\":[{\"@type\":\"CommentAction\",\"name\":\"Comment\",\"target\":[\"https:\/\/volcanes.net\/?p=1886#respond\"]}]},{\"@type\":\"WebPage\",\"@id\":\"https:\/\/volcanes.net\/?p=1886\",\"url\":\"https:\/\/volcanes.net\/?p=1886\",\"name\":\"Coronan a Reina de la feria internacional del caballo en Texcoco - Volcanes\",\"isPartOf\":{\"@id\":\"https:\/\/volcanes.net\/#website\"},\"primaryImageOfPage\":{\"@id\":\"https:\/\/volcanes.net\/?p=1886#primaryimage\"},\"image\":{\"@id\":\"https:\/\/volcanes.net\/?p=1886#primaryimage\"},\"thumbnailUrl\":\"https:\/\/volcanes.net\/wp-content\/uploads\/2018\/03\/IMG_2560.jpg\",\"datePublished\":\"2018-03-13T14:33:22+00:00\",\"breadcrumb\":{\"@id\":\"https:\/\/volcanes.net\/?p=1886#breadcrumb\"},\"inLanguage\":\"es\",\"potentialAction\":[{\"@type\":\"ReadAction\",\"target\":[\"https:\/\/volcanes.net\/?p=1886\"]}]},{\"@type\":\"ImageObject\",\"inLanguage\":\"es\",\"@id\":\"https:\/\/volcanes.net\/?p=1886#primaryimage\",\"url\":\"https:\/\/volcanes.net\/wp-content\/uploads\/2018\/03\/IMG_2560.jpg\",\"contentUrl\":\"https:\/\/volcanes.net\/wp-content\/uploads\/2018\/03\/IMG_2560.jpg\",\"width\":448,\"height\":299},{\"@type\":\"BreadcrumbList\",\"@id\":\"https:\/\/volcanes.net\/?p=1886#breadcrumb\",\"itemListElement\":[{\"@type\":\"ListItem\",\"position\":1,\"name\":\"Portada\",\"item\":\"https:\/\/volcanes.net\/\"},{\"@type\":\"ListItem\",\"position\":2,\"name\":\"Coronan a Reina de la feria internacional del caballo en Texcoco\"}]},{\"@type\":\"WebSite\",\"@id\":\"https:\/\/volcanes.net\/#website\",\"url\":\"https:\/\/volcanes.net\/\",\"name\":\"Volcanes.Net\",\"description\":\"Periodismo Profesional\",\"publisher\":{\"@id\":\"https:\/\/volcanes.net\/#organization\"},\"potentialAction\":[{\"@type\":\"SearchAction\",\"target\":{\"@type\":\"EntryPoint\",\"urlTemplate\":\"https:\/\/volcanes.net\/?s={search_term_string}\"},\"query-input\":{\"@type\":\"PropertyValueSpecification\",\"valueRequired\":true,\"valueName\":\"search_term_string\"}}],\"inLanguage\":\"es\"},{\"@type\":\"Organization\",\"@id\":\"https:\/\/volcanes.net\/#organization\",\"name\":\"Grupo Volcanes\",\"url\":\"https:\/\/volcanes.net\/\",\"logo\":{\"@type\":\"ImageObject\",\"inLanguage\":\"es\",\"@id\":\"https:\/\/volcanes.net\/#\/schema\/logo\/image\/\",\"url\":\"http:\/\/volcanes.net\/wp-content\/uploads\/2017\/12\/Avatar2.jpg\",\"contentUrl\":\"http:\/\/volcanes.net\/wp-content\/uploads\/2017\/12\/Avatar2.jpg\",\"width\":378,\"height\":378,\"caption\":\"Grupo Volcanes\"},\"image\":{\"@id\":\"https:\/\/volcanes.net\/#\/schema\/logo\/image\/\"},\"sameAs\":[\"https:\/\/www.facebook.com\/volcanes.net\/\"]},{\"@type\":\"Person\",\"@id\":\"https:\/\/volcanes.net\/#\/schema\/person\/4bf0f383940966a4abd53f5048c0e6b9\",\"name\":\"admin\",\"image\":{\"@type\":\"ImageObject\",\"inLanguage\":\"es\",\"@id\":\"https:\/\/volcanes.net\/#\/schema\/person\/image\/\",\"url\":\"https:\/\/secure.gravatar.com\/avatar\/ca004e6cba8462b8cb7abc86e382930c?s=96&d=mm&r=g\",\"contentUrl\":\"https:\/\/secure.gravatar.com\/avatar\/ca004e6cba8462b8cb7abc86e382930c?s=96&d=mm&r=g\",\"caption\":\"admin\"}}]}<\/script>\n<!-- \/ Yoast SEO plugin. -->","yoast_head_json":{"title":"Coronan a Reina de la feria internacional del caballo en Texcoco - Volcanes","robots":{"index":"index","follow":"follow","max-snippet":"max-snippet:-1","max-image-preview":"max-image-preview:large","max-video-preview":"max-video-preview:-1"},"canonical":"https:\/\/volcanes.net\/?p=1886","og_locale":"es_MX","og_type":"article","og_title":"Coronan a Reina de la feria internacional del caballo en Texcoco - Volcanes","og_description":"Adriana Primera, fue coronada como Reina de la Feria Internacional del Caballo Texcoco 2018, que","og_url":"https:\/\/volcanes.net\/?p=1886","og_site_name":"Volcanes","article_publisher":"https:\/\/www.facebook.com\/volcanes.net\/","article_published_time":"2018-03-13T14:33:22+00:00","og_image":[{"width":448,"height":299,"url":"https:\/\/volcanes.net\/wp-content\/uploads\/2018\/03\/IMG_2560.jpg","type":"image\/jpeg"}],"author":"admin","twitter_card":"summary_large_image","twitter_misc":{"Escrito por":"admin","Tiempo de lectura":"2 minutos"},"schema":{"@context":"https:\/\/schema.org","@graph":[{"@type":"Article","@id":"https:\/\/volcanes.net\/?p=1886#article","isPartOf":{"@id":"https:\/\/volcanes.net\/?p=1886"},"author":{"name":"admin","@id":"https:\/\/volcanes.net\/#\/schema\/person\/4bf0f383940966a4abd53f5048c0e6b9"},"headline":"Coronan a Reina de la feria internacional del caballo en Texcoco","datePublished":"2018-03-13T14:33:22+00:00","mainEntityOfPage":{"@id":"https:\/\/volcanes.net\/?p=1886"},"wordCount":407,"commentCount":0,"publisher":{"@id":"https:\/\/volcanes.net\/#organization"},"image":{"@id":"https:\/\/volcanes.net\/?p=1886#primaryimage"},"thumbnailUrl":"https:\/\/volcanes.net\/wp-content\/uploads\/2018\/03\/IMG_2560.jpg","keywords":["Texcoco"],"articleSection":["Municipales"],"inLanguage":"es","potentialAction":[{"@type":"CommentAction","name":"Comment","target":["https:\/\/volcanes.net\/?p=1886#respond"]}]},{"@type":"WebPage","@id":"https:\/\/volcanes.net\/?p=1886","url":"https:\/\/volcanes.net\/?p=1886","name":"Coronan a Reina de la feria internacional del caballo en Texcoco - Volcanes","isPartOf":{"@id":"https:\/\/volcanes.net\/#website"},"primaryImageOfPage":{"@id":"https:\/\/volcanes.net\/?p=1886#primaryimage"},"image":{"@id":"https:\/\/volcanes.net\/?p=1886#primaryimage"},"thumbnailUrl":"https:\/\/volcanes.net\/wp-content\/uploads\/2018\/03\/IMG_2560.jpg","datePublished":"2018-03-13T14:33:22+00:00","breadcrumb":{"@id":"https:\/\/volcanes.net\/?p=1886#breadcrumb"},"inLanguage":"es","potentialAction":[{"@type":"ReadAction","target":["https:\/\/volcanes.net\/?p=1886"]}]},{"@type":"ImageObject","inLanguage":"es","@id":"https:\/\/volcanes.net\/?p=1886#primaryimage","url":"https:\/\/volcanes.net\/wp-content\/uploads\/2018\/03\/IMG_2560.jpg","contentUrl":"https:\/\/volcanes.net\/wp-content\/uploads\/2018\/03\/IMG_2560.jpg","width":448,"height":299},{"@type":"BreadcrumbList","@id":"https:\/\/volcanes.net\/?p=1886#breadcrumb","itemListElement":[{"@type":"ListItem","position":1,"name":"Portada","item":"https:\/\/volcanes.net\/"},{"@type":"ListItem","position":2,"name":"Coronan a Reina de la feria internacional del caballo en Texcoco"}]},{"@type":"WebSite","@id":"https:\/\/volcanes.net\/#website","url":"https:\/\/volcanes.net\/","name":"Volcanes.Net","description":"Periodismo Profesional","publisher":{"@id":"https:\/\/volcanes.net\/#organization"},"potentialAction":[{"@type":"SearchAction","target":{"@type":"EntryPoint","urlTemplate":"https:\/\/volcanes.net\/?s={search_term_string}"},"query-input":{"@type":"PropertyValueSpecification","valueRequired":true,"valueName":"search_term_string"}}],"inLanguage":"es"},{"@type":"Organization","@id":"https:\/\/volcanes.net\/#organization","name":"Grupo Volcanes","url":"https:\/\/volcanes.net\/","logo":{"@type":"ImageObject","inLanguage":"es","@id":"https:\/\/volcanes.net\/#\/schema\/logo\/image\/","url":"http:\/\/volcanes.net\/wp-content\/uploads\/2017\/12\/Avatar2.jpg","contentUrl":"http:\/\/volcanes.net\/wp-content\/uploads\/2017\/12\/Avatar2.jpg","width":378,"height":378,"caption":"Grupo Volcanes"},"image":{"@id":"https:\/\/volcanes.net\/#\/schema\/logo\/image\/"},"sameAs":["https:\/\/www.facebook.com\/volcanes.net\/"]},{"@type":"Person","@id":"https:\/\/volcanes.net\/#\/schema\/person\/4bf0f383940966a4abd53f5048c0e6b9","name":"admin","image":{"@type":"ImageObject","inLanguage":"es","@id":"https:\/\/volcanes.net\/#\/schema\/person\/image\/","url":"https:\/\/secure.gravatar.com\/avatar\/ca004e6cba8462b8cb7abc86e382930c?s=96&d=mm&r=g","contentUrl":"https:\/\/secure.gravatar.com\/avatar\/ca004e6cba8462b8cb7abc86e382930c?s=96&d=mm&r=g","caption":"admin"}}]}},"_links":{"self":[{"href":"https:\/\/volcanes.net\/index.php?rest_route=\/wp\/v2\/posts\/1886"}],"collection":[{"href":"https:\/\/volcanes.net\/index.php?rest_route=\/wp\/v2\/posts"}],"about":[{"href":"https:\/\/volcanes.net\/index.php?rest_route=\/wp\/v2\/types\/post"}],"author":[{"embeddable":true,"href":"https:\/\/volcanes.net\/index.php?rest_route=\/wp\/v2\/users\/1"}],"replies":[{"embeddable":true,"href":"https:\/\/volcanes.net\/index.php?rest_route=%2Fwp%2Fv2%2Fcomments&post=1886"}],"version-history":[{"count":1,"href":"https:\/\/volcanes.net\/index.php?rest_route=\/wp\/v2\/posts\/1886\/revisions"}],"predecessor-version":[{"id":1888,"href":"https:\/\/volcanes.net\/index.php?rest_route=\/wp\/v2\/posts\/1886\/revisions\/1888"}],"wp:featuredmedia":[{"embeddable":true,"href":"https:\/\/volcanes.net\/index.php?rest_route=\/wp\/v2\/media\/1887"}],"wp:attachment":[{"href":"https:\/\/volcanes.net\/index.php?rest_route=%2Fwp%2Fv2%2Fmedia&parent=1886"}],"wp:term":[{"taxonomy":"category","embeddable":true,"href":"https:\/\/volcanes.net\/index.php?rest_route=%2Fwp%2Fv2%2Fcategories&post=1886"},{"taxonomy":"post_tag","embeddable":true,"href":"https:\/\/volcanes.net\/index.php?rest_route=%2Fwp%2Fv2%2Ftags&post=1886"}],"curies":[{"name":"wp","href":"https:\/\/api.w.org\/{rel}","templated":true}]}}