{"id":1895,"date":"2018-03-18T04:09:10","date_gmt":"2018-03-18T04:09:10","guid":{"rendered":"http:\/\/volcanes.net\/?p=1895"},"modified":"2018-03-18T04:09:10","modified_gmt":"2018-03-18T04:09:10","slug":"reafirma-la-sedesol-su-compromiso-para-superar-carencias","status":"publish","type":"post","link":"https:\/\/volcanes.net\/?p=1895","title":{"rendered":"Reafirma la Sedesol su compromiso para superar carencias"},"content":{"rendered":"<div style=\"margin-top: 0px; margin-bottom: 0px;\" class=\"sharethis-inline-share-buttons\" ><\/div><ul>\n<li style=\"font-weight: 400\"><em>La dependencia invertir\u00e1 6 mil millones de pesos durante el a\u00f1o para beneficiar a 2.3 millones de capitalinos<\/em><\/li>\n<\/ul>\n<p style=\"font-weight: 400\">\n<p style=\"font-weight: 400\">\n<p style=\"font-weight: 400\">El subsecretario de Planeaci\u00f3n, Evaluaci\u00f3n y Desarrollo Regional de la Secretar\u00eda de Desarrollo Social (Sedesol), Javier Garc\u00eda Bejos, realiz\u00f3 este viernes una gira de trabajo por la Ciudad de M\u00e9xico, en donde destac\u00f3 que el gobierno del Presidente Enrique Pe\u00f1a Nieto seguir\u00e1 apostando por la coordinaci\u00f3n para reducir los \u00edndices de pobreza.<\/p>\n<p style=\"font-weight: 400\">\n<p style=\"font-weight: 400\">\u201cVamos a consolidar estos programas como Prospera, porque al unir temas de salud, educaci\u00f3n, alimentaci\u00f3n y cohesi\u00f3n social, estamos impulsando un verdadero cambio para las comunidades, tambi\u00e9n aqu\u00ed en la capital\u201d, expres\u00f3.<\/p>\n<p style=\"font-weight: 400\">\n<p style=\"font-weight: 400\">Durante su intervenci\u00f3n, Garc\u00eda Bejos destac\u00f3 que a trav\u00e9s del trabajo en equipo y con la voluntad de los niveles de gobierno, s\u00ed hay manera de darle vuelta a los retos que se enfrentan en lo social. Como ejemplo, se\u00f1al\u00f3 que la Sedesol tiene planeado para este a\u00f1o multiplicar por diez el n\u00famero de comedores comunitarios operados por la dependencia en la capital, y para seguir reduciendo las carencias sociales, se invertir\u00e1n m\u00e1s de mil millones de pesos a trav\u00e9s del Fondo de Aportaciones para la Infraestructura Social (FAIS), diez por ciento m\u00e1s que el a\u00f1o pasado.<\/p>\n<p style=\"font-weight: 400\">\n<p style=\"font-weight: 400\">Reconoci\u00f3 que el trabajo que se hace a trav\u00e9s de la Estrategia Nacional de Inclusi\u00f3n para unir esfuerzos por parte de las distintas secretar\u00edas y dependencias ha dado buenas noticias, pues tan s\u00f3lo en la Ciudad de M\u00e9xico, 510 mil personas superaron la carencia por acceso a la seguridad social y 341 mil superaron la relacionada al acceso a los servicios de salud. \u201cEsta oferta institucional que hacemos, por ejemplo, junto con el Instituto Mexicano del Seguro Social (IMSS) o el Seguro Popular, es fundamental para ir revirtiendo tendencias y proteger a m\u00e1s mexicanos\u201d, se\u00f1al\u00f3 el funcionario federal.<\/p>\n<p style=\"font-weight: 400\">\n<p style=\"font-weight: 400\">\u201cProspera no es nada m\u00e1s un programa social, es una herramienta que le cambia la vida a la gente a partir de lo m\u00e1s valioso que tenemos los mexicanos: nuestra familia. Por eso vamos creciendo para atender hoy a m\u00e1s de 28 millones de personas en todo el pa\u00eds. Cuando un joven puede llegar a la universidad, una mujer emprende o un beb\u00e9 recibe suplementos alimenticios, entonces estamos hablando de verdadera superaci\u00f3n y resultados para la gente\u201d, puntualiz\u00f3.<\/p>\n<p style=\"font-weight: 400\">\n<p style=\"font-weight: 400\">Al finalizar el evento, la Sedesol estableci\u00f3 puestos de atenci\u00f3n de diversos programas, como Pensi\u00f3n para Adultos Mayores; Estancias Infantiles; Seguro de Vida para Jefas de Familia y Liconsa. Asimismo, se instalaron mesas por parte del Instituto del Fondo Nacional de la Vivienda para los Trabajadores (Infonavit), del IMSS y\u00a0\u00a0del ISSSTE.<\/p>\n","protected":false},"excerpt":{"rendered":"<p>La dependencia invertir\u00e1 6 mil millones de pesos durante el a\u00f1o para beneficiar a 2.3<\/p>\n","protected":false},"author":1,"featured_media":1896,"comment_status":"open","ping_status":"open","sticky":false,"template":"","format":"standard","meta":{"footnotes":""},"categories":[1],"tags":[33],"class_list":["post-1895","post","type-post","status-publish","format-standard","has-post-thumbnail","hentry","category-municipales","tag-sedesol"],"yoast_head":"<!-- This site is optimized with the Yoast SEO plugin v25.3 - https:\/\/yoast.com\/wordpress\/plugins\/seo\/ -->\n<title>Reafirma la Sedesol su compromiso para superar carencias - Volcanes<\/title>\n<meta name=\"robots\" content=\"index, follow, max-snippet:-1, max-image-preview:large, max-video-preview:-1\" \/>\n<link rel=\"canonical\" href=\"https:\/\/volcanes.net\/?p=1895\" \/>\n<meta property=\"og:locale\" content=\"es_MX\" \/>\n<meta property=\"og:type\" content=\"article\" \/>\n<meta property=\"og:title\" content=\"Reafirma la Sedesol su compromiso para superar carencias - Volcanes\" \/>\n<meta property=\"og:description\" content=\"La dependencia invertir\u00e1 6 mil millones de pesos durante el a\u00f1o para beneficiar a 2.3\" \/>\n<meta property=\"og:url\" content=\"https:\/\/volcanes.net\/?p=1895\" \/>\n<meta property=\"og:site_name\" content=\"Volcanes\" \/>\n<meta property=\"article:publisher\" content=\"https:\/\/www.facebook.com\/volcanes.net\/\" \/>\n<meta property=\"article:published_time\" content=\"2018-03-18T04:09:10+00:00\" \/>\n<meta property=\"og:image\" content=\"https:\/\/volcanes.net\/wp-content\/uploads\/2018\/03\/FOTO-3-Reafirma-la-Sedesol-su-compromiso-para-superar-carencias.jpg\" \/>\n\t<meta property=\"og:image:width\" content=\"448\" \/>\n\t<meta property=\"og:image:height\" content=\"299\" \/>\n\t<meta property=\"og:image:type\" content=\"image\/jpeg\" \/>\n<meta name=\"author\" content=\"admin\" \/>\n<meta name=\"twitter:card\" content=\"summary_large_image\" \/>\n<meta name=\"twitter:label1\" content=\"Escrito por\" \/>\n\t<meta name=\"twitter:data1\" content=\"admin\" \/>\n\t<meta name=\"twitter:label2\" content=\"Tiempo de lectura\" \/>\n\t<meta name=\"twitter:data2\" content=\"2 minutos\" \/>\n<script type=\"application\/ld+json\" class=\"yoast-schema-graph\">{\"@context\":\"https:\/\/schema.org\",\"@graph\":[{\"@type\":\"Article\",\"@id\":\"https:\/\/volcanes.net\/?p=1895#article\",\"isPartOf\":{\"@id\":\"https:\/\/volcanes.net\/?p=1895\"},\"author\":{\"name\":\"admin\",\"@id\":\"https:\/\/volcanes.net\/#\/schema\/person\/4bf0f383940966a4abd53f5048c0e6b9\"},\"headline\":\"Reafirma la Sedesol su compromiso para superar carencias\",\"datePublished\":\"2018-03-18T04:09:10+00:00\",\"mainEntityOfPage\":{\"@id\":\"https:\/\/volcanes.net\/?p=1895\"},\"wordCount\":467,\"commentCount\":0,\"publisher\":{\"@id\":\"https:\/\/volcanes.net\/#organization\"},\"image\":{\"@id\":\"https:\/\/volcanes.net\/?p=1895#primaryimage\"},\"thumbnailUrl\":\"https:\/\/volcanes.net\/wp-content\/uploads\/2018\/03\/FOTO-3-Reafirma-la-Sedesol-su-compromiso-para-superar-carencias.jpg\",\"keywords\":[\"SEDESOL\"],\"articleSection\":[\"Municipales\"],\"inLanguage\":\"es\",\"potentialAction\":[{\"@type\":\"CommentAction\",\"name\":\"Comment\",\"target\":[\"https:\/\/volcanes.net\/?p=1895#respond\"]}]},{\"@type\":\"WebPage\",\"@id\":\"https:\/\/volcanes.net\/?p=1895\",\"url\":\"https:\/\/volcanes.net\/?p=1895\",\"name\":\"Reafirma la Sedesol su compromiso para superar carencias - Volcanes\",\"isPartOf\":{\"@id\":\"https:\/\/volcanes.net\/#website\"},\"primaryImageOfPage\":{\"@id\":\"https:\/\/volcanes.net\/?p=1895#primaryimage\"},\"image\":{\"@id\":\"https:\/\/volcanes.net\/?p=1895#primaryimage\"},\"thumbnailUrl\":\"https:\/\/volcanes.net\/wp-content\/uploads\/2018\/03\/FOTO-3-Reafirma-la-Sedesol-su-compromiso-para-superar-carencias.jpg\",\"datePublished\":\"2018-03-18T04:09:10+00:00\",\"breadcrumb\":{\"@id\":\"https:\/\/volcanes.net\/?p=1895#breadcrumb\"},\"inLanguage\":\"es\",\"potentialAction\":[{\"@type\":\"ReadAction\",\"target\":[\"https:\/\/volcanes.net\/?p=1895\"]}]},{\"@type\":\"ImageObject\",\"inLanguage\":\"es\",\"@id\":\"https:\/\/volcanes.net\/?p=1895#primaryimage\",\"url\":\"https:\/\/volcanes.net\/wp-content\/uploads\/2018\/03\/FOTO-3-Reafirma-la-Sedesol-su-compromiso-para-superar-carencias.jpg\",\"contentUrl\":\"https:\/\/volcanes.net\/wp-content\/uploads\/2018\/03\/FOTO-3-Reafirma-la-Sedesol-su-compromiso-para-superar-carencias.jpg\",\"width\":448,\"height\":299},{\"@type\":\"BreadcrumbList\",\"@id\":\"https:\/\/volcanes.net\/?p=1895#breadcrumb\",\"itemListElement\":[{\"@type\":\"ListItem\",\"position\":1,\"name\":\"Portada\",\"item\":\"https:\/\/volcanes.net\/\"},{\"@type\":\"ListItem\",\"position\":2,\"name\":\"Reafirma la Sedesol su compromiso para superar carencias\"}]},{\"@type\":\"WebSite\",\"@id\":\"https:\/\/volcanes.net\/#website\",\"url\":\"https:\/\/volcanes.net\/\",\"name\":\"Volcanes.Net\",\"description\":\"Periodismo Profesional\",\"publisher\":{\"@id\":\"https:\/\/volcanes.net\/#organization\"},\"potentialAction\":[{\"@type\":\"SearchAction\",\"target\":{\"@type\":\"EntryPoint\",\"urlTemplate\":\"https:\/\/volcanes.net\/?s={search_term_string}\"},\"query-input\":{\"@type\":\"PropertyValueSpecification\",\"valueRequired\":true,\"valueName\":\"search_term_string\"}}],\"inLanguage\":\"es\"},{\"@type\":\"Organization\",\"@id\":\"https:\/\/volcanes.net\/#organization\",\"name\":\"Grupo Volcanes\",\"url\":\"https:\/\/volcanes.net\/\",\"logo\":{\"@type\":\"ImageObject\",\"inLanguage\":\"es\",\"@id\":\"https:\/\/volcanes.net\/#\/schema\/logo\/image\/\",\"url\":\"http:\/\/volcanes.net\/wp-content\/uploads\/2017\/12\/Avatar2.jpg\",\"contentUrl\":\"http:\/\/volcanes.net\/wp-content\/uploads\/2017\/12\/Avatar2.jpg\",\"width\":378,\"height\":378,\"caption\":\"Grupo Volcanes\"},\"image\":{\"@id\":\"https:\/\/volcanes.net\/#\/schema\/logo\/image\/\"},\"sameAs\":[\"https:\/\/www.facebook.com\/volcanes.net\/\"]},{\"@type\":\"Person\",\"@id\":\"https:\/\/volcanes.net\/#\/schema\/person\/4bf0f383940966a4abd53f5048c0e6b9\",\"name\":\"admin\",\"image\":{\"@type\":\"ImageObject\",\"inLanguage\":\"es\",\"@id\":\"https:\/\/volcanes.net\/#\/schema\/person\/image\/\",\"url\":\"https:\/\/secure.gravatar.com\/avatar\/ca004e6cba8462b8cb7abc86e382930c?s=96&d=mm&r=g\",\"contentUrl\":\"https:\/\/secure.gravatar.com\/avatar\/ca004e6cba8462b8cb7abc86e382930c?s=96&d=mm&r=g\",\"caption\":\"admin\"}}]}<\/script>\n<!-- \/ Yoast SEO plugin. -->","yoast_head_json":{"title":"Reafirma la Sedesol su compromiso para superar carencias - Volcanes","robots":{"index":"index","follow":"follow","max-snippet":"max-snippet:-1","max-image-preview":"max-image-preview:large","max-video-preview":"max-video-preview:-1"},"canonical":"https:\/\/volcanes.net\/?p=1895","og_locale":"es_MX","og_type":"article","og_title":"Reafirma la Sedesol su compromiso para superar carencias - Volcanes","og_description":"La dependencia invertir\u00e1 6 mil millones de pesos durante el a\u00f1o para beneficiar a 2.3","og_url":"https:\/\/volcanes.net\/?p=1895","og_site_name":"Volcanes","article_publisher":"https:\/\/www.facebook.com\/volcanes.net\/","article_published_time":"2018-03-18T04:09:10+00:00","og_image":[{"width":448,"height":299,"url":"https:\/\/volcanes.net\/wp-content\/uploads\/2018\/03\/FOTO-3-Reafirma-la-Sedesol-su-compromiso-para-superar-carencias.jpg","type":"image\/jpeg"}],"author":"admin","twitter_card":"summary_large_image","twitter_misc":{"Escrito por":"admin","Tiempo de lectura":"2 minutos"},"schema":{"@context":"https:\/\/schema.org","@graph":[{"@type":"Article","@id":"https:\/\/volcanes.net\/?p=1895#article","isPartOf":{"@id":"https:\/\/volcanes.net\/?p=1895"},"author":{"name":"admin","@id":"https:\/\/volcanes.net\/#\/schema\/person\/4bf0f383940966a4abd53f5048c0e6b9"},"headline":"Reafirma la Sedesol su compromiso para superar carencias","datePublished":"2018-03-18T04:09:10+00:00","mainEntityOfPage":{"@id":"https:\/\/volcanes.net\/?p=1895"},"wordCount":467,"commentCount":0,"publisher":{"@id":"https:\/\/volcanes.net\/#organization"},"image":{"@id":"https:\/\/volcanes.net\/?p=1895#primaryimage"},"thumbnailUrl":"https:\/\/volcanes.net\/wp-content\/uploads\/2018\/03\/FOTO-3-Reafirma-la-Sedesol-su-compromiso-para-superar-carencias.jpg","keywords":["SEDESOL"],"articleSection":["Municipales"],"inLanguage":"es","potentialAction":[{"@type":"CommentAction","name":"Comment","target":["https:\/\/volcanes.net\/?p=1895#respond"]}]},{"@type":"WebPage","@id":"https:\/\/volcanes.net\/?p=1895","url":"https:\/\/volcanes.net\/?p=1895","name":"Reafirma la Sedesol su compromiso para superar carencias - Volcanes","isPartOf":{"@id":"https:\/\/volcanes.net\/#website"},"primaryImageOfPage":{"@id":"https:\/\/volcanes.net\/?p=1895#primaryimage"},"image":{"@id":"https:\/\/volcanes.net\/?p=1895#primaryimage"},"thumbnailUrl":"https:\/\/volcanes.net\/wp-content\/uploads\/2018\/03\/FOTO-3-Reafirma-la-Sedesol-su-compromiso-para-superar-carencias.jpg","datePublished":"2018-03-18T04:09:10+00:00","breadcrumb":{"@id":"https:\/\/volcanes.net\/?p=1895#breadcrumb"},"inLanguage":"es","potentialAction":[{"@type":"ReadAction","target":["https:\/\/volcanes.net\/?p=1895"]}]},{"@type":"ImageObject","inLanguage":"es","@id":"https:\/\/volcanes.net\/?p=1895#primaryimage","url":"https:\/\/volcanes.net\/wp-content\/uploads\/2018\/03\/FOTO-3-Reafirma-la-Sedesol-su-compromiso-para-superar-carencias.jpg","contentUrl":"https:\/\/volcanes.net\/wp-content\/uploads\/2018\/03\/FOTO-3-Reafirma-la-Sedesol-su-compromiso-para-superar-carencias.jpg","width":448,"height":299},{"@type":"BreadcrumbList","@id":"https:\/\/volcanes.net\/?p=1895#breadcrumb","itemListElement":[{"@type":"ListItem","position":1,"name":"Portada","item":"https:\/\/volcanes.net\/"},{"@type":"ListItem","position":2,"name":"Reafirma la Sedesol su compromiso para superar carencias"}]},{"@type":"WebSite","@id":"https:\/\/volcanes.net\/#website","url":"https:\/\/volcanes.net\/","name":"Volcanes.Net","description":"Periodismo Profesional","publisher":{"@id":"https:\/\/volcanes.net\/#organization"},"potentialAction":[{"@type":"SearchAction","target":{"@type":"EntryPoint","urlTemplate":"https:\/\/volcanes.net\/?s={search_term_string}"},"query-input":{"@type":"PropertyValueSpecification","valueRequired":true,"valueName":"search_term_string"}}],"inLanguage":"es"},{"@type":"Organization","@id":"https:\/\/volcanes.net\/#organization","name":"Grupo Volcanes","url":"https:\/\/volcanes.net\/","logo":{"@type":"ImageObject","inLanguage":"es","@id":"https:\/\/volcanes.net\/#\/schema\/logo\/image\/","url":"http:\/\/volcanes.net\/wp-content\/uploads\/2017\/12\/Avatar2.jpg","contentUrl":"http:\/\/volcanes.net\/wp-content\/uploads\/2017\/12\/Avatar2.jpg","width":378,"height":378,"caption":"Grupo Volcanes"},"image":{"@id":"https:\/\/volcanes.net\/#\/schema\/logo\/image\/"},"sameAs":["https:\/\/www.facebook.com\/volcanes.net\/"]},{"@type":"Person","@id":"https:\/\/volcanes.net\/#\/schema\/person\/4bf0f383940966a4abd53f5048c0e6b9","name":"admin","image":{"@type":"ImageObject","inLanguage":"es","@id":"https:\/\/volcanes.net\/#\/schema\/person\/image\/","url":"https:\/\/secure.gravatar.com\/avatar\/ca004e6cba8462b8cb7abc86e382930c?s=96&d=mm&r=g","contentUrl":"https:\/\/secure.gravatar.com\/avatar\/ca004e6cba8462b8cb7abc86e382930c?s=96&d=mm&r=g","caption":"admin"}}]}},"_links":{"self":[{"href":"https:\/\/volcanes.net\/index.php?rest_route=\/wp\/v2\/posts\/1895"}],"collection":[{"href":"https:\/\/volcanes.net\/index.php?rest_route=\/wp\/v2\/posts"}],"about":[{"href":"https:\/\/volcanes.net\/index.php?rest_route=\/wp\/v2\/types\/post"}],"author":[{"embeddable":true,"href":"https:\/\/volcanes.net\/index.php?rest_route=\/wp\/v2\/users\/1"}],"replies":[{"embeddable":true,"href":"https:\/\/volcanes.net\/index.php?rest_route=%2Fwp%2Fv2%2Fcomments&post=1895"}],"version-history":[{"count":1,"href":"https:\/\/volcanes.net\/index.php?rest_route=\/wp\/v2\/posts\/1895\/revisions"}],"predecessor-version":[{"id":1897,"href":"https:\/\/volcanes.net\/index.php?rest_route=\/wp\/v2\/posts\/1895\/revisions\/1897"}],"wp:featuredmedia":[{"embeddable":true,"href":"https:\/\/volcanes.net\/index.php?rest_route=\/wp\/v2\/media\/1896"}],"wp:attachment":[{"href":"https:\/\/volcanes.net\/index.php?rest_route=%2Fwp%2Fv2%2Fmedia&parent=1895"}],"wp:term":[{"taxonomy":"category","embeddable":true,"href":"https:\/\/volcanes.net\/index.php?rest_route=%2Fwp%2Fv2%2Fcategories&post=1895"},{"taxonomy":"post_tag","embeddable":true,"href":"https:\/\/volcanes.net\/index.php?rest_route=%2Fwp%2Fv2%2Ftags&post=1895"}],"curies":[{"name":"wp","href":"https:\/\/api.w.org\/{rel}","templated":true}]}}