{"id":1920,"date":"2018-03-27T03:53:00","date_gmt":"2018-03-27T03:53:00","guid":{"rendered":"http:\/\/volcanes.net\/?p=1920"},"modified":"2018-03-27T03:53:00","modified_gmt":"2018-03-27T03:53:00","slug":"seguira-la-sedesol-presente-en-chiapas-para-forjar-un-futuro-prospero-para-sus-habitantes-eviel-perez-magana","status":"publish","type":"post","link":"https:\/\/volcanes.net\/?p=1920","title":{"rendered":"Seguir\u00e1 la Sedesol presente en Chiapas para forjar un futuro pr\u00f3spero para sus habitantes: Eviel P\u00e9rez Maga\u00f1a  \u00a0"},"content":{"rendered":"<div style=\"margin-top: 0px; margin-bottom: 0px;\" class=\"sharethis-inline-share-buttons\" ><\/div><ul>\n<li style=\"font-weight: 400\"><em>El titular de la Sedesol acude con la representaci\u00f3n del Presidente Enrique Pe\u00f1a Nieto, al V Informe de labores del gobernador Manuel Velasco Coello<\/em><\/li>\n<\/ul>\n<p style=\"font-weight: 400\">\n<p style=\"font-weight: 400\">El secretario de Desarrollo Social, Eviel P\u00e9rez Maga\u00f1a, afirm\u00f3 que el gobierno de la Rep\u00fablica ha impulsado la construcci\u00f3n de soluciones conjuntas y seguir\u00e1 presente en el estado de Chiapas para forjar un futuro m\u00e1s pr\u00f3spero y promisorio.<\/p>\n<p style=\"font-weight: 400\">\n<p style=\"font-weight: 400\">Al asistir con la representaci\u00f3n del Presidente de la Rep\u00fablica al V Informe de labores del gobernador de Chiapas, Manuel Velasco Coello, el titular de la Secretar\u00eda de Desarrollo Social (Sedesol) dijo que a trav\u00e9s de la suma de esfuerzos, del di\u00e1logo y la concertaci\u00f3n se pueden obtener mejores resultados con el prop\u00f3sito de superar los desaf\u00edos de la entidad.<\/p>\n<p style=\"font-weight: 400\">\n<p style=\"font-weight: 400\">\u201cEl gobierno de la Rep\u00fablica, tal como la ha instruido el Presidente Enrique Pe\u00f1a Nieto seguir\u00e1 estando muy cerca de Chiapas para atender una a una, sus necesidades m\u00e1s apremiantes\u201d, asegur\u00f3 el funcionario federal.<\/p>\n<p style=\"font-weight: 400\">\n<p style=\"font-weight: 400\">Agreg\u00f3 que la Sedesol est\u00e1 comprometida para afianzar el trabajo hasta ahora realizado por el gobierno chiapaneco, multiplicar las oportunidades y ampliar el bienestar donde a\u00fan hace falta.<\/p>\n<p style=\"font-weight: 400\">\n<p style=\"font-weight: 400\">El secretario P\u00e9rez Maga\u00f1a estableci\u00f3 que en Chiapas se deben consolidar los esfuerzos que en forma coordinada han realizado las autoridades de los tres \u00f3rdenes de gobierno, y que gracias a ello han cambiado para bien la vida de las familias y comunidades de la entidad.<\/p>\n<p style=\"font-weight: 400\">\n<p style=\"font-weight: 400\">Destac\u00f3 ante las integrantes de la LXVI Legislatura del estado, que de 2012 a 2016 Chiapas fue la s\u00e9ptima entidad federativa que m\u00e1s redujo la pobreza extrema en todo el pa\u00eds; fue la primera a nivel nacional en reducir el rezago educativo, y la cuarta que m\u00e1s disminuy\u00f3 la carencia por acceso a los servicios de salud.<\/p>\n<p style=\"font-weight: 400\">\n<p style=\"font-weight: 400\">Estableci\u00f3 tambi\u00e9n que la Sedesol seguir\u00e1 caminando de la mano con todos los chiapanecos.\u00a0 Inform\u00f3 que de 2013 a 2017 se han invertido en el estado m\u00e1s de 101 mil millones de pesos para impulsar el desarrollo social. \u201cEn 2018 se destinar\u00e1n cerca de 22 mil 800 millones de pesos m\u00e1s para seguir cerrando brechas y garantizando derechos sociales\u201d, puntualiz\u00f3.<\/p>\n<p style=\"font-weight: 400\">\n<p style=\"font-weight: 400\">En su mensaje el gobernador del estado, Manuel Velasco Coello, reconoci\u00f3 el apoyo brindado por el gobierno de la Rep\u00fablica en favor de las familias m\u00e1s desprotegidas y destac\u00f3 la labor desempe\u00f1ada por la Sedesol en la etapa de emergencia que puso en marcha en diversas regiones de la entidad por el sismo del 7 de septiembre pasado.<\/p>\n<p style=\"font-weight: 400\">\n","protected":false},"excerpt":{"rendered":"<p>El titular de la Sedesol acude con la representaci\u00f3n del Presidente Enrique Pe\u00f1a Nieto, al<\/p>\n","protected":false},"author":1,"featured_media":1921,"comment_status":"open","ping_status":"open","sticky":false,"template":"","format":"standard","meta":{"footnotes":""},"categories":[1],"tags":[33],"class_list":["post-1920","post","type-post","status-publish","format-standard","has-post-thumbnail","hentry","category-municipales","tag-sedesol"],"yoast_head":"<!-- This site is optimized with the Yoast SEO plugin v25.3 - https:\/\/yoast.com\/wordpress\/plugins\/seo\/ -->\n<title>Seguir\u00e1 la Sedesol presente en Chiapas para forjar un futuro pr\u00f3spero para sus habitantes: Eviel P\u00e9rez Maga\u00f1a \u00a0 - Volcanes<\/title>\n<meta name=\"robots\" content=\"index, follow, max-snippet:-1, max-image-preview:large, max-video-preview:-1\" \/>\n<link rel=\"canonical\" href=\"https:\/\/volcanes.net\/?p=1920\" \/>\n<meta property=\"og:locale\" content=\"es_MX\" \/>\n<meta property=\"og:type\" content=\"article\" \/>\n<meta property=\"og:title\" content=\"Seguir\u00e1 la Sedesol presente en Chiapas para forjar un futuro pr\u00f3spero para sus habitantes: Eviel P\u00e9rez Maga\u00f1a \u00a0 - Volcanes\" \/>\n<meta property=\"og:description\" content=\"El titular de la Sedesol acude con la representaci\u00f3n del Presidente Enrique Pe\u00f1a Nieto, al\" \/>\n<meta property=\"og:url\" content=\"https:\/\/volcanes.net\/?p=1920\" \/>\n<meta property=\"og:site_name\" content=\"Volcanes\" \/>\n<meta property=\"article:publisher\" content=\"https:\/\/www.facebook.com\/volcanes.net\/\" \/>\n<meta property=\"article:published_time\" content=\"2018-03-27T03:53:00+00:00\" \/>\n<meta property=\"og:image\" content=\"https:\/\/volcanes.net\/wp-content\/uploads\/2018\/03\/FOTO-2-Seguir\u00e1-la-Sedesol-presente-en-Chiapas-para-forjar-un-futuro-pr\u00f3spero-para-sus-habitantes-Eviel-P\u00e9rez-Maga\u00f1a.jpg\" \/>\n\t<meta property=\"og:image:width\" content=\"448\" \/>\n\t<meta property=\"og:image:height\" content=\"299\" \/>\n\t<meta property=\"og:image:type\" content=\"image\/jpeg\" \/>\n<meta name=\"author\" content=\"admin\" \/>\n<meta name=\"twitter:card\" content=\"summary_large_image\" \/>\n<meta name=\"twitter:label1\" content=\"Escrito por\" \/>\n\t<meta name=\"twitter:data1\" content=\"admin\" \/>\n\t<meta name=\"twitter:label2\" content=\"Tiempo de lectura\" \/>\n\t<meta name=\"twitter:data2\" content=\"2 minutos\" \/>\n<script type=\"application\/ld+json\" class=\"yoast-schema-graph\">{\"@context\":\"https:\/\/schema.org\",\"@graph\":[{\"@type\":\"Article\",\"@id\":\"https:\/\/volcanes.net\/?p=1920#article\",\"isPartOf\":{\"@id\":\"https:\/\/volcanes.net\/?p=1920\"},\"author\":{\"name\":\"admin\",\"@id\":\"https:\/\/volcanes.net\/#\/schema\/person\/4bf0f383940966a4abd53f5048c0e6b9\"},\"headline\":\"Seguir\u00e1 la Sedesol presente en Chiapas para forjar un futuro pr\u00f3spero para sus habitantes: Eviel P\u00e9rez Maga\u00f1a \u00a0\",\"datePublished\":\"2018-03-27T03:53:00+00:00\",\"mainEntityOfPage\":{\"@id\":\"https:\/\/volcanes.net\/?p=1920\"},\"wordCount\":449,\"commentCount\":0,\"publisher\":{\"@id\":\"https:\/\/volcanes.net\/#organization\"},\"image\":{\"@id\":\"https:\/\/volcanes.net\/?p=1920#primaryimage\"},\"thumbnailUrl\":\"https:\/\/volcanes.net\/wp-content\/uploads\/2018\/03\/FOTO-2-Seguir\u00e1-la-Sedesol-presente-en-Chiapas-para-forjar-un-futuro-pr\u00f3spero-para-sus-habitantes-Eviel-P\u00e9rez-Maga\u00f1a.jpg\",\"keywords\":[\"SEDESOL\"],\"articleSection\":[\"Municipales\"],\"inLanguage\":\"es\",\"potentialAction\":[{\"@type\":\"CommentAction\",\"name\":\"Comment\",\"target\":[\"https:\/\/volcanes.net\/?p=1920#respond\"]}]},{\"@type\":\"WebPage\",\"@id\":\"https:\/\/volcanes.net\/?p=1920\",\"url\":\"https:\/\/volcanes.net\/?p=1920\",\"name\":\"Seguir\u00e1 la Sedesol presente en Chiapas para forjar un futuro pr\u00f3spero para sus habitantes: Eviel P\u00e9rez Maga\u00f1a \u00a0 - Volcanes\",\"isPartOf\":{\"@id\":\"https:\/\/volcanes.net\/#website\"},\"primaryImageOfPage\":{\"@id\":\"https:\/\/volcanes.net\/?p=1920#primaryimage\"},\"image\":{\"@id\":\"https:\/\/volcanes.net\/?p=1920#primaryimage\"},\"thumbnailUrl\":\"https:\/\/volcanes.net\/wp-content\/uploads\/2018\/03\/FOTO-2-Seguir\u00e1-la-Sedesol-presente-en-Chiapas-para-forjar-un-futuro-pr\u00f3spero-para-sus-habitantes-Eviel-P\u00e9rez-Maga\u00f1a.jpg\",\"datePublished\":\"2018-03-27T03:53:00+00:00\",\"breadcrumb\":{\"@id\":\"https:\/\/volcanes.net\/?p=1920#breadcrumb\"},\"inLanguage\":\"es\",\"potentialAction\":[{\"@type\":\"ReadAction\",\"target\":[\"https:\/\/volcanes.net\/?p=1920\"]}]},{\"@type\":\"ImageObject\",\"inLanguage\":\"es\",\"@id\":\"https:\/\/volcanes.net\/?p=1920#primaryimage\",\"url\":\"https:\/\/volcanes.net\/wp-content\/uploads\/2018\/03\/FOTO-2-Seguir\u00e1-la-Sedesol-presente-en-Chiapas-para-forjar-un-futuro-pr\u00f3spero-para-sus-habitantes-Eviel-P\u00e9rez-Maga\u00f1a.jpg\",\"contentUrl\":\"https:\/\/volcanes.net\/wp-content\/uploads\/2018\/03\/FOTO-2-Seguir\u00e1-la-Sedesol-presente-en-Chiapas-para-forjar-un-futuro-pr\u00f3spero-para-sus-habitantes-Eviel-P\u00e9rez-Maga\u00f1a.jpg\",\"width\":448,\"height\":299},{\"@type\":\"BreadcrumbList\",\"@id\":\"https:\/\/volcanes.net\/?p=1920#breadcrumb\",\"itemListElement\":[{\"@type\":\"ListItem\",\"position\":1,\"name\":\"Portada\",\"item\":\"https:\/\/volcanes.net\/\"},{\"@type\":\"ListItem\",\"position\":2,\"name\":\"Seguir\u00e1 la Sedesol presente en Chiapas para forjar un futuro pr\u00f3spero para sus habitantes: Eviel P\u00e9rez Maga\u00f1a \u00a0\"}]},{\"@type\":\"WebSite\",\"@id\":\"https:\/\/volcanes.net\/#website\",\"url\":\"https:\/\/volcanes.net\/\",\"name\":\"Volcanes.Net\",\"description\":\"Periodismo Profesional\",\"publisher\":{\"@id\":\"https:\/\/volcanes.net\/#organization\"},\"potentialAction\":[{\"@type\":\"SearchAction\",\"target\":{\"@type\":\"EntryPoint\",\"urlTemplate\":\"https:\/\/volcanes.net\/?s={search_term_string}\"},\"query-input\":{\"@type\":\"PropertyValueSpecification\",\"valueRequired\":true,\"valueName\":\"search_term_string\"}}],\"inLanguage\":\"es\"},{\"@type\":\"Organization\",\"@id\":\"https:\/\/volcanes.net\/#organization\",\"name\":\"Grupo Volcanes\",\"url\":\"https:\/\/volcanes.net\/\",\"logo\":{\"@type\":\"ImageObject\",\"inLanguage\":\"es\",\"@id\":\"https:\/\/volcanes.net\/#\/schema\/logo\/image\/\",\"url\":\"http:\/\/volcanes.net\/wp-content\/uploads\/2017\/12\/Avatar2.jpg\",\"contentUrl\":\"http:\/\/volcanes.net\/wp-content\/uploads\/2017\/12\/Avatar2.jpg\",\"width\":378,\"height\":378,\"caption\":\"Grupo Volcanes\"},\"image\":{\"@id\":\"https:\/\/volcanes.net\/#\/schema\/logo\/image\/\"},\"sameAs\":[\"https:\/\/www.facebook.com\/volcanes.net\/\"]},{\"@type\":\"Person\",\"@id\":\"https:\/\/volcanes.net\/#\/schema\/person\/4bf0f383940966a4abd53f5048c0e6b9\",\"name\":\"admin\",\"image\":{\"@type\":\"ImageObject\",\"inLanguage\":\"es\",\"@id\":\"https:\/\/volcanes.net\/#\/schema\/person\/image\/\",\"url\":\"https:\/\/secure.gravatar.com\/avatar\/ca004e6cba8462b8cb7abc86e382930c?s=96&d=mm&r=g\",\"contentUrl\":\"https:\/\/secure.gravatar.com\/avatar\/ca004e6cba8462b8cb7abc86e382930c?s=96&d=mm&r=g\",\"caption\":\"admin\"}}]}<\/script>\n<!-- \/ Yoast SEO plugin. -->","yoast_head_json":{"title":"Seguir\u00e1 la Sedesol presente en Chiapas para forjar un futuro pr\u00f3spero para sus habitantes: Eviel P\u00e9rez Maga\u00f1a \u00a0 - Volcanes","robots":{"index":"index","follow":"follow","max-snippet":"max-snippet:-1","max-image-preview":"max-image-preview:large","max-video-preview":"max-video-preview:-1"},"canonical":"https:\/\/volcanes.net\/?p=1920","og_locale":"es_MX","og_type":"article","og_title":"Seguir\u00e1 la Sedesol presente en Chiapas para forjar un futuro pr\u00f3spero para sus habitantes: Eviel P\u00e9rez Maga\u00f1a \u00a0 - Volcanes","og_description":"El titular de la Sedesol acude con la representaci\u00f3n del Presidente Enrique Pe\u00f1a Nieto, al","og_url":"https:\/\/volcanes.net\/?p=1920","og_site_name":"Volcanes","article_publisher":"https:\/\/www.facebook.com\/volcanes.net\/","article_published_time":"2018-03-27T03:53:00+00:00","og_image":[{"width":448,"height":299,"url":"https:\/\/volcanes.net\/wp-content\/uploads\/2018\/03\/FOTO-2-Seguir\u00e1-la-Sedesol-presente-en-Chiapas-para-forjar-un-futuro-pr\u00f3spero-para-sus-habitantes-Eviel-P\u00e9rez-Maga\u00f1a.jpg","type":"image\/jpeg"}],"author":"admin","twitter_card":"summary_large_image","twitter_misc":{"Escrito por":"admin","Tiempo de lectura":"2 minutos"},"schema":{"@context":"https:\/\/schema.org","@graph":[{"@type":"Article","@id":"https:\/\/volcanes.net\/?p=1920#article","isPartOf":{"@id":"https:\/\/volcanes.net\/?p=1920"},"author":{"name":"admin","@id":"https:\/\/volcanes.net\/#\/schema\/person\/4bf0f383940966a4abd53f5048c0e6b9"},"headline":"Seguir\u00e1 la Sedesol presente en Chiapas para forjar un futuro pr\u00f3spero para sus habitantes: Eviel P\u00e9rez Maga\u00f1a \u00a0","datePublished":"2018-03-27T03:53:00+00:00","mainEntityOfPage":{"@id":"https:\/\/volcanes.net\/?p=1920"},"wordCount":449,"commentCount":0,"publisher":{"@id":"https:\/\/volcanes.net\/#organization"},"image":{"@id":"https:\/\/volcanes.net\/?p=1920#primaryimage"},"thumbnailUrl":"https:\/\/volcanes.net\/wp-content\/uploads\/2018\/03\/FOTO-2-Seguir\u00e1-la-Sedesol-presente-en-Chiapas-para-forjar-un-futuro-pr\u00f3spero-para-sus-habitantes-Eviel-P\u00e9rez-Maga\u00f1a.jpg","keywords":["SEDESOL"],"articleSection":["Municipales"],"inLanguage":"es","potentialAction":[{"@type":"CommentAction","name":"Comment","target":["https:\/\/volcanes.net\/?p=1920#respond"]}]},{"@type":"WebPage","@id":"https:\/\/volcanes.net\/?p=1920","url":"https:\/\/volcanes.net\/?p=1920","name":"Seguir\u00e1 la Sedesol presente en Chiapas para forjar un futuro pr\u00f3spero para sus habitantes: Eviel P\u00e9rez Maga\u00f1a \u00a0 - Volcanes","isPartOf":{"@id":"https:\/\/volcanes.net\/#website"},"primaryImageOfPage":{"@id":"https:\/\/volcanes.net\/?p=1920#primaryimage"},"image":{"@id":"https:\/\/volcanes.net\/?p=1920#primaryimage"},"thumbnailUrl":"https:\/\/volcanes.net\/wp-content\/uploads\/2018\/03\/FOTO-2-Seguir\u00e1-la-Sedesol-presente-en-Chiapas-para-forjar-un-futuro-pr\u00f3spero-para-sus-habitantes-Eviel-P\u00e9rez-Maga\u00f1a.jpg","datePublished":"2018-03-27T03:53:00+00:00","breadcrumb":{"@id":"https:\/\/volcanes.net\/?p=1920#breadcrumb"},"inLanguage":"es","potentialAction":[{"@type":"ReadAction","target":["https:\/\/volcanes.net\/?p=1920"]}]},{"@type":"ImageObject","inLanguage":"es","@id":"https:\/\/volcanes.net\/?p=1920#primaryimage","url":"https:\/\/volcanes.net\/wp-content\/uploads\/2018\/03\/FOTO-2-Seguir\u00e1-la-Sedesol-presente-en-Chiapas-para-forjar-un-futuro-pr\u00f3spero-para-sus-habitantes-Eviel-P\u00e9rez-Maga\u00f1a.jpg","contentUrl":"https:\/\/volcanes.net\/wp-content\/uploads\/2018\/03\/FOTO-2-Seguir\u00e1-la-Sedesol-presente-en-Chiapas-para-forjar-un-futuro-pr\u00f3spero-para-sus-habitantes-Eviel-P\u00e9rez-Maga\u00f1a.jpg","width":448,"height":299},{"@type":"BreadcrumbList","@id":"https:\/\/volcanes.net\/?p=1920#breadcrumb","itemListElement":[{"@type":"ListItem","position":1,"name":"Portada","item":"https:\/\/volcanes.net\/"},{"@type":"ListItem","position":2,"name":"Seguir\u00e1 la Sedesol presente en Chiapas para forjar un futuro pr\u00f3spero para sus habitantes: Eviel P\u00e9rez Maga\u00f1a \u00a0"}]},{"@type":"WebSite","@id":"https:\/\/volcanes.net\/#website","url":"https:\/\/volcanes.net\/","name":"Volcanes.Net","description":"Periodismo Profesional","publisher":{"@id":"https:\/\/volcanes.net\/#organization"},"potentialAction":[{"@type":"SearchAction","target":{"@type":"EntryPoint","urlTemplate":"https:\/\/volcanes.net\/?s={search_term_string}"},"query-input":{"@type":"PropertyValueSpecification","valueRequired":true,"valueName":"search_term_string"}}],"inLanguage":"es"},{"@type":"Organization","@id":"https:\/\/volcanes.net\/#organization","name":"Grupo Volcanes","url":"https:\/\/volcanes.net\/","logo":{"@type":"ImageObject","inLanguage":"es","@id":"https:\/\/volcanes.net\/#\/schema\/logo\/image\/","url":"http:\/\/volcanes.net\/wp-content\/uploads\/2017\/12\/Avatar2.jpg","contentUrl":"http:\/\/volcanes.net\/wp-content\/uploads\/2017\/12\/Avatar2.jpg","width":378,"height":378,"caption":"Grupo Volcanes"},"image":{"@id":"https:\/\/volcanes.net\/#\/schema\/logo\/image\/"},"sameAs":["https:\/\/www.facebook.com\/volcanes.net\/"]},{"@type":"Person","@id":"https:\/\/volcanes.net\/#\/schema\/person\/4bf0f383940966a4abd53f5048c0e6b9","name":"admin","image":{"@type":"ImageObject","inLanguage":"es","@id":"https:\/\/volcanes.net\/#\/schema\/person\/image\/","url":"https:\/\/secure.gravatar.com\/avatar\/ca004e6cba8462b8cb7abc86e382930c?s=96&d=mm&r=g","contentUrl":"https:\/\/secure.gravatar.com\/avatar\/ca004e6cba8462b8cb7abc86e382930c?s=96&d=mm&r=g","caption":"admin"}}]}},"_links":{"self":[{"href":"https:\/\/volcanes.net\/index.php?rest_route=\/wp\/v2\/posts\/1920"}],"collection":[{"href":"https:\/\/volcanes.net\/index.php?rest_route=\/wp\/v2\/posts"}],"about":[{"href":"https:\/\/volcanes.net\/index.php?rest_route=\/wp\/v2\/types\/post"}],"author":[{"embeddable":true,"href":"https:\/\/volcanes.net\/index.php?rest_route=\/wp\/v2\/users\/1"}],"replies":[{"embeddable":true,"href":"https:\/\/volcanes.net\/index.php?rest_route=%2Fwp%2Fv2%2Fcomments&post=1920"}],"version-history":[{"count":1,"href":"https:\/\/volcanes.net\/index.php?rest_route=\/wp\/v2\/posts\/1920\/revisions"}],"predecessor-version":[{"id":1922,"href":"https:\/\/volcanes.net\/index.php?rest_route=\/wp\/v2\/posts\/1920\/revisions\/1922"}],"wp:featuredmedia":[{"embeddable":true,"href":"https:\/\/volcanes.net\/index.php?rest_route=\/wp\/v2\/media\/1921"}],"wp:attachment":[{"href":"https:\/\/volcanes.net\/index.php?rest_route=%2Fwp%2Fv2%2Fmedia&parent=1920"}],"wp:term":[{"taxonomy":"category","embeddable":true,"href":"https:\/\/volcanes.net\/index.php?rest_route=%2Fwp%2Fv2%2Fcategories&post=1920"},{"taxonomy":"post_tag","embeddable":true,"href":"https:\/\/volcanes.net\/index.php?rest_route=%2Fwp%2Fv2%2Ftags&post=1920"}],"curies":[{"name":"wp","href":"https:\/\/api.w.org\/{rel}","templated":true}]}}