{"id":1929,"date":"2018-03-27T04:05:52","date_gmt":"2018-03-27T04:05:52","guid":{"rendered":"http:\/\/volcanes.net\/?p=1929"},"modified":"2018-03-27T04:05:52","modified_gmt":"2018-03-27T04:05:52","slug":"se-hace-un-llamado-para-fortalecer-la-cultura-empresarial-consolidando-al-edomex","status":"publish","type":"post","link":"https:\/\/volcanes.net\/?p=1929","title":{"rendered":"Se hace un llamado para fortalecer la cultura empresarial consolidando al #Edom\u00e9x"},"content":{"rendered":"<div style=\"margin-top: 0px; margin-bottom: 0px;\" class=\"sharethis-inline-share-buttons\" ><\/div><div dir=\"auto\"><strong>Toluca, Estado de M\u00e9xico, 26 de marzo 2018.<\/strong>\u00a0El titular de la Secretar\u00eda de Desarrollo Econ\u00f3mico del Estado de M\u00e9xico (Sedeco), Alberto Curi Naime, hizo un llamado a los emprendedores para fortalecer la cultura empresarial y reafirmar al territorio mexiquense como un polo de desarrollo, capaz de atraer nuevos y mayores proyectos de inversi\u00f3n, as\u00ed como mantener, ampliar y consolidar los que ya existen.<\/div>\n<div dir=\"auto\"><\/div>\n<div dir=\"auto\">\u201cTodos estamos llamados a contribuir en la tarea de construir el futuro a trav\u00e9s de la creatividad, de una mejor preparaci\u00f3n, de la especializaci\u00f3n y renovaci\u00f3n de manera permanente en la educaci\u00f3n, la ciencia, los procesos productivos y las formas de agregar valor al trabajo\u201d, expres\u00f3.<\/div>\n<div dir=\"auto\"><\/div>\n<div dir=\"auto\">Al encabezar el octavo foro Estado de M\u00e9xico, fortaleza de la cultura empresarial, que reuni\u00f3 a emprendedores de diversos municipios mexiquenses, para conocer el Programa Anual de Incentivos (PAI) 2018, Alberto Curi destac\u00f3 que tambi\u00e9n se debe innovar en la administraci\u00f3n estatal, para ser m\u00e1s \u00e1giles, flexibles y eficaces, y atender las circunstancias actuales con modernidad, creatividad y talento.<\/div>\n<div dir=\"auto\"><\/div>\n<div dir=\"auto\">Se\u00f1al\u00f3 que el Gobernador Alfredo Del Mazo Maza tiene como objetivo inyectar un nuevo dinamismo a la econom\u00eda estatal, para hacerla m\u00e1s productiva y competitiva, mediante el aprovechamiento de las fortalezas con las que cuenta la entidad y sumar esfuerzos para generar un c\u00edrculo virtuoso entre inversi\u00f3n, producci\u00f3n y empleo.<\/div>\n<div dir=\"auto\"><\/div>\n<div dir=\"auto\">Frente a emprendedores de m\u00faltiples sectores productivos, quienes buscan hacer crecer sus empresas con apoyo de los programas del Gobierno del Estado de M\u00e9xico, el funcionario estatal dio a conocer el liderazgo que tiene la entidad en el ramo manufacturero.<\/div>\n<div dir=\"auto\"><\/div>\n<div dir=\"auto\">Adem\u00e1s, destac\u00f3 las bondades del Estado de M\u00e9xico para ser un lugar atractivo para la llegada de inversiones generadoras de empleos, ya que tiene una ubicaci\u00f3n geogr\u00e1fica estrat\u00e9gica, la cual se suma a su alta conectividad con la capital del pa\u00eds y con las entidades circundantes e incluso con el extranjero, a trav\u00e9s del Aeropuerto Internacional de Toluca y pr\u00f3ximamente con el Nuevo Aeropuerto Internacional de M\u00e9xico, ubicado en territorio mexiquense.<\/div>\n","protected":false},"excerpt":{"rendered":"<p>Toluca, Estado de M\u00e9xico, 26 de marzo 2018.\u00a0El titular de la Secretar\u00eda de Desarrollo Econ\u00f3mico<\/p>\n","protected":false},"author":1,"featured_media":1930,"comment_status":"open","ping_status":"open","sticky":false,"template":"","format":"standard","meta":{"footnotes":""},"categories":[3],"tags":[4],"class_list":["post-1929","post","type-post","status-publish","format-standard","has-post-thumbnail","hentry","category-estatales","tag-gobierno-del-estado-de-mexico"],"yoast_head":"<!-- This site is optimized with the Yoast SEO plugin v25.3 - https:\/\/yoast.com\/wordpress\/plugins\/seo\/ -->\n<title>Se hace un llamado para fortalecer la cultura empresarial consolidando al #Edom\u00e9x - Volcanes<\/title>\n<meta name=\"robots\" content=\"index, follow, max-snippet:-1, max-image-preview:large, max-video-preview:-1\" \/>\n<link rel=\"canonical\" href=\"https:\/\/volcanes.net\/?p=1929\" \/>\n<meta property=\"og:locale\" content=\"es_MX\" \/>\n<meta property=\"og:type\" content=\"article\" \/>\n<meta property=\"og:title\" content=\"Se hace un llamado para fortalecer la cultura empresarial consolidando al #Edom\u00e9x - Volcanes\" \/>\n<meta property=\"og:description\" content=\"Toluca, Estado de M\u00e9xico, 26 de marzo 2018.\u00a0El titular de la Secretar\u00eda de Desarrollo Econ\u00f3mico\" \/>\n<meta property=\"og:url\" content=\"https:\/\/volcanes.net\/?p=1929\" \/>\n<meta property=\"og:site_name\" content=\"Volcanes\" \/>\n<meta property=\"article:publisher\" content=\"https:\/\/www.facebook.com\/volcanes.net\/\" \/>\n<meta property=\"article:published_time\" content=\"2018-03-27T04:05:52+00:00\" \/>\n<meta property=\"og:image\" content=\"https:\/\/volcanes.net\/wp-content\/uploads\/2018\/03\/IMG-20180326-WA0037-680x510.jpg\" \/>\n\t<meta property=\"og:image:width\" content=\"680\" \/>\n\t<meta property=\"og:image:height\" content=\"510\" \/>\n\t<meta property=\"og:image:type\" content=\"image\/jpeg\" \/>\n<meta name=\"author\" content=\"admin\" \/>\n<meta name=\"twitter:card\" content=\"summary_large_image\" \/>\n<meta name=\"twitter:label1\" content=\"Escrito por\" \/>\n\t<meta name=\"twitter:data1\" content=\"admin\" \/>\n\t<meta name=\"twitter:label2\" content=\"Tiempo de lectura\" \/>\n\t<meta name=\"twitter:data2\" content=\"2 minutos\" \/>\n<script type=\"application\/ld+json\" class=\"yoast-schema-graph\">{\"@context\":\"https:\/\/schema.org\",\"@graph\":[{\"@type\":\"Article\",\"@id\":\"https:\/\/volcanes.net\/?p=1929#article\",\"isPartOf\":{\"@id\":\"https:\/\/volcanes.net\/?p=1929\"},\"author\":{\"name\":\"admin\",\"@id\":\"https:\/\/volcanes.net\/#\/schema\/person\/4bf0f383940966a4abd53f5048c0e6b9\"},\"headline\":\"Se hace un llamado para fortalecer la cultura empresarial consolidando al #Edom\u00e9x\",\"datePublished\":\"2018-03-27T04:05:52+00:00\",\"mainEntityOfPage\":{\"@id\":\"https:\/\/volcanes.net\/?p=1929\"},\"wordCount\":371,\"commentCount\":0,\"publisher\":{\"@id\":\"https:\/\/volcanes.net\/#organization\"},\"image\":{\"@id\":\"https:\/\/volcanes.net\/?p=1929#primaryimage\"},\"thumbnailUrl\":\"https:\/\/volcanes.net\/wp-content\/uploads\/2018\/03\/IMG-20180326-WA0037-680x510.jpg\",\"keywords\":[\"Gobierno del Estado de M\u00e9xico\"],\"articleSection\":[\"Estatales\"],\"inLanguage\":\"es\",\"potentialAction\":[{\"@type\":\"CommentAction\",\"name\":\"Comment\",\"target\":[\"https:\/\/volcanes.net\/?p=1929#respond\"]}]},{\"@type\":\"WebPage\",\"@id\":\"https:\/\/volcanes.net\/?p=1929\",\"url\":\"https:\/\/volcanes.net\/?p=1929\",\"name\":\"Se hace un llamado para fortalecer la cultura empresarial consolidando al #Edom\u00e9x - Volcanes\",\"isPartOf\":{\"@id\":\"https:\/\/volcanes.net\/#website\"},\"primaryImageOfPage\":{\"@id\":\"https:\/\/volcanes.net\/?p=1929#primaryimage\"},\"image\":{\"@id\":\"https:\/\/volcanes.net\/?p=1929#primaryimage\"},\"thumbnailUrl\":\"https:\/\/volcanes.net\/wp-content\/uploads\/2018\/03\/IMG-20180326-WA0037-680x510.jpg\",\"datePublished\":\"2018-03-27T04:05:52+00:00\",\"breadcrumb\":{\"@id\":\"https:\/\/volcanes.net\/?p=1929#breadcrumb\"},\"inLanguage\":\"es\",\"potentialAction\":[{\"@type\":\"ReadAction\",\"target\":[\"https:\/\/volcanes.net\/?p=1929\"]}]},{\"@type\":\"ImageObject\",\"inLanguage\":\"es\",\"@id\":\"https:\/\/volcanes.net\/?p=1929#primaryimage\",\"url\":\"https:\/\/volcanes.net\/wp-content\/uploads\/2018\/03\/IMG-20180326-WA0037-680x510.jpg\",\"contentUrl\":\"https:\/\/volcanes.net\/wp-content\/uploads\/2018\/03\/IMG-20180326-WA0037-680x510.jpg\",\"width\":680,\"height\":510},{\"@type\":\"BreadcrumbList\",\"@id\":\"https:\/\/volcanes.net\/?p=1929#breadcrumb\",\"itemListElement\":[{\"@type\":\"ListItem\",\"position\":1,\"name\":\"Portada\",\"item\":\"https:\/\/volcanes.net\/\"},{\"@type\":\"ListItem\",\"position\":2,\"name\":\"Se hace un llamado para fortalecer la cultura empresarial consolidando al #Edom\u00e9x\"}]},{\"@type\":\"WebSite\",\"@id\":\"https:\/\/volcanes.net\/#website\",\"url\":\"https:\/\/volcanes.net\/\",\"name\":\"Volcanes.Net\",\"description\":\"Periodismo Profesional\",\"publisher\":{\"@id\":\"https:\/\/volcanes.net\/#organization\"},\"potentialAction\":[{\"@type\":\"SearchAction\",\"target\":{\"@type\":\"EntryPoint\",\"urlTemplate\":\"https:\/\/volcanes.net\/?s={search_term_string}\"},\"query-input\":{\"@type\":\"PropertyValueSpecification\",\"valueRequired\":true,\"valueName\":\"search_term_string\"}}],\"inLanguage\":\"es\"},{\"@type\":\"Organization\",\"@id\":\"https:\/\/volcanes.net\/#organization\",\"name\":\"Grupo Volcanes\",\"url\":\"https:\/\/volcanes.net\/\",\"logo\":{\"@type\":\"ImageObject\",\"inLanguage\":\"es\",\"@id\":\"https:\/\/volcanes.net\/#\/schema\/logo\/image\/\",\"url\":\"http:\/\/volcanes.net\/wp-content\/uploads\/2017\/12\/Avatar2.jpg\",\"contentUrl\":\"http:\/\/volcanes.net\/wp-content\/uploads\/2017\/12\/Avatar2.jpg\",\"width\":378,\"height\":378,\"caption\":\"Grupo Volcanes\"},\"image\":{\"@id\":\"https:\/\/volcanes.net\/#\/schema\/logo\/image\/\"},\"sameAs\":[\"https:\/\/www.facebook.com\/volcanes.net\/\"]},{\"@type\":\"Person\",\"@id\":\"https:\/\/volcanes.net\/#\/schema\/person\/4bf0f383940966a4abd53f5048c0e6b9\",\"name\":\"admin\",\"image\":{\"@type\":\"ImageObject\",\"inLanguage\":\"es\",\"@id\":\"https:\/\/volcanes.net\/#\/schema\/person\/image\/\",\"url\":\"https:\/\/secure.gravatar.com\/avatar\/ca004e6cba8462b8cb7abc86e382930c?s=96&d=mm&r=g\",\"contentUrl\":\"https:\/\/secure.gravatar.com\/avatar\/ca004e6cba8462b8cb7abc86e382930c?s=96&d=mm&r=g\",\"caption\":\"admin\"}}]}<\/script>\n<!-- \/ Yoast SEO plugin. -->","yoast_head_json":{"title":"Se hace un llamado para fortalecer la cultura empresarial consolidando al #Edom\u00e9x - Volcanes","robots":{"index":"index","follow":"follow","max-snippet":"max-snippet:-1","max-image-preview":"max-image-preview:large","max-video-preview":"max-video-preview:-1"},"canonical":"https:\/\/volcanes.net\/?p=1929","og_locale":"es_MX","og_type":"article","og_title":"Se hace un llamado para fortalecer la cultura empresarial consolidando al #Edom\u00e9x - Volcanes","og_description":"Toluca, Estado de M\u00e9xico, 26 de marzo 2018.\u00a0El titular de la Secretar\u00eda de Desarrollo Econ\u00f3mico","og_url":"https:\/\/volcanes.net\/?p=1929","og_site_name":"Volcanes","article_publisher":"https:\/\/www.facebook.com\/volcanes.net\/","article_published_time":"2018-03-27T04:05:52+00:00","og_image":[{"width":680,"height":510,"url":"https:\/\/volcanes.net\/wp-content\/uploads\/2018\/03\/IMG-20180326-WA0037-680x510.jpg","type":"image\/jpeg"}],"author":"admin","twitter_card":"summary_large_image","twitter_misc":{"Escrito por":"admin","Tiempo de lectura":"2 minutos"},"schema":{"@context":"https:\/\/schema.org","@graph":[{"@type":"Article","@id":"https:\/\/volcanes.net\/?p=1929#article","isPartOf":{"@id":"https:\/\/volcanes.net\/?p=1929"},"author":{"name":"admin","@id":"https:\/\/volcanes.net\/#\/schema\/person\/4bf0f383940966a4abd53f5048c0e6b9"},"headline":"Se hace un llamado para fortalecer la cultura empresarial consolidando al #Edom\u00e9x","datePublished":"2018-03-27T04:05:52+00:00","mainEntityOfPage":{"@id":"https:\/\/volcanes.net\/?p=1929"},"wordCount":371,"commentCount":0,"publisher":{"@id":"https:\/\/volcanes.net\/#organization"},"image":{"@id":"https:\/\/volcanes.net\/?p=1929#primaryimage"},"thumbnailUrl":"https:\/\/volcanes.net\/wp-content\/uploads\/2018\/03\/IMG-20180326-WA0037-680x510.jpg","keywords":["Gobierno del Estado de M\u00e9xico"],"articleSection":["Estatales"],"inLanguage":"es","potentialAction":[{"@type":"CommentAction","name":"Comment","target":["https:\/\/volcanes.net\/?p=1929#respond"]}]},{"@type":"WebPage","@id":"https:\/\/volcanes.net\/?p=1929","url":"https:\/\/volcanes.net\/?p=1929","name":"Se hace un llamado para fortalecer la cultura empresarial consolidando al #Edom\u00e9x - Volcanes","isPartOf":{"@id":"https:\/\/volcanes.net\/#website"},"primaryImageOfPage":{"@id":"https:\/\/volcanes.net\/?p=1929#primaryimage"},"image":{"@id":"https:\/\/volcanes.net\/?p=1929#primaryimage"},"thumbnailUrl":"https:\/\/volcanes.net\/wp-content\/uploads\/2018\/03\/IMG-20180326-WA0037-680x510.jpg","datePublished":"2018-03-27T04:05:52+00:00","breadcrumb":{"@id":"https:\/\/volcanes.net\/?p=1929#breadcrumb"},"inLanguage":"es","potentialAction":[{"@type":"ReadAction","target":["https:\/\/volcanes.net\/?p=1929"]}]},{"@type":"ImageObject","inLanguage":"es","@id":"https:\/\/volcanes.net\/?p=1929#primaryimage","url":"https:\/\/volcanes.net\/wp-content\/uploads\/2018\/03\/IMG-20180326-WA0037-680x510.jpg","contentUrl":"https:\/\/volcanes.net\/wp-content\/uploads\/2018\/03\/IMG-20180326-WA0037-680x510.jpg","width":680,"height":510},{"@type":"BreadcrumbList","@id":"https:\/\/volcanes.net\/?p=1929#breadcrumb","itemListElement":[{"@type":"ListItem","position":1,"name":"Portada","item":"https:\/\/volcanes.net\/"},{"@type":"ListItem","position":2,"name":"Se hace un llamado para fortalecer la cultura empresarial consolidando al #Edom\u00e9x"}]},{"@type":"WebSite","@id":"https:\/\/volcanes.net\/#website","url":"https:\/\/volcanes.net\/","name":"Volcanes.Net","description":"Periodismo Profesional","publisher":{"@id":"https:\/\/volcanes.net\/#organization"},"potentialAction":[{"@type":"SearchAction","target":{"@type":"EntryPoint","urlTemplate":"https:\/\/volcanes.net\/?s={search_term_string}"},"query-input":{"@type":"PropertyValueSpecification","valueRequired":true,"valueName":"search_term_string"}}],"inLanguage":"es"},{"@type":"Organization","@id":"https:\/\/volcanes.net\/#organization","name":"Grupo Volcanes","url":"https:\/\/volcanes.net\/","logo":{"@type":"ImageObject","inLanguage":"es","@id":"https:\/\/volcanes.net\/#\/schema\/logo\/image\/","url":"http:\/\/volcanes.net\/wp-content\/uploads\/2017\/12\/Avatar2.jpg","contentUrl":"http:\/\/volcanes.net\/wp-content\/uploads\/2017\/12\/Avatar2.jpg","width":378,"height":378,"caption":"Grupo Volcanes"},"image":{"@id":"https:\/\/volcanes.net\/#\/schema\/logo\/image\/"},"sameAs":["https:\/\/www.facebook.com\/volcanes.net\/"]},{"@type":"Person","@id":"https:\/\/volcanes.net\/#\/schema\/person\/4bf0f383940966a4abd53f5048c0e6b9","name":"admin","image":{"@type":"ImageObject","inLanguage":"es","@id":"https:\/\/volcanes.net\/#\/schema\/person\/image\/","url":"https:\/\/secure.gravatar.com\/avatar\/ca004e6cba8462b8cb7abc86e382930c?s=96&d=mm&r=g","contentUrl":"https:\/\/secure.gravatar.com\/avatar\/ca004e6cba8462b8cb7abc86e382930c?s=96&d=mm&r=g","caption":"admin"}}]}},"_links":{"self":[{"href":"https:\/\/volcanes.net\/index.php?rest_route=\/wp\/v2\/posts\/1929"}],"collection":[{"href":"https:\/\/volcanes.net\/index.php?rest_route=\/wp\/v2\/posts"}],"about":[{"href":"https:\/\/volcanes.net\/index.php?rest_route=\/wp\/v2\/types\/post"}],"author":[{"embeddable":true,"href":"https:\/\/volcanes.net\/index.php?rest_route=\/wp\/v2\/users\/1"}],"replies":[{"embeddable":true,"href":"https:\/\/volcanes.net\/index.php?rest_route=%2Fwp%2Fv2%2Fcomments&post=1929"}],"version-history":[{"count":1,"href":"https:\/\/volcanes.net\/index.php?rest_route=\/wp\/v2\/posts\/1929\/revisions"}],"predecessor-version":[{"id":1931,"href":"https:\/\/volcanes.net\/index.php?rest_route=\/wp\/v2\/posts\/1929\/revisions\/1931"}],"wp:featuredmedia":[{"embeddable":true,"href":"https:\/\/volcanes.net\/index.php?rest_route=\/wp\/v2\/media\/1930"}],"wp:attachment":[{"href":"https:\/\/volcanes.net\/index.php?rest_route=%2Fwp%2Fv2%2Fmedia&parent=1929"}],"wp:term":[{"taxonomy":"category","embeddable":true,"href":"https:\/\/volcanes.net\/index.php?rest_route=%2Fwp%2Fv2%2Fcategories&post=1929"},{"taxonomy":"post_tag","embeddable":true,"href":"https:\/\/volcanes.net\/index.php?rest_route=%2Fwp%2Fv2%2Ftags&post=1929"}],"curies":[{"name":"wp","href":"https:\/\/api.w.org\/{rel}","templated":true}]}}