{"id":1937,"date":"2018-04-02T13:07:33","date_gmt":"2018-04-02T13:07:33","guid":{"rendered":"http:\/\/volcanes.net\/?p=1937"},"modified":"2018-04-02T13:07:33","modified_gmt":"2018-04-02T13:07:33","slug":"la-fiscalia-estatal-libera-a-una-victima-de-secuestro","status":"publish","type":"post","link":"https:\/\/volcanes.net\/?p=1937","title":{"rendered":"La Fiscal\u00eda Estatal libera a una v\u00edctima de secuestro"},"content":{"rendered":"<div style=\"margin-top: 0px; margin-bottom: 0px;\" class=\"sharethis-inline-share-buttons\" ><\/div><p><b><span lang=\"ES\">Toluca, M\u00e9xico, 1 de abril de 2018.-\u00a0<\/span><\/b><span lang=\"ES\">Mediante un operativo realizado en el municipio de Huixquilucan, Agentes de Investigaci\u00f3n de la Fiscal\u00eda General de Justicia del Estado de M\u00e9xico (FGJEM), en coordinaci\u00f3n con elementos de la Polic\u00eda Municipal de Huixquilucan, llevaron a cabo la liberaci\u00f3n de un hombre que se encontraba secuestrado, as\u00ed como la detenci\u00f3n de cuatro personas, una de ellas mujer, quienes son investigadas por estos hechos.<\/span><span id=\"more-67132\"><\/span><\/p>\n<p><span lang=\"ES\">\u00a0\u00a0\u00a0\u00a0\u00a0\u00a0\u00a0\u00a0\u00a0\u00a0\u00a0\u00a0Se trata de Roberto \u201cN\u201d, Mar\u00eda Lizbeth \u201cN\u201d, Alejandro \u201cN\u201d, y Juli\u00e1n \u201cN\u201d, quienes habr\u00edan participado en el secuestro de un hombre, el pasado 7 de marzo, en el municipio de Naucalpan.<\/span><\/p>\n<p><span lang=\"ES\">\u00a0\u00a0\u00a0\u00a0\u00a0\u00a0\u00a0\u00a0\u00a0\u00a0\u00a0\u00a0El il\u00edcito se registr\u00f3 cuando la v\u00edctima se dirig\u00eda a su domicilio, sin embargo en el trayecto fue interceptado por tres sujetos quienes se encontraban encapuchados, estos individuos sometieron al hombre, y luego lo subieron a un veh\u00edculo compacto, a bordo del cual lo trasladaron a un inmueble de la colonia Paraje El Obraje, en el municipio de Huixquilucan.<\/span><\/p>\n<p><span lang=\"ES\">\u00a0\u00a0\u00a0\u00a0\u00a0\u00a0\u00a0\u00a0\u00a0\u00a0\u00a0\u00a0Luego los probables secuestradores se comunicaron con los familiares de la v\u00edctima, a quienes les hicieron saber que lo ten\u00edan secuestrado, y les exigieron un pago a cambio de su liberaci\u00f3n. Por ello un hermano de la v\u00edctima denunci\u00f3 los hechos ante la Fiscal\u00eda de Justicia mexiquense.<\/span><\/p>\n<p><span lang=\"ES\">\u00a0\u00a0\u00a0\u00a0\u00a0\u00a0\u00a0\u00a0\u00a0\u00a0\u00a0\u00a0Derivado de la denuncia, Polic\u00edas de Investigaci\u00f3n se encargaron de realizar diversas diligencias para asegurar a los probables secuestradores y liberar a la v\u00edctima. Con la informaci\u00f3n recabada y en conjunto con elementos de la Polic\u00eda Municipal de Huixquilucan se desplegaron en la colonia Paraje El Obraje, e ingresaron a un inmueble en donde en una de las habitaciones fue encontrada la v\u00edctima.<\/span><\/p>\n<p><span lang=\"ES\">\u00a0\u00a0\u00a0\u00a0\u00a0\u00a0\u00a0\u00a0\u00a0\u00a0\u00a0\u00a0Adem\u00e1s fueron detenidos tres de los sujetos, quienes se encontraban custodiando al hombre, posteriormente fue detenido el otro c\u00f3mplice.<\/span><\/p>\n<p><span lang=\"ES\">\u00a0\u00a0\u00a0\u00a0\u00a0\u00a0\u00a0\u00a0\u00a0\u00a0\u00a0\u00a0Los cuatro detenidos fueron presentados ante el Agente del Ministerio P\u00fablico que luego los remiti\u00f3 ante un Juez, en el Centro Penitenciario y de Reinserci\u00f3n Social de Tlalnepantla, autoridad que los vincul\u00f3 a proceso por el delito de secuestro, y les fij\u00f3 un plazo de tres meses para el cierre de investigaci\u00f3n, sin embargo se les presume inocentes hasta que sea dictada una sentencia condenatoria en su contra.<\/span><\/p>\n<p><span lang=\"ES\">\u00a0\u00a0\u00a0\u00a0\u00a0\u00a0\u00a0\u00a0\u00a0\u00a0\u00a0\u00a0La Fiscal\u00eda General de Justicia estatal hace un llamado a la ciudadan\u00eda para que en caso de que reconozca a estos sujetos como probables part\u00edcipes de alg\u00fan otro il\u00edcito, sean denunciados a trav\u00e9s del correo electr\u00f3nico\u00a0<a href=\"mailto:cerotolerancia@edomex.gob.mx\" target=\"_blank\" rel=\"noopener noreferrer\">cerotolerancia@edomex.gob.mx<\/a>, al n\u00famero telef\u00f3nico 01 800 7028770, o bien, por medio de la aplicaci\u00f3n FGJEdomex, la cual est\u00e1 disponible de manera gratuita para todos los tel\u00e9fonos inteligentes de los sistemas iOS y Android.\u00a0\u00a0<\/span><\/p>\n","protected":false},"excerpt":{"rendered":"<p>Toluca, M\u00e9xico, 1 de abril de 2018.-\u00a0Mediante un operativo realizado en el municipio de Huixquilucan,<\/p>\n","protected":false},"author":1,"featured_media":1938,"comment_status":"open","ping_status":"open","sticky":false,"template":"","format":"standard","meta":{"footnotes":""},"categories":[1],"tags":[91,75],"class_list":["post-1937","post","type-post","status-publish","format-standard","has-post-thumbnail","hentry","category-municipales","tag-huixquilucan","tag-naucalpan"],"yoast_head":"<!-- This site is optimized with the Yoast SEO plugin v25.3 - https:\/\/yoast.com\/wordpress\/plugins\/seo\/ -->\n<title>La Fiscal\u00eda Estatal libera a una v\u00edctima de secuestro - Volcanes<\/title>\n<meta name=\"robots\" content=\"index, follow, max-snippet:-1, max-image-preview:large, max-video-preview:-1\" \/>\n<link rel=\"canonical\" href=\"https:\/\/volcanes.net\/?p=1937\" \/>\n<meta property=\"og:locale\" content=\"es_MX\" \/>\n<meta property=\"og:type\" content=\"article\" \/>\n<meta property=\"og:title\" content=\"La Fiscal\u00eda Estatal libera a una v\u00edctima de secuestro - Volcanes\" \/>\n<meta property=\"og:description\" content=\"Toluca, M\u00e9xico, 1 de abril de 2018.-\u00a0Mediante un operativo realizado en el municipio de Huixquilucan,\" \/>\n<meta property=\"og:url\" content=\"https:\/\/volcanes.net\/?p=1937\" \/>\n<meta property=\"og:site_name\" content=\"Volcanes\" \/>\n<meta property=\"article:publisher\" content=\"https:\/\/www.facebook.com\/volcanes.net\/\" \/>\n<meta property=\"article:published_time\" content=\"2018-04-02T13:07:33+00:00\" \/>\n<meta property=\"og:image\" content=\"https:\/\/volcanes.net\/wp-content\/uploads\/2018\/04\/PROBABLES-SECUESTRO-680x680-1-e1522674380592.jpg\" \/>\n\t<meta property=\"og:image:width\" content=\"400\" \/>\n\t<meta property=\"og:image:height\" content=\"400\" \/>\n\t<meta property=\"og:image:type\" content=\"image\/jpeg\" \/>\n<meta name=\"author\" content=\"admin\" \/>\n<meta name=\"twitter:card\" content=\"summary_large_image\" \/>\n<meta name=\"twitter:label1\" content=\"Escrito por\" \/>\n\t<meta name=\"twitter:data1\" content=\"admin\" \/>\n\t<meta name=\"twitter:label2\" content=\"Tiempo de lectura\" \/>\n\t<meta name=\"twitter:data2\" content=\"2 minutos\" \/>\n<script type=\"application\/ld+json\" class=\"yoast-schema-graph\">{\"@context\":\"https:\/\/schema.org\",\"@graph\":[{\"@type\":\"Article\",\"@id\":\"https:\/\/volcanes.net\/?p=1937#article\",\"isPartOf\":{\"@id\":\"https:\/\/volcanes.net\/?p=1937\"},\"author\":{\"name\":\"admin\",\"@id\":\"https:\/\/volcanes.net\/#\/schema\/person\/4bf0f383940966a4abd53f5048c0e6b9\"},\"headline\":\"La Fiscal\u00eda Estatal libera a una v\u00edctima de secuestro\",\"datePublished\":\"2018-04-02T13:07:33+00:00\",\"mainEntityOfPage\":{\"@id\":\"https:\/\/volcanes.net\/?p=1937\"},\"wordCount\":477,\"commentCount\":0,\"publisher\":{\"@id\":\"https:\/\/volcanes.net\/#organization\"},\"image\":{\"@id\":\"https:\/\/volcanes.net\/?p=1937#primaryimage\"},\"thumbnailUrl\":\"https:\/\/volcanes.net\/wp-content\/uploads\/2018\/04\/PROBABLES-SECUESTRO-680x680-1-e1522674380592.jpg\",\"keywords\":[\"Huixquilucan\",\"Naucalpan\"],\"articleSection\":[\"Municipales\"],\"inLanguage\":\"es\",\"potentialAction\":[{\"@type\":\"CommentAction\",\"name\":\"Comment\",\"target\":[\"https:\/\/volcanes.net\/?p=1937#respond\"]}]},{\"@type\":\"WebPage\",\"@id\":\"https:\/\/volcanes.net\/?p=1937\",\"url\":\"https:\/\/volcanes.net\/?p=1937\",\"name\":\"La Fiscal\u00eda Estatal libera a una v\u00edctima de secuestro - Volcanes\",\"isPartOf\":{\"@id\":\"https:\/\/volcanes.net\/#website\"},\"primaryImageOfPage\":{\"@id\":\"https:\/\/volcanes.net\/?p=1937#primaryimage\"},\"image\":{\"@id\":\"https:\/\/volcanes.net\/?p=1937#primaryimage\"},\"thumbnailUrl\":\"https:\/\/volcanes.net\/wp-content\/uploads\/2018\/04\/PROBABLES-SECUESTRO-680x680-1-e1522674380592.jpg\",\"datePublished\":\"2018-04-02T13:07:33+00:00\",\"breadcrumb\":{\"@id\":\"https:\/\/volcanes.net\/?p=1937#breadcrumb\"},\"inLanguage\":\"es\",\"potentialAction\":[{\"@type\":\"ReadAction\",\"target\":[\"https:\/\/volcanes.net\/?p=1937\"]}]},{\"@type\":\"ImageObject\",\"inLanguage\":\"es\",\"@id\":\"https:\/\/volcanes.net\/?p=1937#primaryimage\",\"url\":\"https:\/\/volcanes.net\/wp-content\/uploads\/2018\/04\/PROBABLES-SECUESTRO-680x680-1-e1522674380592.jpg\",\"contentUrl\":\"https:\/\/volcanes.net\/wp-content\/uploads\/2018\/04\/PROBABLES-SECUESTRO-680x680-1-e1522674380592.jpg\",\"width\":400,\"height\":400},{\"@type\":\"BreadcrumbList\",\"@id\":\"https:\/\/volcanes.net\/?p=1937#breadcrumb\",\"itemListElement\":[{\"@type\":\"ListItem\",\"position\":1,\"name\":\"Portada\",\"item\":\"https:\/\/volcanes.net\/\"},{\"@type\":\"ListItem\",\"position\":2,\"name\":\"La Fiscal\u00eda Estatal libera a una v\u00edctima de secuestro\"}]},{\"@type\":\"WebSite\",\"@id\":\"https:\/\/volcanes.net\/#website\",\"url\":\"https:\/\/volcanes.net\/\",\"name\":\"Volcanes.Net\",\"description\":\"Periodismo Profesional\",\"publisher\":{\"@id\":\"https:\/\/volcanes.net\/#organization\"},\"potentialAction\":[{\"@type\":\"SearchAction\",\"target\":{\"@type\":\"EntryPoint\",\"urlTemplate\":\"https:\/\/volcanes.net\/?s={search_term_string}\"},\"query-input\":{\"@type\":\"PropertyValueSpecification\",\"valueRequired\":true,\"valueName\":\"search_term_string\"}}],\"inLanguage\":\"es\"},{\"@type\":\"Organization\",\"@id\":\"https:\/\/volcanes.net\/#organization\",\"name\":\"Grupo Volcanes\",\"url\":\"https:\/\/volcanes.net\/\",\"logo\":{\"@type\":\"ImageObject\",\"inLanguage\":\"es\",\"@id\":\"https:\/\/volcanes.net\/#\/schema\/logo\/image\/\",\"url\":\"http:\/\/volcanes.net\/wp-content\/uploads\/2017\/12\/Avatar2.jpg\",\"contentUrl\":\"http:\/\/volcanes.net\/wp-content\/uploads\/2017\/12\/Avatar2.jpg\",\"width\":378,\"height\":378,\"caption\":\"Grupo Volcanes\"},\"image\":{\"@id\":\"https:\/\/volcanes.net\/#\/schema\/logo\/image\/\"},\"sameAs\":[\"https:\/\/www.facebook.com\/volcanes.net\/\"]},{\"@type\":\"Person\",\"@id\":\"https:\/\/volcanes.net\/#\/schema\/person\/4bf0f383940966a4abd53f5048c0e6b9\",\"name\":\"admin\",\"image\":{\"@type\":\"ImageObject\",\"inLanguage\":\"es\",\"@id\":\"https:\/\/volcanes.net\/#\/schema\/person\/image\/\",\"url\":\"https:\/\/secure.gravatar.com\/avatar\/ca004e6cba8462b8cb7abc86e382930c?s=96&d=mm&r=g\",\"contentUrl\":\"https:\/\/secure.gravatar.com\/avatar\/ca004e6cba8462b8cb7abc86e382930c?s=96&d=mm&r=g\",\"caption\":\"admin\"}}]}<\/script>\n<!-- \/ Yoast SEO plugin. -->","yoast_head_json":{"title":"La Fiscal\u00eda Estatal libera a una v\u00edctima de secuestro - Volcanes","robots":{"index":"index","follow":"follow","max-snippet":"max-snippet:-1","max-image-preview":"max-image-preview:large","max-video-preview":"max-video-preview:-1"},"canonical":"https:\/\/volcanes.net\/?p=1937","og_locale":"es_MX","og_type":"article","og_title":"La Fiscal\u00eda Estatal libera a una v\u00edctima de secuestro - Volcanes","og_description":"Toluca, M\u00e9xico, 1 de abril de 2018.-\u00a0Mediante un operativo realizado en el municipio de Huixquilucan,","og_url":"https:\/\/volcanes.net\/?p=1937","og_site_name":"Volcanes","article_publisher":"https:\/\/www.facebook.com\/volcanes.net\/","article_published_time":"2018-04-02T13:07:33+00:00","og_image":[{"width":400,"height":400,"url":"https:\/\/volcanes.net\/wp-content\/uploads\/2018\/04\/PROBABLES-SECUESTRO-680x680-1-e1522674380592.jpg","type":"image\/jpeg"}],"author":"admin","twitter_card":"summary_large_image","twitter_misc":{"Escrito por":"admin","Tiempo de lectura":"2 minutos"},"schema":{"@context":"https:\/\/schema.org","@graph":[{"@type":"Article","@id":"https:\/\/volcanes.net\/?p=1937#article","isPartOf":{"@id":"https:\/\/volcanes.net\/?p=1937"},"author":{"name":"admin","@id":"https:\/\/volcanes.net\/#\/schema\/person\/4bf0f383940966a4abd53f5048c0e6b9"},"headline":"La Fiscal\u00eda Estatal libera a una v\u00edctima de secuestro","datePublished":"2018-04-02T13:07:33+00:00","mainEntityOfPage":{"@id":"https:\/\/volcanes.net\/?p=1937"},"wordCount":477,"commentCount":0,"publisher":{"@id":"https:\/\/volcanes.net\/#organization"},"image":{"@id":"https:\/\/volcanes.net\/?p=1937#primaryimage"},"thumbnailUrl":"https:\/\/volcanes.net\/wp-content\/uploads\/2018\/04\/PROBABLES-SECUESTRO-680x680-1-e1522674380592.jpg","keywords":["Huixquilucan","Naucalpan"],"articleSection":["Municipales"],"inLanguage":"es","potentialAction":[{"@type":"CommentAction","name":"Comment","target":["https:\/\/volcanes.net\/?p=1937#respond"]}]},{"@type":"WebPage","@id":"https:\/\/volcanes.net\/?p=1937","url":"https:\/\/volcanes.net\/?p=1937","name":"La Fiscal\u00eda Estatal libera a una v\u00edctima de secuestro - Volcanes","isPartOf":{"@id":"https:\/\/volcanes.net\/#website"},"primaryImageOfPage":{"@id":"https:\/\/volcanes.net\/?p=1937#primaryimage"},"image":{"@id":"https:\/\/volcanes.net\/?p=1937#primaryimage"},"thumbnailUrl":"https:\/\/volcanes.net\/wp-content\/uploads\/2018\/04\/PROBABLES-SECUESTRO-680x680-1-e1522674380592.jpg","datePublished":"2018-04-02T13:07:33+00:00","breadcrumb":{"@id":"https:\/\/volcanes.net\/?p=1937#breadcrumb"},"inLanguage":"es","potentialAction":[{"@type":"ReadAction","target":["https:\/\/volcanes.net\/?p=1937"]}]},{"@type":"ImageObject","inLanguage":"es","@id":"https:\/\/volcanes.net\/?p=1937#primaryimage","url":"https:\/\/volcanes.net\/wp-content\/uploads\/2018\/04\/PROBABLES-SECUESTRO-680x680-1-e1522674380592.jpg","contentUrl":"https:\/\/volcanes.net\/wp-content\/uploads\/2018\/04\/PROBABLES-SECUESTRO-680x680-1-e1522674380592.jpg","width":400,"height":400},{"@type":"BreadcrumbList","@id":"https:\/\/volcanes.net\/?p=1937#breadcrumb","itemListElement":[{"@type":"ListItem","position":1,"name":"Portada","item":"https:\/\/volcanes.net\/"},{"@type":"ListItem","position":2,"name":"La Fiscal\u00eda Estatal libera a una v\u00edctima de secuestro"}]},{"@type":"WebSite","@id":"https:\/\/volcanes.net\/#website","url":"https:\/\/volcanes.net\/","name":"Volcanes.Net","description":"Periodismo Profesional","publisher":{"@id":"https:\/\/volcanes.net\/#organization"},"potentialAction":[{"@type":"SearchAction","target":{"@type":"EntryPoint","urlTemplate":"https:\/\/volcanes.net\/?s={search_term_string}"},"query-input":{"@type":"PropertyValueSpecification","valueRequired":true,"valueName":"search_term_string"}}],"inLanguage":"es"},{"@type":"Organization","@id":"https:\/\/volcanes.net\/#organization","name":"Grupo Volcanes","url":"https:\/\/volcanes.net\/","logo":{"@type":"ImageObject","inLanguage":"es","@id":"https:\/\/volcanes.net\/#\/schema\/logo\/image\/","url":"http:\/\/volcanes.net\/wp-content\/uploads\/2017\/12\/Avatar2.jpg","contentUrl":"http:\/\/volcanes.net\/wp-content\/uploads\/2017\/12\/Avatar2.jpg","width":378,"height":378,"caption":"Grupo Volcanes"},"image":{"@id":"https:\/\/volcanes.net\/#\/schema\/logo\/image\/"},"sameAs":["https:\/\/www.facebook.com\/volcanes.net\/"]},{"@type":"Person","@id":"https:\/\/volcanes.net\/#\/schema\/person\/4bf0f383940966a4abd53f5048c0e6b9","name":"admin","image":{"@type":"ImageObject","inLanguage":"es","@id":"https:\/\/volcanes.net\/#\/schema\/person\/image\/","url":"https:\/\/secure.gravatar.com\/avatar\/ca004e6cba8462b8cb7abc86e382930c?s=96&d=mm&r=g","contentUrl":"https:\/\/secure.gravatar.com\/avatar\/ca004e6cba8462b8cb7abc86e382930c?s=96&d=mm&r=g","caption":"admin"}}]}},"_links":{"self":[{"href":"https:\/\/volcanes.net\/index.php?rest_route=\/wp\/v2\/posts\/1937"}],"collection":[{"href":"https:\/\/volcanes.net\/index.php?rest_route=\/wp\/v2\/posts"}],"about":[{"href":"https:\/\/volcanes.net\/index.php?rest_route=\/wp\/v2\/types\/post"}],"author":[{"embeddable":true,"href":"https:\/\/volcanes.net\/index.php?rest_route=\/wp\/v2\/users\/1"}],"replies":[{"embeddable":true,"href":"https:\/\/volcanes.net\/index.php?rest_route=%2Fwp%2Fv2%2Fcomments&post=1937"}],"version-history":[{"count":1,"href":"https:\/\/volcanes.net\/index.php?rest_route=\/wp\/v2\/posts\/1937\/revisions"}],"predecessor-version":[{"id":1939,"href":"https:\/\/volcanes.net\/index.php?rest_route=\/wp\/v2\/posts\/1937\/revisions\/1939"}],"wp:featuredmedia":[{"embeddable":true,"href":"https:\/\/volcanes.net\/index.php?rest_route=\/wp\/v2\/media\/1938"}],"wp:attachment":[{"href":"https:\/\/volcanes.net\/index.php?rest_route=%2Fwp%2Fv2%2Fmedia&parent=1937"}],"wp:term":[{"taxonomy":"category","embeddable":true,"href":"https:\/\/volcanes.net\/index.php?rest_route=%2Fwp%2Fv2%2Fcategories&post=1937"},{"taxonomy":"post_tag","embeddable":true,"href":"https:\/\/volcanes.net\/index.php?rest_route=%2Fwp%2Fv2%2Ftags&post=1937"}],"curies":[{"name":"wp","href":"https:\/\/api.w.org\/{rel}","templated":true}]}}