{"id":1965,"date":"2018-04-02T14:19:51","date_gmt":"2018-04-02T14:19:51","guid":{"rendered":"http:\/\/volcanes.net\/?p=1965"},"modified":"2018-04-02T14:19:51","modified_gmt":"2018-04-02T14:19:51","slug":"ya-le-llaman-el-candidato-del-pueblo-a-fidel-contreras","status":"publish","type":"post","link":"https:\/\/volcanes.net\/?p=1965","title":{"rendered":"Ya le llaman el candidato del Pueblo a Fidel Contreras"},"content":{"rendered":"<div style=\"margin-top: 0px; margin-bottom: 0px;\" class=\"sharethis-inline-share-buttons\" ><\/div><p>Este domingo inici\u00f3 su campa\u00f1a pol\u00edtica\u00a0<span id=\"fb-timeline-cover-name\" class=\"_2t_q\"><a class=\"_2nlw _2nlv\" href=\"https:\/\/www.facebook.com\/fidelr36\">Fidel Contreras Martinez<\/a><\/span>\u00a0al que llaman el candidato del pueblo, esto debido a su origen humilde, durante a\u00f1os ha sido chofer de ruta, all\u00ed sus compa\u00f1eros choferes le conocen como <em>el Nissan.<\/em><\/p>\n<p>Fidel Contreras Martinez inici\u00f3 su campa\u00f1a pol\u00edtica en la busqueda de una curul en San L\u00e1zaro a trav\u00e9s de la coalici\u00f3n &#8220;Todos Por M\u00e9xico&#8221;, candidato a Diputado Federal por el distrito 21. con cabecera en el Municipio Amecameca.<\/p>\n<p>Su campa\u00f1a inici\u00f3 distinta a como se estila cotidianamente, pues \u00e9l inici\u00f3 su campa\u00f1a pintando bardas en d\u00f3nde solicita apoyo para votar por \u00e9l este primero de julio del 2018, se ha vuelto popular por su peculiar manera de hacer campa\u00f1a. Muy cercana con la poblaci\u00f3n.<\/p>\n<p>De Manera muy breve dio un mensaje a los que le acompa\u00f1aron a este inicio de campa\u00f1a, donde enfatiz\u00f3 que es una persona de palabra que \u00e9l es un hombre de principios y de palabra, enfatiz\u00f3 que los valores que le caracterizan son la lealtad, la honestidad y la perseverancia.<\/p>\n<p>Finalmente agreg\u00f3 que su mayor virtud es el trabajo y la paciencia.<\/p>\n","protected":false},"excerpt":{"rendered":"<p>Este domingo inici\u00f3 su campa\u00f1a pol\u00edtica\u00a0Fidel Contreras Martinez\u00a0al que llaman el candidato del pueblo, esto<\/p>\n","protected":false},"author":1,"featured_media":1966,"comment_status":"open","ping_status":"open","sticky":false,"template":"","format":"standard","meta":{"footnotes":""},"categories":[1],"tags":[7,80,57,9,15,6,14,16,81,46],"class_list":["post-1965","post","type-post","status-publish","format-standard","has-post-thumbnail","hentry","category-municipales","tag-amecameca","tag-atlautla","tag-ayapango","tag-chalco","tag-ecatzingo","tag-ixtapaluca","tag-ozumba","tag-tepetlixpa","tag-tlalmanalco","tag-volcanes"],"yoast_head":"<!-- This site is optimized with the Yoast SEO plugin v25.3 - https:\/\/yoast.com\/wordpress\/plugins\/seo\/ -->\n<title>Ya le llaman el candidato del Pueblo a Fidel Contreras - Volcanes<\/title>\n<meta name=\"robots\" content=\"index, follow, max-snippet:-1, max-image-preview:large, max-video-preview:-1\" \/>\n<link rel=\"canonical\" href=\"https:\/\/volcanes.net\/?p=1965\" \/>\n<meta property=\"og:locale\" content=\"es_MX\" \/>\n<meta property=\"og:type\" content=\"article\" \/>\n<meta property=\"og:title\" content=\"Ya le llaman el candidato del Pueblo a Fidel Contreras - Volcanes\" \/>\n<meta property=\"og:description\" content=\"Este domingo inici\u00f3 su campa\u00f1a pol\u00edtica\u00a0Fidel Contreras Martinez\u00a0al que llaman el candidato del pueblo, esto\" \/>\n<meta property=\"og:url\" content=\"https:\/\/volcanes.net\/?p=1965\" \/>\n<meta property=\"og:site_name\" content=\"Volcanes\" \/>\n<meta property=\"article:publisher\" content=\"https:\/\/www.facebook.com\/volcanes.net\/\" \/>\n<meta property=\"article:published_time\" content=\"2018-04-02T14:19:51+00:00\" \/>\n<meta property=\"og:image\" content=\"https:\/\/volcanes.net\/wp-content\/uploads\/2018\/04\/WhatsApp-Image-2018-04-01-at-9.13.32-PM-e1522678741757.jpeg\" \/>\n\t<meta property=\"og:image:width\" content=\"600\" \/>\n\t<meta property=\"og:image:height\" content=\"400\" \/>\n\t<meta property=\"og:image:type\" content=\"image\/jpeg\" \/>\n<meta name=\"author\" content=\"admin\" \/>\n<meta name=\"twitter:card\" content=\"summary_large_image\" \/>\n<meta name=\"twitter:label1\" content=\"Escrito por\" \/>\n\t<meta name=\"twitter:data1\" content=\"admin\" \/>\n\t<meta name=\"twitter:label2\" content=\"Tiempo de lectura\" \/>\n\t<meta name=\"twitter:data2\" content=\"1 minuto\" \/>\n<script type=\"application\/ld+json\" class=\"yoast-schema-graph\">{\"@context\":\"https:\/\/schema.org\",\"@graph\":[{\"@type\":\"Article\",\"@id\":\"https:\/\/volcanes.net\/?p=1965#article\",\"isPartOf\":{\"@id\":\"https:\/\/volcanes.net\/?p=1965\"},\"author\":{\"name\":\"admin\",\"@id\":\"https:\/\/volcanes.net\/#\/schema\/person\/4bf0f383940966a4abd53f5048c0e6b9\"},\"headline\":\"Ya le llaman el candidato del Pueblo a Fidel Contreras\",\"datePublished\":\"2018-04-02T14:19:51+00:00\",\"mainEntityOfPage\":{\"@id\":\"https:\/\/volcanes.net\/?p=1965\"},\"wordCount\":209,\"commentCount\":0,\"publisher\":{\"@id\":\"https:\/\/volcanes.net\/#organization\"},\"image\":{\"@id\":\"https:\/\/volcanes.net\/?p=1965#primaryimage\"},\"thumbnailUrl\":\"https:\/\/volcanes.net\/wp-content\/uploads\/2018\/04\/WhatsApp-Image-2018-04-01-at-9.13.32-PM-e1522678741757.jpeg\",\"keywords\":[\"Amecameca\",\"Atlautla\",\"Ayapango\",\"Chalco\",\"Ecatzingo\",\"Ixtapaluca\",\"Ozumba\",\"Tepetlixpa\",\"Tlalmanalco\",\"Volcanes\"],\"articleSection\":[\"Municipales\"],\"inLanguage\":\"es\",\"potentialAction\":[{\"@type\":\"CommentAction\",\"name\":\"Comment\",\"target\":[\"https:\/\/volcanes.net\/?p=1965#respond\"]}]},{\"@type\":\"WebPage\",\"@id\":\"https:\/\/volcanes.net\/?p=1965\",\"url\":\"https:\/\/volcanes.net\/?p=1965\",\"name\":\"Ya le llaman el candidato del Pueblo a Fidel Contreras - Volcanes\",\"isPartOf\":{\"@id\":\"https:\/\/volcanes.net\/#website\"},\"primaryImageOfPage\":{\"@id\":\"https:\/\/volcanes.net\/?p=1965#primaryimage\"},\"image\":{\"@id\":\"https:\/\/volcanes.net\/?p=1965#primaryimage\"},\"thumbnailUrl\":\"https:\/\/volcanes.net\/wp-content\/uploads\/2018\/04\/WhatsApp-Image-2018-04-01-at-9.13.32-PM-e1522678741757.jpeg\",\"datePublished\":\"2018-04-02T14:19:51+00:00\",\"breadcrumb\":{\"@id\":\"https:\/\/volcanes.net\/?p=1965#breadcrumb\"},\"inLanguage\":\"es\",\"potentialAction\":[{\"@type\":\"ReadAction\",\"target\":[\"https:\/\/volcanes.net\/?p=1965\"]}]},{\"@type\":\"ImageObject\",\"inLanguage\":\"es\",\"@id\":\"https:\/\/volcanes.net\/?p=1965#primaryimage\",\"url\":\"https:\/\/volcanes.net\/wp-content\/uploads\/2018\/04\/WhatsApp-Image-2018-04-01-at-9.13.32-PM-e1522678741757.jpeg\",\"contentUrl\":\"https:\/\/volcanes.net\/wp-content\/uploads\/2018\/04\/WhatsApp-Image-2018-04-01-at-9.13.32-PM-e1522678741757.jpeg\",\"width\":600,\"height\":400},{\"@type\":\"BreadcrumbList\",\"@id\":\"https:\/\/volcanes.net\/?p=1965#breadcrumb\",\"itemListElement\":[{\"@type\":\"ListItem\",\"position\":1,\"name\":\"Portada\",\"item\":\"https:\/\/volcanes.net\/\"},{\"@type\":\"ListItem\",\"position\":2,\"name\":\"Ya le llaman el candidato del Pueblo a Fidel Contreras\"}]},{\"@type\":\"WebSite\",\"@id\":\"https:\/\/volcanes.net\/#website\",\"url\":\"https:\/\/volcanes.net\/\",\"name\":\"Volcanes.Net\",\"description\":\"Periodismo Profesional\",\"publisher\":{\"@id\":\"https:\/\/volcanes.net\/#organization\"},\"potentialAction\":[{\"@type\":\"SearchAction\",\"target\":{\"@type\":\"EntryPoint\",\"urlTemplate\":\"https:\/\/volcanes.net\/?s={search_term_string}\"},\"query-input\":{\"@type\":\"PropertyValueSpecification\",\"valueRequired\":true,\"valueName\":\"search_term_string\"}}],\"inLanguage\":\"es\"},{\"@type\":\"Organization\",\"@id\":\"https:\/\/volcanes.net\/#organization\",\"name\":\"Grupo Volcanes\",\"url\":\"https:\/\/volcanes.net\/\",\"logo\":{\"@type\":\"ImageObject\",\"inLanguage\":\"es\",\"@id\":\"https:\/\/volcanes.net\/#\/schema\/logo\/image\/\",\"url\":\"http:\/\/volcanes.net\/wp-content\/uploads\/2017\/12\/Avatar2.jpg\",\"contentUrl\":\"http:\/\/volcanes.net\/wp-content\/uploads\/2017\/12\/Avatar2.jpg\",\"width\":378,\"height\":378,\"caption\":\"Grupo Volcanes\"},\"image\":{\"@id\":\"https:\/\/volcanes.net\/#\/schema\/logo\/image\/\"},\"sameAs\":[\"https:\/\/www.facebook.com\/volcanes.net\/\"]},{\"@type\":\"Person\",\"@id\":\"https:\/\/volcanes.net\/#\/schema\/person\/4bf0f383940966a4abd53f5048c0e6b9\",\"name\":\"admin\",\"image\":{\"@type\":\"ImageObject\",\"inLanguage\":\"es\",\"@id\":\"https:\/\/volcanes.net\/#\/schema\/person\/image\/\",\"url\":\"https:\/\/secure.gravatar.com\/avatar\/ca004e6cba8462b8cb7abc86e382930c?s=96&d=mm&r=g\",\"contentUrl\":\"https:\/\/secure.gravatar.com\/avatar\/ca004e6cba8462b8cb7abc86e382930c?s=96&d=mm&r=g\",\"caption\":\"admin\"}}]}<\/script>\n<!-- \/ Yoast SEO plugin. -->","yoast_head_json":{"title":"Ya le llaman el candidato del Pueblo a Fidel Contreras - Volcanes","robots":{"index":"index","follow":"follow","max-snippet":"max-snippet:-1","max-image-preview":"max-image-preview:large","max-video-preview":"max-video-preview:-1"},"canonical":"https:\/\/volcanes.net\/?p=1965","og_locale":"es_MX","og_type":"article","og_title":"Ya le llaman el candidato del Pueblo a Fidel Contreras - Volcanes","og_description":"Este domingo inici\u00f3 su campa\u00f1a pol\u00edtica\u00a0Fidel Contreras Martinez\u00a0al que llaman el candidato del pueblo, esto","og_url":"https:\/\/volcanes.net\/?p=1965","og_site_name":"Volcanes","article_publisher":"https:\/\/www.facebook.com\/volcanes.net\/","article_published_time":"2018-04-02T14:19:51+00:00","og_image":[{"width":600,"height":400,"url":"https:\/\/volcanes.net\/wp-content\/uploads\/2018\/04\/WhatsApp-Image-2018-04-01-at-9.13.32-PM-e1522678741757.jpeg","type":"image\/jpeg"}],"author":"admin","twitter_card":"summary_large_image","twitter_misc":{"Escrito por":"admin","Tiempo de lectura":"1 minuto"},"schema":{"@context":"https:\/\/schema.org","@graph":[{"@type":"Article","@id":"https:\/\/volcanes.net\/?p=1965#article","isPartOf":{"@id":"https:\/\/volcanes.net\/?p=1965"},"author":{"name":"admin","@id":"https:\/\/volcanes.net\/#\/schema\/person\/4bf0f383940966a4abd53f5048c0e6b9"},"headline":"Ya le llaman el candidato del Pueblo a Fidel Contreras","datePublished":"2018-04-02T14:19:51+00:00","mainEntityOfPage":{"@id":"https:\/\/volcanes.net\/?p=1965"},"wordCount":209,"commentCount":0,"publisher":{"@id":"https:\/\/volcanes.net\/#organization"},"image":{"@id":"https:\/\/volcanes.net\/?p=1965#primaryimage"},"thumbnailUrl":"https:\/\/volcanes.net\/wp-content\/uploads\/2018\/04\/WhatsApp-Image-2018-04-01-at-9.13.32-PM-e1522678741757.jpeg","keywords":["Amecameca","Atlautla","Ayapango","Chalco","Ecatzingo","Ixtapaluca","Ozumba","Tepetlixpa","Tlalmanalco","Volcanes"],"articleSection":["Municipales"],"inLanguage":"es","potentialAction":[{"@type":"CommentAction","name":"Comment","target":["https:\/\/volcanes.net\/?p=1965#respond"]}]},{"@type":"WebPage","@id":"https:\/\/volcanes.net\/?p=1965","url":"https:\/\/volcanes.net\/?p=1965","name":"Ya le llaman el candidato del Pueblo a Fidel Contreras - Volcanes","isPartOf":{"@id":"https:\/\/volcanes.net\/#website"},"primaryImageOfPage":{"@id":"https:\/\/volcanes.net\/?p=1965#primaryimage"},"image":{"@id":"https:\/\/volcanes.net\/?p=1965#primaryimage"},"thumbnailUrl":"https:\/\/volcanes.net\/wp-content\/uploads\/2018\/04\/WhatsApp-Image-2018-04-01-at-9.13.32-PM-e1522678741757.jpeg","datePublished":"2018-04-02T14:19:51+00:00","breadcrumb":{"@id":"https:\/\/volcanes.net\/?p=1965#breadcrumb"},"inLanguage":"es","potentialAction":[{"@type":"ReadAction","target":["https:\/\/volcanes.net\/?p=1965"]}]},{"@type":"ImageObject","inLanguage":"es","@id":"https:\/\/volcanes.net\/?p=1965#primaryimage","url":"https:\/\/volcanes.net\/wp-content\/uploads\/2018\/04\/WhatsApp-Image-2018-04-01-at-9.13.32-PM-e1522678741757.jpeg","contentUrl":"https:\/\/volcanes.net\/wp-content\/uploads\/2018\/04\/WhatsApp-Image-2018-04-01-at-9.13.32-PM-e1522678741757.jpeg","width":600,"height":400},{"@type":"BreadcrumbList","@id":"https:\/\/volcanes.net\/?p=1965#breadcrumb","itemListElement":[{"@type":"ListItem","position":1,"name":"Portada","item":"https:\/\/volcanes.net\/"},{"@type":"ListItem","position":2,"name":"Ya le llaman el candidato del Pueblo a Fidel Contreras"}]},{"@type":"WebSite","@id":"https:\/\/volcanes.net\/#website","url":"https:\/\/volcanes.net\/","name":"Volcanes.Net","description":"Periodismo Profesional","publisher":{"@id":"https:\/\/volcanes.net\/#organization"},"potentialAction":[{"@type":"SearchAction","target":{"@type":"EntryPoint","urlTemplate":"https:\/\/volcanes.net\/?s={search_term_string}"},"query-input":{"@type":"PropertyValueSpecification","valueRequired":true,"valueName":"search_term_string"}}],"inLanguage":"es"},{"@type":"Organization","@id":"https:\/\/volcanes.net\/#organization","name":"Grupo Volcanes","url":"https:\/\/volcanes.net\/","logo":{"@type":"ImageObject","inLanguage":"es","@id":"https:\/\/volcanes.net\/#\/schema\/logo\/image\/","url":"http:\/\/volcanes.net\/wp-content\/uploads\/2017\/12\/Avatar2.jpg","contentUrl":"http:\/\/volcanes.net\/wp-content\/uploads\/2017\/12\/Avatar2.jpg","width":378,"height":378,"caption":"Grupo Volcanes"},"image":{"@id":"https:\/\/volcanes.net\/#\/schema\/logo\/image\/"},"sameAs":["https:\/\/www.facebook.com\/volcanes.net\/"]},{"@type":"Person","@id":"https:\/\/volcanes.net\/#\/schema\/person\/4bf0f383940966a4abd53f5048c0e6b9","name":"admin","image":{"@type":"ImageObject","inLanguage":"es","@id":"https:\/\/volcanes.net\/#\/schema\/person\/image\/","url":"https:\/\/secure.gravatar.com\/avatar\/ca004e6cba8462b8cb7abc86e382930c?s=96&d=mm&r=g","contentUrl":"https:\/\/secure.gravatar.com\/avatar\/ca004e6cba8462b8cb7abc86e382930c?s=96&d=mm&r=g","caption":"admin"}}]}},"_links":{"self":[{"href":"https:\/\/volcanes.net\/index.php?rest_route=\/wp\/v2\/posts\/1965"}],"collection":[{"href":"https:\/\/volcanes.net\/index.php?rest_route=\/wp\/v2\/posts"}],"about":[{"href":"https:\/\/volcanes.net\/index.php?rest_route=\/wp\/v2\/types\/post"}],"author":[{"embeddable":true,"href":"https:\/\/volcanes.net\/index.php?rest_route=\/wp\/v2\/users\/1"}],"replies":[{"embeddable":true,"href":"https:\/\/volcanes.net\/index.php?rest_route=%2Fwp%2Fv2%2Fcomments&post=1965"}],"version-history":[{"count":1,"href":"https:\/\/volcanes.net\/index.php?rest_route=\/wp\/v2\/posts\/1965\/revisions"}],"predecessor-version":[{"id":1967,"href":"https:\/\/volcanes.net\/index.php?rest_route=\/wp\/v2\/posts\/1965\/revisions\/1967"}],"wp:featuredmedia":[{"embeddable":true,"href":"https:\/\/volcanes.net\/index.php?rest_route=\/wp\/v2\/media\/1966"}],"wp:attachment":[{"href":"https:\/\/volcanes.net\/index.php?rest_route=%2Fwp%2Fv2%2Fmedia&parent=1965"}],"wp:term":[{"taxonomy":"category","embeddable":true,"href":"https:\/\/volcanes.net\/index.php?rest_route=%2Fwp%2Fv2%2Fcategories&post=1965"},{"taxonomy":"post_tag","embeddable":true,"href":"https:\/\/volcanes.net\/index.php?rest_route=%2Fwp%2Fv2%2Ftags&post=1965"}],"curies":[{"name":"wp","href":"https:\/\/api.w.org\/{rel}","templated":true}]}}