{"id":1971,"date":"2018-04-06T04:58:40","date_gmt":"2018-04-06T04:58:40","guid":{"rendered":"http:\/\/volcanes.net\/?p=1971"},"modified":"2018-04-06T04:58:40","modified_gmt":"2018-04-06T04:58:40","slug":"sindicalizados-arman-trifulca-en-apaxco-tres-heridos-y-tres-vehiculos-quemados-el-saldo","status":"publish","type":"post","link":"https:\/\/volcanes.net\/?p=1971","title":{"rendered":"Sindicalizados arman trifulca en Apaxco, tres heridos y tres veh\u00edculos quemados el saldo"},"content":{"rendered":"<div style=\"margin-top: 0px; margin-bottom: 0px;\" class=\"sharethis-inline-share-buttons\" ><\/div><p>Tres personas lesionadas y al menos 3 veh\u00edculos quemados, dej\u00f3 como saldo un enfrentamiento entre integrantes de dos sindicatos de una empresa ubicada en la comunidad de P\u00e9rez de Galeana, municipio de Apaxco Estado de M\u00e9xico.<\/p>\n<p>Datos de la Secretaria de Seguridad del Estado de M\u00e9xico, revelaron que el enfrentamiento se suscit\u00f3 la tarde de este jueves en el exterior de la empresa con raz\u00f3n social CUVASA S.A de C.V, en donde se manifestaba un grupo de trabajadores del sindicato de la CROC.<\/p>\n<p>De acuerdo a versiones de testigos, el enfrentamiento inicio cuando los sindicalistas de la empresa, agredieron a varios sindicalizados de la CROC sin motivo aparente, ocasionando que trabajadores de la empresa salieran a apoyar a sus compa\u00f1eros y se enfrentaran con todos los sindicalizados de la CROC que hab\u00eda en el lugar.<\/p>\n<p>Derivado del enfrentamiento, al menos tres unidades pertenecientes al sindicato de la CROC, fueron volteados y quemados por los empleados de la empresa CUVASA, y resultaron lesionados tres integrantes del sindicato, quienes no ameritaron hospitalizaci\u00f3n.<\/p>\n<p>Al lugar arribaron alrededor de 30 elementos de la Secretaria de Seguridad del Estado de M\u00e9xico, as\u00ed como 10 de la Polic\u00eda Municipal, los cuales estuvieron a la expectativa de la situaci\u00f3n y resguardaron la zona para evitar otro enfrentamiento entre integrantes de la CROC y la empresa privada.<\/p>\n","protected":false},"excerpt":{"rendered":"<p>Tres personas lesionadas y al menos 3 veh\u00edculos quemados, dej\u00f3 como saldo un enfrentamiento entre<\/p>\n","protected":false},"author":1,"featured_media":1972,"comment_status":"open","ping_status":"open","sticky":false,"template":"","format":"standard","meta":{"footnotes":""},"categories":[1],"tags":[165,22],"class_list":["post-1971","post","type-post","status-publish","format-standard","has-post-thumbnail","hentry","category-municipales","tag-apaxco","tag-texcoco"],"yoast_head":"<!-- This site is optimized with the Yoast SEO plugin v25.3 - https:\/\/yoast.com\/wordpress\/plugins\/seo\/ -->\n<title>Sindicalizados arman trifulca en Apaxco, tres heridos y tres veh\u00edculos quemados el saldo - Volcanes<\/title>\n<meta name=\"robots\" content=\"index, follow, max-snippet:-1, max-image-preview:large, max-video-preview:-1\" \/>\n<link rel=\"canonical\" href=\"https:\/\/volcanes.net\/?p=1971\" \/>\n<meta property=\"og:locale\" content=\"es_MX\" \/>\n<meta property=\"og:type\" content=\"article\" \/>\n<meta property=\"og:title\" content=\"Sindicalizados arman trifulca en Apaxco, tres heridos y tres veh\u00edculos quemados el saldo - Volcanes\" \/>\n<meta property=\"og:description\" content=\"Tres personas lesionadas y al menos 3 veh\u00edculos quemados, dej\u00f3 como saldo un enfrentamiento entre\" \/>\n<meta property=\"og:url\" content=\"https:\/\/volcanes.net\/?p=1971\" \/>\n<meta property=\"og:site_name\" content=\"Volcanes\" \/>\n<meta property=\"article:publisher\" content=\"https:\/\/www.facebook.com\/volcanes.net\/\" \/>\n<meta property=\"article:published_time\" content=\"2018-04-06T04:58:40+00:00\" \/>\n<meta property=\"og:image\" content=\"https:\/\/volcanes.net\/wp-content\/uploads\/2018\/04\/WhatsApp-Image-2018-04-05-at-5.34.32-PM.jpeg\" \/>\n\t<meta property=\"og:image:width\" content=\"720\" \/>\n\t<meta property=\"og:image:height\" content=\"487\" \/>\n\t<meta property=\"og:image:type\" content=\"image\/jpeg\" \/>\n<meta name=\"author\" content=\"admin\" \/>\n<meta name=\"twitter:card\" content=\"summary_large_image\" \/>\n<meta name=\"twitter:label1\" content=\"Escrito por\" \/>\n\t<meta name=\"twitter:data1\" content=\"admin\" \/>\n\t<meta name=\"twitter:label2\" content=\"Tiempo de lectura\" \/>\n\t<meta name=\"twitter:data2\" content=\"1 minuto\" \/>\n<script type=\"application\/ld+json\" class=\"yoast-schema-graph\">{\"@context\":\"https:\/\/schema.org\",\"@graph\":[{\"@type\":\"Article\",\"@id\":\"https:\/\/volcanes.net\/?p=1971#article\",\"isPartOf\":{\"@id\":\"https:\/\/volcanes.net\/?p=1971\"},\"author\":{\"name\":\"admin\",\"@id\":\"https:\/\/volcanes.net\/#\/schema\/person\/4bf0f383940966a4abd53f5048c0e6b9\"},\"headline\":\"Sindicalizados arman trifulca en Apaxco, tres heridos y tres veh\u00edculos quemados el saldo\",\"datePublished\":\"2018-04-06T04:58:40+00:00\",\"mainEntityOfPage\":{\"@id\":\"https:\/\/volcanes.net\/?p=1971\"},\"wordCount\":243,\"commentCount\":0,\"publisher\":{\"@id\":\"https:\/\/volcanes.net\/#organization\"},\"image\":{\"@id\":\"https:\/\/volcanes.net\/?p=1971#primaryimage\"},\"thumbnailUrl\":\"https:\/\/volcanes.net\/wp-content\/uploads\/2018\/04\/WhatsApp-Image-2018-04-05-at-5.34.32-PM.jpeg\",\"keywords\":[\"Apaxco\",\"Texcoco\"],\"articleSection\":[\"Municipales\"],\"inLanguage\":\"es\",\"potentialAction\":[{\"@type\":\"CommentAction\",\"name\":\"Comment\",\"target\":[\"https:\/\/volcanes.net\/?p=1971#respond\"]}]},{\"@type\":\"WebPage\",\"@id\":\"https:\/\/volcanes.net\/?p=1971\",\"url\":\"https:\/\/volcanes.net\/?p=1971\",\"name\":\"Sindicalizados arman trifulca en Apaxco, tres heridos y tres veh\u00edculos quemados el saldo - Volcanes\",\"isPartOf\":{\"@id\":\"https:\/\/volcanes.net\/#website\"},\"primaryImageOfPage\":{\"@id\":\"https:\/\/volcanes.net\/?p=1971#primaryimage\"},\"image\":{\"@id\":\"https:\/\/volcanes.net\/?p=1971#primaryimage\"},\"thumbnailUrl\":\"https:\/\/volcanes.net\/wp-content\/uploads\/2018\/04\/WhatsApp-Image-2018-04-05-at-5.34.32-PM.jpeg\",\"datePublished\":\"2018-04-06T04:58:40+00:00\",\"breadcrumb\":{\"@id\":\"https:\/\/volcanes.net\/?p=1971#breadcrumb\"},\"inLanguage\":\"es\",\"potentialAction\":[{\"@type\":\"ReadAction\",\"target\":[\"https:\/\/volcanes.net\/?p=1971\"]}]},{\"@type\":\"ImageObject\",\"inLanguage\":\"es\",\"@id\":\"https:\/\/volcanes.net\/?p=1971#primaryimage\",\"url\":\"https:\/\/volcanes.net\/wp-content\/uploads\/2018\/04\/WhatsApp-Image-2018-04-05-at-5.34.32-PM.jpeg\",\"contentUrl\":\"https:\/\/volcanes.net\/wp-content\/uploads\/2018\/04\/WhatsApp-Image-2018-04-05-at-5.34.32-PM.jpeg\",\"width\":720,\"height\":487},{\"@type\":\"BreadcrumbList\",\"@id\":\"https:\/\/volcanes.net\/?p=1971#breadcrumb\",\"itemListElement\":[{\"@type\":\"ListItem\",\"position\":1,\"name\":\"Portada\",\"item\":\"https:\/\/volcanes.net\/\"},{\"@type\":\"ListItem\",\"position\":2,\"name\":\"Sindicalizados arman trifulca en Apaxco, tres heridos y tres veh\u00edculos quemados el saldo\"}]},{\"@type\":\"WebSite\",\"@id\":\"https:\/\/volcanes.net\/#website\",\"url\":\"https:\/\/volcanes.net\/\",\"name\":\"Volcanes.Net\",\"description\":\"Periodismo Profesional\",\"publisher\":{\"@id\":\"https:\/\/volcanes.net\/#organization\"},\"potentialAction\":[{\"@type\":\"SearchAction\",\"target\":{\"@type\":\"EntryPoint\",\"urlTemplate\":\"https:\/\/volcanes.net\/?s={search_term_string}\"},\"query-input\":{\"@type\":\"PropertyValueSpecification\",\"valueRequired\":true,\"valueName\":\"search_term_string\"}}],\"inLanguage\":\"es\"},{\"@type\":\"Organization\",\"@id\":\"https:\/\/volcanes.net\/#organization\",\"name\":\"Grupo Volcanes\",\"url\":\"https:\/\/volcanes.net\/\",\"logo\":{\"@type\":\"ImageObject\",\"inLanguage\":\"es\",\"@id\":\"https:\/\/volcanes.net\/#\/schema\/logo\/image\/\",\"url\":\"http:\/\/volcanes.net\/wp-content\/uploads\/2017\/12\/Avatar2.jpg\",\"contentUrl\":\"http:\/\/volcanes.net\/wp-content\/uploads\/2017\/12\/Avatar2.jpg\",\"width\":378,\"height\":378,\"caption\":\"Grupo Volcanes\"},\"image\":{\"@id\":\"https:\/\/volcanes.net\/#\/schema\/logo\/image\/\"},\"sameAs\":[\"https:\/\/www.facebook.com\/volcanes.net\/\"]},{\"@type\":\"Person\",\"@id\":\"https:\/\/volcanes.net\/#\/schema\/person\/4bf0f383940966a4abd53f5048c0e6b9\",\"name\":\"admin\",\"image\":{\"@type\":\"ImageObject\",\"inLanguage\":\"es\",\"@id\":\"https:\/\/volcanes.net\/#\/schema\/person\/image\/\",\"url\":\"https:\/\/secure.gravatar.com\/avatar\/ca004e6cba8462b8cb7abc86e382930c?s=96&d=mm&r=g\",\"contentUrl\":\"https:\/\/secure.gravatar.com\/avatar\/ca004e6cba8462b8cb7abc86e382930c?s=96&d=mm&r=g\",\"caption\":\"admin\"}}]}<\/script>\n<!-- \/ Yoast SEO plugin. -->","yoast_head_json":{"title":"Sindicalizados arman trifulca en Apaxco, tres heridos y tres veh\u00edculos quemados el saldo - Volcanes","robots":{"index":"index","follow":"follow","max-snippet":"max-snippet:-1","max-image-preview":"max-image-preview:large","max-video-preview":"max-video-preview:-1"},"canonical":"https:\/\/volcanes.net\/?p=1971","og_locale":"es_MX","og_type":"article","og_title":"Sindicalizados arman trifulca en Apaxco, tres heridos y tres veh\u00edculos quemados el saldo - Volcanes","og_description":"Tres personas lesionadas y al menos 3 veh\u00edculos quemados, dej\u00f3 como saldo un enfrentamiento entre","og_url":"https:\/\/volcanes.net\/?p=1971","og_site_name":"Volcanes","article_publisher":"https:\/\/www.facebook.com\/volcanes.net\/","article_published_time":"2018-04-06T04:58:40+00:00","og_image":[{"width":720,"height":487,"url":"https:\/\/volcanes.net\/wp-content\/uploads\/2018\/04\/WhatsApp-Image-2018-04-05-at-5.34.32-PM.jpeg","type":"image\/jpeg"}],"author":"admin","twitter_card":"summary_large_image","twitter_misc":{"Escrito por":"admin","Tiempo de lectura":"1 minuto"},"schema":{"@context":"https:\/\/schema.org","@graph":[{"@type":"Article","@id":"https:\/\/volcanes.net\/?p=1971#article","isPartOf":{"@id":"https:\/\/volcanes.net\/?p=1971"},"author":{"name":"admin","@id":"https:\/\/volcanes.net\/#\/schema\/person\/4bf0f383940966a4abd53f5048c0e6b9"},"headline":"Sindicalizados arman trifulca en Apaxco, tres heridos y tres veh\u00edculos quemados el saldo","datePublished":"2018-04-06T04:58:40+00:00","mainEntityOfPage":{"@id":"https:\/\/volcanes.net\/?p=1971"},"wordCount":243,"commentCount":0,"publisher":{"@id":"https:\/\/volcanes.net\/#organization"},"image":{"@id":"https:\/\/volcanes.net\/?p=1971#primaryimage"},"thumbnailUrl":"https:\/\/volcanes.net\/wp-content\/uploads\/2018\/04\/WhatsApp-Image-2018-04-05-at-5.34.32-PM.jpeg","keywords":["Apaxco","Texcoco"],"articleSection":["Municipales"],"inLanguage":"es","potentialAction":[{"@type":"CommentAction","name":"Comment","target":["https:\/\/volcanes.net\/?p=1971#respond"]}]},{"@type":"WebPage","@id":"https:\/\/volcanes.net\/?p=1971","url":"https:\/\/volcanes.net\/?p=1971","name":"Sindicalizados arman trifulca en Apaxco, tres heridos y tres veh\u00edculos quemados el saldo - Volcanes","isPartOf":{"@id":"https:\/\/volcanes.net\/#website"},"primaryImageOfPage":{"@id":"https:\/\/volcanes.net\/?p=1971#primaryimage"},"image":{"@id":"https:\/\/volcanes.net\/?p=1971#primaryimage"},"thumbnailUrl":"https:\/\/volcanes.net\/wp-content\/uploads\/2018\/04\/WhatsApp-Image-2018-04-05-at-5.34.32-PM.jpeg","datePublished":"2018-04-06T04:58:40+00:00","breadcrumb":{"@id":"https:\/\/volcanes.net\/?p=1971#breadcrumb"},"inLanguage":"es","potentialAction":[{"@type":"ReadAction","target":["https:\/\/volcanes.net\/?p=1971"]}]},{"@type":"ImageObject","inLanguage":"es","@id":"https:\/\/volcanes.net\/?p=1971#primaryimage","url":"https:\/\/volcanes.net\/wp-content\/uploads\/2018\/04\/WhatsApp-Image-2018-04-05-at-5.34.32-PM.jpeg","contentUrl":"https:\/\/volcanes.net\/wp-content\/uploads\/2018\/04\/WhatsApp-Image-2018-04-05-at-5.34.32-PM.jpeg","width":720,"height":487},{"@type":"BreadcrumbList","@id":"https:\/\/volcanes.net\/?p=1971#breadcrumb","itemListElement":[{"@type":"ListItem","position":1,"name":"Portada","item":"https:\/\/volcanes.net\/"},{"@type":"ListItem","position":2,"name":"Sindicalizados arman trifulca en Apaxco, tres heridos y tres veh\u00edculos quemados el saldo"}]},{"@type":"WebSite","@id":"https:\/\/volcanes.net\/#website","url":"https:\/\/volcanes.net\/","name":"Volcanes.Net","description":"Periodismo Profesional","publisher":{"@id":"https:\/\/volcanes.net\/#organization"},"potentialAction":[{"@type":"SearchAction","target":{"@type":"EntryPoint","urlTemplate":"https:\/\/volcanes.net\/?s={search_term_string}"},"query-input":{"@type":"PropertyValueSpecification","valueRequired":true,"valueName":"search_term_string"}}],"inLanguage":"es"},{"@type":"Organization","@id":"https:\/\/volcanes.net\/#organization","name":"Grupo Volcanes","url":"https:\/\/volcanes.net\/","logo":{"@type":"ImageObject","inLanguage":"es","@id":"https:\/\/volcanes.net\/#\/schema\/logo\/image\/","url":"http:\/\/volcanes.net\/wp-content\/uploads\/2017\/12\/Avatar2.jpg","contentUrl":"http:\/\/volcanes.net\/wp-content\/uploads\/2017\/12\/Avatar2.jpg","width":378,"height":378,"caption":"Grupo Volcanes"},"image":{"@id":"https:\/\/volcanes.net\/#\/schema\/logo\/image\/"},"sameAs":["https:\/\/www.facebook.com\/volcanes.net\/"]},{"@type":"Person","@id":"https:\/\/volcanes.net\/#\/schema\/person\/4bf0f383940966a4abd53f5048c0e6b9","name":"admin","image":{"@type":"ImageObject","inLanguage":"es","@id":"https:\/\/volcanes.net\/#\/schema\/person\/image\/","url":"https:\/\/secure.gravatar.com\/avatar\/ca004e6cba8462b8cb7abc86e382930c?s=96&d=mm&r=g","contentUrl":"https:\/\/secure.gravatar.com\/avatar\/ca004e6cba8462b8cb7abc86e382930c?s=96&d=mm&r=g","caption":"admin"}}]}},"_links":{"self":[{"href":"https:\/\/volcanes.net\/index.php?rest_route=\/wp\/v2\/posts\/1971"}],"collection":[{"href":"https:\/\/volcanes.net\/index.php?rest_route=\/wp\/v2\/posts"}],"about":[{"href":"https:\/\/volcanes.net\/index.php?rest_route=\/wp\/v2\/types\/post"}],"author":[{"embeddable":true,"href":"https:\/\/volcanes.net\/index.php?rest_route=\/wp\/v2\/users\/1"}],"replies":[{"embeddable":true,"href":"https:\/\/volcanes.net\/index.php?rest_route=%2Fwp%2Fv2%2Fcomments&post=1971"}],"version-history":[{"count":1,"href":"https:\/\/volcanes.net\/index.php?rest_route=\/wp\/v2\/posts\/1971\/revisions"}],"predecessor-version":[{"id":1973,"href":"https:\/\/volcanes.net\/index.php?rest_route=\/wp\/v2\/posts\/1971\/revisions\/1973"}],"wp:featuredmedia":[{"embeddable":true,"href":"https:\/\/volcanes.net\/index.php?rest_route=\/wp\/v2\/media\/1972"}],"wp:attachment":[{"href":"https:\/\/volcanes.net\/index.php?rest_route=%2Fwp%2Fv2%2Fmedia&parent=1971"}],"wp:term":[{"taxonomy":"category","embeddable":true,"href":"https:\/\/volcanes.net\/index.php?rest_route=%2Fwp%2Fv2%2Fcategories&post=1971"},{"taxonomy":"post_tag","embeddable":true,"href":"https:\/\/volcanes.net\/index.php?rest_route=%2Fwp%2Fv2%2Ftags&post=1971"}],"curies":[{"name":"wp","href":"https:\/\/api.w.org\/{rel}","templated":true}]}}