{"id":1977,"date":"2018-04-06T05:05:05","date_gmt":"2018-04-06T05:05:05","guid":{"rendered":"http:\/\/volcanes.net\/?p=1977"},"modified":"2018-04-06T05:05:05","modified_gmt":"2018-04-06T05:05:05","slug":"segundo-dia-del-festinarte-contagia-de-alegria-y-diversion-a-los-mexiquenses","status":"publish","type":"post","link":"https:\/\/volcanes.net\/?p=1977","title":{"rendered":"Segundo d\u00eda del Fest\u00ednARTE contagia de alegr\u00eda y diversi\u00f3n a los mexiquenses"},"content":{"rendered":"<div style=\"margin-top: 0px; margin-bottom: 0px;\" class=\"sharethis-inline-share-buttons\" ><\/div><p>Con gran participaci\u00f3n por parte del p\u00fablico mexiquense, \u201cFest\u00ednArte. El atlas imaginario\u2026 un viaje por la literatura\u201d, contin\u00faa arrancando sonrisas a chicos y grandes en el Centro Cultural Mexiquense (CCM), en la capital del Estado.<\/p>\n<p>En su segundo d\u00eda de actividades se presentaron los talleres creativos de las 10 islas de viaje, a cargo de Daniel Cort\u00e9s, y el curso de reposteros, donde los menores decoraron galletas con materiales comestibles multicolores.<\/p>\n<p>Al medio d\u00eda, los presentes echaron a volar su imaginaci\u00f3n con los cuentacuentos de Emma S\u00e1nchez Varela en el \u00c1gora del Museo de Antropolog\u00eda e Historia, y disfrutaron de las funciones de cine \u201cArthur 3\u201d y \u201cEl Libro de la Selva\u201d, en el auditorio Rom\u00e1n Pi\u00f1a Chan.<\/p>\n<p>M\u00e1s tarde, se desarroll\u00f3 la obra de teatro \u201c\u00bfQui\u00e9n domestic\u00f3 al zorro?\u201d, a cargo del grupo Pendiente Teatro, quien, por medio de marionetas, logr\u00f3 atrapar a los presentes con sus magn\u00edficas voces.<\/p>\n<p>Teniendo como escenario el foro de la explanada principal del CCM, los cuatro integrantes de la compa\u00f1\u00eda, junto con el p\u00fablico, emprendieron un viaje por diversos planetas de la mano de \u201cEl Principito\u201d, en donde encontraron a varios adultos cuyas vidas le parec\u00edan complejas al peque\u00f1o ni\u00f1o.<\/p>\n<p>Adultos, ni\u00f1os y El Principito, conocieron a un rey que s\u00f3lo ordenaba, a un farolero que viv\u00eda solo para trabajar y a un egocentrista que presum\u00eda todo el tiempo, entre otros y finalmente, en un planeta, a un zorro que le pidi\u00f3 a El Principito que lo domesticara, al resistirse, el zorro les explic\u00f3 que hoy en d\u00eda ya nadie quiere trabajar en las cosas y prefieren comprar todo hecho, dejando as\u00ed una gran ense\u00f1anza a los asistentes.<\/p>\n<p>Posteriormente, pudieron disfrutar del pabell\u00f3n gastron\u00f3mico y artesanal, al tiempo que ve\u00edan las actividades del Fondo Editorial, quienes dieron pl\u00e1ticas informativas y talleres.<\/p>\n<p>Para quienes quieran ser parte de esta fiesta, el transporte gratuito sale todos los d\u00edas a partir de las 9:30 y hasta las 10:30 horas, de la Alameda Central de Toluca y a las 15:00 horas regresa al mismo sitio.<\/p>\n","protected":false},"excerpt":{"rendered":"<p>Con gran participaci\u00f3n por parte del p\u00fablico mexiquense, \u201cFest\u00ednArte. El atlas imaginario\u2026 un viaje por<\/p>\n","protected":false},"author":1,"featured_media":1978,"comment_status":"open","ping_status":"open","sticky":false,"template":"","format":"standard","meta":{"footnotes":""},"categories":[3],"tags":[41],"class_list":["post-1977","post","type-post","status-publish","format-standard","has-post-thumbnail","hentry","category-estatales","tag-toluca"],"yoast_head":"<!-- This site is optimized with the Yoast SEO plugin v25.3 - https:\/\/yoast.com\/wordpress\/plugins\/seo\/ -->\n<title>Segundo d\u00eda del Fest\u00ednARTE contagia de alegr\u00eda y diversi\u00f3n a los mexiquenses - Volcanes<\/title>\n<meta name=\"robots\" content=\"index, follow, max-snippet:-1, max-image-preview:large, max-video-preview:-1\" \/>\n<link rel=\"canonical\" href=\"https:\/\/volcanes.net\/?p=1977\" \/>\n<meta property=\"og:locale\" content=\"es_MX\" \/>\n<meta property=\"og:type\" content=\"article\" \/>\n<meta property=\"og:title\" content=\"Segundo d\u00eda del Fest\u00ednARTE contagia de alegr\u00eda y diversi\u00f3n a los mexiquenses - Volcanes\" \/>\n<meta property=\"og:description\" content=\"Con gran participaci\u00f3n por parte del p\u00fablico mexiquense, \u201cFest\u00ednArte. El atlas imaginario\u2026 un viaje por\" \/>\n<meta property=\"og:url\" content=\"https:\/\/volcanes.net\/?p=1977\" \/>\n<meta property=\"og:site_name\" content=\"Volcanes\" \/>\n<meta property=\"article:publisher\" content=\"https:\/\/www.facebook.com\/volcanes.net\/\" \/>\n<meta property=\"article:published_time\" content=\"2018-04-06T05:05:05+00:00\" \/>\n<meta property=\"og:image\" content=\"https:\/\/volcanes.net\/wp-content\/uploads\/2018\/04\/FestinArte-2-1.jpeg\" \/>\n\t<meta property=\"og:image:width\" content=\"680\" \/>\n\t<meta property=\"og:image:height\" content=\"279\" \/>\n\t<meta property=\"og:image:type\" content=\"image\/jpeg\" \/>\n<meta name=\"author\" content=\"admin\" \/>\n<meta name=\"twitter:card\" content=\"summary_large_image\" \/>\n<meta name=\"twitter:label1\" content=\"Escrito por\" \/>\n\t<meta name=\"twitter:data1\" content=\"admin\" \/>\n\t<meta name=\"twitter:label2\" content=\"Tiempo de lectura\" \/>\n\t<meta name=\"twitter:data2\" content=\"2 minutos\" \/>\n<script type=\"application\/ld+json\" class=\"yoast-schema-graph\">{\"@context\":\"https:\/\/schema.org\",\"@graph\":[{\"@type\":\"Article\",\"@id\":\"https:\/\/volcanes.net\/?p=1977#article\",\"isPartOf\":{\"@id\":\"https:\/\/volcanes.net\/?p=1977\"},\"author\":{\"name\":\"admin\",\"@id\":\"https:\/\/volcanes.net\/#\/schema\/person\/4bf0f383940966a4abd53f5048c0e6b9\"},\"headline\":\"Segundo d\u00eda del Fest\u00ednARTE contagia de alegr\u00eda y diversi\u00f3n a los mexiquenses\",\"datePublished\":\"2018-04-06T05:05:05+00:00\",\"mainEntityOfPage\":{\"@id\":\"https:\/\/volcanes.net\/?p=1977\"},\"wordCount\":380,\"commentCount\":0,\"publisher\":{\"@id\":\"https:\/\/volcanes.net\/#organization\"},\"image\":{\"@id\":\"https:\/\/volcanes.net\/?p=1977#primaryimage\"},\"thumbnailUrl\":\"https:\/\/volcanes.net\/wp-content\/uploads\/2018\/04\/FestinArte-2-1.jpeg\",\"keywords\":[\"Toluca\"],\"articleSection\":[\"Estatales\"],\"inLanguage\":\"es\",\"potentialAction\":[{\"@type\":\"CommentAction\",\"name\":\"Comment\",\"target\":[\"https:\/\/volcanes.net\/?p=1977#respond\"]}]},{\"@type\":\"WebPage\",\"@id\":\"https:\/\/volcanes.net\/?p=1977\",\"url\":\"https:\/\/volcanes.net\/?p=1977\",\"name\":\"Segundo d\u00eda del Fest\u00ednARTE contagia de alegr\u00eda y diversi\u00f3n a los mexiquenses - Volcanes\",\"isPartOf\":{\"@id\":\"https:\/\/volcanes.net\/#website\"},\"primaryImageOfPage\":{\"@id\":\"https:\/\/volcanes.net\/?p=1977#primaryimage\"},\"image\":{\"@id\":\"https:\/\/volcanes.net\/?p=1977#primaryimage\"},\"thumbnailUrl\":\"https:\/\/volcanes.net\/wp-content\/uploads\/2018\/04\/FestinArte-2-1.jpeg\",\"datePublished\":\"2018-04-06T05:05:05+00:00\",\"breadcrumb\":{\"@id\":\"https:\/\/volcanes.net\/?p=1977#breadcrumb\"},\"inLanguage\":\"es\",\"potentialAction\":[{\"@type\":\"ReadAction\",\"target\":[\"https:\/\/volcanes.net\/?p=1977\"]}]},{\"@type\":\"ImageObject\",\"inLanguage\":\"es\",\"@id\":\"https:\/\/volcanes.net\/?p=1977#primaryimage\",\"url\":\"https:\/\/volcanes.net\/wp-content\/uploads\/2018\/04\/FestinArte-2-1.jpeg\",\"contentUrl\":\"https:\/\/volcanes.net\/wp-content\/uploads\/2018\/04\/FestinArte-2-1.jpeg\",\"width\":680,\"height\":279},{\"@type\":\"BreadcrumbList\",\"@id\":\"https:\/\/volcanes.net\/?p=1977#breadcrumb\",\"itemListElement\":[{\"@type\":\"ListItem\",\"position\":1,\"name\":\"Portada\",\"item\":\"https:\/\/volcanes.net\/\"},{\"@type\":\"ListItem\",\"position\":2,\"name\":\"Segundo d\u00eda del Fest\u00ednARTE contagia de alegr\u00eda y diversi\u00f3n a los mexiquenses\"}]},{\"@type\":\"WebSite\",\"@id\":\"https:\/\/volcanes.net\/#website\",\"url\":\"https:\/\/volcanes.net\/\",\"name\":\"Volcanes.Net\",\"description\":\"Periodismo Profesional\",\"publisher\":{\"@id\":\"https:\/\/volcanes.net\/#organization\"},\"potentialAction\":[{\"@type\":\"SearchAction\",\"target\":{\"@type\":\"EntryPoint\",\"urlTemplate\":\"https:\/\/volcanes.net\/?s={search_term_string}\"},\"query-input\":{\"@type\":\"PropertyValueSpecification\",\"valueRequired\":true,\"valueName\":\"search_term_string\"}}],\"inLanguage\":\"es\"},{\"@type\":\"Organization\",\"@id\":\"https:\/\/volcanes.net\/#organization\",\"name\":\"Grupo Volcanes\",\"url\":\"https:\/\/volcanes.net\/\",\"logo\":{\"@type\":\"ImageObject\",\"inLanguage\":\"es\",\"@id\":\"https:\/\/volcanes.net\/#\/schema\/logo\/image\/\",\"url\":\"http:\/\/volcanes.net\/wp-content\/uploads\/2017\/12\/Avatar2.jpg\",\"contentUrl\":\"http:\/\/volcanes.net\/wp-content\/uploads\/2017\/12\/Avatar2.jpg\",\"width\":378,\"height\":378,\"caption\":\"Grupo Volcanes\"},\"image\":{\"@id\":\"https:\/\/volcanes.net\/#\/schema\/logo\/image\/\"},\"sameAs\":[\"https:\/\/www.facebook.com\/volcanes.net\/\"]},{\"@type\":\"Person\",\"@id\":\"https:\/\/volcanes.net\/#\/schema\/person\/4bf0f383940966a4abd53f5048c0e6b9\",\"name\":\"admin\",\"image\":{\"@type\":\"ImageObject\",\"inLanguage\":\"es\",\"@id\":\"https:\/\/volcanes.net\/#\/schema\/person\/image\/\",\"url\":\"https:\/\/secure.gravatar.com\/avatar\/ca004e6cba8462b8cb7abc86e382930c?s=96&d=mm&r=g\",\"contentUrl\":\"https:\/\/secure.gravatar.com\/avatar\/ca004e6cba8462b8cb7abc86e382930c?s=96&d=mm&r=g\",\"caption\":\"admin\"}}]}<\/script>\n<!-- \/ Yoast SEO plugin. -->","yoast_head_json":{"title":"Segundo d\u00eda del Fest\u00ednARTE contagia de alegr\u00eda y diversi\u00f3n a los mexiquenses - Volcanes","robots":{"index":"index","follow":"follow","max-snippet":"max-snippet:-1","max-image-preview":"max-image-preview:large","max-video-preview":"max-video-preview:-1"},"canonical":"https:\/\/volcanes.net\/?p=1977","og_locale":"es_MX","og_type":"article","og_title":"Segundo d\u00eda del Fest\u00ednARTE contagia de alegr\u00eda y diversi\u00f3n a los mexiquenses - Volcanes","og_description":"Con gran participaci\u00f3n por parte del p\u00fablico mexiquense, \u201cFest\u00ednArte. El atlas imaginario\u2026 un viaje por","og_url":"https:\/\/volcanes.net\/?p=1977","og_site_name":"Volcanes","article_publisher":"https:\/\/www.facebook.com\/volcanes.net\/","article_published_time":"2018-04-06T05:05:05+00:00","og_image":[{"width":680,"height":279,"url":"https:\/\/volcanes.net\/wp-content\/uploads\/2018\/04\/FestinArte-2-1.jpeg","type":"image\/jpeg"}],"author":"admin","twitter_card":"summary_large_image","twitter_misc":{"Escrito por":"admin","Tiempo de lectura":"2 minutos"},"schema":{"@context":"https:\/\/schema.org","@graph":[{"@type":"Article","@id":"https:\/\/volcanes.net\/?p=1977#article","isPartOf":{"@id":"https:\/\/volcanes.net\/?p=1977"},"author":{"name":"admin","@id":"https:\/\/volcanes.net\/#\/schema\/person\/4bf0f383940966a4abd53f5048c0e6b9"},"headline":"Segundo d\u00eda del Fest\u00ednARTE contagia de alegr\u00eda y diversi\u00f3n a los mexiquenses","datePublished":"2018-04-06T05:05:05+00:00","mainEntityOfPage":{"@id":"https:\/\/volcanes.net\/?p=1977"},"wordCount":380,"commentCount":0,"publisher":{"@id":"https:\/\/volcanes.net\/#organization"},"image":{"@id":"https:\/\/volcanes.net\/?p=1977#primaryimage"},"thumbnailUrl":"https:\/\/volcanes.net\/wp-content\/uploads\/2018\/04\/FestinArte-2-1.jpeg","keywords":["Toluca"],"articleSection":["Estatales"],"inLanguage":"es","potentialAction":[{"@type":"CommentAction","name":"Comment","target":["https:\/\/volcanes.net\/?p=1977#respond"]}]},{"@type":"WebPage","@id":"https:\/\/volcanes.net\/?p=1977","url":"https:\/\/volcanes.net\/?p=1977","name":"Segundo d\u00eda del Fest\u00ednARTE contagia de alegr\u00eda y diversi\u00f3n a los mexiquenses - Volcanes","isPartOf":{"@id":"https:\/\/volcanes.net\/#website"},"primaryImageOfPage":{"@id":"https:\/\/volcanes.net\/?p=1977#primaryimage"},"image":{"@id":"https:\/\/volcanes.net\/?p=1977#primaryimage"},"thumbnailUrl":"https:\/\/volcanes.net\/wp-content\/uploads\/2018\/04\/FestinArte-2-1.jpeg","datePublished":"2018-04-06T05:05:05+00:00","breadcrumb":{"@id":"https:\/\/volcanes.net\/?p=1977#breadcrumb"},"inLanguage":"es","potentialAction":[{"@type":"ReadAction","target":["https:\/\/volcanes.net\/?p=1977"]}]},{"@type":"ImageObject","inLanguage":"es","@id":"https:\/\/volcanes.net\/?p=1977#primaryimage","url":"https:\/\/volcanes.net\/wp-content\/uploads\/2018\/04\/FestinArte-2-1.jpeg","contentUrl":"https:\/\/volcanes.net\/wp-content\/uploads\/2018\/04\/FestinArte-2-1.jpeg","width":680,"height":279},{"@type":"BreadcrumbList","@id":"https:\/\/volcanes.net\/?p=1977#breadcrumb","itemListElement":[{"@type":"ListItem","position":1,"name":"Portada","item":"https:\/\/volcanes.net\/"},{"@type":"ListItem","position":2,"name":"Segundo d\u00eda del Fest\u00ednARTE contagia de alegr\u00eda y diversi\u00f3n a los mexiquenses"}]},{"@type":"WebSite","@id":"https:\/\/volcanes.net\/#website","url":"https:\/\/volcanes.net\/","name":"Volcanes.Net","description":"Periodismo Profesional","publisher":{"@id":"https:\/\/volcanes.net\/#organization"},"potentialAction":[{"@type":"SearchAction","target":{"@type":"EntryPoint","urlTemplate":"https:\/\/volcanes.net\/?s={search_term_string}"},"query-input":{"@type":"PropertyValueSpecification","valueRequired":true,"valueName":"search_term_string"}}],"inLanguage":"es"},{"@type":"Organization","@id":"https:\/\/volcanes.net\/#organization","name":"Grupo Volcanes","url":"https:\/\/volcanes.net\/","logo":{"@type":"ImageObject","inLanguage":"es","@id":"https:\/\/volcanes.net\/#\/schema\/logo\/image\/","url":"http:\/\/volcanes.net\/wp-content\/uploads\/2017\/12\/Avatar2.jpg","contentUrl":"http:\/\/volcanes.net\/wp-content\/uploads\/2017\/12\/Avatar2.jpg","width":378,"height":378,"caption":"Grupo Volcanes"},"image":{"@id":"https:\/\/volcanes.net\/#\/schema\/logo\/image\/"},"sameAs":["https:\/\/www.facebook.com\/volcanes.net\/"]},{"@type":"Person","@id":"https:\/\/volcanes.net\/#\/schema\/person\/4bf0f383940966a4abd53f5048c0e6b9","name":"admin","image":{"@type":"ImageObject","inLanguage":"es","@id":"https:\/\/volcanes.net\/#\/schema\/person\/image\/","url":"https:\/\/secure.gravatar.com\/avatar\/ca004e6cba8462b8cb7abc86e382930c?s=96&d=mm&r=g","contentUrl":"https:\/\/secure.gravatar.com\/avatar\/ca004e6cba8462b8cb7abc86e382930c?s=96&d=mm&r=g","caption":"admin"}}]}},"_links":{"self":[{"href":"https:\/\/volcanes.net\/index.php?rest_route=\/wp\/v2\/posts\/1977"}],"collection":[{"href":"https:\/\/volcanes.net\/index.php?rest_route=\/wp\/v2\/posts"}],"about":[{"href":"https:\/\/volcanes.net\/index.php?rest_route=\/wp\/v2\/types\/post"}],"author":[{"embeddable":true,"href":"https:\/\/volcanes.net\/index.php?rest_route=\/wp\/v2\/users\/1"}],"replies":[{"embeddable":true,"href":"https:\/\/volcanes.net\/index.php?rest_route=%2Fwp%2Fv2%2Fcomments&post=1977"}],"version-history":[{"count":1,"href":"https:\/\/volcanes.net\/index.php?rest_route=\/wp\/v2\/posts\/1977\/revisions"}],"predecessor-version":[{"id":1979,"href":"https:\/\/volcanes.net\/index.php?rest_route=\/wp\/v2\/posts\/1977\/revisions\/1979"}],"wp:featuredmedia":[{"embeddable":true,"href":"https:\/\/volcanes.net\/index.php?rest_route=\/wp\/v2\/media\/1978"}],"wp:attachment":[{"href":"https:\/\/volcanes.net\/index.php?rest_route=%2Fwp%2Fv2%2Fmedia&parent=1977"}],"wp:term":[{"taxonomy":"category","embeddable":true,"href":"https:\/\/volcanes.net\/index.php?rest_route=%2Fwp%2Fv2%2Fcategories&post=1977"},{"taxonomy":"post_tag","embeddable":true,"href":"https:\/\/volcanes.net\/index.php?rest_route=%2Fwp%2Fv2%2Ftags&post=1977"}],"curies":[{"name":"wp","href":"https:\/\/api.w.org\/{rel}","templated":true}]}}