{"id":1991,"date":"2018-04-16T19:39:49","date_gmt":"2018-04-16T19:39:49","guid":{"rendered":"http:\/\/volcanes.net\/?p=1991"},"modified":"2018-04-16T19:39:49","modified_gmt":"2018-04-16T19:39:49","slug":"edomex-se-corona-en-el-medallero-de-los-xliii-juegos-nacionales-deportivos-sobre-silla-de-ruedas-queretaro-2018","status":"publish","type":"post","link":"https:\/\/volcanes.net\/?p=1991","title":{"rendered":"Edom\u00e9x se corona en el medallero de los XLIII Juegos Nacionales Deportivos sobre Silla de Ruedas Quer\u00e9taro 2018"},"content":{"rendered":"<div style=\"margin-top: 0px; margin-bottom: 0px;\" class=\"sharethis-inline-share-buttons\" ><\/div><p>La delegaci\u00f3n mexiquense que particip\u00f3 en los XLIII Juegos Nacionales Deportivos Sobre Silla de Ruedas \u201cQuer\u00e9taro 2018\u201d se adjudic\u00f3 el primer lugar a nivel nacional en el cuadro de medallas. Con 91 preseas, 56 de oro, 22 de plata y 13 de bronce, los atletas mexiquenses dieron muestra de esfuerzo, preparaci\u00f3n y entrega a una pr\u00e1ctica que favorece el desarrollo personal, familiar y colectivo.<\/p>\n<p>El Director General del Instituto Mexiquense de Cultura F\u00edsica y Deporte, de la Secretar\u00eda de Cultura estatal, explic\u00f3 que el impulso al deporte -entre el que se incluye el adaptado para discapacitados-, constituye una importante herramienta para la prevenci\u00f3n del delito. Se\u00f1al\u00f3 que con la pr\u00e1ctica de alguna disciplina atl\u00e9tica se fortalece el tejido social, al promover la inclusi\u00f3n y evitar conductas antisociales.<\/p>\n<p>El funcionario destac\u00f3 que cuando una ni\u00f1a, un ni\u00f1o, un joven, una joven, personas adultas y adultos mayores desarrollan una actividad f\u00edsica y deportiva, pues \u00e9sta es generadora de valores y principios que los alejan de actos que lesionan a la sociedad; son ejemplos inspiradores que motivan a que sean mejores seres humanos y tengamos una sociedad integral y con cohesi\u00f3n social\u201d, se\u00f1al\u00f3.<\/p>\n<p>Otro punto que destac\u00f3 fue el tema de la salud f\u00edsica y mental, en el que dijo que la pr\u00e1ctica deportiva contribuye a aminorar problemas de sedentarismo, sobrepeso y obesidad. Tambi\u00e9n\u00a0agreg\u00f3 que el equipo mexiquense, integrado por 115 deportistas en sillas de ruedas, obtuvo en la reciente justa de Quer\u00e9taro, 91 medallas, seguido de los estados de Jalisco, Veracruz, el equipo del DIF Nacional y el estado sede, Quer\u00e9taro.<\/p>\n<p>Se\u00f1al\u00f3 que se continuar\u00e1 impulsando y apoyando las aspiraciones deportivas de las personas con capacidades diferentes y de la poblaci\u00f3n mexiquense en general. El funcionario estatal felicit\u00f3 a los deportistas participantes en esta justa nacional, por su desempe\u00f1o que pone en alto el nombre del Estado de M\u00e9xico.<\/p>\n<p>Entre los atletas paral\u00edmpicos que destacaron en la justa deportiva est\u00e1n: Perla Patricia B\u00e1rcenas Ponce de Le\u00f3n, en Powerlifting; Jes\u00fas Hern\u00e1ndez Hern\u00e1ndez, Nataci\u00f3n; Stefany Rub\u00ed Cristino Zapata, Nataci\u00f3n; Mar\u00eda Edith S\u00edgala L\u00f3pez, Tenis de Mesa; Edgar Ces\u00e1reo Navarro S\u00e1nchez, Erick Ortiz Monroy y Erick Alejandro de Santo Espinoza, Atletismo Campo; Sa\u00fal Mendoza Hern\u00e1ndez, Ciclismo; Natalia Nicole Gonz\u00e1lez Guemez, Nataci\u00f3n; y Jes\u00fas Yermain Fern\u00e1ndez \u00c1ngeles, Danza sobre sillas de ruedas.<\/p>\n<p>Cabe mencionar que, los Juegos Nacionales Deportivos sobre Silla de Ruedas se desarrollaron por vez primera en M\u00e9xico 1972, bajo el impulso del Sistema Nacional para el Desarrollo Integral de la Familia; desde entonces, se ha convertido en uno de los principales espacios de competencia entre deportistas integrantes de este grupo de poblaci\u00f3n. A la fecha se llevan ya 43 ediciones, en las que el Estado de M\u00e9xico ha destacado como l\u00edder nacional en las distintas disciplinas que la componen.<\/p>\n","protected":false},"excerpt":{"rendered":"<p>La delegaci\u00f3n mexiquense que particip\u00f3 en los XLIII Juegos Nacionales Deportivos Sobre Silla de Ruedas<\/p>\n","protected":false},"author":1,"featured_media":1985,"comment_status":"open","ping_status":"open","sticky":false,"template":"","format":"standard","meta":{"footnotes":""},"categories":[1],"tags":[60],"class_list":["post-1991","post","type-post","status-publish","format-standard","has-post-thumbnail","hentry","category-municipales","tag-edomex"],"yoast_head":"<!-- This site is optimized with the Yoast SEO plugin v25.3 - https:\/\/yoast.com\/wordpress\/plugins\/seo\/ -->\n<title>Edom\u00e9x se corona en el medallero de los XLIII Juegos Nacionales Deportivos sobre Silla de Ruedas Quer\u00e9taro 2018 - Volcanes<\/title>\n<meta name=\"robots\" content=\"index, follow, max-snippet:-1, max-image-preview:large, max-video-preview:-1\" \/>\n<link rel=\"canonical\" href=\"https:\/\/volcanes.net\/?p=1991\" \/>\n<meta property=\"og:locale\" content=\"es_MX\" \/>\n<meta property=\"og:type\" content=\"article\" \/>\n<meta property=\"og:title\" content=\"Edom\u00e9x se corona en el medallero de los XLIII Juegos Nacionales Deportivos sobre Silla de Ruedas Quer\u00e9taro 2018 - Volcanes\" \/>\n<meta property=\"og:description\" content=\"La delegaci\u00f3n mexiquense que particip\u00f3 en los XLIII Juegos Nacionales Deportivos Sobre Silla de Ruedas\" \/>\n<meta property=\"og:url\" content=\"https:\/\/volcanes.net\/?p=1991\" \/>\n<meta property=\"og:site_name\" content=\"Volcanes\" \/>\n<meta property=\"article:publisher\" content=\"https:\/\/www.facebook.com\/volcanes.net\/\" \/>\n<meta property=\"article:published_time\" content=\"2018-04-16T19:39:49+00:00\" \/>\n<meta property=\"og:image\" content=\"https:\/\/volcanes.net\/wp-content\/uploads\/2018\/04\/Juegos-Nacionales-3-1-500x313.jpeg\" \/>\n\t<meta property=\"og:image:width\" content=\"500\" \/>\n\t<meta property=\"og:image:height\" content=\"313\" \/>\n\t<meta property=\"og:image:type\" content=\"image\/jpeg\" \/>\n<meta name=\"author\" content=\"admin\" \/>\n<meta name=\"twitter:card\" content=\"summary_large_image\" \/>\n<meta name=\"twitter:label1\" content=\"Escrito por\" \/>\n\t<meta name=\"twitter:data1\" content=\"admin\" \/>\n\t<meta name=\"twitter:label2\" content=\"Tiempo de lectura\" \/>\n\t<meta name=\"twitter:data2\" content=\"2 minutos\" \/>\n<script type=\"application\/ld+json\" class=\"yoast-schema-graph\">{\"@context\":\"https:\/\/schema.org\",\"@graph\":[{\"@type\":\"Article\",\"@id\":\"https:\/\/volcanes.net\/?p=1991#article\",\"isPartOf\":{\"@id\":\"https:\/\/volcanes.net\/?p=1991\"},\"author\":{\"name\":\"admin\",\"@id\":\"https:\/\/volcanes.net\/#\/schema\/person\/4bf0f383940966a4abd53f5048c0e6b9\"},\"headline\":\"Edom\u00e9x se corona en el medallero de los XLIII Juegos Nacionales Deportivos sobre Silla de Ruedas Quer\u00e9taro 2018\",\"datePublished\":\"2018-04-16T19:39:49+00:00\",\"mainEntityOfPage\":{\"@id\":\"https:\/\/volcanes.net\/?p=1991\"},\"wordCount\":516,\"commentCount\":0,\"publisher\":{\"@id\":\"https:\/\/volcanes.net\/#organization\"},\"image\":{\"@id\":\"https:\/\/volcanes.net\/?p=1991#primaryimage\"},\"thumbnailUrl\":\"https:\/\/volcanes.net\/wp-content\/uploads\/2018\/04\/Juegos-Nacionales-3-1-500x313.jpeg\",\"keywords\":[\"EdoM\u00e9x\"],\"articleSection\":[\"Municipales\"],\"inLanguage\":\"es\",\"potentialAction\":[{\"@type\":\"CommentAction\",\"name\":\"Comment\",\"target\":[\"https:\/\/volcanes.net\/?p=1991#respond\"]}]},{\"@type\":\"WebPage\",\"@id\":\"https:\/\/volcanes.net\/?p=1991\",\"url\":\"https:\/\/volcanes.net\/?p=1991\",\"name\":\"Edom\u00e9x se corona en el medallero de los XLIII Juegos Nacionales Deportivos sobre Silla de Ruedas Quer\u00e9taro 2018 - Volcanes\",\"isPartOf\":{\"@id\":\"https:\/\/volcanes.net\/#website\"},\"primaryImageOfPage\":{\"@id\":\"https:\/\/volcanes.net\/?p=1991#primaryimage\"},\"image\":{\"@id\":\"https:\/\/volcanes.net\/?p=1991#primaryimage\"},\"thumbnailUrl\":\"https:\/\/volcanes.net\/wp-content\/uploads\/2018\/04\/Juegos-Nacionales-3-1-500x313.jpeg\",\"datePublished\":\"2018-04-16T19:39:49+00:00\",\"breadcrumb\":{\"@id\":\"https:\/\/volcanes.net\/?p=1991#breadcrumb\"},\"inLanguage\":\"es\",\"potentialAction\":[{\"@type\":\"ReadAction\",\"target\":[\"https:\/\/volcanes.net\/?p=1991\"]}]},{\"@type\":\"ImageObject\",\"inLanguage\":\"es\",\"@id\":\"https:\/\/volcanes.net\/?p=1991#primaryimage\",\"url\":\"https:\/\/volcanes.net\/wp-content\/uploads\/2018\/04\/Juegos-Nacionales-3-1-500x313.jpeg\",\"contentUrl\":\"https:\/\/volcanes.net\/wp-content\/uploads\/2018\/04\/Juegos-Nacionales-3-1-500x313.jpeg\",\"width\":500,\"height\":313},{\"@type\":\"BreadcrumbList\",\"@id\":\"https:\/\/volcanes.net\/?p=1991#breadcrumb\",\"itemListElement\":[{\"@type\":\"ListItem\",\"position\":1,\"name\":\"Portada\",\"item\":\"https:\/\/volcanes.net\/\"},{\"@type\":\"ListItem\",\"position\":2,\"name\":\"Edom\u00e9x se corona en el medallero de los XLIII Juegos Nacionales Deportivos sobre Silla de Ruedas Quer\u00e9taro 2018\"}]},{\"@type\":\"WebSite\",\"@id\":\"https:\/\/volcanes.net\/#website\",\"url\":\"https:\/\/volcanes.net\/\",\"name\":\"Volcanes.Net\",\"description\":\"Periodismo Profesional\",\"publisher\":{\"@id\":\"https:\/\/volcanes.net\/#organization\"},\"potentialAction\":[{\"@type\":\"SearchAction\",\"target\":{\"@type\":\"EntryPoint\",\"urlTemplate\":\"https:\/\/volcanes.net\/?s={search_term_string}\"},\"query-input\":{\"@type\":\"PropertyValueSpecification\",\"valueRequired\":true,\"valueName\":\"search_term_string\"}}],\"inLanguage\":\"es\"},{\"@type\":\"Organization\",\"@id\":\"https:\/\/volcanes.net\/#organization\",\"name\":\"Grupo Volcanes\",\"url\":\"https:\/\/volcanes.net\/\",\"logo\":{\"@type\":\"ImageObject\",\"inLanguage\":\"es\",\"@id\":\"https:\/\/volcanes.net\/#\/schema\/logo\/image\/\",\"url\":\"http:\/\/volcanes.net\/wp-content\/uploads\/2017\/12\/Avatar2.jpg\",\"contentUrl\":\"http:\/\/volcanes.net\/wp-content\/uploads\/2017\/12\/Avatar2.jpg\",\"width\":378,\"height\":378,\"caption\":\"Grupo Volcanes\"},\"image\":{\"@id\":\"https:\/\/volcanes.net\/#\/schema\/logo\/image\/\"},\"sameAs\":[\"https:\/\/www.facebook.com\/volcanes.net\/\"]},{\"@type\":\"Person\",\"@id\":\"https:\/\/volcanes.net\/#\/schema\/person\/4bf0f383940966a4abd53f5048c0e6b9\",\"name\":\"admin\",\"image\":{\"@type\":\"ImageObject\",\"inLanguage\":\"es\",\"@id\":\"https:\/\/volcanes.net\/#\/schema\/person\/image\/\",\"url\":\"https:\/\/secure.gravatar.com\/avatar\/ca004e6cba8462b8cb7abc86e382930c?s=96&d=mm&r=g\",\"contentUrl\":\"https:\/\/secure.gravatar.com\/avatar\/ca004e6cba8462b8cb7abc86e382930c?s=96&d=mm&r=g\",\"caption\":\"admin\"}}]}<\/script>\n<!-- \/ Yoast SEO plugin. -->","yoast_head_json":{"title":"Edom\u00e9x se corona en el medallero de los XLIII Juegos Nacionales Deportivos sobre Silla de Ruedas Quer\u00e9taro 2018 - Volcanes","robots":{"index":"index","follow":"follow","max-snippet":"max-snippet:-1","max-image-preview":"max-image-preview:large","max-video-preview":"max-video-preview:-1"},"canonical":"https:\/\/volcanes.net\/?p=1991","og_locale":"es_MX","og_type":"article","og_title":"Edom\u00e9x se corona en el medallero de los XLIII Juegos Nacionales Deportivos sobre Silla de Ruedas Quer\u00e9taro 2018 - Volcanes","og_description":"La delegaci\u00f3n mexiquense que particip\u00f3 en los XLIII Juegos Nacionales Deportivos Sobre Silla de Ruedas","og_url":"https:\/\/volcanes.net\/?p=1991","og_site_name":"Volcanes","article_publisher":"https:\/\/www.facebook.com\/volcanes.net\/","article_published_time":"2018-04-16T19:39:49+00:00","og_image":[{"width":500,"height":313,"url":"https:\/\/volcanes.net\/wp-content\/uploads\/2018\/04\/Juegos-Nacionales-3-1-500x313.jpeg","type":"image\/jpeg"}],"author":"admin","twitter_card":"summary_large_image","twitter_misc":{"Escrito por":"admin","Tiempo de lectura":"2 minutos"},"schema":{"@context":"https:\/\/schema.org","@graph":[{"@type":"Article","@id":"https:\/\/volcanes.net\/?p=1991#article","isPartOf":{"@id":"https:\/\/volcanes.net\/?p=1991"},"author":{"name":"admin","@id":"https:\/\/volcanes.net\/#\/schema\/person\/4bf0f383940966a4abd53f5048c0e6b9"},"headline":"Edom\u00e9x se corona en el medallero de los XLIII Juegos Nacionales Deportivos sobre Silla de Ruedas Quer\u00e9taro 2018","datePublished":"2018-04-16T19:39:49+00:00","mainEntityOfPage":{"@id":"https:\/\/volcanes.net\/?p=1991"},"wordCount":516,"commentCount":0,"publisher":{"@id":"https:\/\/volcanes.net\/#organization"},"image":{"@id":"https:\/\/volcanes.net\/?p=1991#primaryimage"},"thumbnailUrl":"https:\/\/volcanes.net\/wp-content\/uploads\/2018\/04\/Juegos-Nacionales-3-1-500x313.jpeg","keywords":["EdoM\u00e9x"],"articleSection":["Municipales"],"inLanguage":"es","potentialAction":[{"@type":"CommentAction","name":"Comment","target":["https:\/\/volcanes.net\/?p=1991#respond"]}]},{"@type":"WebPage","@id":"https:\/\/volcanes.net\/?p=1991","url":"https:\/\/volcanes.net\/?p=1991","name":"Edom\u00e9x se corona en el medallero de los XLIII Juegos Nacionales Deportivos sobre Silla de Ruedas Quer\u00e9taro 2018 - Volcanes","isPartOf":{"@id":"https:\/\/volcanes.net\/#website"},"primaryImageOfPage":{"@id":"https:\/\/volcanes.net\/?p=1991#primaryimage"},"image":{"@id":"https:\/\/volcanes.net\/?p=1991#primaryimage"},"thumbnailUrl":"https:\/\/volcanes.net\/wp-content\/uploads\/2018\/04\/Juegos-Nacionales-3-1-500x313.jpeg","datePublished":"2018-04-16T19:39:49+00:00","breadcrumb":{"@id":"https:\/\/volcanes.net\/?p=1991#breadcrumb"},"inLanguage":"es","potentialAction":[{"@type":"ReadAction","target":["https:\/\/volcanes.net\/?p=1991"]}]},{"@type":"ImageObject","inLanguage":"es","@id":"https:\/\/volcanes.net\/?p=1991#primaryimage","url":"https:\/\/volcanes.net\/wp-content\/uploads\/2018\/04\/Juegos-Nacionales-3-1-500x313.jpeg","contentUrl":"https:\/\/volcanes.net\/wp-content\/uploads\/2018\/04\/Juegos-Nacionales-3-1-500x313.jpeg","width":500,"height":313},{"@type":"BreadcrumbList","@id":"https:\/\/volcanes.net\/?p=1991#breadcrumb","itemListElement":[{"@type":"ListItem","position":1,"name":"Portada","item":"https:\/\/volcanes.net\/"},{"@type":"ListItem","position":2,"name":"Edom\u00e9x se corona en el medallero de los XLIII Juegos Nacionales Deportivos sobre Silla de Ruedas Quer\u00e9taro 2018"}]},{"@type":"WebSite","@id":"https:\/\/volcanes.net\/#website","url":"https:\/\/volcanes.net\/","name":"Volcanes.Net","description":"Periodismo Profesional","publisher":{"@id":"https:\/\/volcanes.net\/#organization"},"potentialAction":[{"@type":"SearchAction","target":{"@type":"EntryPoint","urlTemplate":"https:\/\/volcanes.net\/?s={search_term_string}"},"query-input":{"@type":"PropertyValueSpecification","valueRequired":true,"valueName":"search_term_string"}}],"inLanguage":"es"},{"@type":"Organization","@id":"https:\/\/volcanes.net\/#organization","name":"Grupo Volcanes","url":"https:\/\/volcanes.net\/","logo":{"@type":"ImageObject","inLanguage":"es","@id":"https:\/\/volcanes.net\/#\/schema\/logo\/image\/","url":"http:\/\/volcanes.net\/wp-content\/uploads\/2017\/12\/Avatar2.jpg","contentUrl":"http:\/\/volcanes.net\/wp-content\/uploads\/2017\/12\/Avatar2.jpg","width":378,"height":378,"caption":"Grupo Volcanes"},"image":{"@id":"https:\/\/volcanes.net\/#\/schema\/logo\/image\/"},"sameAs":["https:\/\/www.facebook.com\/volcanes.net\/"]},{"@type":"Person","@id":"https:\/\/volcanes.net\/#\/schema\/person\/4bf0f383940966a4abd53f5048c0e6b9","name":"admin","image":{"@type":"ImageObject","inLanguage":"es","@id":"https:\/\/volcanes.net\/#\/schema\/person\/image\/","url":"https:\/\/secure.gravatar.com\/avatar\/ca004e6cba8462b8cb7abc86e382930c?s=96&d=mm&r=g","contentUrl":"https:\/\/secure.gravatar.com\/avatar\/ca004e6cba8462b8cb7abc86e382930c?s=96&d=mm&r=g","caption":"admin"}}]}},"_links":{"self":[{"href":"https:\/\/volcanes.net\/index.php?rest_route=\/wp\/v2\/posts\/1991"}],"collection":[{"href":"https:\/\/volcanes.net\/index.php?rest_route=\/wp\/v2\/posts"}],"about":[{"href":"https:\/\/volcanes.net\/index.php?rest_route=\/wp\/v2\/types\/post"}],"author":[{"embeddable":true,"href":"https:\/\/volcanes.net\/index.php?rest_route=\/wp\/v2\/users\/1"}],"replies":[{"embeddable":true,"href":"https:\/\/volcanes.net\/index.php?rest_route=%2Fwp%2Fv2%2Fcomments&post=1991"}],"version-history":[{"count":1,"href":"https:\/\/volcanes.net\/index.php?rest_route=\/wp\/v2\/posts\/1991\/revisions"}],"predecessor-version":[{"id":1992,"href":"https:\/\/volcanes.net\/index.php?rest_route=\/wp\/v2\/posts\/1991\/revisions\/1992"}],"wp:featuredmedia":[{"embeddable":true,"href":"https:\/\/volcanes.net\/index.php?rest_route=\/wp\/v2\/media\/1985"}],"wp:attachment":[{"href":"https:\/\/volcanes.net\/index.php?rest_route=%2Fwp%2Fv2%2Fmedia&parent=1991"}],"wp:term":[{"taxonomy":"category","embeddable":true,"href":"https:\/\/volcanes.net\/index.php?rest_route=%2Fwp%2Fv2%2Fcategories&post=1991"},{"taxonomy":"post_tag","embeddable":true,"href":"https:\/\/volcanes.net\/index.php?rest_route=%2Fwp%2Fv2%2Ftags&post=1991"}],"curies":[{"name":"wp","href":"https:\/\/api.w.org\/{rel}","templated":true}]}}