{"id":2000,"date":"2018-07-05T18:15:19","date_gmt":"2018-07-05T18:15:19","guid":{"rendered":"http:\/\/volcanes.net\/?p=2000"},"modified":"2018-07-05T18:15:19","modified_gmt":"2018-07-05T18:15:19","slug":"explotan-dos-polvorines-en-tultepec","status":"publish","type":"post","link":"https:\/\/volcanes.net\/?p=2000","title":{"rendered":"Explotan dos polvorines en Tultepec"},"content":{"rendered":"<div style=\"margin-top: 0px; margin-bottom: 0px;\" class=\"sharethis-inline-share-buttons\" ><\/div><p>Toluca, Estado de M\u00e9xico, 5 de julio de 2018. Se informa que hasta el momento se tiene un registro de 16 personas fallecidas y 31 lesionadas por las dos explosiones que se suscitaron en talleres de pirotecnia en la zona conocida como La Saucera, en Tultepec.<\/p>\n<p>Cuerpos de emergencia atend\u00edan el llamado de la primera explosi\u00f3n, cuando se suscit\u00f3 un segundo incidente, por lo que fallecieron y resultaron heridos integrantes de estas corporaciones.<\/p>\n<p>La Secretar\u00eda de Seguridad del Estado de M\u00e9xico inform\u00f3 que, de las 16 personas que perdieron la vida, tres eran bomberos y un polic\u00eda del municipio de Tultepec, ocho civiles, as\u00ed como un bombero y un polic\u00eda estatal, as\u00ed como dos en calidad de desconocidos.<\/p>\n<p>Al lugar arribaron cuerpos de seguridad y emergencias, como Protecci\u00f3n Civil estatal y municipal, Servicio de Urgencias del Estado de M\u00e9xico (SUEM), adem\u00e1s de tres helic\u00f3pteros de la Unidad de Rescate A\u00e9reo \u201cRel\u00e1mpagos\u201d, as\u00ed como de la SSEM.<\/p>\n<p>La Unidad de Rescate A\u00e9rea Rel\u00e1mpagos traslad\u00f3 a un lesionado de sexo masculino al Centro M\u00e9dico \u201cAdolfo L\u00f3pez Mateos\u201d, en Toluca, as\u00ed como a un polic\u00eda al Centro M\u00e9dico del Instituto de Seguridad Social del Estado de M\u00e9xico y Municipios (ISSEMyM), tambi\u00e9n en la capital mexiquense.<\/p>\n<p>Mientras que el helic\u00f3ptero de la Secretar\u00eda de Seguridad traslad\u00f3 a un bombero lesionado, al Centro M\u00e9dico del ISSEMyM en Toluca.<\/p>\n<p>Asimismo, y de acuerdo con reportes de la Secretar\u00eda de Salud del Estado de M\u00e9xico, se trasladaron al Hospital Regional de Alta Especialidad de Zumpango a siete personas; al Hospital Vicente Villada, de Cuautitl\u00e1n, a 12 lesionados; al Hospital del ISSEMyM de Ecatepec a siete y dos m\u00e1s al Hospital de Las Am\u00e9ricas, tambi\u00e9n en el municipio ecatepequense.<\/p>\n<p>La SSEM informa que en el lugar contin\u00faan atendiendo la emergencia 300 elementos de esta corporaci\u00f3n, as\u00ed como los helic\u00f3pteros de \u201cRel\u00e1mpagos\u201d y 120 unidades para atenci\u00f3n de lesionados.<\/p>\n","protected":false},"excerpt":{"rendered":"<p>Toluca, Estado de M\u00e9xico, 5 de julio de 2018. Se informa que hasta el momento<\/p>\n","protected":false},"author":1,"featured_media":2001,"comment_status":"open","ping_status":"open","sticky":false,"template":"","format":"standard","meta":{"footnotes":""},"categories":[1],"tags":[7,89,9,73,77,63,91,6,85,90,75,21,76,71,22,92,41,43],"class_list":["post-2000","post","type-post","status-publish","format-standard","has-post-thumbnail","hentry","category-municipales","tag-amecameca","tag-atizapan","tag-chalco","tag-chimalhuacan","tag-coacalco","tag-ecatepec","tag-huixquilucan","tag-ixtapaluca","tag-izcalli","tag-la-paz","tag-naucalpan","tag-nezahualcoyotl","tag-nicolas-romero","tag-tecamac","tag-texcoco","tag-tlalnepantla","tag-toluca","tag-tultitlan"],"yoast_head":"<!-- This site is optimized with the Yoast SEO plugin v25.3 - https:\/\/yoast.com\/wordpress\/plugins\/seo\/ -->\n<title>Explotan dos polvorines en Tultepec - Volcanes<\/title>\n<meta name=\"robots\" content=\"index, follow, max-snippet:-1, max-image-preview:large, max-video-preview:-1\" \/>\n<link rel=\"canonical\" href=\"https:\/\/volcanes.net\/?p=2000\" \/>\n<meta property=\"og:locale\" content=\"es_MX\" \/>\n<meta property=\"og:type\" content=\"article\" \/>\n<meta property=\"og:title\" content=\"Explotan dos polvorines en Tultepec - Volcanes\" \/>\n<meta property=\"og:description\" content=\"Toluca, Estado de M\u00e9xico, 5 de julio de 2018. Se informa que hasta el momento\" \/>\n<meta property=\"og:url\" content=\"https:\/\/volcanes.net\/?p=2000\" \/>\n<meta property=\"og:site_name\" content=\"Volcanes\" \/>\n<meta property=\"article:publisher\" content=\"https:\/\/www.facebook.com\/volcanes.net\/\" \/>\n<meta property=\"article:published_time\" content=\"2018-07-05T18:15:19+00:00\" \/>\n<meta property=\"og:image\" content=\"https:\/\/volcanes.net\/wp-content\/uploads\/2018\/07\/WhatsApp-Image-2018-07-05-at-1.07.36-PM-e1530814431143.jpeg\" \/>\n\t<meta property=\"og:image:width\" content=\"700\" \/>\n\t<meta property=\"og:image:height\" content=\"394\" \/>\n\t<meta property=\"og:image:type\" content=\"image\/jpeg\" \/>\n<meta name=\"author\" content=\"admin\" \/>\n<meta name=\"twitter:card\" content=\"summary_large_image\" \/>\n<meta name=\"twitter:label1\" content=\"Escrito por\" \/>\n\t<meta name=\"twitter:data1\" content=\"admin\" \/>\n\t<meta name=\"twitter:label2\" content=\"Tiempo de lectura\" \/>\n\t<meta name=\"twitter:data2\" content=\"2 minutos\" \/>\n<script type=\"application\/ld+json\" class=\"yoast-schema-graph\">{\"@context\":\"https:\/\/schema.org\",\"@graph\":[{\"@type\":\"Article\",\"@id\":\"https:\/\/volcanes.net\/?p=2000#article\",\"isPartOf\":{\"@id\":\"https:\/\/volcanes.net\/?p=2000\"},\"author\":{\"name\":\"admin\",\"@id\":\"https:\/\/volcanes.net\/#\/schema\/person\/4bf0f383940966a4abd53f5048c0e6b9\"},\"headline\":\"Explotan dos polvorines en Tultepec\",\"datePublished\":\"2018-07-05T18:15:19+00:00\",\"mainEntityOfPage\":{\"@id\":\"https:\/\/volcanes.net\/?p=2000\"},\"wordCount\":342,\"commentCount\":0,\"publisher\":{\"@id\":\"https:\/\/volcanes.net\/#organization\"},\"image\":{\"@id\":\"https:\/\/volcanes.net\/?p=2000#primaryimage\"},\"thumbnailUrl\":\"https:\/\/volcanes.net\/wp-content\/uploads\/2018\/07\/WhatsApp-Image-2018-07-05-at-1.07.36-PM-e1530814431143.jpeg\",\"keywords\":[\"Amecameca\",\"Atizap\u00e1n\",\"Chalco\",\"Chimalhuac\u00e1n\",\"Coacalco\",\"Ecatepec\",\"Huixquilucan\",\"Ixtapaluca\",\"Izcalli\",\"La Paz\",\"Naucalpan\",\"Nezahualc\u00f3yotl\",\"Nicol\u00e1s Romero\",\"Tec\u00e1mac\",\"Texcoco\",\"Tlalnepantla\",\"Toluca\",\"Tultitl\u00e1n\"],\"articleSection\":[\"Municipales\"],\"inLanguage\":\"es\",\"potentialAction\":[{\"@type\":\"CommentAction\",\"name\":\"Comment\",\"target\":[\"https:\/\/volcanes.net\/?p=2000#respond\"]}]},{\"@type\":\"WebPage\",\"@id\":\"https:\/\/volcanes.net\/?p=2000\",\"url\":\"https:\/\/volcanes.net\/?p=2000\",\"name\":\"Explotan dos polvorines en Tultepec - Volcanes\",\"isPartOf\":{\"@id\":\"https:\/\/volcanes.net\/#website\"},\"primaryImageOfPage\":{\"@id\":\"https:\/\/volcanes.net\/?p=2000#primaryimage\"},\"image\":{\"@id\":\"https:\/\/volcanes.net\/?p=2000#primaryimage\"},\"thumbnailUrl\":\"https:\/\/volcanes.net\/wp-content\/uploads\/2018\/07\/WhatsApp-Image-2018-07-05-at-1.07.36-PM-e1530814431143.jpeg\",\"datePublished\":\"2018-07-05T18:15:19+00:00\",\"breadcrumb\":{\"@id\":\"https:\/\/volcanes.net\/?p=2000#breadcrumb\"},\"inLanguage\":\"es\",\"potentialAction\":[{\"@type\":\"ReadAction\",\"target\":[\"https:\/\/volcanes.net\/?p=2000\"]}]},{\"@type\":\"ImageObject\",\"inLanguage\":\"es\",\"@id\":\"https:\/\/volcanes.net\/?p=2000#primaryimage\",\"url\":\"https:\/\/volcanes.net\/wp-content\/uploads\/2018\/07\/WhatsApp-Image-2018-07-05-at-1.07.36-PM-e1530814431143.jpeg\",\"contentUrl\":\"https:\/\/volcanes.net\/wp-content\/uploads\/2018\/07\/WhatsApp-Image-2018-07-05-at-1.07.36-PM-e1530814431143.jpeg\",\"width\":700,\"height\":394},{\"@type\":\"BreadcrumbList\",\"@id\":\"https:\/\/volcanes.net\/?p=2000#breadcrumb\",\"itemListElement\":[{\"@type\":\"ListItem\",\"position\":1,\"name\":\"Portada\",\"item\":\"https:\/\/volcanes.net\/\"},{\"@type\":\"ListItem\",\"position\":2,\"name\":\"Explotan dos polvorines en Tultepec\"}]},{\"@type\":\"WebSite\",\"@id\":\"https:\/\/volcanes.net\/#website\",\"url\":\"https:\/\/volcanes.net\/\",\"name\":\"Volcanes.Net\",\"description\":\"Periodismo Profesional\",\"publisher\":{\"@id\":\"https:\/\/volcanes.net\/#organization\"},\"potentialAction\":[{\"@type\":\"SearchAction\",\"target\":{\"@type\":\"EntryPoint\",\"urlTemplate\":\"https:\/\/volcanes.net\/?s={search_term_string}\"},\"query-input\":{\"@type\":\"PropertyValueSpecification\",\"valueRequired\":true,\"valueName\":\"search_term_string\"}}],\"inLanguage\":\"es\"},{\"@type\":\"Organization\",\"@id\":\"https:\/\/volcanes.net\/#organization\",\"name\":\"Grupo Volcanes\",\"url\":\"https:\/\/volcanes.net\/\",\"logo\":{\"@type\":\"ImageObject\",\"inLanguage\":\"es\",\"@id\":\"https:\/\/volcanes.net\/#\/schema\/logo\/image\/\",\"url\":\"http:\/\/volcanes.net\/wp-content\/uploads\/2017\/12\/Avatar2.jpg\",\"contentUrl\":\"http:\/\/volcanes.net\/wp-content\/uploads\/2017\/12\/Avatar2.jpg\",\"width\":378,\"height\":378,\"caption\":\"Grupo Volcanes\"},\"image\":{\"@id\":\"https:\/\/volcanes.net\/#\/schema\/logo\/image\/\"},\"sameAs\":[\"https:\/\/www.facebook.com\/volcanes.net\/\"]},{\"@type\":\"Person\",\"@id\":\"https:\/\/volcanes.net\/#\/schema\/person\/4bf0f383940966a4abd53f5048c0e6b9\",\"name\":\"admin\",\"image\":{\"@type\":\"ImageObject\",\"inLanguage\":\"es\",\"@id\":\"https:\/\/volcanes.net\/#\/schema\/person\/image\/\",\"url\":\"https:\/\/secure.gravatar.com\/avatar\/ca004e6cba8462b8cb7abc86e382930c?s=96&d=mm&r=g\",\"contentUrl\":\"https:\/\/secure.gravatar.com\/avatar\/ca004e6cba8462b8cb7abc86e382930c?s=96&d=mm&r=g\",\"caption\":\"admin\"}}]}<\/script>\n<!-- \/ Yoast SEO plugin. -->","yoast_head_json":{"title":"Explotan dos polvorines en Tultepec - Volcanes","robots":{"index":"index","follow":"follow","max-snippet":"max-snippet:-1","max-image-preview":"max-image-preview:large","max-video-preview":"max-video-preview:-1"},"canonical":"https:\/\/volcanes.net\/?p=2000","og_locale":"es_MX","og_type":"article","og_title":"Explotan dos polvorines en Tultepec - Volcanes","og_description":"Toluca, Estado de M\u00e9xico, 5 de julio de 2018. Se informa que hasta el momento","og_url":"https:\/\/volcanes.net\/?p=2000","og_site_name":"Volcanes","article_publisher":"https:\/\/www.facebook.com\/volcanes.net\/","article_published_time":"2018-07-05T18:15:19+00:00","og_image":[{"width":700,"height":394,"url":"https:\/\/volcanes.net\/wp-content\/uploads\/2018\/07\/WhatsApp-Image-2018-07-05-at-1.07.36-PM-e1530814431143.jpeg","type":"image\/jpeg"}],"author":"admin","twitter_card":"summary_large_image","twitter_misc":{"Escrito por":"admin","Tiempo de lectura":"2 minutos"},"schema":{"@context":"https:\/\/schema.org","@graph":[{"@type":"Article","@id":"https:\/\/volcanes.net\/?p=2000#article","isPartOf":{"@id":"https:\/\/volcanes.net\/?p=2000"},"author":{"name":"admin","@id":"https:\/\/volcanes.net\/#\/schema\/person\/4bf0f383940966a4abd53f5048c0e6b9"},"headline":"Explotan dos polvorines en Tultepec","datePublished":"2018-07-05T18:15:19+00:00","mainEntityOfPage":{"@id":"https:\/\/volcanes.net\/?p=2000"},"wordCount":342,"commentCount":0,"publisher":{"@id":"https:\/\/volcanes.net\/#organization"},"image":{"@id":"https:\/\/volcanes.net\/?p=2000#primaryimage"},"thumbnailUrl":"https:\/\/volcanes.net\/wp-content\/uploads\/2018\/07\/WhatsApp-Image-2018-07-05-at-1.07.36-PM-e1530814431143.jpeg","keywords":["Amecameca","Atizap\u00e1n","Chalco","Chimalhuac\u00e1n","Coacalco","Ecatepec","Huixquilucan","Ixtapaluca","Izcalli","La Paz","Naucalpan","Nezahualc\u00f3yotl","Nicol\u00e1s Romero","Tec\u00e1mac","Texcoco","Tlalnepantla","Toluca","Tultitl\u00e1n"],"articleSection":["Municipales"],"inLanguage":"es","potentialAction":[{"@type":"CommentAction","name":"Comment","target":["https:\/\/volcanes.net\/?p=2000#respond"]}]},{"@type":"WebPage","@id":"https:\/\/volcanes.net\/?p=2000","url":"https:\/\/volcanes.net\/?p=2000","name":"Explotan dos polvorines en Tultepec - Volcanes","isPartOf":{"@id":"https:\/\/volcanes.net\/#website"},"primaryImageOfPage":{"@id":"https:\/\/volcanes.net\/?p=2000#primaryimage"},"image":{"@id":"https:\/\/volcanes.net\/?p=2000#primaryimage"},"thumbnailUrl":"https:\/\/volcanes.net\/wp-content\/uploads\/2018\/07\/WhatsApp-Image-2018-07-05-at-1.07.36-PM-e1530814431143.jpeg","datePublished":"2018-07-05T18:15:19+00:00","breadcrumb":{"@id":"https:\/\/volcanes.net\/?p=2000#breadcrumb"},"inLanguage":"es","potentialAction":[{"@type":"ReadAction","target":["https:\/\/volcanes.net\/?p=2000"]}]},{"@type":"ImageObject","inLanguage":"es","@id":"https:\/\/volcanes.net\/?p=2000#primaryimage","url":"https:\/\/volcanes.net\/wp-content\/uploads\/2018\/07\/WhatsApp-Image-2018-07-05-at-1.07.36-PM-e1530814431143.jpeg","contentUrl":"https:\/\/volcanes.net\/wp-content\/uploads\/2018\/07\/WhatsApp-Image-2018-07-05-at-1.07.36-PM-e1530814431143.jpeg","width":700,"height":394},{"@type":"BreadcrumbList","@id":"https:\/\/volcanes.net\/?p=2000#breadcrumb","itemListElement":[{"@type":"ListItem","position":1,"name":"Portada","item":"https:\/\/volcanes.net\/"},{"@type":"ListItem","position":2,"name":"Explotan dos polvorines en Tultepec"}]},{"@type":"WebSite","@id":"https:\/\/volcanes.net\/#website","url":"https:\/\/volcanes.net\/","name":"Volcanes.Net","description":"Periodismo Profesional","publisher":{"@id":"https:\/\/volcanes.net\/#organization"},"potentialAction":[{"@type":"SearchAction","target":{"@type":"EntryPoint","urlTemplate":"https:\/\/volcanes.net\/?s={search_term_string}"},"query-input":{"@type":"PropertyValueSpecification","valueRequired":true,"valueName":"search_term_string"}}],"inLanguage":"es"},{"@type":"Organization","@id":"https:\/\/volcanes.net\/#organization","name":"Grupo Volcanes","url":"https:\/\/volcanes.net\/","logo":{"@type":"ImageObject","inLanguage":"es","@id":"https:\/\/volcanes.net\/#\/schema\/logo\/image\/","url":"http:\/\/volcanes.net\/wp-content\/uploads\/2017\/12\/Avatar2.jpg","contentUrl":"http:\/\/volcanes.net\/wp-content\/uploads\/2017\/12\/Avatar2.jpg","width":378,"height":378,"caption":"Grupo Volcanes"},"image":{"@id":"https:\/\/volcanes.net\/#\/schema\/logo\/image\/"},"sameAs":["https:\/\/www.facebook.com\/volcanes.net\/"]},{"@type":"Person","@id":"https:\/\/volcanes.net\/#\/schema\/person\/4bf0f383940966a4abd53f5048c0e6b9","name":"admin","image":{"@type":"ImageObject","inLanguage":"es","@id":"https:\/\/volcanes.net\/#\/schema\/person\/image\/","url":"https:\/\/secure.gravatar.com\/avatar\/ca004e6cba8462b8cb7abc86e382930c?s=96&d=mm&r=g","contentUrl":"https:\/\/secure.gravatar.com\/avatar\/ca004e6cba8462b8cb7abc86e382930c?s=96&d=mm&r=g","caption":"admin"}}]}},"_links":{"self":[{"href":"https:\/\/volcanes.net\/index.php?rest_route=\/wp\/v2\/posts\/2000"}],"collection":[{"href":"https:\/\/volcanes.net\/index.php?rest_route=\/wp\/v2\/posts"}],"about":[{"href":"https:\/\/volcanes.net\/index.php?rest_route=\/wp\/v2\/types\/post"}],"author":[{"embeddable":true,"href":"https:\/\/volcanes.net\/index.php?rest_route=\/wp\/v2\/users\/1"}],"replies":[{"embeddable":true,"href":"https:\/\/volcanes.net\/index.php?rest_route=%2Fwp%2Fv2%2Fcomments&post=2000"}],"version-history":[{"count":1,"href":"https:\/\/volcanes.net\/index.php?rest_route=\/wp\/v2\/posts\/2000\/revisions"}],"predecessor-version":[{"id":2002,"href":"https:\/\/volcanes.net\/index.php?rest_route=\/wp\/v2\/posts\/2000\/revisions\/2002"}],"wp:featuredmedia":[{"embeddable":true,"href":"https:\/\/volcanes.net\/index.php?rest_route=\/wp\/v2\/media\/2001"}],"wp:attachment":[{"href":"https:\/\/volcanes.net\/index.php?rest_route=%2Fwp%2Fv2%2Fmedia&parent=2000"}],"wp:term":[{"taxonomy":"category","embeddable":true,"href":"https:\/\/volcanes.net\/index.php?rest_route=%2Fwp%2Fv2%2Fcategories&post=2000"},{"taxonomy":"post_tag","embeddable":true,"href":"https:\/\/volcanes.net\/index.php?rest_route=%2Fwp%2Fv2%2Ftags&post=2000"}],"curies":[{"name":"wp","href":"https:\/\/api.w.org\/{rel}","templated":true}]}}