{"id":2003,"date":"2018-07-05T18:21:03","date_gmt":"2018-07-05T18:21:03","guid":{"rendered":"http:\/\/volcanes.net\/?p=2003"},"modified":"2018-07-05T18:21:03","modified_gmt":"2018-07-05T18:21:03","slug":"anuncia-gobierno-municipal-de-nezahualcoyotl-cursos-y-talleres-de-verano-para-ninos","status":"publish","type":"post","link":"https:\/\/volcanes.net\/?p=2003","title":{"rendered":"Anuncia gobierno municipal de Nezahualc\u00f3yotl cursos y talleres de verano para ni\u00f1os"},"content":{"rendered":"<div style=\"margin-top: 0px; margin-bottom: 0px;\" class=\"sharethis-inline-share-buttons\" ><\/div><p style=\"font-weight: 400\">Para promover la pr\u00e1ctica de las artes, el deporte y la ciencia en Nezahualc\u00f3yotl durante este periodo vacacional de fin de cursos, el alcalde Juan Hugo de la Rosa Garc\u00eda inform\u00f3 que el gobierno municipal lleva a cabo el programa de talleres\u00a0&#8220;De Pinta en verano&#8221;, en el que los peque\u00f1os de 5 a 12 a\u00f1os de la localidad tendr\u00e1n la posibilidad de aprender o mejorar sus habilidades en disciplinas y actividades en 15 diferentes sedes.<\/p>\n<p style=\"font-weight: 400\">Indic\u00f3 que el principal objetivo es ofrecer a los estudiantes actividades que fomenten valores y habilidades que contribuyan a su desarrollo integral de una manera divertida en un entorno sano y libre de violencia durante estos d\u00edas de asueto para ellos, e invit\u00f3 a los padres de familia a motivar a sus hijos a inscribirse\u00a0 a los talleres de dibujo, pintura, cartoner\u00eda, danza, m\u00fasica, yoga, futbol, voleibol, matem\u00e1ticas, karaoke, reciclado, cocina y manualidades, entre otros.<\/p>\n<p style=\"font-weight: 400\">De la Rosa Garc\u00eda detall\u00f3 que los cursos se impartir\u00e1n en Casas de Cultura Municipales, los centros culturales \u201cEl Castillito\u201d y \u201cJaime Torres Bodet\u201d, al igual que el Deportivo Metropolitano, por lo que llam\u00f3 a los interesados a inscribirse del 9 al 20 de julio presentando copia del acta de nacimiento, certificado m\u00e9dico reciente, dos fotograf\u00edas tama\u00f1o infantil del menor y dos del padre o tutor, un duplicado de su credencial de elector y otro de un comprobante de domicilio reciente.<\/p>\n<p style=\"font-weight: 400\">Precis\u00f3 que adem\u00e1s los interesados deber\u00e1n cubrir una cuota de recuperaci\u00f3n de 300 pesos, con el af\u00e1n de brindar un mejor servicio, al poder contar con los mejores materiales y profesores para las actividades ofertadas, sin embargo, subray\u00f3 que en apoyo a las familias\u00a0que inscriban a varios de sus hijos, \u00fanicamente el primero pagar\u00e1 dicha cantidad, ya que en su caso el segundo menor s\u00f3lo pagar\u00eda 200 y el tercero 100 pesos.<\/p>\n<p style=\"font-weight: 400\">Recomend\u00f3 a los padres de familia acercarse a la casa de cultura m\u00e1s cercana para realizar su inscripci\u00f3n, o comunicarse a los tel\u00e9fonos 57 16 90 70 extensiones 2101 y 2012 o bien al 22 32 81 92 para mayores informes, pues el darles la oportunidad a sus hijos de adquirir nuevos conocimientos y aprender diferentes actividades siempre fortalecer\u00e1 su desarrollo e incrementar\u00e1 sus oportunidades de \u00e9xito.<\/p>\n<p style=\"font-weight: 400\">Por \u00faltimo, el presidente municipal\u00a0\u00a0Juan Hugo de la Rosa exhort\u00f3 a aprovechar el tiempo de asueto y hacer el m\u00e1ximo esfuerzo para pasarlo en familia, por lo que record\u00f3 que el municipio ahora cuenta con nuevos espacios propicios para la recreaci\u00f3n, como los parques lineales de las avenidas Sor Juana, Tax\u00edmetros, Bordo, Las Torres o el\u00a0\u00a0Atitl\u00e1n I y II, adem\u00e1s de los\u00a0\u00a0centros acu\u00e1ticos p\u00fablicos, el Parque del Pueblo, que cuenta con Zool\u00f3gico y un nuevo Teatro al Aire Libre, y el reci\u00e9n inaugurado Paseo Cultural Nezahualc\u00f3yotl en la avenida Pantitl\u00e1n.<\/p>\n","protected":false},"excerpt":{"rendered":"<p>Para promover la pr\u00e1ctica de las artes, el deporte y la ciencia en Nezahualc\u00f3yotl durante<\/p>\n","protected":false},"author":1,"featured_media":2004,"comment_status":"open","ping_status":"open","sticky":false,"template":"","format":"standard","meta":{"footnotes":""},"categories":[1],"tags":[21],"class_list":["post-2003","post","type-post","status-publish","format-standard","has-post-thumbnail","hentry","category-municipales","tag-nezahualcoyotl"],"yoast_head":"<!-- This site is optimized with the Yoast SEO plugin v25.3 - https:\/\/yoast.com\/wordpress\/plugins\/seo\/ -->\n<title>Anuncia gobierno municipal de Nezahualc\u00f3yotl cursos y talleres de verano para ni\u00f1os - Volcanes<\/title>\n<meta name=\"robots\" content=\"index, follow, max-snippet:-1, max-image-preview:large, max-video-preview:-1\" \/>\n<link rel=\"canonical\" href=\"https:\/\/volcanes.net\/?p=2003\" \/>\n<meta property=\"og:locale\" content=\"es_MX\" \/>\n<meta property=\"og:type\" content=\"article\" \/>\n<meta property=\"og:title\" content=\"Anuncia gobierno municipal de Nezahualc\u00f3yotl cursos y talleres de verano para ni\u00f1os - Volcanes\" \/>\n<meta property=\"og:description\" content=\"Para promover la pr\u00e1ctica de las artes, el deporte y la ciencia en Nezahualc\u00f3yotl durante\" \/>\n<meta property=\"og:url\" content=\"https:\/\/volcanes.net\/?p=2003\" \/>\n<meta property=\"og:site_name\" content=\"Volcanes\" \/>\n<meta property=\"article:publisher\" content=\"https:\/\/www.facebook.com\/volcanes.net\/\" \/>\n<meta property=\"article:published_time\" content=\"2018-07-05T18:21:03+00:00\" \/>\n<meta property=\"og:image\" content=\"https:\/\/volcanes.net\/wp-content\/uploads\/2018\/07\/DSC_7742.jpg\" \/>\n\t<meta property=\"og:image:width\" content=\"448\" \/>\n\t<meta property=\"og:image:height\" content=\"299\" \/>\n\t<meta property=\"og:image:type\" content=\"image\/jpeg\" \/>\n<meta name=\"author\" content=\"admin\" \/>\n<meta name=\"twitter:card\" content=\"summary_large_image\" \/>\n<meta name=\"twitter:label1\" content=\"Escrito por\" \/>\n\t<meta name=\"twitter:data1\" content=\"admin\" \/>\n\t<meta name=\"twitter:label2\" content=\"Tiempo de lectura\" \/>\n\t<meta name=\"twitter:data2\" content=\"2 minutos\" \/>\n<script type=\"application\/ld+json\" class=\"yoast-schema-graph\">{\"@context\":\"https:\/\/schema.org\",\"@graph\":[{\"@type\":\"Article\",\"@id\":\"https:\/\/volcanes.net\/?p=2003#article\",\"isPartOf\":{\"@id\":\"https:\/\/volcanes.net\/?p=2003\"},\"author\":{\"name\":\"admin\",\"@id\":\"https:\/\/volcanes.net\/#\/schema\/person\/4bf0f383940966a4abd53f5048c0e6b9\"},\"headline\":\"Anuncia gobierno municipal de Nezahualc\u00f3yotl cursos y talleres de verano para ni\u00f1os\",\"datePublished\":\"2018-07-05T18:21:03+00:00\",\"mainEntityOfPage\":{\"@id\":\"https:\/\/volcanes.net\/?p=2003\"},\"wordCount\":496,\"commentCount\":0,\"publisher\":{\"@id\":\"https:\/\/volcanes.net\/#organization\"},\"image\":{\"@id\":\"https:\/\/volcanes.net\/?p=2003#primaryimage\"},\"thumbnailUrl\":\"https:\/\/volcanes.net\/wp-content\/uploads\/2018\/07\/DSC_7742.jpg\",\"keywords\":[\"Nezahualc\u00f3yotl\"],\"articleSection\":[\"Municipales\"],\"inLanguage\":\"es\",\"potentialAction\":[{\"@type\":\"CommentAction\",\"name\":\"Comment\",\"target\":[\"https:\/\/volcanes.net\/?p=2003#respond\"]}]},{\"@type\":\"WebPage\",\"@id\":\"https:\/\/volcanes.net\/?p=2003\",\"url\":\"https:\/\/volcanes.net\/?p=2003\",\"name\":\"Anuncia gobierno municipal de Nezahualc\u00f3yotl cursos y talleres de verano para ni\u00f1os - Volcanes\",\"isPartOf\":{\"@id\":\"https:\/\/volcanes.net\/#website\"},\"primaryImageOfPage\":{\"@id\":\"https:\/\/volcanes.net\/?p=2003#primaryimage\"},\"image\":{\"@id\":\"https:\/\/volcanes.net\/?p=2003#primaryimage\"},\"thumbnailUrl\":\"https:\/\/volcanes.net\/wp-content\/uploads\/2018\/07\/DSC_7742.jpg\",\"datePublished\":\"2018-07-05T18:21:03+00:00\",\"breadcrumb\":{\"@id\":\"https:\/\/volcanes.net\/?p=2003#breadcrumb\"},\"inLanguage\":\"es\",\"potentialAction\":[{\"@type\":\"ReadAction\",\"target\":[\"https:\/\/volcanes.net\/?p=2003\"]}]},{\"@type\":\"ImageObject\",\"inLanguage\":\"es\",\"@id\":\"https:\/\/volcanes.net\/?p=2003#primaryimage\",\"url\":\"https:\/\/volcanes.net\/wp-content\/uploads\/2018\/07\/DSC_7742.jpg\",\"contentUrl\":\"https:\/\/volcanes.net\/wp-content\/uploads\/2018\/07\/DSC_7742.jpg\",\"width\":448,\"height\":299,\"caption\":\"????????????????????????????????????\"},{\"@type\":\"BreadcrumbList\",\"@id\":\"https:\/\/volcanes.net\/?p=2003#breadcrumb\",\"itemListElement\":[{\"@type\":\"ListItem\",\"position\":1,\"name\":\"Portada\",\"item\":\"https:\/\/volcanes.net\/\"},{\"@type\":\"ListItem\",\"position\":2,\"name\":\"Anuncia gobierno municipal de Nezahualc\u00f3yotl cursos y talleres de verano para ni\u00f1os\"}]},{\"@type\":\"WebSite\",\"@id\":\"https:\/\/volcanes.net\/#website\",\"url\":\"https:\/\/volcanes.net\/\",\"name\":\"Volcanes.Net\",\"description\":\"Periodismo Profesional\",\"publisher\":{\"@id\":\"https:\/\/volcanes.net\/#organization\"},\"potentialAction\":[{\"@type\":\"SearchAction\",\"target\":{\"@type\":\"EntryPoint\",\"urlTemplate\":\"https:\/\/volcanes.net\/?s={search_term_string}\"},\"query-input\":{\"@type\":\"PropertyValueSpecification\",\"valueRequired\":true,\"valueName\":\"search_term_string\"}}],\"inLanguage\":\"es\"},{\"@type\":\"Organization\",\"@id\":\"https:\/\/volcanes.net\/#organization\",\"name\":\"Grupo Volcanes\",\"url\":\"https:\/\/volcanes.net\/\",\"logo\":{\"@type\":\"ImageObject\",\"inLanguage\":\"es\",\"@id\":\"https:\/\/volcanes.net\/#\/schema\/logo\/image\/\",\"url\":\"http:\/\/volcanes.net\/wp-content\/uploads\/2017\/12\/Avatar2.jpg\",\"contentUrl\":\"http:\/\/volcanes.net\/wp-content\/uploads\/2017\/12\/Avatar2.jpg\",\"width\":378,\"height\":378,\"caption\":\"Grupo Volcanes\"},\"image\":{\"@id\":\"https:\/\/volcanes.net\/#\/schema\/logo\/image\/\"},\"sameAs\":[\"https:\/\/www.facebook.com\/volcanes.net\/\"]},{\"@type\":\"Person\",\"@id\":\"https:\/\/volcanes.net\/#\/schema\/person\/4bf0f383940966a4abd53f5048c0e6b9\",\"name\":\"admin\",\"image\":{\"@type\":\"ImageObject\",\"inLanguage\":\"es\",\"@id\":\"https:\/\/volcanes.net\/#\/schema\/person\/image\/\",\"url\":\"https:\/\/secure.gravatar.com\/avatar\/ca004e6cba8462b8cb7abc86e382930c?s=96&d=mm&r=g\",\"contentUrl\":\"https:\/\/secure.gravatar.com\/avatar\/ca004e6cba8462b8cb7abc86e382930c?s=96&d=mm&r=g\",\"caption\":\"admin\"}}]}<\/script>\n<!-- \/ Yoast SEO plugin. -->","yoast_head_json":{"title":"Anuncia gobierno municipal de Nezahualc\u00f3yotl cursos y talleres de verano para ni\u00f1os - Volcanes","robots":{"index":"index","follow":"follow","max-snippet":"max-snippet:-1","max-image-preview":"max-image-preview:large","max-video-preview":"max-video-preview:-1"},"canonical":"https:\/\/volcanes.net\/?p=2003","og_locale":"es_MX","og_type":"article","og_title":"Anuncia gobierno municipal de Nezahualc\u00f3yotl cursos y talleres de verano para ni\u00f1os - Volcanes","og_description":"Para promover la pr\u00e1ctica de las artes, el deporte y la ciencia en Nezahualc\u00f3yotl durante","og_url":"https:\/\/volcanes.net\/?p=2003","og_site_name":"Volcanes","article_publisher":"https:\/\/www.facebook.com\/volcanes.net\/","article_published_time":"2018-07-05T18:21:03+00:00","og_image":[{"width":448,"height":299,"url":"https:\/\/volcanes.net\/wp-content\/uploads\/2018\/07\/DSC_7742.jpg","type":"image\/jpeg"}],"author":"admin","twitter_card":"summary_large_image","twitter_misc":{"Escrito por":"admin","Tiempo de lectura":"2 minutos"},"schema":{"@context":"https:\/\/schema.org","@graph":[{"@type":"Article","@id":"https:\/\/volcanes.net\/?p=2003#article","isPartOf":{"@id":"https:\/\/volcanes.net\/?p=2003"},"author":{"name":"admin","@id":"https:\/\/volcanes.net\/#\/schema\/person\/4bf0f383940966a4abd53f5048c0e6b9"},"headline":"Anuncia gobierno municipal de Nezahualc\u00f3yotl cursos y talleres de verano para ni\u00f1os","datePublished":"2018-07-05T18:21:03+00:00","mainEntityOfPage":{"@id":"https:\/\/volcanes.net\/?p=2003"},"wordCount":496,"commentCount":0,"publisher":{"@id":"https:\/\/volcanes.net\/#organization"},"image":{"@id":"https:\/\/volcanes.net\/?p=2003#primaryimage"},"thumbnailUrl":"https:\/\/volcanes.net\/wp-content\/uploads\/2018\/07\/DSC_7742.jpg","keywords":["Nezahualc\u00f3yotl"],"articleSection":["Municipales"],"inLanguage":"es","potentialAction":[{"@type":"CommentAction","name":"Comment","target":["https:\/\/volcanes.net\/?p=2003#respond"]}]},{"@type":"WebPage","@id":"https:\/\/volcanes.net\/?p=2003","url":"https:\/\/volcanes.net\/?p=2003","name":"Anuncia gobierno municipal de Nezahualc\u00f3yotl cursos y talleres de verano para ni\u00f1os - Volcanes","isPartOf":{"@id":"https:\/\/volcanes.net\/#website"},"primaryImageOfPage":{"@id":"https:\/\/volcanes.net\/?p=2003#primaryimage"},"image":{"@id":"https:\/\/volcanes.net\/?p=2003#primaryimage"},"thumbnailUrl":"https:\/\/volcanes.net\/wp-content\/uploads\/2018\/07\/DSC_7742.jpg","datePublished":"2018-07-05T18:21:03+00:00","breadcrumb":{"@id":"https:\/\/volcanes.net\/?p=2003#breadcrumb"},"inLanguage":"es","potentialAction":[{"@type":"ReadAction","target":["https:\/\/volcanes.net\/?p=2003"]}]},{"@type":"ImageObject","inLanguage":"es","@id":"https:\/\/volcanes.net\/?p=2003#primaryimage","url":"https:\/\/volcanes.net\/wp-content\/uploads\/2018\/07\/DSC_7742.jpg","contentUrl":"https:\/\/volcanes.net\/wp-content\/uploads\/2018\/07\/DSC_7742.jpg","width":448,"height":299,"caption":"????????????????????????????????????"},{"@type":"BreadcrumbList","@id":"https:\/\/volcanes.net\/?p=2003#breadcrumb","itemListElement":[{"@type":"ListItem","position":1,"name":"Portada","item":"https:\/\/volcanes.net\/"},{"@type":"ListItem","position":2,"name":"Anuncia gobierno municipal de Nezahualc\u00f3yotl cursos y talleres de verano para ni\u00f1os"}]},{"@type":"WebSite","@id":"https:\/\/volcanes.net\/#website","url":"https:\/\/volcanes.net\/","name":"Volcanes.Net","description":"Periodismo Profesional","publisher":{"@id":"https:\/\/volcanes.net\/#organization"},"potentialAction":[{"@type":"SearchAction","target":{"@type":"EntryPoint","urlTemplate":"https:\/\/volcanes.net\/?s={search_term_string}"},"query-input":{"@type":"PropertyValueSpecification","valueRequired":true,"valueName":"search_term_string"}}],"inLanguage":"es"},{"@type":"Organization","@id":"https:\/\/volcanes.net\/#organization","name":"Grupo Volcanes","url":"https:\/\/volcanes.net\/","logo":{"@type":"ImageObject","inLanguage":"es","@id":"https:\/\/volcanes.net\/#\/schema\/logo\/image\/","url":"http:\/\/volcanes.net\/wp-content\/uploads\/2017\/12\/Avatar2.jpg","contentUrl":"http:\/\/volcanes.net\/wp-content\/uploads\/2017\/12\/Avatar2.jpg","width":378,"height":378,"caption":"Grupo Volcanes"},"image":{"@id":"https:\/\/volcanes.net\/#\/schema\/logo\/image\/"},"sameAs":["https:\/\/www.facebook.com\/volcanes.net\/"]},{"@type":"Person","@id":"https:\/\/volcanes.net\/#\/schema\/person\/4bf0f383940966a4abd53f5048c0e6b9","name":"admin","image":{"@type":"ImageObject","inLanguage":"es","@id":"https:\/\/volcanes.net\/#\/schema\/person\/image\/","url":"https:\/\/secure.gravatar.com\/avatar\/ca004e6cba8462b8cb7abc86e382930c?s=96&d=mm&r=g","contentUrl":"https:\/\/secure.gravatar.com\/avatar\/ca004e6cba8462b8cb7abc86e382930c?s=96&d=mm&r=g","caption":"admin"}}]}},"_links":{"self":[{"href":"https:\/\/volcanes.net\/index.php?rest_route=\/wp\/v2\/posts\/2003"}],"collection":[{"href":"https:\/\/volcanes.net\/index.php?rest_route=\/wp\/v2\/posts"}],"about":[{"href":"https:\/\/volcanes.net\/index.php?rest_route=\/wp\/v2\/types\/post"}],"author":[{"embeddable":true,"href":"https:\/\/volcanes.net\/index.php?rest_route=\/wp\/v2\/users\/1"}],"replies":[{"embeddable":true,"href":"https:\/\/volcanes.net\/index.php?rest_route=%2Fwp%2Fv2%2Fcomments&post=2003"}],"version-history":[{"count":1,"href":"https:\/\/volcanes.net\/index.php?rest_route=\/wp\/v2\/posts\/2003\/revisions"}],"predecessor-version":[{"id":2005,"href":"https:\/\/volcanes.net\/index.php?rest_route=\/wp\/v2\/posts\/2003\/revisions\/2005"}],"wp:featuredmedia":[{"embeddable":true,"href":"https:\/\/volcanes.net\/index.php?rest_route=\/wp\/v2\/media\/2004"}],"wp:attachment":[{"href":"https:\/\/volcanes.net\/index.php?rest_route=%2Fwp%2Fv2%2Fmedia&parent=2003"}],"wp:term":[{"taxonomy":"category","embeddable":true,"href":"https:\/\/volcanes.net\/index.php?rest_route=%2Fwp%2Fv2%2Fcategories&post=2003"},{"taxonomy":"post_tag","embeddable":true,"href":"https:\/\/volcanes.net\/index.php?rest_route=%2Fwp%2Fv2%2Ftags&post=2003"}],"curies":[{"name":"wp","href":"https:\/\/api.w.org\/{rel}","templated":true}]}}